{"id":5701,"date":"2021-04-14T08:59:58","date_gmt":"2021-04-14T08:59:58","guid":{"rendered":"https:\/\/entreculturasi.wpenginepowered.com\/?noticias=18-cuentos-que-pueden-cambiar-el-mundo"},"modified":"2024-02-28T17:11:22","modified_gmt":"2024-02-28T16:11:22","slug":"18-cuentos-que-pueden-cambiar-el-mundo","status":"publish","type":"noticia","link":"https:\/\/www.entreculturas.org\/fr\/noticia\/18-cuentos-que-pueden-cambiar-el-mundo\/","title":{"rendered":"18 cuentos que pueden cambiar el mundo"},"content":{"rendered":"<p>Durante el tiempo que llevamos de pandemia, las artes nos siguen emocionando, fortaleciendo y sanando, como pocas otras cosas lo hacen. Incluso consiguen conectarnos a trav\u00e9s de latitudes y husos horarios diversos en el mundo, en tiempos de grandes distancias y desaf\u00edos compartidos. Como resalta la UNESCO 2020: <strong>las artes y la cultura contribuyen de manera \u00fanica e irremplazable al di\u00e1logo, el encuentro en diversidad, a la resiliencia comunitaria y al bienestar psicosocial,<\/strong> y son \u201cel camino hacia una educaci\u00f3n inclusiva y equitativa.\u201d<\/p>\n<p>Vemos con admiraci\u00f3n el poder transformador que tienen en nuestras vidas la m\u00fasica, la escritura, los bailes, la pintura, el teatro, el dise\u00f1o, entre infinidad de otras expresiones art\u00edsticas. Pero tambi\u00e9n vemos con preocupaci\u00f3n el incalculable impacto que la crisis global est\u00e1 teniendo en el sector de las artes y la cultura, que requiere de una respuesta pol\u00edtica coordinada para su recuperaci\u00f3n. \u00bfQu\u00e9 papel tenemos la ciudadan\u00eda, la comunidad educativa, las ONGs y las organizaciones de la sociedad civil en reivindicar y defender el poder transformador de las Artes?<\/p>\n<p>En este escenario, y tal vez con m\u00e1s pertinencia que nunca, desde Entreculturas lanzamos<a href=\"https:\/\/redec.es\/es\/publicaciones\/un-mundo-de-cuento\" target=\"_blank\" rel=\"noopener\">&nbsp;\u201cUn Mundo de Cuento\u201d<\/a>, una publicaci\u00f3n educativa que destaca la herramienta del<strong> cuento, la narraci\u00f3n y el storytelling<\/strong> (conocido en ingl\u00e9s por el arte de contar historias), para trabajar con ni\u00f1os, ni\u00f1as, j\u00f3venes y la ciudadan\u00eda en la creaci\u00f3n de<strong> nuevas narrativas e imaginarios que nos inspiren a construir otro mundo posible y necesario<\/strong>. A trav\u00e9s de nuestro trabajo durante m\u00e1s de 20 a\u00f1os de la mano de la comunidad educativa y la ciudadan\u00eda, en Entreculturas mantenemos la certeza de que una <strong>Educaci\u00f3n para la Ciudadan\u00eda Global (EpCG)<\/strong> que se vertebre en metodolog\u00edas creativas y participativas, como motores de ense\u00f1anza-aprendizaje, es uno de los pilares fundamentales para reconstruir alternativas de vida, sostenibles, justas e igualitarias en todos nuestros entornos.<\/p>\n<\/p>\n<p>\u201cUn Mundo de Cuento\u201d se suma a dos propuestas educativas anteriores: <strong>\u201cEl Mundo en Juego\u201d (2017) y \u201cUn Mundo de Teatro\u201d (2018)<\/strong>, completando una l\u00ednea metodol\u00f3gica que pone en el centro la educaci\u00f3n l\u00fadica, teatral y creativa en la construcci\u00f3n de Ciudadan\u00eda Global. En esta ocasi\u00f3n, nos invita a descubrir m\u00e1s de 18 cuentos y poemas que nos dan claves para abordar los retos globales que nos interpelan, nos hacen viajar a realidades donde sus protagonistas responden a la crisis clim\u00e1tica, crean lazos de amistad y cuidado en situaciones de conflicto y exclusi\u00f3n, dan ejemplo de mundos m\u00e1s equitativos y cooperativos, y cambian la mirada de quienes los lean, invit\u00e1ndonos a actuar como ciudadan\u00eda global.<\/p>\n<p>Los cuentos que han hecho posible esta publicaci\u00f3n han sido escritos por personas de distintas edades, procedencias y contextos en el mundo, que <strong>participaron en los Concursos Creativos de escritura lanzados desde Entreculturas en 2020<\/strong>. Partiendo desde el enfoque de la Educaci\u00f3n Popular y la pedagog\u00eda creativa, que trabajamos desde Entreculturas, y que nos ofrecen las artes literarias y el cuento, \u201cUn Mundo de Cuento\u201d propone adem\u00e1s un itinerario de actividades \u201cDel cuento a la acci\u00f3n\u201d adaptado a todas las edades, desde el cual trabajar las tem\u00e1ticas abordadas por la Educaci\u00f3n para la Ciudadan\u00eda Global y la Meta 4.7 de la Agenda 2030.&nbsp;<\/p>\n<p>Durante estos tiempos de incertidumbre y crecientes desaf\u00edos globales que nos presenta la Covid-19, pero tambi\u00e9n la crisis clim\u00e1tica, las migraciones forzosas y las desigualdades sociales, raciales y de g\u00e9nero, las artes no han cesado de sostener nuestra esperanza, capacidad de acci\u00f3n y resiliencia. Este es su poder transformador y sanador, y la raz\u00f3n por la que en \u201cUn Mundo de Cuento\u201d apostamos por los cuentos y las historias como recurso creativo de aprendizaje, reflexi\u00f3n y di\u00e1logo, que nos devuelva la capacidad de convertir las palabras escritas en nuevas formas de sentir, ver y actuar por ese mundo sostenible, justo e igualitario que necesitamos.&nbsp;<\/p>\n<p><strong>Hay Un Mundo de Cuento para ti, \u00bfte aventuras a descubrirlo?&nbsp;<\/strong><\/p><\/p>\n","protected":false},"excerpt":{"rendered":"<p>Lanzamos \u201cUn Mundo de Cuento\u201d, una publicaci\u00f3n educativa que destaca la herramienta del cuento, la narraci\u00f3n y el storytelling   para trabajar con ni\u00f1os, ni\u00f1as, j\u00f3venes y la ciudadan\u00eda en la creaci\u00f3n de nuevas narrativas e imaginarios que nos inspiren a construir otro mundo posible y necesario.<\/p>\n","protected":false},"featured_media":5700,"template":"single-noticia","meta":{"_acf_changed":false},"categories":[7],"tags":[185],"country":[],"cause":[128],"class_list":["post-5701","noticia","type-noticia","status-publish","has-post-thumbnail","hentry","category-noticia","tag-entreculturas","cause-educacion"],"acf":[],"yoast_head":"<!-- This site is optimized with the Yoast SEO Premium plugin v21.6 (Yoast SEO v27.5) - https:\/\/yoast.com\/product\/yoast-seo-premium-wordpress\/ -->\n<title>18 cuentos que pueden cambiar el mundo - Entreculturas<\/title>\n<meta name=\"robots\" content=\"index, follow, max-snippet:-1, max-image-preview:large, max-video-preview:-1\" \/>\n<link rel=\"canonical\" href=\"https:\/\/www.entreculturas.org\/fr\/noticia\/18-cuentos-que-pueden-cambiar-el-mundo\/\" \/>\n<meta property=\"og:locale\" content=\"fr_FR\" \/>\n<meta property=\"og:type\" content=\"article\" \/>\n<meta property=\"og:title\" content=\"18 cuentos que pueden cambiar el mundo\" \/>\n<meta property=\"og:description\" content=\"Lanzamos \u201cUn Mundo de Cuento\u201d, una publicaci\u00f3n educativa que destaca la herramienta del cuento, la narraci\u00f3n y el storytelling  para trabajar con ni\u00f1os, ni\u00f1as, j\u00f3venes y la ciudadan\u00eda en la creaci\u00f3n de nuevas narrativas e imaginarios que nos inspiren a construir otro mundo posible y necesario.\" \/>\n<meta property=\"og:url\" content=\"https:\/\/www.entreculturas.org\/fr\/noticia\/18-cuentos-que-pueden-cambiar-el-mundo\/\" \/>\n<meta property=\"og:site_name\" content=\"Entreculturas\" \/>\n<meta property=\"article:publisher\" content=\"https:\/\/www.facebook.com\/entreculturas\" \/>\n<meta property=\"article:modified_time\" content=\"2024-02-28T16:11:22+00:00\" \/>\n<meta property=\"og:image\" content=\"https:\/\/www.entreculturas.org\/wp-content\/uploads\/2021\/04\/mundo-de-cuento-portada.png\" \/>\n\t<meta property=\"og:image:width\" content=\"563\" \/>\n\t<meta property=\"og:image:height\" content=\"800\" \/>\n\t<meta property=\"og:image:type\" content=\"image\/png\" \/>\n<meta name=\"twitter:card\" content=\"summary_large_image\" \/>\n<meta name=\"twitter:site\" content=\"@Entreculturas\" \/>\n<script type=\"application\/ld+json\" class=\"yoast-schema-graph\">{\"@context\":\"https:\\\/\\\/schema.org\",\"@graph\":[{\"@type\":\"WebPage\",\"@id\":\"https:\\\/\\\/www.entreculturas.org\\\/fr\\\/noticia\\\/18-cuentos-que-pueden-cambiar-el-mundo\\\/\",\"url\":\"https:\\\/\\\/www.entreculturas.org\\\/fr\\\/noticia\\\/18-cuentos-que-pueden-cambiar-el-mundo\\\/\",\"name\":\"18 cuentos que pueden cambiar el mundo - Entreculturas\",\"isPartOf\":{\"@id\":\"https:\\\/\\\/www.entreculturas.org\\\/fr\\\/#website\"},\"primaryImageOfPage\":{\"@id\":\"https:\\\/\\\/www.entreculturas.org\\\/fr\\\/noticia\\\/18-cuentos-que-pueden-cambiar-el-mundo\\\/#primaryimage\"},\"image\":{\"@id\":\"https:\\\/\\\/www.entreculturas.org\\\/fr\\\/noticia\\\/18-cuentos-que-pueden-cambiar-el-mundo\\\/#primaryimage\"},\"thumbnailUrl\":\"https:\\\/\\\/www.entreculturas.org\\\/wp-content\\\/uploads\\\/2021\\\/04\\\/mundo-de-cuento-portada.png\",\"datePublished\":\"2021-04-14T08:59:58+00:00\",\"dateModified\":\"2024-02-28T16:11:22+00:00\",\"breadcrumb\":{\"@id\":\"https:\\\/\\\/www.entreculturas.org\\\/fr\\\/noticia\\\/18-cuentos-que-pueden-cambiar-el-mundo\\\/#breadcrumb\"},\"inLanguage\":\"fr-FR\",\"potentialAction\":[{\"@type\":\"ReadAction\",\"target\":[\"https:\\\/\\\/www.entreculturas.org\\\/fr\\\/noticia\\\/18-cuentos-que-pueden-cambiar-el-mundo\\\/\"]}]},{\"@type\":\"ImageObject\",\"inLanguage\":\"fr-FR\",\"@id\":\"https:\\\/\\\/www.entreculturas.org\\\/fr\\\/noticia\\\/18-cuentos-que-pueden-cambiar-el-mundo\\\/#primaryimage\",\"url\":\"https:\\\/\\\/www.entreculturas.org\\\/wp-content\\\/uploads\\\/2021\\\/04\\\/mundo-de-cuento-portada.png\",\"contentUrl\":\"https:\\\/\\\/www.entreculturas.org\\\/wp-content\\\/uploads\\\/2021\\\/04\\\/mundo-de-cuento-portada.png\",\"width\":563,\"height\":800},{\"@type\":\"BreadcrumbList\",\"@id\":\"https:\\\/\\\/www.entreculturas.org\\\/fr\\\/noticia\\\/18-cuentos-que-pueden-cambiar-el-mundo\\\/#breadcrumb\",\"itemListElement\":[{\"@type\":\"ListItem\",\"position\":1,\"name\":\"Home\",\"item\":\"https:\\\/\\\/www.entreculturas.org\\\/fr\\\/\"},{\"@type\":\"ListItem\",\"position\":2,\"name\":\"Noticias\",\"item\":\"https:\\\/\\\/www.entreculturas.org\\\/fr\\\/noticias\\\/\"},{\"@type\":\"ListItem\",\"position\":3,\"name\":\"18 cuentos que pueden cambiar el mundo\"}]},{\"@type\":\"WebSite\",\"@id\":\"https:\\\/\\\/www.entreculturas.org\\\/fr\\\/#website\",\"url\":\"https:\\\/\\\/www.entreculturas.org\\\/fr\\\/\",\"name\":\"Entreculturas\",\"description\":\"\",\"publisher\":{\"@id\":\"https:\\\/\\\/www.entreculturas.org\\\/fr\\\/#organization\"},\"alternateName\":\"Entreculturas\",\"potentialAction\":[{\"@type\":\"SearchAction\",\"target\":{\"@type\":\"EntryPoint\",\"urlTemplate\":\"https:\\\/\\\/www.entreculturas.org\\\/fr\\\/?s={search_term_string}\"},\"query-input\":{\"@type\":\"PropertyValueSpecification\",\"valueRequired\":true,\"valueName\":\"search_term_string\"}}],\"inLanguage\":\"fr-FR\"},{\"@type\":\"Organization\",\"@id\":\"https:\\\/\\\/www.entreculturas.org\\\/fr\\\/#organization\",\"name\":\"Entreculturas\",\"url\":\"https:\\\/\\\/www.entreculturas.org\\\/fr\\\/\",\"logo\":{\"@type\":\"ImageObject\",\"inLanguage\":\"fr-FR\",\"@id\":\"https:\\\/\\\/www.entreculturas.org\\\/fr\\\/#\\\/schema\\\/logo\\\/image\\\/\",\"url\":\"https:\\\/\\\/www.entreculturas.org\\\/wp-content\\\/uploads\\\/2025\\\/10\\\/ESP.svg\",\"contentUrl\":\"https:\\\/\\\/www.entreculturas.org\\\/wp-content\\\/uploads\\\/2025\\\/10\\\/ESP.svg\",\"caption\":\"Entreculturas\"},\"image\":{\"@id\":\"https:\\\/\\\/www.entreculturas.org\\\/fr\\\/#\\\/schema\\\/logo\\\/image\\\/\"},\"sameAs\":[\"https:\\\/\\\/www.facebook.com\\\/entreculturas\",\"https:\\\/\\\/x.com\\\/Entreculturas\",\"https:\\\/\\\/www.instagram.com\\\/entreculturas\\\/\",\"https:\\\/\\\/www.youtube.com\\\/user\\\/entreculturasvideo\",\"https:\\\/\\\/www.linkedin.com\\\/company\\\/fundacion-entreculturas-ngdo\\\/\",\"https:\\\/\\\/www.flickr.com\\\/photos\\\/98455522@N04\\\/albums\\\/\"]}]}<\/script>\n<!-- \/ Yoast SEO Premium plugin. -->","yoast_head_json":{"title":"18 cuentos que pueden cambiar el mundo - Entreculturas","robots":{"index":"index","follow":"follow","max-snippet":"max-snippet:-1","max-image-preview":"max-image-preview:large","max-video-preview":"max-video-preview:-1"},"canonical":"https:\/\/www.entreculturas.org\/fr\/noticia\/18-cuentos-que-pueden-cambiar-el-mundo\/","og_locale":"fr_FR","og_type":"article","og_title":"18 cuentos que pueden cambiar el mundo","og_description":"Lanzamos \u201cUn Mundo de Cuento\u201d, una publicaci\u00f3n educativa que destaca la herramienta del cuento, la narraci\u00f3n y el storytelling  para trabajar con ni\u00f1os, ni\u00f1as, j\u00f3venes y la ciudadan\u00eda en la creaci\u00f3n de nuevas narrativas e imaginarios que nos inspiren a construir otro mundo posible y necesario.","og_url":"https:\/\/www.entreculturas.org\/fr\/noticia\/18-cuentos-que-pueden-cambiar-el-mundo\/","og_site_name":"Entreculturas","article_publisher":"https:\/\/www.facebook.com\/entreculturas","article_modified_time":"2024-02-28T16:11:22+00:00","og_image":[{"width":563,"height":800,"url":"https:\/\/www.entreculturas.org\/wp-content\/uploads\/2021\/04\/mundo-de-cuento-portada.png","type":"image\/png"}],"twitter_card":"summary_large_image","twitter_site":"@Entreculturas","schema":{"@context":"https:\/\/schema.org","@graph":[{"@type":"WebPage","@id":"https:\/\/www.entreculturas.org\/fr\/noticia\/18-cuentos-que-pueden-cambiar-el-mundo\/","url":"https:\/\/www.entreculturas.org\/fr\/noticia\/18-cuentos-que-pueden-cambiar-el-mundo\/","name":"18 cuentos que pueden cambiar el mundo - Entreculturas","isPartOf":{"@id":"https:\/\/www.entreculturas.org\/fr\/#website"},"primaryImageOfPage":{"@id":"https:\/\/www.entreculturas.org\/fr\/noticia\/18-cuentos-que-pueden-cambiar-el-mundo\/#primaryimage"},"image":{"@id":"https:\/\/www.entreculturas.org\/fr\/noticia\/18-cuentos-que-pueden-cambiar-el-mundo\/#primaryimage"},"thumbnailUrl":"https:\/\/www.entreculturas.org\/wp-content\/uploads\/2021\/04\/mundo-de-cuento-portada.png","datePublished":"2021-04-14T08:59:58+00:00","dateModified":"2024-02-28T16:11:22+00:00","breadcrumb":{"@id":"https:\/\/www.entreculturas.org\/fr\/noticia\/18-cuentos-que-pueden-cambiar-el-mundo\/#breadcrumb"},"inLanguage":"fr-FR","potentialAction":[{"@type":"ReadAction","target":["https:\/\/www.entreculturas.org\/fr\/noticia\/18-cuentos-que-pueden-cambiar-el-mundo\/"]}]},{"@type":"ImageObject","inLanguage":"fr-FR","@id":"https:\/\/www.entreculturas.org\/fr\/noticia\/18-cuentos-que-pueden-cambiar-el-mundo\/#primaryimage","url":"https:\/\/www.entreculturas.org\/wp-content\/uploads\/2021\/04\/mundo-de-cuento-portada.png","contentUrl":"https:\/\/www.entreculturas.org\/wp-content\/uploads\/2021\/04\/mundo-de-cuento-portada.png","width":563,"height":800},{"@type":"BreadcrumbList","@id":"https:\/\/www.entreculturas.org\/fr\/noticia\/18-cuentos-que-pueden-cambiar-el-mundo\/#breadcrumb","itemListElement":[{"@type":"ListItem","position":1,"name":"Home","item":"https:\/\/www.entreculturas.org\/fr\/"},{"@type":"ListItem","position":2,"name":"Noticias","item":"https:\/\/www.entreculturas.org\/fr\/noticias\/"},{"@type":"ListItem","position":3,"name":"18 cuentos que pueden cambiar el mundo"}]},{"@type":"WebSite","@id":"https:\/\/www.entreculturas.org\/fr\/#website","url":"https:\/\/www.entreculturas.org\/fr\/","name":"Entreculturas","description":"","publisher":{"@id":"https:\/\/www.entreculturas.org\/fr\/#organization"},"alternateName":"Entreculturas","potentialAction":[{"@type":"SearchAction","target":{"@type":"EntryPoint","urlTemplate":"https:\/\/www.entreculturas.org\/fr\/?s={search_term_string}"},"query-input":{"@type":"PropertyValueSpecification","valueRequired":true,"valueName":"search_term_string"}}],"inLanguage":"fr-FR"},{"@type":"Organization","@id":"https:\/\/www.entreculturas.org\/fr\/#organization","name":"Entreculturas","url":"https:\/\/www.entreculturas.org\/fr\/","logo":{"@type":"ImageObject","inLanguage":"fr-FR","@id":"https:\/\/www.entreculturas.org\/fr\/#\/schema\/logo\/image\/","url":"https:\/\/www.entreculturas.org\/wp-content\/uploads\/2025\/10\/ESP.svg","contentUrl":"https:\/\/www.entreculturas.org\/wp-content\/uploads\/2025\/10\/ESP.svg","caption":"Entreculturas"},"image":{"@id":"https:\/\/www.entreculturas.org\/fr\/#\/schema\/logo\/image\/"},"sameAs":["https:\/\/www.facebook.com\/entreculturas","https:\/\/x.com\/Entreculturas","https:\/\/www.instagram.com\/entreculturas\/","https:\/\/www.youtube.com\/user\/entreculturasvideo","https:\/\/www.linkedin.com\/company\/fundacion-entreculturas-ngdo\/","https:\/\/www.flickr.com\/photos\/98455522@N04\/albums\/"]}]}},"_links":{"self":[{"href":"https:\/\/www.entreculturas.org\/fr\/wp-json\/wp\/v2\/noticia\/5701","targetHints":{"allow":["GET"]}}],"collection":[{"href":"https:\/\/www.entreculturas.org\/fr\/wp-json\/wp\/v2\/noticia"}],"about":[{"href":"https:\/\/www.entreculturas.org\/fr\/wp-json\/wp\/v2\/types\/noticia"}],"wp:featuredmedia":[{"embeddable":true,"href":"https:\/\/www.entreculturas.org\/fr\/wp-json\/wp\/v2\/media\/5700"}],"wp:attachment":[{"href":"https:\/\/www.entreculturas.org\/fr\/wp-json\/wp\/v2\/media?parent=5701"}],"wp:term":[{"taxonomy":"category","embeddable":true,"href":"https:\/\/www.entreculturas.org\/fr\/wp-json\/wp\/v2\/categories?post=5701"},{"taxonomy":"post_tag","embeddable":true,"href":"https:\/\/www.entreculturas.org\/fr\/wp-json\/wp\/v2\/tags?post=5701"},{"taxonomy":"country","embeddable":true,"href":"https:\/\/www.entreculturas.org\/fr\/wp-json\/wp\/v2\/country?post=5701"},{"taxonomy":"cause","embeddable":true,"href":"https:\/\/www.entreculturas.org\/fr\/wp-json\/wp\/v2\/cause?post=5701"}],"curies":[{"name":"wp","href":"https:\/\/api.w.org\/{rel}","templated":true}]}}