{"id":5657,"date":"2021-03-26T08:19:39","date_gmt":"2021-03-26T08:19:39","guid":{"rendered":"https:\/\/entreculturasi.wpenginepowered.com\/?noticias=alboan-y-entreculturas-hacemos-un-llamamiento-al-gobierno-espanol-la-accion-por-el-clima-no"},"modified":"2024-09-18T13:35:30","modified_gmt":"2024-09-18T11:35:30","slug":"alboan-y-entreculturas-hacemos-un-llamamiento-al-gobierno-espanol-la-accion-por-el-clima-no","status":"publish","type":"noticia","link":"https:\/\/www.entreculturas.org\/fr\/noticia\/alboan-y-entreculturas-hacemos-un-llamamiento-al-gobierno-espanol-la-accion-por-el-clima-no\/","title":{"rendered":"Alboan y Entreculturas hacemos un llamamiento al Gobierno espa\u00f1ol:  la acci\u00f3n por el clima no puede esperar"},"content":{"rendered":"<p>El pasado mes de noviembre se deber\u00eda haber celebrado la <strong>vig\u00e9simo sexta cumbre clim\u00e1tica de la ONU, conocida como COP26<\/strong>, cuya celebraci\u00f3n estaba prevista en Glasgow del 9 al 19 de noviembre de 2020. Sin embargo, debido a la pandemia de Covid-19, los organizadores decidieron posponer el evento que finalmente tendr\u00e1 lugar del 1 al 12 de noviembre de 2021.<\/p>\n<p>A pesar del aplazamiento no hay dudas de que ser\u00e1 un hito decisivo para el futuro de nuestro planeta. Esta es una d\u00e9cada importante para la lucha contra el cambio clim\u00e1tico, y <strong>el mundo necesita m\u00e1s que nunca una respuesta en\u00e9rgica<\/strong>, que permita alcanzar los objetivos de reducci\u00f3n de emisiones propuestos en el Acuerdo de Par\u00eds, sin olvidarse del progreso social y econ\u00f3mico de los pa\u00edses pobres, que son a menudo los m\u00e1s vulnerables a los efectos de la crisis clim\u00e1tica y quienes menos contribuyen al calentamiento global.<\/p>\n<p>Aunque la Covid-19 supone un problema muy serio de alcance global, el cambio clim\u00e1tico contin\u00faa y no disminuye. Necesitamos una transformaci\u00f3n social y ecol\u00f3gica para afrontar las m\u00faltiples crisis de nuestro tiempo. <strong>No es suficiente con destinar billones de d\u00f3lares y euros a la lucha contra el coronavirus, es necesario gastarlo de manera que -en vistas del cambio clim\u00e1tico- mitiguemos el problema y nos adaptemos a \u00e9l.<\/strong><\/p>\n<p>Por ese motivo, aprovechando la reuni\u00f3n del Consejo Europeo que est\u00e1 teniendo lugar entre ayer y hoy (25 y 26 de marzo), <a href=\"https:\/\/www.entreculturas.org\/wp-content\/uploads\/2021\/03\/Carta-a-Pedro-Sanchez-ConsejoEU-COP26.pdf\" target=\"_blank\" rel=\"noopener\"><strong>hemos enviado una Carta a Pedro S\u00e1nchez, presidente del Gobierno Espa\u00f1ol<\/strong><\/a>, con copia a Teresa Ribera, Ministra para la Transici\u00f3n Ecol\u00f3gica y el Reto Demogr\u00e1fico, y a Arancha Gonz\u00e1lez Laya, Ministra de Asuntos Exteriores, Uni\u00f3n Europea y Cooperaci\u00f3n. En la carta enviada hacemos un llamamiento para no dejar en segundo plano la Acci\u00f3n por el Clima y, asimismo, reforzar la cooperaci\u00f3n entre Europa y \u00c1frica en esta materia.<\/p>\n<p><strong>Este llamado viene de la Red Xavier, la red jesuita de misiones y desarrollo, y de la Conferencia Jesuita de \u00c1frica y Madagascar,<\/strong> que observan con preocupaci\u00f3n c\u00f3mo las urgencias creadas por la pandemia de COVID-19 est\u00e1n desplazando la atenci\u00f3n de otras crisis no menos importantes, como la lucha contra el cambio clim\u00e1tico. Como sostenemos en la misiva, la COP26 se puede retrasar, pero la respuesta a la crisis clim\u00e1tica no.<\/p>\n<p>Frente a este futuro incierto, <strong>hemos querido subrayar una serie de puntos a tener en cuenta<\/strong>:<\/p>\n<ol>\n<li>Aunque la Covid-19 supone un problema muy serio, el cambio clim\u00e1tico contin\u00faa y no disminuye. Necesitamos una transformaci\u00f3n social y ecol\u00f3gica para afrontar las m\u00faltiples crisis de nuestro tiempo. No es suficiente con destinar billones de d\u00f3lares y euros a la lucha contra el coronavirus, es necesario gastarlo de manera que -en vistas del cambio clim\u00e1tico- mitiguemos el problema y nos adaptemos a \u00e9l.<\/li>\n<li>\u00c1frica sufre m\u00e1s (o quiz\u00e1 el que m\u00e1s) el Covid-19 ya que sus problemas de deuda y pobreza ya existentes se han exacerbado con la pandemia. Un escenario que tan solo hace que las consecuencias del cambio clim\u00e1tico y otras plagas debido a la contaminaci\u00f3n y el uso excesivo de recursos naturales sean m\u00e1s agresivas con el continente.<\/li>\n<li>Europa, como uno de los mayores contaminadores de la historia, debe cumplir con los compromisos asumidos en el Acuerdo de Par\u00eds y en R\u00edo 1992. Directamente con la transferencia o inversi\u00f3n de dinero y tecnolog\u00eda, o indirectamente ayudando a \u00c1frica a mejorar en los Sistemas de Gesti\u00f3n de Riesgos (DRM, en ingl\u00e9s) y a luchar contra los Flujos Financieros Il\u00edcitos.<\/li>\n<li>El tiempo se acaba y las Contribuciones Previstas y Determinadas a Nivel Nacional (INDCs, en ingl\u00e9s), que encarnan los esfuerzos de cada pa\u00eds para reducir las emisiones nacionales y adaptarse a los efectos del cambio clim\u00e1tico, deben establecerse no en relaci\u00f3n a los datos de 1990, sino en funci\u00f3n del presupuesto de CO2 global que queda antes de que se cruce el umbral de 1.5\/2 grados.<\/li>\n<li>Es posible buscar sinergias entre los intereses de Europa y \u00c1frica. Por ejemplo, ayudar a \u00c1frica a superar la industria f\u00f3sil es m\u00e1s eficaz para combatir el cambio clim\u00e1tico que \u201chacer trampa\u201d exportando industria sucia a pa\u00edses pobres, puliendo as\u00ed las estad\u00edsticas europeas mientras desplazamos el problema de la contaminaci\u00f3n a otro sitio.<\/li>\n<li>Por lo tanto, dados los problemas en el proceso de la COP patrocinado por las Naciones Unidas, los Jesuitas abogan por acelerar una cooperaci\u00f3n mejorada entre la UE y \u00c1frica.<\/li>\n<\/ol>\n<p>&gt;&gt; Puedes acceder aqu\u00ed a la <a href=\"https:\/\/www.entreculturas.org\/wp-content\/uploads\/2021\/03\/Carta-a-Pedro-Sanchez-ConsejoEU-COP26.pdf\" target=\"_blank\" rel=\"noopener\">carta abierta enviada al presidente del Gobierno espa\u00f1ol, Pedro S\u00e1nchez<\/a>.<\/p>\n<p>&gt;&gt; Tambi\u00e9n puedes descargarte el <a href=\"https:\/\/www.entreculturas.org\/wp-content\/uploads\/2021\/03\/Documento-de-Apoyo_EU-UA_COP26_ESP.pdf\" target=\"_blank\" rel=\"noopener\">documento de apoyo<\/a> que han preparado para exponer nuestros argumentos.<\/p>\n<p><span style=\"font-size: 16px;\"><strong><u>Datos de contacto<\/u>:\u00a0<\/strong><\/span><\/p>\n<p><strong>Conferencia Jesuita de \u00c1frica y Madagascar<\/strong><br \/>\nOficina del Director de Justicia y Ecolog\u00eda de los Jesuitas<br \/>\nc\/o Africama House<br \/>\nP.O. Box 1540<br \/>\nNairobi<br \/>\nKenia 00502<\/p>\n<p><strong>Jesuit Network for Mission and Development (Xavier Network)<\/strong><br \/>\nc\/o Jesuitenmission Deutschland<br \/>\nK\u00f6nigstra\u00dfe 64<br \/>\n90402 N\u00fcrnberg<br \/>\nAlemania<\/p>\n<p><strong>Rev. Charles B. Chilufya SJ, MRes (Director)<\/strong><br \/>\nWhatsapp: +254 786 584784<br \/>\nSkype-Id: cchilufya_1<\/p>\n<p><strong>Rev. Dr. J\u00f6rg Alt SJ, MA, BD (Advocacy Officer)<\/strong><br \/>\nPhone: +49 911 2346-189<br \/>\nE-mail: alt@jesuitenmission.de<\/p>\n<p><strong>Fernando Saldivar SJ (Global Policy Officer)<\/strong><br \/>\nWhatsapp: +254 759174927<br \/>\nSkype-Id: fcsaldivar<\/p>\n","protected":false},"excerpt":{"rendered":"<p>El pasado mes de noviembre se deber\u00eda haber celebrado la vig\u00e9simo sexta cumbre clim\u00e1tica de la ONU, conocida como COP26, cuya celebraci\u00f3n estaba prevista en Glasgow del 9 al 19 de noviembre de 2020. Sin embargo, debido a la pandemia de Covid-19, los organizadores decidieron posponer el evento que finalmente tendr\u00e1 lugar del 1 al 12 de noviembre de 2021. A pesar del aplazamiento no hay dudas de que ser\u00e1 un hito decisivo para el futuro de nuestro planeta. Esta es una d\u00e9cada importante para la lucha contra el cambio clim\u00e1tico, y el mundo necesita m\u00e1s que nunca una respuesta en\u00e9rgica, que permita alcanzar los objetivos de reducci\u00f3n de emisiones propuestos en el Acuerdo de Par\u00eds, sin olvidarse del progreso social y econ\u00f3mico de los pa\u00edses pobres, que son a menudo los m\u00e1s vulnerables a los efectos de la crisis clim\u00e1tica y quienes menos contribuyen al calentamiento global. Aunque la [&hellip;]<\/p>\n","protected":false},"featured_media":5652,"template":"single-noticia","meta":{"_acf_changed":false},"categories":[7],"tags":[256],"country":[120],"cause":[131],"class_list":["post-5657","noticia","type-noticia","status-publish","has-post-thumbnail","hentry","category-noticia","tag-justicia-socioambiental","country-espana","cause-justicia-medioambiental"],"acf":[],"yoast_head":"<!-- This site is optimized with the Yoast SEO Premium plugin v21.6 (Yoast SEO v27.5) - https:\/\/yoast.com\/product\/yoast-seo-premium-wordpress\/ -->\n<title>Alboan y Entreculturas hacemos un llamamiento al Gobierno espa\u00f1ol: la acci\u00f3n por el clima no puede esperar - Entreculturas<\/title>\n<meta name=\"robots\" content=\"index, follow, max-snippet:-1, max-image-preview:large, max-video-preview:-1\" \/>\n<link rel=\"canonical\" href=\"https:\/\/www.entreculturas.org\/fr\/noticia\/alboan-y-entreculturas-hacemos-un-llamamiento-al-gobierno-espanol-la-accion-por-el-clima-no\/\" \/>\n<meta property=\"og:locale\" content=\"fr_FR\" \/>\n<meta property=\"og:type\" content=\"article\" \/>\n<meta property=\"og:title\" content=\"Alboan y Entreculturas hacemos un llamamiento al Gobierno espa\u00f1ol: la acci\u00f3n por el clima no puede esperar\" \/>\n<meta property=\"og:description\" content=\"El pasado mes de noviembre se deber\u00eda haber celebrado la vig\u00e9simo sexta cumbre clim\u00e1tica de la ONU, conocida como COP26, cuya celebraci\u00f3n estaba prevista en Glasgow del 9 al 19 de noviembre de 2020. Sin embargo, debido a la pandemia de Covid-19, los organizadores decidieron posponer el evento que finalmente tendr\u00e1 lugar del 1 al 12 de noviembre de 2021. A pesar del aplazamiento no hay dudas de que ser\u00e1 un hito decisivo para el futuro de nuestro planeta. Esta es una d\u00e9cada importante para la lucha contra el cambio clim\u00e1tico, y el mundo necesita m\u00e1s que nunca una respuesta en\u00e9rgica, que permita alcanzar los objetivos de reducci\u00f3n de emisiones propuestos en el Acuerdo de Par\u00eds, sin olvidarse del progreso social y econ\u00f3mico de los pa\u00edses pobres, que son a menudo los m\u00e1s vulnerables a los efectos de la crisis clim\u00e1tica y quienes menos contribuyen al calentamiento global. Aunque la [&hellip;]\" \/>\n<meta property=\"og:url\" content=\"https:\/\/www.entreculturas.org\/fr\/noticia\/alboan-y-entreculturas-hacemos-un-llamamiento-al-gobierno-espanol-la-accion-por-el-clima-no\/\" \/>\n<meta property=\"og:site_name\" content=\"Entreculturas\" \/>\n<meta property=\"article:publisher\" content=\"https:\/\/www.facebook.com\/entreculturas\" \/>\n<meta property=\"article:modified_time\" content=\"2024-09-18T11:35:30+00:00\" \/>\n<meta property=\"og:image\" content=\"https:\/\/www.entreculturas.org\/wp-content\/uploads\/2021\/03\/cuidado-medioambiente_0.jpg\" \/>\n\t<meta property=\"og:image:width\" content=\"900\" \/>\n\t<meta property=\"og:image:height\" content=\"600\" \/>\n\t<meta property=\"og:image:type\" content=\"image\/jpeg\" \/>\n<meta name=\"twitter:card\" content=\"summary_large_image\" \/>\n<meta name=\"twitter:site\" content=\"@Entreculturas\" \/>\n<script type=\"application\/ld+json\" class=\"yoast-schema-graph\">{\"@context\":\"https:\\\/\\\/schema.org\",\"@graph\":[{\"@type\":\"WebPage\",\"@id\":\"https:\\\/\\\/www.entreculturas.org\\\/fr\\\/noticia\\\/alboan-y-entreculturas-hacemos-un-llamamiento-al-gobierno-espanol-la-accion-por-el-clima-no\\\/\",\"url\":\"https:\\\/\\\/www.entreculturas.org\\\/fr\\\/noticia\\\/alboan-y-entreculturas-hacemos-un-llamamiento-al-gobierno-espanol-la-accion-por-el-clima-no\\\/\",\"name\":\"Alboan y Entreculturas hacemos un llamamiento al Gobierno espa\u00f1ol: la acci\u00f3n por el clima no puede esperar - Entreculturas\",\"isPartOf\":{\"@id\":\"https:\\\/\\\/www.entreculturas.org\\\/fr\\\/#website\"},\"primaryImageOfPage\":{\"@id\":\"https:\\\/\\\/www.entreculturas.org\\\/fr\\\/noticia\\\/alboan-y-entreculturas-hacemos-un-llamamiento-al-gobierno-espanol-la-accion-por-el-clima-no\\\/#primaryimage\"},\"image\":{\"@id\":\"https:\\\/\\\/www.entreculturas.org\\\/fr\\\/noticia\\\/alboan-y-entreculturas-hacemos-un-llamamiento-al-gobierno-espanol-la-accion-por-el-clima-no\\\/#primaryimage\"},\"thumbnailUrl\":\"https:\\\/\\\/www.entreculturas.org\\\/wp-content\\\/uploads\\\/2021\\\/03\\\/cuidado-medioambiente_0.jpg\",\"datePublished\":\"2021-03-26T08:19:39+00:00\",\"dateModified\":\"2024-09-18T11:35:30+00:00\",\"breadcrumb\":{\"@id\":\"https:\\\/\\\/www.entreculturas.org\\\/fr\\\/noticia\\\/alboan-y-entreculturas-hacemos-un-llamamiento-al-gobierno-espanol-la-accion-por-el-clima-no\\\/#breadcrumb\"},\"inLanguage\":\"fr-FR\",\"potentialAction\":[{\"@type\":\"ReadAction\",\"target\":[\"https:\\\/\\\/www.entreculturas.org\\\/fr\\\/noticia\\\/alboan-y-entreculturas-hacemos-un-llamamiento-al-gobierno-espanol-la-accion-por-el-clima-no\\\/\"]}]},{\"@type\":\"ImageObject\",\"inLanguage\":\"fr-FR\",\"@id\":\"https:\\\/\\\/www.entreculturas.org\\\/fr\\\/noticia\\\/alboan-y-entreculturas-hacemos-un-llamamiento-al-gobierno-espanol-la-accion-por-el-clima-no\\\/#primaryimage\",\"url\":\"https:\\\/\\\/www.entreculturas.org\\\/wp-content\\\/uploads\\\/2021\\\/03\\\/cuidado-medioambiente_0.jpg\",\"contentUrl\":\"https:\\\/\\\/www.entreculturas.org\\\/wp-content\\\/uploads\\\/2021\\\/03\\\/cuidado-medioambiente_0.jpg\",\"width\":900,\"height\":600,\"caption\":\"cuidado-medioambiente\"},{\"@type\":\"BreadcrumbList\",\"@id\":\"https:\\\/\\\/www.entreculturas.org\\\/fr\\\/noticia\\\/alboan-y-entreculturas-hacemos-un-llamamiento-al-gobierno-espanol-la-accion-por-el-clima-no\\\/#breadcrumb\",\"itemListElement\":[{\"@type\":\"ListItem\",\"position\":1,\"name\":\"Home\",\"item\":\"https:\\\/\\\/www.entreculturas.org\\\/fr\\\/\"},{\"@type\":\"ListItem\",\"position\":2,\"name\":\"Noticias\",\"item\":\"https:\\\/\\\/www.entreculturas.org\\\/fr\\\/noticias\\\/\"},{\"@type\":\"ListItem\",\"position\":3,\"name\":\"Alboan y Entreculturas hacemos un llamamiento al Gobierno espa\u00f1ol: la acci\u00f3n por el clima no puede esperar\"}]},{\"@type\":\"WebSite\",\"@id\":\"https:\\\/\\\/www.entreculturas.org\\\/fr\\\/#website\",\"url\":\"https:\\\/\\\/www.entreculturas.org\\\/fr\\\/\",\"name\":\"Entreculturas\",\"description\":\"\",\"publisher\":{\"@id\":\"https:\\\/\\\/www.entreculturas.org\\\/fr\\\/#organization\"},\"alternateName\":\"Entreculturas\",\"potentialAction\":[{\"@type\":\"SearchAction\",\"target\":{\"@type\":\"EntryPoint\",\"urlTemplate\":\"https:\\\/\\\/www.entreculturas.org\\\/fr\\\/?s={search_term_string}\"},\"query-input\":{\"@type\":\"PropertyValueSpecification\",\"valueRequired\":true,\"valueName\":\"search_term_string\"}}],\"inLanguage\":\"fr-FR\"},{\"@type\":\"Organization\",\"@id\":\"https:\\\/\\\/www.entreculturas.org\\\/fr\\\/#organization\",\"name\":\"Entreculturas\",\"url\":\"https:\\\/\\\/www.entreculturas.org\\\/fr\\\/\",\"logo\":{\"@type\":\"ImageObject\",\"inLanguage\":\"fr-FR\",\"@id\":\"https:\\\/\\\/www.entreculturas.org\\\/fr\\\/#\\\/schema\\\/logo\\\/image\\\/\",\"url\":\"https:\\\/\\\/www.entreculturas.org\\\/wp-content\\\/uploads\\\/2025\\\/10\\\/ESP.svg\",\"contentUrl\":\"https:\\\/\\\/www.entreculturas.org\\\/wp-content\\\/uploads\\\/2025\\\/10\\\/ESP.svg\",\"caption\":\"Entreculturas\"},\"image\":{\"@id\":\"https:\\\/\\\/www.entreculturas.org\\\/fr\\\/#\\\/schema\\\/logo\\\/image\\\/\"},\"sameAs\":[\"https:\\\/\\\/www.facebook.com\\\/entreculturas\",\"https:\\\/\\\/x.com\\\/Entreculturas\",\"https:\\\/\\\/www.instagram.com\\\/entreculturas\\\/\",\"https:\\\/\\\/www.youtube.com\\\/user\\\/entreculturasvideo\",\"https:\\\/\\\/www.linkedin.com\\\/company\\\/fundacion-entreculturas-ngdo\\\/\",\"https:\\\/\\\/www.flickr.com\\\/photos\\\/98455522@N04\\\/albums\\\/\"]}]}<\/script>\n<!-- \/ Yoast SEO Premium plugin. -->","yoast_head_json":{"title":"Alboan y Entreculturas hacemos un llamamiento al Gobierno espa\u00f1ol: la acci\u00f3n por el clima no puede esperar - Entreculturas","robots":{"index":"index","follow":"follow","max-snippet":"max-snippet:-1","max-image-preview":"max-image-preview:large","max-video-preview":"max-video-preview:-1"},"canonical":"https:\/\/www.entreculturas.org\/fr\/noticia\/alboan-y-entreculturas-hacemos-un-llamamiento-al-gobierno-espanol-la-accion-por-el-clima-no\/","og_locale":"fr_FR","og_type":"article","og_title":"Alboan y Entreculturas hacemos un llamamiento al Gobierno espa\u00f1ol: la acci\u00f3n por el clima no puede esperar","og_description":"El pasado mes de noviembre se deber\u00eda haber celebrado la vig\u00e9simo sexta cumbre clim\u00e1tica de la ONU, conocida como COP26, cuya celebraci\u00f3n estaba prevista en Glasgow del 9 al 19 de noviembre de 2020. Sin embargo, debido a la pandemia de Covid-19, los organizadores decidieron posponer el evento que finalmente tendr\u00e1 lugar del 1 al 12 de noviembre de 2021. A pesar del aplazamiento no hay dudas de que ser\u00e1 un hito decisivo para el futuro de nuestro planeta. Esta es una d\u00e9cada importante para la lucha contra el cambio clim\u00e1tico, y el mundo necesita m\u00e1s que nunca una respuesta en\u00e9rgica, que permita alcanzar los objetivos de reducci\u00f3n de emisiones propuestos en el Acuerdo de Par\u00eds, sin olvidarse del progreso social y econ\u00f3mico de los pa\u00edses pobres, que son a menudo los m\u00e1s vulnerables a los efectos de la crisis clim\u00e1tica y quienes menos contribuyen al calentamiento global. Aunque la [&hellip;]","og_url":"https:\/\/www.entreculturas.org\/fr\/noticia\/alboan-y-entreculturas-hacemos-un-llamamiento-al-gobierno-espanol-la-accion-por-el-clima-no\/","og_site_name":"Entreculturas","article_publisher":"https:\/\/www.facebook.com\/entreculturas","article_modified_time":"2024-09-18T11:35:30+00:00","og_image":[{"width":900,"height":600,"url":"https:\/\/www.entreculturas.org\/wp-content\/uploads\/2021\/03\/cuidado-medioambiente_0.jpg","type":"image\/jpeg"}],"twitter_card":"summary_large_image","twitter_site":"@Entreculturas","schema":{"@context":"https:\/\/schema.org","@graph":[{"@type":"WebPage","@id":"https:\/\/www.entreculturas.org\/fr\/noticia\/alboan-y-entreculturas-hacemos-un-llamamiento-al-gobierno-espanol-la-accion-por-el-clima-no\/","url":"https:\/\/www.entreculturas.org\/fr\/noticia\/alboan-y-entreculturas-hacemos-un-llamamiento-al-gobierno-espanol-la-accion-por-el-clima-no\/","name":"Alboan y Entreculturas hacemos un llamamiento al Gobierno espa\u00f1ol: la acci\u00f3n por el clima no puede esperar - Entreculturas","isPartOf":{"@id":"https:\/\/www.entreculturas.org\/fr\/#website"},"primaryImageOfPage":{"@id":"https:\/\/www.entreculturas.org\/fr\/noticia\/alboan-y-entreculturas-hacemos-un-llamamiento-al-gobierno-espanol-la-accion-por-el-clima-no\/#primaryimage"},"image":{"@id":"https:\/\/www.entreculturas.org\/fr\/noticia\/alboan-y-entreculturas-hacemos-un-llamamiento-al-gobierno-espanol-la-accion-por-el-clima-no\/#primaryimage"},"thumbnailUrl":"https:\/\/www.entreculturas.org\/wp-content\/uploads\/2021\/03\/cuidado-medioambiente_0.jpg","datePublished":"2021-03-26T08:19:39+00:00","dateModified":"2024-09-18T11:35:30+00:00","breadcrumb":{"@id":"https:\/\/www.entreculturas.org\/fr\/noticia\/alboan-y-entreculturas-hacemos-un-llamamiento-al-gobierno-espanol-la-accion-por-el-clima-no\/#breadcrumb"},"inLanguage":"fr-FR","potentialAction":[{"@type":"ReadAction","target":["https:\/\/www.entreculturas.org\/fr\/noticia\/alboan-y-entreculturas-hacemos-un-llamamiento-al-gobierno-espanol-la-accion-por-el-clima-no\/"]}]},{"@type":"ImageObject","inLanguage":"fr-FR","@id":"https:\/\/www.entreculturas.org\/fr\/noticia\/alboan-y-entreculturas-hacemos-un-llamamiento-al-gobierno-espanol-la-accion-por-el-clima-no\/#primaryimage","url":"https:\/\/www.entreculturas.org\/wp-content\/uploads\/2021\/03\/cuidado-medioambiente_0.jpg","contentUrl":"https:\/\/www.entreculturas.org\/wp-content\/uploads\/2021\/03\/cuidado-medioambiente_0.jpg","width":900,"height":600,"caption":"cuidado-medioambiente"},{"@type":"BreadcrumbList","@id":"https:\/\/www.entreculturas.org\/fr\/noticia\/alboan-y-entreculturas-hacemos-un-llamamiento-al-gobierno-espanol-la-accion-por-el-clima-no\/#breadcrumb","itemListElement":[{"@type":"ListItem","position":1,"name":"Home","item":"https:\/\/www.entreculturas.org\/fr\/"},{"@type":"ListItem","position":2,"name":"Noticias","item":"https:\/\/www.entreculturas.org\/fr\/noticias\/"},{"@type":"ListItem","position":3,"name":"Alboan y Entreculturas hacemos un llamamiento al Gobierno espa\u00f1ol: la acci\u00f3n por el clima no puede esperar"}]},{"@type":"WebSite","@id":"https:\/\/www.entreculturas.org\/fr\/#website","url":"https:\/\/www.entreculturas.org\/fr\/","name":"Entreculturas","description":"","publisher":{"@id":"https:\/\/www.entreculturas.org\/fr\/#organization"},"alternateName":"Entreculturas","potentialAction":[{"@type":"SearchAction","target":{"@type":"EntryPoint","urlTemplate":"https:\/\/www.entreculturas.org\/fr\/?s={search_term_string}"},"query-input":{"@type":"PropertyValueSpecification","valueRequired":true,"valueName":"search_term_string"}}],"inLanguage":"fr-FR"},{"@type":"Organization","@id":"https:\/\/www.entreculturas.org\/fr\/#organization","name":"Entreculturas","url":"https:\/\/www.entreculturas.org\/fr\/","logo":{"@type":"ImageObject","inLanguage":"fr-FR","@id":"https:\/\/www.entreculturas.org\/fr\/#\/schema\/logo\/image\/","url":"https:\/\/www.entreculturas.org\/wp-content\/uploads\/2025\/10\/ESP.svg","contentUrl":"https:\/\/www.entreculturas.org\/wp-content\/uploads\/2025\/10\/ESP.svg","caption":"Entreculturas"},"image":{"@id":"https:\/\/www.entreculturas.org\/fr\/#\/schema\/logo\/image\/"},"sameAs":["https:\/\/www.facebook.com\/entreculturas","https:\/\/x.com\/Entreculturas","https:\/\/www.instagram.com\/entreculturas\/","https:\/\/www.youtube.com\/user\/entreculturasvideo","https:\/\/www.linkedin.com\/company\/fundacion-entreculturas-ngdo\/","https:\/\/www.flickr.com\/photos\/98455522@N04\/albums\/"]}]}},"_links":{"self":[{"href":"https:\/\/www.entreculturas.org\/fr\/wp-json\/wp\/v2\/noticia\/5657","targetHints":{"allow":["GET"]}}],"collection":[{"href":"https:\/\/www.entreculturas.org\/fr\/wp-json\/wp\/v2\/noticia"}],"about":[{"href":"https:\/\/www.entreculturas.org\/fr\/wp-json\/wp\/v2\/types\/noticia"}],"wp:featuredmedia":[{"embeddable":true,"href":"https:\/\/www.entreculturas.org\/fr\/wp-json\/wp\/v2\/media\/5652"}],"wp:attachment":[{"href":"https:\/\/www.entreculturas.org\/fr\/wp-json\/wp\/v2\/media?parent=5657"}],"wp:term":[{"taxonomy":"category","embeddable":true,"href":"https:\/\/www.entreculturas.org\/fr\/wp-json\/wp\/v2\/categories?post=5657"},{"taxonomy":"post_tag","embeddable":true,"href":"https:\/\/www.entreculturas.org\/fr\/wp-json\/wp\/v2\/tags?post=5657"},{"taxonomy":"country","embeddable":true,"href":"https:\/\/www.entreculturas.org\/fr\/wp-json\/wp\/v2\/country?post=5657"},{"taxonomy":"cause","embeddable":true,"href":"https:\/\/www.entreculturas.org\/fr\/wp-json\/wp\/v2\/cause?post=5657"}],"curies":[{"name":"wp","href":"https:\/\/api.w.org\/{rel}","templated":true}]}}