{"id":5643,"date":"2021-03-25T13:29:23","date_gmt":"2021-03-25T13:29:23","guid":{"rendered":"https:\/\/entreculturasi.wpenginepowered.com\/?noticias=celebramos-el-laboratorio-de-buenas-practicas-educativas-para-la-mejora-de-la-convivencia-y"},"modified":"2024-02-28T18:06:21","modified_gmt":"2024-02-28T17:06:21","slug":"celebramos-el-laboratorio-de-buenas-practicas-educativas-para-la-mejora-de-la-convivencia-y","status":"publish","type":"noticia","link":"https:\/\/www.entreculturas.org\/fr\/noticia\/celebramos-el-laboratorio-de-buenas-practicas-educativas-para-la-mejora-de-la-convivencia-y\/","title":{"rendered":"Celebramos el Laboratorio de Buenas Pr\u00e1cticas Educativas para la mejora de la convivencia y la inclusi\u00f3n social"},"content":{"rendered":"<p style=\"text-align: justify\">El mi\u00e9rcoles 24 de marzo, de 17:00 a 19:30, desde la Fundaci\u00f3n Entreculturas organizamos <strong>Hacia otras convivencias posibles: laboratorio de buenas pr\u00e1cticas educativas para la mejora de la convivencia y la inclusi\u00f3n social.<\/strong>&nbsp;<\/p>\n<p style=\"text-align: justify\">\n<p style=\"text-align: justify\">Este laboratorio cont\u00f3 con m\u00e1s de 160 personas inscritas de <strong>diversos perfiles<\/strong>, entre las que se encuentran estudiantes, educadoras y educadores de centros escolares y socioeducativos, personal de servicios sociales, diputaciones, ayuntamientos, etc. de distintas comunidades aut\u00f3nomas espa\u00f1olas, as\u00ed como miembros del equipo de Fe y Alegr\u00eda Argentina. Desde Entreculturas pensamos que esta es la <strong>mayor riqueza<\/strong> que podemos tener desde el \u00e1mbito de la educaci\u00f3n: entender que trabajando unidos y unidas desde todos los \u00e1mbitos de la sociedad, ofrecemos una experiencia educativa integral, de mayor calidad y m\u00e1s enriquecedora.&nbsp;<\/p>\n<p style=\"text-align: justify\">Durante el Encuentro, desde Entreculturas presentaremos el <strong>potencial del enfoque de Educaci\u00f3n para la Ciudadan\u00eda Global<\/strong> a la hora de trabajar con juventud en contextos en riesgo de exclusi\u00f3n social, y sus efectos en la mejora de la convivencia y la inclusi\u00f3n social, a trav\u00e9s de los insumos de <strong>nuestra nueva publicaci\u00f3n Decide Convive:<\/strong> <a href=\"https:\/\/redec.es\/es\/publicaciones\/decide-convive-educacion-para-la-ciudadania-global-en-contextos-de-exclusion\">Educaci\u00f3n para la Ciudadan\u00eda Global en contextos de exclusi\u00f3n.<\/a><\/p>\n<p style=\"text-align: justify\"><img decoding=\"async\" alt=\"\" src=\"https:\/\/www.entreculturas.org\/wp-content\/uploads\/2021\/03\/3._presentacion_1.jpeg\" style=\"width: 600px;height: 337px\"><img decoding=\"async\" alt=\"\" src=\"https:\/\/www.entreculturas.org\/wp-content\/uploads\/2021\/03\/6._presentacion_4.jpeg\" style=\"width: 600px;height: 337px;margin-top: 10px;margin-bottom: 10px\"><\/p>\n<p style=\"text-align: justify\">Posteriormente, contamos con dos grupos de ponencias con debate, en las que educadores y educadoras argentinas y espa\u00f1olas contaron de primera mano su experiencia aplicando el enfoque de EpDCG en su pr\u00e1ctica educativa. El primer grupo estaba dedicado a <strong>experiencias del \u00e1mbito de la Educaci\u00f3n no Formal<\/strong>, en el que intervinieron Marta Mar\u00eda Abril Rubio, de Radio ECCA Murcia, y Yanina Garbesi, col\u00edder en Argentina del programa de participaci\u00f3n juvenil Red Generaci\u00f3n 21+. El segundo grupo estuvo dedicado <strong>a experiencias del \u00e1mbito de la Educaci\u00f3n Formal<\/strong>, en la que participar\u00e1n Roxana Rosales, docente del centro IES Blanca Paloma, en Sevilla, Amparo Mu\u00f1oz, docente del IES Vicent Andr\u00e9s Estell\u00e9s en Valencia y Mara Romero, educadora en Fe y Alegr\u00eda Argentina. En estos espacios, se ha hablado de la importancia del enfoque de la ciudadan\u00eda global para trabajar en contextos de exclusi\u00f3n social, citando distintas experiencias a trav\u00e9s de las cuales estas educadoras lo aplican y el impacto educativo que tiene en las juventudes con las que trabajan.&nbsp;<\/p>\n<p style=\"text-align: justify\"><img decoding=\"async\" alt=\"\" src=\"https:\/\/www.entreculturas.org\/wp-content\/uploads\/2021\/03\/11._sala_trabajo_en_grupos_ed._no_formal.jpeg\" style=\"width: 600px;height: 330px\"><img decoding=\"async\" alt=\"\" src=\"https:\/\/www.entreculturas.org\/wp-content\/uploads\/2021\/03\/8._sala_trabajo_en_grupos_ed._formal.jpeg\" style=\"width: 600px;height: 338px;margin-top: 10px;margin-bottom: 10px\"><\/p>\n<p style=\"text-align: justify\">Tras este espacio, nos reunimos en gran grupo para construir un <strong>mapa colaborativo<\/strong> en el que plasmamos los mensajes claves que nos llevamos de la Jornada, as\u00ed como ideas de actividades, peticiones y ofertas que ten\u00edamos para trabajar este enfoque en nuestros entornos. Entre los mensajes, destacaron conceptos la necesidad de \u201csentipensar la realidad\u201d, educar en valores desde una mirada a la ciudadan\u00eda global de manera transversal, as\u00ed como importancia de seguir impulsando procesos socioeducativos transformadores con j\u00f3venes a pesar de las dificultades creadas por la COVID-19.&nbsp;<\/p>\n<p style=\"text-align: justify\"><span style=\"text-align: justify\">Terminamos la Jornada plasmando en una&nbsp;<\/span><strong style=\"text-align: justify\">nube de palabras<\/strong><span style=\"text-align: justify\">&nbsp;el tipo de educaci\u00f3n que podemos construir juntos y juntas, entre las que destacan t\u00e9rminos como ilusionante, transformadora, interconectada, cr\u00edtica, igualitaria, equitativa, innovadora, cosmopolita, entre muchos otros.&nbsp;<\/span><\/p>\n<p style=\"text-align: justify\"><img decoding=\"async\" alt=\"\" src=\"https:\/\/www.entreculturas.org\/wp-content\/uploads\/2021\/03\/12._nube_de_palabras.png\" style=\"width: 600px;height: 271px\"><br \/>De esta manera quedamos enredados y en contacto para aplicar el enfoque de Educaci\u00f3n para la Ciudadan\u00eda Global all\u00ed donde m\u00e1s se necesita, y hacer posible como comunidad educativa una <strong>educaci\u00f3n que sea realmente transformadora.&nbsp;<\/strong><\/p>\n","protected":false},"excerpt":{"rendered":"<p>El mi\u00e9rcoles 24 de marzo, de 17:00 a 19:30, desde la Fundaci\u00f3n Entreculturas organizamos Hacia otras convivencias posibles: laboratorio de buenas pr\u00e1cticas educativas para la mejora de la convivencia y la inclusi\u00f3n social. <\/p>\n","protected":false},"featured_media":5644,"template":"single-noticia","meta":{"_acf_changed":false},"categories":[7],"tags":[289],"country":[],"cause":[128],"class_list":["post-5643","noticia","type-noticia","status-publish","has-post-thumbnail","hentry","category-noticia","tag-educacion","cause-educacion"],"acf":[],"yoast_head":"<!-- This site is optimized with the Yoast SEO Premium plugin v21.6 (Yoast SEO v27.5) - https:\/\/yoast.com\/product\/yoast-seo-premium-wordpress\/ -->\n<title>Celebramos el Laboratorio de Buenas Pr\u00e1cticas Educativas para la mejora de la convivencia y la inclusi\u00f3n social - Entreculturas<\/title>\n<meta name=\"robots\" content=\"index, follow, max-snippet:-1, max-image-preview:large, max-video-preview:-1\" \/>\n<link rel=\"canonical\" href=\"https:\/\/www.entreculturas.org\/fr\/noticia\/celebramos-el-laboratorio-de-buenas-practicas-educativas-para-la-mejora-de-la-convivencia-y\/\" \/>\n<meta property=\"og:locale\" content=\"fr_FR\" \/>\n<meta property=\"og:type\" content=\"article\" \/>\n<meta property=\"og:title\" content=\"Celebramos el Laboratorio de Buenas Pr\u00e1cticas Educativas para la mejora de la convivencia y la inclusi\u00f3n social\" \/>\n<meta property=\"og:description\" content=\"El mi\u00e9rcoles 24 de marzo, de 17:00 a 19:30, desde la Fundaci\u00f3n Entreculturas organizamos Hacia otras convivencias posibles: laboratorio de buenas pr\u00e1cticas educativas para la mejora de la convivencia y la inclusi\u00f3n social.\" \/>\n<meta property=\"og:url\" content=\"https:\/\/www.entreculturas.org\/fr\/noticia\/celebramos-el-laboratorio-de-buenas-practicas-educativas-para-la-mejora-de-la-convivencia-y\/\" \/>\n<meta property=\"og:site_name\" content=\"Entreculturas\" \/>\n<meta property=\"article:publisher\" content=\"https:\/\/www.facebook.com\/entreculturas\" \/>\n<meta property=\"article:modified_time\" content=\"2024-02-28T17:06:21+00:00\" \/>\n<meta property=\"og:image\" content=\"https:\/\/www.entreculturas.org\/wp-content\/uploads\/2021\/03\/2._recibimiento_2_0.jpeg\" \/>\n\t<meta property=\"og:image:width\" content=\"1366\" \/>\n\t<meta property=\"og:image:height\" content=\"768\" \/>\n\t<meta property=\"og:image:type\" content=\"image\/jpeg\" \/>\n<meta name=\"twitter:card\" content=\"summary_large_image\" \/>\n<meta name=\"twitter:site\" content=\"@Entreculturas\" \/>\n<script type=\"application\/ld+json\" class=\"yoast-schema-graph\">{\"@context\":\"https:\\\/\\\/schema.org\",\"@graph\":[{\"@type\":\"WebPage\",\"@id\":\"https:\\\/\\\/www.entreculturas.org\\\/fr\\\/noticia\\\/celebramos-el-laboratorio-de-buenas-practicas-educativas-para-la-mejora-de-la-convivencia-y\\\/\",\"url\":\"https:\\\/\\\/www.entreculturas.org\\\/fr\\\/noticia\\\/celebramos-el-laboratorio-de-buenas-practicas-educativas-para-la-mejora-de-la-convivencia-y\\\/\",\"name\":\"Celebramos el Laboratorio de Buenas Pr\u00e1cticas Educativas para la mejora de la convivencia y la inclusi\u00f3n social - Entreculturas\",\"isPartOf\":{\"@id\":\"https:\\\/\\\/www.entreculturas.org\\\/fr\\\/#website\"},\"primaryImageOfPage\":{\"@id\":\"https:\\\/\\\/www.entreculturas.org\\\/fr\\\/noticia\\\/celebramos-el-laboratorio-de-buenas-practicas-educativas-para-la-mejora-de-la-convivencia-y\\\/#primaryimage\"},\"image\":{\"@id\":\"https:\\\/\\\/www.entreculturas.org\\\/fr\\\/noticia\\\/celebramos-el-laboratorio-de-buenas-practicas-educativas-para-la-mejora-de-la-convivencia-y\\\/#primaryimage\"},\"thumbnailUrl\":\"https:\\\/\\\/www.entreculturas.org\\\/wp-content\\\/uploads\\\/2021\\\/03\\\/2._recibimiento_2_0.jpeg\",\"datePublished\":\"2021-03-25T13:29:23+00:00\",\"dateModified\":\"2024-02-28T17:06:21+00:00\",\"breadcrumb\":{\"@id\":\"https:\\\/\\\/www.entreculturas.org\\\/fr\\\/noticia\\\/celebramos-el-laboratorio-de-buenas-practicas-educativas-para-la-mejora-de-la-convivencia-y\\\/#breadcrumb\"},\"inLanguage\":\"fr-FR\",\"potentialAction\":[{\"@type\":\"ReadAction\",\"target\":[\"https:\\\/\\\/www.entreculturas.org\\\/fr\\\/noticia\\\/celebramos-el-laboratorio-de-buenas-practicas-educativas-para-la-mejora-de-la-convivencia-y\\\/\"]}]},{\"@type\":\"ImageObject\",\"inLanguage\":\"fr-FR\",\"@id\":\"https:\\\/\\\/www.entreculturas.org\\\/fr\\\/noticia\\\/celebramos-el-laboratorio-de-buenas-practicas-educativas-para-la-mejora-de-la-convivencia-y\\\/#primaryimage\",\"url\":\"https:\\\/\\\/www.entreculturas.org\\\/wp-content\\\/uploads\\\/2021\\\/03\\\/2._recibimiento_2_0.jpeg\",\"contentUrl\":\"https:\\\/\\\/www.entreculturas.org\\\/wp-content\\\/uploads\\\/2021\\\/03\\\/2._recibimiento_2_0.jpeg\",\"width\":1366,\"height\":768,\"caption\":\"2\"},{\"@type\":\"BreadcrumbList\",\"@id\":\"https:\\\/\\\/www.entreculturas.org\\\/fr\\\/noticia\\\/celebramos-el-laboratorio-de-buenas-practicas-educativas-para-la-mejora-de-la-convivencia-y\\\/#breadcrumb\",\"itemListElement\":[{\"@type\":\"ListItem\",\"position\":1,\"name\":\"Home\",\"item\":\"https:\\\/\\\/www.entreculturas.org\\\/fr\\\/\"},{\"@type\":\"ListItem\",\"position\":2,\"name\":\"Noticias\",\"item\":\"https:\\\/\\\/www.entreculturas.org\\\/fr\\\/noticias\\\/\"},{\"@type\":\"ListItem\",\"position\":3,\"name\":\"Celebramos el Laboratorio de Buenas Pr\u00e1cticas Educativas para la mejora de la convivencia y la inclusi\u00f3n social\"}]},{\"@type\":\"WebSite\",\"@id\":\"https:\\\/\\\/www.entreculturas.org\\\/fr\\\/#website\",\"url\":\"https:\\\/\\\/www.entreculturas.org\\\/fr\\\/\",\"name\":\"Entreculturas\",\"description\":\"\",\"publisher\":{\"@id\":\"https:\\\/\\\/www.entreculturas.org\\\/fr\\\/#organization\"},\"alternateName\":\"Entreculturas\",\"potentialAction\":[{\"@type\":\"SearchAction\",\"target\":{\"@type\":\"EntryPoint\",\"urlTemplate\":\"https:\\\/\\\/www.entreculturas.org\\\/fr\\\/?s={search_term_string}\"},\"query-input\":{\"@type\":\"PropertyValueSpecification\",\"valueRequired\":true,\"valueName\":\"search_term_string\"}}],\"inLanguage\":\"fr-FR\"},{\"@type\":\"Organization\",\"@id\":\"https:\\\/\\\/www.entreculturas.org\\\/fr\\\/#organization\",\"name\":\"Entreculturas\",\"url\":\"https:\\\/\\\/www.entreculturas.org\\\/fr\\\/\",\"logo\":{\"@type\":\"ImageObject\",\"inLanguage\":\"fr-FR\",\"@id\":\"https:\\\/\\\/www.entreculturas.org\\\/fr\\\/#\\\/schema\\\/logo\\\/image\\\/\",\"url\":\"https:\\\/\\\/www.entreculturas.org\\\/wp-content\\\/uploads\\\/2025\\\/10\\\/ESP.svg\",\"contentUrl\":\"https:\\\/\\\/www.entreculturas.org\\\/wp-content\\\/uploads\\\/2025\\\/10\\\/ESP.svg\",\"caption\":\"Entreculturas\"},\"image\":{\"@id\":\"https:\\\/\\\/www.entreculturas.org\\\/fr\\\/#\\\/schema\\\/logo\\\/image\\\/\"},\"sameAs\":[\"https:\\\/\\\/www.facebook.com\\\/entreculturas\",\"https:\\\/\\\/x.com\\\/Entreculturas\",\"https:\\\/\\\/www.instagram.com\\\/entreculturas\\\/\",\"https:\\\/\\\/www.youtube.com\\\/user\\\/entreculturasvideo\",\"https:\\\/\\\/www.linkedin.com\\\/company\\\/fundacion-entreculturas-ngdo\\\/\",\"https:\\\/\\\/www.flickr.com\\\/photos\\\/98455522@N04\\\/albums\\\/\"]}]}<\/script>\n<!-- \/ Yoast SEO Premium plugin. -->","yoast_head_json":{"title":"Celebramos el Laboratorio de Buenas Pr\u00e1cticas Educativas para la mejora de la convivencia y la inclusi\u00f3n social - Entreculturas","robots":{"index":"index","follow":"follow","max-snippet":"max-snippet:-1","max-image-preview":"max-image-preview:large","max-video-preview":"max-video-preview:-1"},"canonical":"https:\/\/www.entreculturas.org\/fr\/noticia\/celebramos-el-laboratorio-de-buenas-practicas-educativas-para-la-mejora-de-la-convivencia-y\/","og_locale":"fr_FR","og_type":"article","og_title":"Celebramos el Laboratorio de Buenas Pr\u00e1cticas Educativas para la mejora de la convivencia y la inclusi\u00f3n social","og_description":"El mi\u00e9rcoles 24 de marzo, de 17:00 a 19:30, desde la Fundaci\u00f3n Entreculturas organizamos Hacia otras convivencias posibles: laboratorio de buenas pr\u00e1cticas educativas para la mejora de la convivencia y la inclusi\u00f3n social.","og_url":"https:\/\/www.entreculturas.org\/fr\/noticia\/celebramos-el-laboratorio-de-buenas-practicas-educativas-para-la-mejora-de-la-convivencia-y\/","og_site_name":"Entreculturas","article_publisher":"https:\/\/www.facebook.com\/entreculturas","article_modified_time":"2024-02-28T17:06:21+00:00","og_image":[{"width":1366,"height":768,"url":"https:\/\/www.entreculturas.org\/wp-content\/uploads\/2021\/03\/2._recibimiento_2_0.jpeg","type":"image\/jpeg"}],"twitter_card":"summary_large_image","twitter_site":"@Entreculturas","schema":{"@context":"https:\/\/schema.org","@graph":[{"@type":"WebPage","@id":"https:\/\/www.entreculturas.org\/fr\/noticia\/celebramos-el-laboratorio-de-buenas-practicas-educativas-para-la-mejora-de-la-convivencia-y\/","url":"https:\/\/www.entreculturas.org\/fr\/noticia\/celebramos-el-laboratorio-de-buenas-practicas-educativas-para-la-mejora-de-la-convivencia-y\/","name":"Celebramos el Laboratorio de Buenas Pr\u00e1cticas Educativas para la mejora de la convivencia y la inclusi\u00f3n social - Entreculturas","isPartOf":{"@id":"https:\/\/www.entreculturas.org\/fr\/#website"},"primaryImageOfPage":{"@id":"https:\/\/www.entreculturas.org\/fr\/noticia\/celebramos-el-laboratorio-de-buenas-practicas-educativas-para-la-mejora-de-la-convivencia-y\/#primaryimage"},"image":{"@id":"https:\/\/www.entreculturas.org\/fr\/noticia\/celebramos-el-laboratorio-de-buenas-practicas-educativas-para-la-mejora-de-la-convivencia-y\/#primaryimage"},"thumbnailUrl":"https:\/\/www.entreculturas.org\/wp-content\/uploads\/2021\/03\/2._recibimiento_2_0.jpeg","datePublished":"2021-03-25T13:29:23+00:00","dateModified":"2024-02-28T17:06:21+00:00","breadcrumb":{"@id":"https:\/\/www.entreculturas.org\/fr\/noticia\/celebramos-el-laboratorio-de-buenas-practicas-educativas-para-la-mejora-de-la-convivencia-y\/#breadcrumb"},"inLanguage":"fr-FR","potentialAction":[{"@type":"ReadAction","target":["https:\/\/www.entreculturas.org\/fr\/noticia\/celebramos-el-laboratorio-de-buenas-practicas-educativas-para-la-mejora-de-la-convivencia-y\/"]}]},{"@type":"ImageObject","inLanguage":"fr-FR","@id":"https:\/\/www.entreculturas.org\/fr\/noticia\/celebramos-el-laboratorio-de-buenas-practicas-educativas-para-la-mejora-de-la-convivencia-y\/#primaryimage","url":"https:\/\/www.entreculturas.org\/wp-content\/uploads\/2021\/03\/2._recibimiento_2_0.jpeg","contentUrl":"https:\/\/www.entreculturas.org\/wp-content\/uploads\/2021\/03\/2._recibimiento_2_0.jpeg","width":1366,"height":768,"caption":"2"},{"@type":"BreadcrumbList","@id":"https:\/\/www.entreculturas.org\/fr\/noticia\/celebramos-el-laboratorio-de-buenas-practicas-educativas-para-la-mejora-de-la-convivencia-y\/#breadcrumb","itemListElement":[{"@type":"ListItem","position":1,"name":"Home","item":"https:\/\/www.entreculturas.org\/fr\/"},{"@type":"ListItem","position":2,"name":"Noticias","item":"https:\/\/www.entreculturas.org\/fr\/noticias\/"},{"@type":"ListItem","position":3,"name":"Celebramos el Laboratorio de Buenas Pr\u00e1cticas Educativas para la mejora de la convivencia y la inclusi\u00f3n social"}]},{"@type":"WebSite","@id":"https:\/\/www.entreculturas.org\/fr\/#website","url":"https:\/\/www.entreculturas.org\/fr\/","name":"Entreculturas","description":"","publisher":{"@id":"https:\/\/www.entreculturas.org\/fr\/#organization"},"alternateName":"Entreculturas","potentialAction":[{"@type":"SearchAction","target":{"@type":"EntryPoint","urlTemplate":"https:\/\/www.entreculturas.org\/fr\/?s={search_term_string}"},"query-input":{"@type":"PropertyValueSpecification","valueRequired":true,"valueName":"search_term_string"}}],"inLanguage":"fr-FR"},{"@type":"Organization","@id":"https:\/\/www.entreculturas.org\/fr\/#organization","name":"Entreculturas","url":"https:\/\/www.entreculturas.org\/fr\/","logo":{"@type":"ImageObject","inLanguage":"fr-FR","@id":"https:\/\/www.entreculturas.org\/fr\/#\/schema\/logo\/image\/","url":"https:\/\/www.entreculturas.org\/wp-content\/uploads\/2025\/10\/ESP.svg","contentUrl":"https:\/\/www.entreculturas.org\/wp-content\/uploads\/2025\/10\/ESP.svg","caption":"Entreculturas"},"image":{"@id":"https:\/\/www.entreculturas.org\/fr\/#\/schema\/logo\/image\/"},"sameAs":["https:\/\/www.facebook.com\/entreculturas","https:\/\/x.com\/Entreculturas","https:\/\/www.instagram.com\/entreculturas\/","https:\/\/www.youtube.com\/user\/entreculturasvideo","https:\/\/www.linkedin.com\/company\/fundacion-entreculturas-ngdo\/","https:\/\/www.flickr.com\/photos\/98455522@N04\/albums\/"]}]}},"_links":{"self":[{"href":"https:\/\/www.entreculturas.org\/fr\/wp-json\/wp\/v2\/noticia\/5643","targetHints":{"allow":["GET"]}}],"collection":[{"href":"https:\/\/www.entreculturas.org\/fr\/wp-json\/wp\/v2\/noticia"}],"about":[{"href":"https:\/\/www.entreculturas.org\/fr\/wp-json\/wp\/v2\/types\/noticia"}],"wp:featuredmedia":[{"embeddable":true,"href":"https:\/\/www.entreculturas.org\/fr\/wp-json\/wp\/v2\/media\/5644"}],"wp:attachment":[{"href":"https:\/\/www.entreculturas.org\/fr\/wp-json\/wp\/v2\/media?parent=5643"}],"wp:term":[{"taxonomy":"category","embeddable":true,"href":"https:\/\/www.entreculturas.org\/fr\/wp-json\/wp\/v2\/categories?post=5643"},{"taxonomy":"post_tag","embeddable":true,"href":"https:\/\/www.entreculturas.org\/fr\/wp-json\/wp\/v2\/tags?post=5643"},{"taxonomy":"country","embeddable":true,"href":"https:\/\/www.entreculturas.org\/fr\/wp-json\/wp\/v2\/country?post=5643"},{"taxonomy":"cause","embeddable":true,"href":"https:\/\/www.entreculturas.org\/fr\/wp-json\/wp\/v2\/cause?post=5643"}],"curies":[{"name":"wp","href":"https:\/\/api.w.org\/{rel}","templated":true}]}}