{"id":5604,"date":"2021-03-17T10:30:05","date_gmt":"2021-03-17T10:30:05","guid":{"rendered":"https:\/\/entreculturasi.wpenginepowered.com\/?noticias=papa-quiero-escribir-libros-como-los-que-lees-tu-asi-empezo-el-sueno-de-salma-khalil-de-ser"},"modified":"2024-09-02T13:45:48","modified_gmt":"2024-09-02T11:45:48","slug":"papa-quiero-escribir-libros-como-los-que-lees-tu-asi-empezo-el-sueno-de-salma-khalil-de-ser","status":"publish","type":"noticia","link":"https:\/\/www.entreculturas.org\/fr\/noticia\/papa-quiero-escribir-libros-como-los-que-lees-tu-asi-empezo-el-sueno-de-salma-khalil-de-ser\/","title":{"rendered":"\u201cPap\u00e1, quiero escribir libros como los que lees t\u00fa\u201d, as\u00ed empez\u00f3 el sue\u00f1o de Salma Khalil de ser artista"},"content":{"rendered":"<p><em>\u201cLa educaci\u00f3n es como los pelda\u00f1os de una escalera para llegar a un destino preciso\u201d, comparte Salma al recordar a su padre. A sus 6 a\u00f1os de edad pensaba que no pod\u00eda llegar a ser escritora siendo mujer: \u201cpap\u00e1, quiero ser un hombre, quiero escribir libros como los que lees t\u00fa\u201d. <strong>\u201cNo tienes por qu\u00e9 convertirte en un hombre para ser escritora. Hay muchos libros escritos por mujeres\u201d,<\/strong> le contest\u00f3. Hoy, en el D\u00eda del Padre, queremos visibilizar esta historia donde la figura paterna ha sido clave para la vida de Salma y para alcanzar su sue\u00f1o de ser artista.<\/em><\/p>\n<p>Salma Khalil Alieu es una artista multidisciplinar de nacionalidad chadiana. Colabora con Entreculturas y el Servicio Jesuita a Refugiados-Chad\u00a0en el proyecto <a href=\"https:\/\/www.laluzdelasninas.org\/\">\u201cLa Luz de las Ni\u00f1as\u201d<\/a> ayudando a las ni\u00f1as refugiadas v\u00edctimas de la violencia a fortalecer su capacidad de expresi\u00f3n, decisi\u00f3n y\u00a0 empoderamiento. <strong>A trav\u00e9s de\u00a0 talleres de escritura e ilustraci\u00f3n, ha logrado realizar un libro conjunto en el que se plasman sus\u00a0 historias y perspectivas de futuro.<\/strong><\/p>\n<p><span style=\"color: #ff0000;\"><strong>\u00bfQu\u00e9 importancia tiene para las ni\u00f1as contar con estos espacios de encuentro?<\/strong><\/span><br \/>\nEs muy importante para las ni\u00f1as hacerse preguntas, expresarse, han descubierto su potencial y han comprendido que, en la historia, <strong>la mujer es sujeto de desarrollo y paz. <\/strong>Haciendo los talleres reflexion\u00e9 acerca de la educaci\u00f3n de calidad como elemento esencial para formar\u00a0a personas que\u00a0 har\u00e1n mejorar la situaci\u00f3n del pa\u00eds. Al acabar el taller y conocer referentes femeninos, muchas chicas compart\u00edan que quer\u00edan ser m\u00e9dicas, maestras, pilotos de avi\u00f3n&#8230;<\/p>\n<p><span style=\"color: #ff0000;\"><strong>\u00bfEncontraste elementos en com\u00fan cuando trabajaban en los relatos?<\/strong><\/span><br \/>\nS\u00ed, comenzaban a menudo con la marcha de su casa, con abandonar lo m\u00e1s querido para buscar el bienestar lejos de la tierra que aman.<\/p>\n<p><img decoding=\"async\" src=\"https:\/\/www.entreculturas.org\/wp-content\/uploads\/2021\/03\/tcd01_2020_1112_atelier_gaoui_credits_to_irene_galera-33.jpg\" alt=\"\" width=\"800\" height=\"451\" \/><\/p>\n<p><span style=\"color: #ff0000;\"><strong>\u00bfC\u00f3mo hab\u00e9is trabajado la elaboraci\u00f3n\u00a0 del cuento?\u00a0<\/strong><\/span><br \/>\nHemos usado el m\u00e9todo de la casa. Consiste en pedirles que ilustren su hogar, su familia y el rol de cada uno dentro de ella. \u00bfQu\u00e9 hacen los hombres?, \u00bfqu\u00e9 hacen las mujeres?, \u00bfc\u00f3mo interact\u00faan? Despu\u00e9s se trabaja el viaje, las maletas que usaban para dejar el pa\u00eds. <strong>Era interesante que algunas ni\u00f1as ilustraban documentos, zapatos, y otras, equipaje vac\u00edo <\/strong>porque en el momento en el que se desata el conflicto lo m\u00e1s importante es huir, mantenerse a salvo y buscar paz en otro lugar. Les sirve tambi\u00e9n como terapia para exteriorizar toda esta violencia que han vivido.<\/p>\n<p><span style=\"color: #ff0000;\"><strong>\u00bfHas conectado con tu historia personal de migraci\u00f3n forzada trabajando con ellas?<\/strong><\/span><br \/>\nCuando empezaron a relatar sus vivencias yo me sent\u00eda identificada. Tuve que abandonar forzosamente Chad durante la guerra en febrero de 2008. Yo era feliz, ten\u00eda proyectos, casa y familia. Los hombres se quedaron en casa y las mujeres y los ni\u00f1os y ni\u00f1as tuvimos que huir. Cog\u00ed mi ropa, mis diplomas y mi documentaci\u00f3n. En el camino tuvimos que tener cuidado por los combates encontrando cad\u00e1veres, personas heridas\u2026 fue un gran trauma. La guerra es terrible. <strong>El trabajo con estas ni\u00f1as me ha permitido sumergirme en esta situaci\u00f3n e intentar comprender.<\/strong><\/p>\n<p><span style=\"color: #ff0000;\"><strong>\u00bfCu\u00e1l es tu mensaje de esperanza?\u00a0<\/strong><\/span><br \/>\nHay que trabajar desde la base, desde la educaci\u00f3n para que estas situaciones de violencia se acaben alg\u00fan d\u00eda. Muchas ni\u00f1as finalizan sus cuentos deseando que todos est\u00e9n en paz y haciendo una gran fiesta. Nadie quiere abandonar su tierra. <strong>Tenemos que trabajar juntas para erradicar esta situaci\u00f3n.<\/strong><\/p>\n<p><em>Entrevista realizada por Irene Galera (JRS Chad).<\/em><\/p>\n","protected":false},"excerpt":{"rendered":"<p>Hoy, en el D\u00eda del Padre, queremos visibilizar esta historia donde la figura paterna ha sido clave para la vida de Salma y para alcanzar su sue\u00f1o de ser artista. A sus 6 a\u00f1os de edad pensaba que no pod\u00eda llegar a ser escritora siendo mujer: \u201cpap\u00e1, quiero ser un hombre, quiero escribir libros como los que lees t\u00fa\u201d. \u201cNo tienes por qu\u00e9 convertirte en un hombre para ser escritora. Hay muchos libros escritos por mujeres\u201d, le contest\u00f3.<\/p>\n","protected":false},"featured_media":5602,"template":"single-noticia","meta":{"_acf_changed":false},"categories":[7],"tags":[293],"country":[118],"cause":[130],"class_list":["post-5604","noticia","type-noticia","status-publish","has-post-thumbnail","hentry","category-noticia","tag-genero","country-chad","cause-genero"],"acf":[],"yoast_head":"<!-- This site is optimized with the Yoast SEO Premium plugin v21.6 (Yoast SEO v27.5) - https:\/\/yoast.com\/product\/yoast-seo-premium-wordpress\/ -->\n<title>\u201cPap\u00e1, quiero escribir libros como los que lees t\u00fa\u201d, as\u00ed empez\u00f3 el sue\u00f1o de Salma Khalil de ser artista - Entreculturas<\/title>\n<meta name=\"robots\" content=\"index, follow, max-snippet:-1, max-image-preview:large, max-video-preview:-1\" \/>\n<link rel=\"canonical\" href=\"https:\/\/www.entreculturas.org\/fr\/noticia\/papa-quiero-escribir-libros-como-los-que-lees-tu-asi-empezo-el-sueno-de-salma-khalil-de-ser\/\" \/>\n<meta property=\"og:locale\" content=\"fr_FR\" \/>\n<meta property=\"og:type\" content=\"article\" \/>\n<meta property=\"og:title\" content=\"\u201cPap\u00e1, quiero escribir libros como los que lees t\u00fa\u201d, as\u00ed empez\u00f3 el sue\u00f1o de Salma Khalil de ser artista\" \/>\n<meta property=\"og:description\" content=\"Hoy, en el D\u00eda del Padre, queremos visibilizar esta historia donde la figura paterna ha sido clave para la vida de Salma y para alcanzar su sue\u00f1o de ser artista. A sus 6 a\u00f1os de edad pensaba que no pod\u00eda llegar a ser escritora siendo mujer: \u201cpap\u00e1, quiero ser un hombre, quiero escribir libros como los que lees t\u00fa\u201d. \u201cNo tienes por qu\u00e9 convertirte en un hombre para ser escritora. Hay muchos libros escritos por mujeres\u201d, le contest\u00f3.\" \/>\n<meta property=\"og:url\" content=\"https:\/\/www.entreculturas.org\/fr\/noticia\/papa-quiero-escribir-libros-como-los-que-lees-tu-asi-empezo-el-sueno-de-salma-khalil-de-ser\/\" \/>\n<meta property=\"og:site_name\" content=\"Entreculturas\" \/>\n<meta property=\"article:publisher\" content=\"https:\/\/www.facebook.com\/entreculturas\" \/>\n<meta property=\"article:modified_time\" content=\"2024-09-02T11:45:48+00:00\" \/>\n<meta property=\"og:image\" content=\"https:\/\/www.entreculturas.org\/wp-content\/uploads\/2021\/03\/salma.jpg\" \/>\n\t<meta property=\"og:image:width\" content=\"800\" \/>\n\t<meta property=\"og:image:height\" content=\"450\" \/>\n\t<meta property=\"og:image:type\" content=\"image\/jpeg\" \/>\n<meta name=\"twitter:card\" content=\"summary_large_image\" \/>\n<meta name=\"twitter:site\" content=\"@Entreculturas\" \/>\n<script type=\"application\/ld+json\" class=\"yoast-schema-graph\">{\"@context\":\"https:\\\/\\\/schema.org\",\"@graph\":[{\"@type\":\"WebPage\",\"@id\":\"https:\\\/\\\/www.entreculturas.org\\\/fr\\\/noticia\\\/papa-quiero-escribir-libros-como-los-que-lees-tu-asi-empezo-el-sueno-de-salma-khalil-de-ser\\\/\",\"url\":\"https:\\\/\\\/www.entreculturas.org\\\/fr\\\/noticia\\\/papa-quiero-escribir-libros-como-los-que-lees-tu-asi-empezo-el-sueno-de-salma-khalil-de-ser\\\/\",\"name\":\"\u201cPap\u00e1, quiero escribir libros como los que lees t\u00fa\u201d, as\u00ed empez\u00f3 el sue\u00f1o de Salma Khalil de ser artista - Entreculturas\",\"isPartOf\":{\"@id\":\"https:\\\/\\\/www.entreculturas.org\\\/fr\\\/#website\"},\"primaryImageOfPage\":{\"@id\":\"https:\\\/\\\/www.entreculturas.org\\\/fr\\\/noticia\\\/papa-quiero-escribir-libros-como-los-que-lees-tu-asi-empezo-el-sueno-de-salma-khalil-de-ser\\\/#primaryimage\"},\"image\":{\"@id\":\"https:\\\/\\\/www.entreculturas.org\\\/fr\\\/noticia\\\/papa-quiero-escribir-libros-como-los-que-lees-tu-asi-empezo-el-sueno-de-salma-khalil-de-ser\\\/#primaryimage\"},\"thumbnailUrl\":\"https:\\\/\\\/www.entreculturas.org\\\/wp-content\\\/uploads\\\/2021\\\/03\\\/salma.jpg\",\"datePublished\":\"2021-03-17T10:30:05+00:00\",\"dateModified\":\"2024-09-02T11:45:48+00:00\",\"breadcrumb\":{\"@id\":\"https:\\\/\\\/www.entreculturas.org\\\/fr\\\/noticia\\\/papa-quiero-escribir-libros-como-los-que-lees-tu-asi-empezo-el-sueno-de-salma-khalil-de-ser\\\/#breadcrumb\"},\"inLanguage\":\"fr-FR\",\"potentialAction\":[{\"@type\":\"ReadAction\",\"target\":[\"https:\\\/\\\/www.entreculturas.org\\\/fr\\\/noticia\\\/papa-quiero-escribir-libros-como-los-que-lees-tu-asi-empezo-el-sueno-de-salma-khalil-de-ser\\\/\"]}]},{\"@type\":\"ImageObject\",\"inLanguage\":\"fr-FR\",\"@id\":\"https:\\\/\\\/www.entreculturas.org\\\/fr\\\/noticia\\\/papa-quiero-escribir-libros-como-los-que-lees-tu-asi-empezo-el-sueno-de-salma-khalil-de-ser\\\/#primaryimage\",\"url\":\"https:\\\/\\\/www.entreculturas.org\\\/wp-content\\\/uploads\\\/2021\\\/03\\\/salma.jpg\",\"contentUrl\":\"https:\\\/\\\/www.entreculturas.org\\\/wp-content\\\/uploads\\\/2021\\\/03\\\/salma.jpg\",\"width\":800,\"height\":450},{\"@type\":\"BreadcrumbList\",\"@id\":\"https:\\\/\\\/www.entreculturas.org\\\/fr\\\/noticia\\\/papa-quiero-escribir-libros-como-los-que-lees-tu-asi-empezo-el-sueno-de-salma-khalil-de-ser\\\/#breadcrumb\",\"itemListElement\":[{\"@type\":\"ListItem\",\"position\":1,\"name\":\"Home\",\"item\":\"https:\\\/\\\/www.entreculturas.org\\\/fr\\\/\"},{\"@type\":\"ListItem\",\"position\":2,\"name\":\"Noticias\",\"item\":\"https:\\\/\\\/www.entreculturas.org\\\/fr\\\/noticias\\\/\"},{\"@type\":\"ListItem\",\"position\":3,\"name\":\"\u201cPap\u00e1, quiero escribir libros como los que lees t\u00fa\u201d, as\u00ed empez\u00f3 el sue\u00f1o de Salma Khalil de ser artista\"}]},{\"@type\":\"WebSite\",\"@id\":\"https:\\\/\\\/www.entreculturas.org\\\/fr\\\/#website\",\"url\":\"https:\\\/\\\/www.entreculturas.org\\\/fr\\\/\",\"name\":\"Entreculturas\",\"description\":\"\",\"publisher\":{\"@id\":\"https:\\\/\\\/www.entreculturas.org\\\/fr\\\/#organization\"},\"alternateName\":\"Entreculturas\",\"potentialAction\":[{\"@type\":\"SearchAction\",\"target\":{\"@type\":\"EntryPoint\",\"urlTemplate\":\"https:\\\/\\\/www.entreculturas.org\\\/fr\\\/?s={search_term_string}\"},\"query-input\":{\"@type\":\"PropertyValueSpecification\",\"valueRequired\":true,\"valueName\":\"search_term_string\"}}],\"inLanguage\":\"fr-FR\"},{\"@type\":\"Organization\",\"@id\":\"https:\\\/\\\/www.entreculturas.org\\\/fr\\\/#organization\",\"name\":\"Entreculturas\",\"url\":\"https:\\\/\\\/www.entreculturas.org\\\/fr\\\/\",\"logo\":{\"@type\":\"ImageObject\",\"inLanguage\":\"fr-FR\",\"@id\":\"https:\\\/\\\/www.entreculturas.org\\\/fr\\\/#\\\/schema\\\/logo\\\/image\\\/\",\"url\":\"https:\\\/\\\/www.entreculturas.org\\\/wp-content\\\/uploads\\\/2025\\\/10\\\/ESP.svg\",\"contentUrl\":\"https:\\\/\\\/www.entreculturas.org\\\/wp-content\\\/uploads\\\/2025\\\/10\\\/ESP.svg\",\"caption\":\"Entreculturas\"},\"image\":{\"@id\":\"https:\\\/\\\/www.entreculturas.org\\\/fr\\\/#\\\/schema\\\/logo\\\/image\\\/\"},\"sameAs\":[\"https:\\\/\\\/www.facebook.com\\\/entreculturas\",\"https:\\\/\\\/x.com\\\/Entreculturas\",\"https:\\\/\\\/www.instagram.com\\\/entreculturas\\\/\",\"https:\\\/\\\/www.youtube.com\\\/user\\\/entreculturasvideo\",\"https:\\\/\\\/www.linkedin.com\\\/company\\\/fundacion-entreculturas-ngdo\\\/\",\"https:\\\/\\\/www.flickr.com\\\/photos\\\/98455522@N04\\\/albums\\\/\"]}]}<\/script>\n<!-- \/ Yoast SEO Premium plugin. -->","yoast_head_json":{"title":"\u201cPap\u00e1, quiero escribir libros como los que lees t\u00fa\u201d, as\u00ed empez\u00f3 el sue\u00f1o de Salma Khalil de ser artista - Entreculturas","robots":{"index":"index","follow":"follow","max-snippet":"max-snippet:-1","max-image-preview":"max-image-preview:large","max-video-preview":"max-video-preview:-1"},"canonical":"https:\/\/www.entreculturas.org\/fr\/noticia\/papa-quiero-escribir-libros-como-los-que-lees-tu-asi-empezo-el-sueno-de-salma-khalil-de-ser\/","og_locale":"fr_FR","og_type":"article","og_title":"\u201cPap\u00e1, quiero escribir libros como los que lees t\u00fa\u201d, as\u00ed empez\u00f3 el sue\u00f1o de Salma Khalil de ser artista","og_description":"Hoy, en el D\u00eda del Padre, queremos visibilizar esta historia donde la figura paterna ha sido clave para la vida de Salma y para alcanzar su sue\u00f1o de ser artista. A sus 6 a\u00f1os de edad pensaba que no pod\u00eda llegar a ser escritora siendo mujer: \u201cpap\u00e1, quiero ser un hombre, quiero escribir libros como los que lees t\u00fa\u201d. \u201cNo tienes por qu\u00e9 convertirte en un hombre para ser escritora. Hay muchos libros escritos por mujeres\u201d, le contest\u00f3.","og_url":"https:\/\/www.entreculturas.org\/fr\/noticia\/papa-quiero-escribir-libros-como-los-que-lees-tu-asi-empezo-el-sueno-de-salma-khalil-de-ser\/","og_site_name":"Entreculturas","article_publisher":"https:\/\/www.facebook.com\/entreculturas","article_modified_time":"2024-09-02T11:45:48+00:00","og_image":[{"width":800,"height":450,"url":"https:\/\/www.entreculturas.org\/wp-content\/uploads\/2021\/03\/salma.jpg","type":"image\/jpeg"}],"twitter_card":"summary_large_image","twitter_site":"@Entreculturas","schema":{"@context":"https:\/\/schema.org","@graph":[{"@type":"WebPage","@id":"https:\/\/www.entreculturas.org\/fr\/noticia\/papa-quiero-escribir-libros-como-los-que-lees-tu-asi-empezo-el-sueno-de-salma-khalil-de-ser\/","url":"https:\/\/www.entreculturas.org\/fr\/noticia\/papa-quiero-escribir-libros-como-los-que-lees-tu-asi-empezo-el-sueno-de-salma-khalil-de-ser\/","name":"\u201cPap\u00e1, quiero escribir libros como los que lees t\u00fa\u201d, as\u00ed empez\u00f3 el sue\u00f1o de Salma Khalil de ser artista - Entreculturas","isPartOf":{"@id":"https:\/\/www.entreculturas.org\/fr\/#website"},"primaryImageOfPage":{"@id":"https:\/\/www.entreculturas.org\/fr\/noticia\/papa-quiero-escribir-libros-como-los-que-lees-tu-asi-empezo-el-sueno-de-salma-khalil-de-ser\/#primaryimage"},"image":{"@id":"https:\/\/www.entreculturas.org\/fr\/noticia\/papa-quiero-escribir-libros-como-los-que-lees-tu-asi-empezo-el-sueno-de-salma-khalil-de-ser\/#primaryimage"},"thumbnailUrl":"https:\/\/www.entreculturas.org\/wp-content\/uploads\/2021\/03\/salma.jpg","datePublished":"2021-03-17T10:30:05+00:00","dateModified":"2024-09-02T11:45:48+00:00","breadcrumb":{"@id":"https:\/\/www.entreculturas.org\/fr\/noticia\/papa-quiero-escribir-libros-como-los-que-lees-tu-asi-empezo-el-sueno-de-salma-khalil-de-ser\/#breadcrumb"},"inLanguage":"fr-FR","potentialAction":[{"@type":"ReadAction","target":["https:\/\/www.entreculturas.org\/fr\/noticia\/papa-quiero-escribir-libros-como-los-que-lees-tu-asi-empezo-el-sueno-de-salma-khalil-de-ser\/"]}]},{"@type":"ImageObject","inLanguage":"fr-FR","@id":"https:\/\/www.entreculturas.org\/fr\/noticia\/papa-quiero-escribir-libros-como-los-que-lees-tu-asi-empezo-el-sueno-de-salma-khalil-de-ser\/#primaryimage","url":"https:\/\/www.entreculturas.org\/wp-content\/uploads\/2021\/03\/salma.jpg","contentUrl":"https:\/\/www.entreculturas.org\/wp-content\/uploads\/2021\/03\/salma.jpg","width":800,"height":450},{"@type":"BreadcrumbList","@id":"https:\/\/www.entreculturas.org\/fr\/noticia\/papa-quiero-escribir-libros-como-los-que-lees-tu-asi-empezo-el-sueno-de-salma-khalil-de-ser\/#breadcrumb","itemListElement":[{"@type":"ListItem","position":1,"name":"Home","item":"https:\/\/www.entreculturas.org\/fr\/"},{"@type":"ListItem","position":2,"name":"Noticias","item":"https:\/\/www.entreculturas.org\/fr\/noticias\/"},{"@type":"ListItem","position":3,"name":"\u201cPap\u00e1, quiero escribir libros como los que lees t\u00fa\u201d, as\u00ed empez\u00f3 el sue\u00f1o de Salma Khalil de ser artista"}]},{"@type":"WebSite","@id":"https:\/\/www.entreculturas.org\/fr\/#website","url":"https:\/\/www.entreculturas.org\/fr\/","name":"Entreculturas","description":"","publisher":{"@id":"https:\/\/www.entreculturas.org\/fr\/#organization"},"alternateName":"Entreculturas","potentialAction":[{"@type":"SearchAction","target":{"@type":"EntryPoint","urlTemplate":"https:\/\/www.entreculturas.org\/fr\/?s={search_term_string}"},"query-input":{"@type":"PropertyValueSpecification","valueRequired":true,"valueName":"search_term_string"}}],"inLanguage":"fr-FR"},{"@type":"Organization","@id":"https:\/\/www.entreculturas.org\/fr\/#organization","name":"Entreculturas","url":"https:\/\/www.entreculturas.org\/fr\/","logo":{"@type":"ImageObject","inLanguage":"fr-FR","@id":"https:\/\/www.entreculturas.org\/fr\/#\/schema\/logo\/image\/","url":"https:\/\/www.entreculturas.org\/wp-content\/uploads\/2025\/10\/ESP.svg","contentUrl":"https:\/\/www.entreculturas.org\/wp-content\/uploads\/2025\/10\/ESP.svg","caption":"Entreculturas"},"image":{"@id":"https:\/\/www.entreculturas.org\/fr\/#\/schema\/logo\/image\/"},"sameAs":["https:\/\/www.facebook.com\/entreculturas","https:\/\/x.com\/Entreculturas","https:\/\/www.instagram.com\/entreculturas\/","https:\/\/www.youtube.com\/user\/entreculturasvideo","https:\/\/www.linkedin.com\/company\/fundacion-entreculturas-ngdo\/","https:\/\/www.flickr.com\/photos\/98455522@N04\/albums\/"]}]}},"_links":{"self":[{"href":"https:\/\/www.entreculturas.org\/fr\/wp-json\/wp\/v2\/noticia\/5604","targetHints":{"allow":["GET"]}}],"collection":[{"href":"https:\/\/www.entreculturas.org\/fr\/wp-json\/wp\/v2\/noticia"}],"about":[{"href":"https:\/\/www.entreculturas.org\/fr\/wp-json\/wp\/v2\/types\/noticia"}],"wp:featuredmedia":[{"embeddable":true,"href":"https:\/\/www.entreculturas.org\/fr\/wp-json\/wp\/v2\/media\/5602"}],"wp:attachment":[{"href":"https:\/\/www.entreculturas.org\/fr\/wp-json\/wp\/v2\/media?parent=5604"}],"wp:term":[{"taxonomy":"category","embeddable":true,"href":"https:\/\/www.entreculturas.org\/fr\/wp-json\/wp\/v2\/categories?post=5604"},{"taxonomy":"post_tag","embeddable":true,"href":"https:\/\/www.entreculturas.org\/fr\/wp-json\/wp\/v2\/tags?post=5604"},{"taxonomy":"country","embeddable":true,"href":"https:\/\/www.entreculturas.org\/fr\/wp-json\/wp\/v2\/country?post=5604"},{"taxonomy":"cause","embeddable":true,"href":"https:\/\/www.entreculturas.org\/fr\/wp-json\/wp\/v2\/cause?post=5604"}],"curies":[{"name":"wp","href":"https:\/\/api.w.org\/{rel}","templated":true}]}}