{"id":5579,"date":"2021-03-12T12:22:56","date_gmt":"2021-03-12T12:22:56","guid":{"rendered":"https:\/\/entreculturasi.wpenginepowered.com\/?noticias=entreculturas-participa-en-la-csw-de-naciones-unidas-por-tercer-ano-consecutivo"},"modified":"2024-02-28T18:10:09","modified_gmt":"2024-02-28T17:10:09","slug":"entreculturas-participa-en-la-csw-de-naciones-unidas-por-tercer-ano-consecutivo","status":"publish","type":"noticia","link":"https:\/\/www.entreculturas.org\/fr\/noticia\/entreculturas-participa-en-la-csw-de-naciones-unidas-por-tercer-ano-consecutivo\/","title":{"rendered":"Entreculturas participa en la CSW de Naciones Unidas por tercer a\u00f1o consecutivo"},"content":{"rendered":"<\/p>\n<p><strong>Defendemos la dimensi\u00f3n sociopol\u00edtica de la educaci\u00f3n de las ni\u00f1as como llave para su empoderamiento y participaci\u00f3n plena, asi como para prevenir la violencia y la discriminaci\u00f3n que sufren en sus entornos. Entreculturas participa en la CSW de Naciones Unidas, este a\u00f1o en formato online.<\/strong><\/p>\n<p>El pr\u00f3ximo lunes 15 arrancan las sesiones de la <strong>65\u00ba Comisi\u00f3n de la Condici\u00f3n Jur\u00eddica y Social de la Mujer<\/strong> (CSW por sus siglas en ingl\u00e9s), principal \u00f3rgano internacional de Naciones Unidas para la <strong>promoci\u00f3n de la igualdad de g\u00e9nero y el empoderamiento de la mujer<\/strong>. Durante las pr\u00f3ximas dos semanas, responsables de gobiernos de alto nivel, Ministerios, Representantes de Naciones Unidas y organizaciones de la sociedad civil, entre las que se encuentra Entreculturas, participaremos en espacios de di\u00e1logo y definici\u00f3n de pol\u00edticas en torno a \u201cLa participaci\u00f3n de las mujeres y la adopci\u00f3n de decisiones por ellas de forma plena y efectiva en la vida p\u00fablica, as\u00ed como la eliminaci\u00f3n de la violencia, para lograr la igualdad entre los g\u00e9neros y el empoderamiento de todas las mujeres y las ni\u00f1as.\u201d Entre los eventos, asistimos con expectaci\u00f3n al lanzamiento de la <strong>campa\u00f1a Generaci\u00f3n Igualdad<\/strong> y esperamos que las voces de las ni\u00f1as y j\u00f3venes sean protagonistas en los eventos, m\u00e1s accesibles y abiertos que nunca.<\/p>\n<p><span style=\"color:#FF0000\"><strong>La participaci\u00f3n de Entreculturas y Fe y Alegr\u00eda en la CSW&nbsp;<\/strong><\/span><\/p>\n<p>Durante esta edici\u00f3n, que ser\u00e1 completamente en formato virtual, desde Entreculturas participaremos&nbsp;por tercer a\u00f1o consecutivo en los numerosos eventos de cara a conocer iniciativas de la sociedad civil a nivel mundial, as\u00ed como para llevar el reclamo y reivindicaci\u00f3n que junto a la Federaci\u00f3n Internacional de Fe y Alegr\u00eda hacemos en <strong>defensa del derecho a la educaci\u00f3n de las ni\u00f1as y la eliminaci\u00f3n de la violencia.&nbsp; &nbsp;<\/strong><\/p>\n<p><strong>Las ni\u00f1as aprenden a participar participando y,&nbsp; las escuelas y entornos comunitarios deben contribuir activamente a ello<\/strong>,&nbsp; tal y como lo recoge el art\u00edculo 12 de la Convenci\u00f3n de los Derechos de la Infancia (CDN). Esto sienta las bases para participar a medida que estas crecen en los espacios de interlocuci\u00f3n pol\u00edtica y movilizadas en torno a las pol\u00edticas que les afectan.<\/p>\n<p>Instamos a la comunidad internacional y a los Estados a <strong>garantizar una educaci\u00f3n de calidad y libre de violencia para las ni\u00f1as, especialmente en los contextos de mayor vulnerabilidad<\/strong>, y a tomar medidas espec\u00edficas para <strong>reforzar su&nbsp;protecci\u00f3n <\/strong>ante el dram\u00e1tico aumento de esta doble pandemia de violencia que sufren ni\u00f1as y mujeres en el contexto de la COVID-19.<\/p>\n<p>\u201cNos preocupan las j\u00f3venes, el n\u00famero de adolescentes que han quedado embarazadas durante el encierro, las que no regresar\u00e1n a la escuela, el aumento del tr\u00e1fico de ni\u00f1as. Todos estos son <strong>desaf\u00edos que enfrentamos las mujeres y las ni\u00f1as debido a la COVID-19<\/strong>. A lo que se suma la escasa representaci\u00f3n y liderazgo femenino en las decisiones que tienen que ver con la pandemia, no solo en el sector de la salud, sino en todos los aspectos.\u201d, denuncia la Directora de ONU Mujeres, Phumzile Mlambo-Ngcuka<\/p>\n<p><img decoding=\"async\" alt=\"\" src=\"https:\/\/www.entreculturas.org\/wp-content\/uploads\/2021\/03\/encuentro_de_jovenes_de_espana_y_argentina_participantes_en_la_red_generacion_21_en_argentina_2019.jpg\" style=\"width: 800px;height: 600px\"><\/p>\n<p><span style=\"color:#FF0000\"><strong>Promoviendo la participaci\u00f3n de ni\u00f1as y j\u00f3venes en la CSW<\/strong><\/span><\/p>\n<p>En el marco de la CSW, reafirmamos nuestro compromiso institucional en la promoci\u00f3n de la igualdad de g\u00e9nero y la eliminaci\u00f3n de la violencia contra ni\u00f1as y mujeres.&nbsp;<\/p>\n<p>Este a\u00f1o,<strong> junto a Fe y Alegr\u00eda, promoveremos la participaci\u00f3n de los y las j\u00f3venes de la Red Generaci\u00f3n 21+<\/strong>, en varios espacios de ni\u00f1as y j\u00f3venes activistas organizados por la Oficina del Alto Comisionado de Naciones Unidas por los Derechos Humanos. <strong>Tambi\u00e9n desde La Campa\u00f1a La LUZ de las NI\u00d1AS<\/strong> nos haremos eco de las conversaciones sobre la prevenci\u00f3n del matrimonio infantil, el impacto de la COVID-19 en la violencia de g\u00e9nero y la protecci\u00f3n de las ni\u00f1as en contexto de desplazamiento y refugio.<\/p>\n","protected":false},"excerpt":{"rendered":"<p>El pr\u00f3ximo lunes 15 arrancan las sesiones de la 65\u00ba Comisi\u00f3n de la Condici\u00f3n Jur\u00eddica y Social de la Mujer (CSW por sus siglas en ingl\u00e9s), principal \u00f3rgano internacional de Naciones Unidas para la promoci\u00f3n de la igualdad de g\u00e9nero y el empoderamiento de la mujer. Durante las pr\u00f3ximas dos semanas, responsables de gobiernos de alto nivel, Ministerios, Representantes de Naciones Unidas y organizaciones de la sociedad civil, se reunir\u00e1n para hablar de igualdad de g\u00e9nero y empoderamiento de las mujeres. Entreculturas, participaremos por tercer a\u00f1o consecutivo.<\/p>\n","protected":false},"featured_media":5576,"template":"single-noticia","meta":{"_acf_changed":false},"categories":[7],"tags":[293],"country":[],"cause":[130],"class_list":["post-5579","noticia","type-noticia","status-publish","has-post-thumbnail","hentry","category-noticia","tag-genero","cause-genero"],"acf":[],"yoast_head":"<!-- This site is optimized with the Yoast SEO Premium plugin v21.6 (Yoast SEO v27.5) - https:\/\/yoast.com\/product\/yoast-seo-premium-wordpress\/ -->\n<title>Entreculturas participa en la CSW de Naciones Unidas por tercer a\u00f1o consecutivo - Entreculturas<\/title>\n<meta name=\"robots\" content=\"index, follow, max-snippet:-1, max-image-preview:large, max-video-preview:-1\" \/>\n<link rel=\"canonical\" href=\"https:\/\/www.entreculturas.org\/fr\/noticia\/entreculturas-participa-en-la-csw-de-naciones-unidas-por-tercer-ano-consecutivo\/\" \/>\n<meta property=\"og:locale\" content=\"fr_FR\" \/>\n<meta property=\"og:type\" content=\"article\" \/>\n<meta property=\"og:title\" content=\"Entreculturas participa en la CSW de Naciones Unidas por tercer a\u00f1o consecutivo\" \/>\n<meta property=\"og:description\" content=\"El pr\u00f3ximo lunes 15 arrancan las sesiones de la 65\u00ba Comisi\u00f3n de la Condici\u00f3n Jur\u00eddica y Social de la Mujer (CSW por sus siglas en ingl\u00e9s), principal \u00f3rgano internacional de Naciones Unidas para la promoci\u00f3n de la igualdad de g\u00e9nero y el empoderamiento de la mujer. Durante las pr\u00f3ximas dos semanas, responsables de gobiernos de alto nivel, Ministerios, Representantes de Naciones Unidas y organizaciones de la sociedad civil, se reunir\u00e1n para hablar de igualdad de g\u00e9nero y empoderamiento de las mujeres. Entreculturas, participaremos por tercer a\u00f1o consecutivo.\" \/>\n<meta property=\"og:url\" content=\"https:\/\/www.entreculturas.org\/fr\/noticia\/entreculturas-participa-en-la-csw-de-naciones-unidas-por-tercer-ano-consecutivo\/\" \/>\n<meta property=\"og:site_name\" content=\"Entreculturas\" \/>\n<meta property=\"article:publisher\" content=\"https:\/\/www.facebook.com\/entreculturas\" \/>\n<meta property=\"article:modified_time\" content=\"2024-02-28T17:10:09+00:00\" \/>\n<meta property=\"og:image\" content=\"https:\/\/www.entreculturas.org\/wp-content\/uploads\/2021\/03\/dsc_5165_2.jpg\" \/>\n\t<meta property=\"og:image:width\" content=\"1200\" \/>\n\t<meta property=\"og:image:height\" content=\"798\" \/>\n\t<meta property=\"og:image:type\" content=\"image\/jpeg\" \/>\n<meta name=\"twitter:card\" content=\"summary_large_image\" \/>\n<meta name=\"twitter:site\" content=\"@Entreculturas\" \/>\n<script type=\"application\/ld+json\" class=\"yoast-schema-graph\">{\"@context\":\"https:\\\/\\\/schema.org\",\"@graph\":[{\"@type\":\"WebPage\",\"@id\":\"https:\\\/\\\/www.entreculturas.org\\\/fr\\\/noticia\\\/entreculturas-participa-en-la-csw-de-naciones-unidas-por-tercer-ano-consecutivo\\\/\",\"url\":\"https:\\\/\\\/www.entreculturas.org\\\/fr\\\/noticia\\\/entreculturas-participa-en-la-csw-de-naciones-unidas-por-tercer-ano-consecutivo\\\/\",\"name\":\"Entreculturas participa en la CSW de Naciones Unidas por tercer a\u00f1o consecutivo - Entreculturas\",\"isPartOf\":{\"@id\":\"https:\\\/\\\/www.entreculturas.org\\\/fr\\\/#website\"},\"primaryImageOfPage\":{\"@id\":\"https:\\\/\\\/www.entreculturas.org\\\/fr\\\/noticia\\\/entreculturas-participa-en-la-csw-de-naciones-unidas-por-tercer-ano-consecutivo\\\/#primaryimage\"},\"image\":{\"@id\":\"https:\\\/\\\/www.entreculturas.org\\\/fr\\\/noticia\\\/entreculturas-participa-en-la-csw-de-naciones-unidas-por-tercer-ano-consecutivo\\\/#primaryimage\"},\"thumbnailUrl\":\"https:\\\/\\\/www.entreculturas.org\\\/wp-content\\\/uploads\\\/2021\\\/03\\\/dsc_5165_2.jpg\",\"datePublished\":\"2021-03-12T12:22:56+00:00\",\"dateModified\":\"2024-02-28T17:10:09+00:00\",\"breadcrumb\":{\"@id\":\"https:\\\/\\\/www.entreculturas.org\\\/fr\\\/noticia\\\/entreculturas-participa-en-la-csw-de-naciones-unidas-por-tercer-ano-consecutivo\\\/#breadcrumb\"},\"inLanguage\":\"fr-FR\",\"potentialAction\":[{\"@type\":\"ReadAction\",\"target\":[\"https:\\\/\\\/www.entreculturas.org\\\/fr\\\/noticia\\\/entreculturas-participa-en-la-csw-de-naciones-unidas-por-tercer-ano-consecutivo\\\/\"]}]},{\"@type\":\"ImageObject\",\"inLanguage\":\"fr-FR\",\"@id\":\"https:\\\/\\\/www.entreculturas.org\\\/fr\\\/noticia\\\/entreculturas-participa-en-la-csw-de-naciones-unidas-por-tercer-ano-consecutivo\\\/#primaryimage\",\"url\":\"https:\\\/\\\/www.entreculturas.org\\\/wp-content\\\/uploads\\\/2021\\\/03\\\/dsc_5165_2.jpg\",\"contentUrl\":\"https:\\\/\\\/www.entreculturas.org\\\/wp-content\\\/uploads\\\/2021\\\/03\\\/dsc_5165_2.jpg\",\"width\":1200,\"height\":798},{\"@type\":\"BreadcrumbList\",\"@id\":\"https:\\\/\\\/www.entreculturas.org\\\/fr\\\/noticia\\\/entreculturas-participa-en-la-csw-de-naciones-unidas-por-tercer-ano-consecutivo\\\/#breadcrumb\",\"itemListElement\":[{\"@type\":\"ListItem\",\"position\":1,\"name\":\"Home\",\"item\":\"https:\\\/\\\/www.entreculturas.org\\\/fr\\\/\"},{\"@type\":\"ListItem\",\"position\":2,\"name\":\"Noticias\",\"item\":\"https:\\\/\\\/www.entreculturas.org\\\/fr\\\/noticias\\\/\"},{\"@type\":\"ListItem\",\"position\":3,\"name\":\"Entreculturas participa en la CSW de Naciones Unidas por tercer a\u00f1o consecutivo\"}]},{\"@type\":\"WebSite\",\"@id\":\"https:\\\/\\\/www.entreculturas.org\\\/fr\\\/#website\",\"url\":\"https:\\\/\\\/www.entreculturas.org\\\/fr\\\/\",\"name\":\"Entreculturas\",\"description\":\"\",\"publisher\":{\"@id\":\"https:\\\/\\\/www.entreculturas.org\\\/fr\\\/#organization\"},\"alternateName\":\"Entreculturas\",\"potentialAction\":[{\"@type\":\"SearchAction\",\"target\":{\"@type\":\"EntryPoint\",\"urlTemplate\":\"https:\\\/\\\/www.entreculturas.org\\\/fr\\\/?s={search_term_string}\"},\"query-input\":{\"@type\":\"PropertyValueSpecification\",\"valueRequired\":true,\"valueName\":\"search_term_string\"}}],\"inLanguage\":\"fr-FR\"},{\"@type\":\"Organization\",\"@id\":\"https:\\\/\\\/www.entreculturas.org\\\/fr\\\/#organization\",\"name\":\"Entreculturas\",\"url\":\"https:\\\/\\\/www.entreculturas.org\\\/fr\\\/\",\"logo\":{\"@type\":\"ImageObject\",\"inLanguage\":\"fr-FR\",\"@id\":\"https:\\\/\\\/www.entreculturas.org\\\/fr\\\/#\\\/schema\\\/logo\\\/image\\\/\",\"url\":\"https:\\\/\\\/www.entreculturas.org\\\/wp-content\\\/uploads\\\/2025\\\/10\\\/ESP.svg\",\"contentUrl\":\"https:\\\/\\\/www.entreculturas.org\\\/wp-content\\\/uploads\\\/2025\\\/10\\\/ESP.svg\",\"caption\":\"Entreculturas\"},\"image\":{\"@id\":\"https:\\\/\\\/www.entreculturas.org\\\/fr\\\/#\\\/schema\\\/logo\\\/image\\\/\"},\"sameAs\":[\"https:\\\/\\\/www.facebook.com\\\/entreculturas\",\"https:\\\/\\\/x.com\\\/Entreculturas\",\"https:\\\/\\\/www.instagram.com\\\/entreculturas\\\/\",\"https:\\\/\\\/www.youtube.com\\\/user\\\/entreculturasvideo\",\"https:\\\/\\\/www.linkedin.com\\\/company\\\/fundacion-entreculturas-ngdo\\\/\",\"https:\\\/\\\/www.flickr.com\\\/photos\\\/98455522@N04\\\/albums\\\/\"]}]}<\/script>\n<!-- \/ Yoast SEO Premium plugin. -->","yoast_head_json":{"title":"Entreculturas participa en la CSW de Naciones Unidas por tercer a\u00f1o consecutivo - Entreculturas","robots":{"index":"index","follow":"follow","max-snippet":"max-snippet:-1","max-image-preview":"max-image-preview:large","max-video-preview":"max-video-preview:-1"},"canonical":"https:\/\/www.entreculturas.org\/fr\/noticia\/entreculturas-participa-en-la-csw-de-naciones-unidas-por-tercer-ano-consecutivo\/","og_locale":"fr_FR","og_type":"article","og_title":"Entreculturas participa en la CSW de Naciones Unidas por tercer a\u00f1o consecutivo","og_description":"El pr\u00f3ximo lunes 15 arrancan las sesiones de la 65\u00ba Comisi\u00f3n de la Condici\u00f3n Jur\u00eddica y Social de la Mujer (CSW por sus siglas en ingl\u00e9s), principal \u00f3rgano internacional de Naciones Unidas para la promoci\u00f3n de la igualdad de g\u00e9nero y el empoderamiento de la mujer. Durante las pr\u00f3ximas dos semanas, responsables de gobiernos de alto nivel, Ministerios, Representantes de Naciones Unidas y organizaciones de la sociedad civil, se reunir\u00e1n para hablar de igualdad de g\u00e9nero y empoderamiento de las mujeres. Entreculturas, participaremos por tercer a\u00f1o consecutivo.","og_url":"https:\/\/www.entreculturas.org\/fr\/noticia\/entreculturas-participa-en-la-csw-de-naciones-unidas-por-tercer-ano-consecutivo\/","og_site_name":"Entreculturas","article_publisher":"https:\/\/www.facebook.com\/entreculturas","article_modified_time":"2024-02-28T17:10:09+00:00","og_image":[{"width":1200,"height":798,"url":"https:\/\/www.entreculturas.org\/wp-content\/uploads\/2021\/03\/dsc_5165_2.jpg","type":"image\/jpeg"}],"twitter_card":"summary_large_image","twitter_site":"@Entreculturas","schema":{"@context":"https:\/\/schema.org","@graph":[{"@type":"WebPage","@id":"https:\/\/www.entreculturas.org\/fr\/noticia\/entreculturas-participa-en-la-csw-de-naciones-unidas-por-tercer-ano-consecutivo\/","url":"https:\/\/www.entreculturas.org\/fr\/noticia\/entreculturas-participa-en-la-csw-de-naciones-unidas-por-tercer-ano-consecutivo\/","name":"Entreculturas participa en la CSW de Naciones Unidas por tercer a\u00f1o consecutivo - Entreculturas","isPartOf":{"@id":"https:\/\/www.entreculturas.org\/fr\/#website"},"primaryImageOfPage":{"@id":"https:\/\/www.entreculturas.org\/fr\/noticia\/entreculturas-participa-en-la-csw-de-naciones-unidas-por-tercer-ano-consecutivo\/#primaryimage"},"image":{"@id":"https:\/\/www.entreculturas.org\/fr\/noticia\/entreculturas-participa-en-la-csw-de-naciones-unidas-por-tercer-ano-consecutivo\/#primaryimage"},"thumbnailUrl":"https:\/\/www.entreculturas.org\/wp-content\/uploads\/2021\/03\/dsc_5165_2.jpg","datePublished":"2021-03-12T12:22:56+00:00","dateModified":"2024-02-28T17:10:09+00:00","breadcrumb":{"@id":"https:\/\/www.entreculturas.org\/fr\/noticia\/entreculturas-participa-en-la-csw-de-naciones-unidas-por-tercer-ano-consecutivo\/#breadcrumb"},"inLanguage":"fr-FR","potentialAction":[{"@type":"ReadAction","target":["https:\/\/www.entreculturas.org\/fr\/noticia\/entreculturas-participa-en-la-csw-de-naciones-unidas-por-tercer-ano-consecutivo\/"]}]},{"@type":"ImageObject","inLanguage":"fr-FR","@id":"https:\/\/www.entreculturas.org\/fr\/noticia\/entreculturas-participa-en-la-csw-de-naciones-unidas-por-tercer-ano-consecutivo\/#primaryimage","url":"https:\/\/www.entreculturas.org\/wp-content\/uploads\/2021\/03\/dsc_5165_2.jpg","contentUrl":"https:\/\/www.entreculturas.org\/wp-content\/uploads\/2021\/03\/dsc_5165_2.jpg","width":1200,"height":798},{"@type":"BreadcrumbList","@id":"https:\/\/www.entreculturas.org\/fr\/noticia\/entreculturas-participa-en-la-csw-de-naciones-unidas-por-tercer-ano-consecutivo\/#breadcrumb","itemListElement":[{"@type":"ListItem","position":1,"name":"Home","item":"https:\/\/www.entreculturas.org\/fr\/"},{"@type":"ListItem","position":2,"name":"Noticias","item":"https:\/\/www.entreculturas.org\/fr\/noticias\/"},{"@type":"ListItem","position":3,"name":"Entreculturas participa en la CSW de Naciones Unidas por tercer a\u00f1o consecutivo"}]},{"@type":"WebSite","@id":"https:\/\/www.entreculturas.org\/fr\/#website","url":"https:\/\/www.entreculturas.org\/fr\/","name":"Entreculturas","description":"","publisher":{"@id":"https:\/\/www.entreculturas.org\/fr\/#organization"},"alternateName":"Entreculturas","potentialAction":[{"@type":"SearchAction","target":{"@type":"EntryPoint","urlTemplate":"https:\/\/www.entreculturas.org\/fr\/?s={search_term_string}"},"query-input":{"@type":"PropertyValueSpecification","valueRequired":true,"valueName":"search_term_string"}}],"inLanguage":"fr-FR"},{"@type":"Organization","@id":"https:\/\/www.entreculturas.org\/fr\/#organization","name":"Entreculturas","url":"https:\/\/www.entreculturas.org\/fr\/","logo":{"@type":"ImageObject","inLanguage":"fr-FR","@id":"https:\/\/www.entreculturas.org\/fr\/#\/schema\/logo\/image\/","url":"https:\/\/www.entreculturas.org\/wp-content\/uploads\/2025\/10\/ESP.svg","contentUrl":"https:\/\/www.entreculturas.org\/wp-content\/uploads\/2025\/10\/ESP.svg","caption":"Entreculturas"},"image":{"@id":"https:\/\/www.entreculturas.org\/fr\/#\/schema\/logo\/image\/"},"sameAs":["https:\/\/www.facebook.com\/entreculturas","https:\/\/x.com\/Entreculturas","https:\/\/www.instagram.com\/entreculturas\/","https:\/\/www.youtube.com\/user\/entreculturasvideo","https:\/\/www.linkedin.com\/company\/fundacion-entreculturas-ngdo\/","https:\/\/www.flickr.com\/photos\/98455522@N04\/albums\/"]}]}},"_links":{"self":[{"href":"https:\/\/www.entreculturas.org\/fr\/wp-json\/wp\/v2\/noticia\/5579","targetHints":{"allow":["GET"]}}],"collection":[{"href":"https:\/\/www.entreculturas.org\/fr\/wp-json\/wp\/v2\/noticia"}],"about":[{"href":"https:\/\/www.entreculturas.org\/fr\/wp-json\/wp\/v2\/types\/noticia"}],"wp:featuredmedia":[{"embeddable":true,"href":"https:\/\/www.entreculturas.org\/fr\/wp-json\/wp\/v2\/media\/5576"}],"wp:attachment":[{"href":"https:\/\/www.entreculturas.org\/fr\/wp-json\/wp\/v2\/media?parent=5579"}],"wp:term":[{"taxonomy":"category","embeddable":true,"href":"https:\/\/www.entreculturas.org\/fr\/wp-json\/wp\/v2\/categories?post=5579"},{"taxonomy":"post_tag","embeddable":true,"href":"https:\/\/www.entreculturas.org\/fr\/wp-json\/wp\/v2\/tags?post=5579"},{"taxonomy":"country","embeddable":true,"href":"https:\/\/www.entreculturas.org\/fr\/wp-json\/wp\/v2\/country?post=5579"},{"taxonomy":"cause","embeddable":true,"href":"https:\/\/www.entreculturas.org\/fr\/wp-json\/wp\/v2\/cause?post=5579"}],"curies":[{"name":"wp","href":"https:\/\/api.w.org\/{rel}","templated":true}]}}