{"id":5532,"date":"2021-02-22T11:33:32","date_gmt":"2021-02-22T11:33:32","guid":{"rendered":"https:\/\/entreculturasi.wpenginepowered.com\/?noticias=15500-personas-en-33-paises-corren-en-10porlaeducacion"},"modified":"2024-03-06T17:31:55","modified_gmt":"2024-03-06T16:31:55","slug":"15500-personas-en-33-paises-corren-en-10porlaeducacion","status":"publish","type":"noticia","link":"https:\/\/www.entreculturas.org\/fr\/noticia\/15500-personas-en-33-paises-corren-en-10porlaeducacion\/","title":{"rendered":"15.500 personas en 33 pa\u00edses corren en #10porlaEducaci\u00f3n"},"content":{"rendered":"<p>\u201cYo corro para ayudar a la educaci\u00f3n en situaciones de emergencia\u201d, comenta Vladimir U\u00f1apillco Champim desde Per\u00fa, uno de participantes de nuestra carrera solidaria \u201cCorre por una Causa\u201d, que hemos celebrado este pasado 20\u00a0y 21\u00a0de febrero, con el fin de recuperar el derecho a la educaci\u00f3n de ni\u00f1os y ni\u00f1as a quienes la pandemia se lo ha arrebatado.<\/p>\n<p><img decoding=\"async\" style=\"width: 800px; height: 551px;\" src=\"https:\/\/www.entreculturas.org\/wp-content\/uploads\/2021\/02\/img_1371_copy.jpg\" alt=\"\" \/><\/p>\n<p>\u201cAunque hemos echado de menos correr juntos y juntas como hac\u00edamos otros a\u00f1os, espero que nadie se haya sentido solo, porque durante el fin de semana m\u00e1s de 15.500 personas de 33 pa\u00edses y de las 50 provincias de Espa\u00f1a con la ayuda de las 27 delegaciones de Entreculturas\u00a0hemos corrido por la educaci\u00f3n. Es muy buena noticia que en mitad de esta pandemia, en la que parece que todo se para, nuestro compromiso con la educaci\u00f3n contin\u00faa\u201d, afirmaba Daniel Villanueva SJ, nuestro Vicepresidente Ejecutivo, al finalizar la jornada de ayer. Daniel tambi\u00e9n agradeci\u00f3 a todas las personas participantes, \u201cgracias por vuestro apoyo, hemos celebrado nuestro d\u00e9cimo aniversario con un enorme diez por la educaci\u00f3n y quisiera terminar con un enorme gracias a todos y a todas. Ojal\u00e1 lo que hoy visualizamos y mostramos seamos capaces de llevarlo a la pr\u00e1ctica y trabajar por esa educaci\u00f3n de calidad\u201d.<\/p>\n[video:https:\/\/youtu.be\/AOmKrk2t7Ik width:650 height:400 align:center]\n<p>Este a\u00f1o la carrera ha contado con la participaci\u00f3n de diversas Fe y Alegr\u00eda en el mundo, as\u00ed como de numerosos centros educativos de la Compa\u00f1\u00eda de Jes\u00fas tanto en Espa\u00f1a como a nivel internacional y de otras obras de la Compa\u00f1\u00eda. En Espa\u00f1a ha habido corredores y corredoras de las 50 provincias, un hito que, sin duda, ha sido posible gracias al incesante trabajo de los equipos de nuestras delegaciones que, a pesar de las dificultades derivadas de la pandemia, han apostado con la misma ilusi\u00f3n de siempre por un evento que, adem\u00e1s, estaba de aniversario.<\/p>\n<p>Este a\u00f1o, como no pod\u00eda ser de otra manera, \u201clos fondos recaudados a trav\u00e9s de las inscripciones ir\u00e1n destinados a combatir la emergencia educativa causada por la pandemia\u201d, comenta nuestra compa\u00f1era Esperanza Vivanco, Responsable de RSC en Entreculturas, y agrega que \u201cLa crisis educativa causada por la COVID-19 puede significar un retroceso de 30 a\u00f1os en los avances educativos logrados a nivel mundial. En Entreculturas tenemos claro que no se puede dejar a nadie atr\u00e1s. Sin posibilidad de volver a la escuela y sin educaci\u00f3n la vida se hace insostenible\u201d.<\/p>\n<p>Y es que, si en el momento m\u00e1s \u00e1lgido de la pandemia, 1.600 millones de alumnos de m\u00e1s de 190 pa\u00edses se vieron afectados por el cierre de las instituciones educativas, a d\u00eda de hoy, se estima que alrededor de 24 millones de estudiantes no han regresado a las instituciones educativas, de los cuales 10,9 millones se encuentran en los niveles primario y secundario. Desde Entreculturas sabemos que, si no actuamos ahora, la emergencia sanitaria tambi\u00e9n derivar\u00e1 en una grave emergencia educativa y no se puede permitir que el derecho a la educaci\u00f3n retroceda ahora que tanto se hab\u00eda avanzado en el cumplimiento del Objetivo de Desarrollo Sostenible n\u00famero 4.<\/p>\n<p>Por eso, desde Entreculturas estamos trabajando en las siguientes l\u00edneas de acci\u00f3n para contribuir a hacer frente a esta realidad: educaci\u00f3n a distancia, reducir la brecha digital, cuidar al profesorado, garantizar la seguridad alimentaria, proteger a las ni\u00f1as y potenciar la ciudadan\u00eda global. Trabajo que llevamos a cabo en 38 pa\u00edses a trav\u00e9s de 192 proyectos de cooperaci\u00f3n acompa\u00f1ando a m\u00e1s de 230.000 personas.<\/p>\n<p><span style=\"color: #ff0000;\"><span style=\"font-size: 16px;\"><strong>Zancadas solidarias en m\u00e1s de 33 pa\u00edses<\/strong><\/span><\/span><\/p>\n<p>La modalidad virtual ha permitido la internacionalizaci\u00f3n de esta edici\u00f3n de nuestra carrera solidaria que ha contado con personas\u00a0 inscritas de 33 pa\u00edses del mundo: Alemania, Argentina, B\u00e9lgica, Brasil, Bolivia, Canad\u00e1, Chile, Colombia, Ecuador, El Salvador, Espa\u00f1a, Estados Unidos, Francia, Guatemala, Honduras, Irlanda, Italia, M\u00e9xico, Nicaragua, Panam\u00e1, Paraguay, Per\u00fa, Polonia, Portugal, Reino Unido, Rusia, Senegal, Suecia, Suiza, Uruguay, Israel y China.<\/p>\n<table style=\"width: 800px;\" border=\"0\" cellspacing=\"1\" cellpadding=\"1\">\n<tbody>\n<tr>\n<td><img decoding=\"async\" style=\"width: 400px; height: 267px;\" src=\"https:\/\/www.entreculturas.org\/wp-content\/uploads\/2021\/02\/img_9239.jpg\" alt=\"\" \/><\/td>\n<td><img decoding=\"async\" style=\"width: 400px; height: 299px;\" src=\"https:\/\/www.entreculturas.org\/wp-content\/uploads\/2021\/02\/desde_roma.jpeg\" alt=\"\" \/><\/td>\n<\/tr>\n<\/tbody>\n<\/table>\n<p>Las personas participantes han podido inscribirse en diferentes modalidades: dorsal solidario, correr 10km o 5km, andar 3km o montar en bici 20km, y, para los ni\u00f1os y ni\u00f1as, modalidades de 1km, 500m, 300m y 100m. Las redes sociales se han inundado de fotos que mediante el hashtag <strong>#10porlaEducaci\u00f3n <\/strong>mostraban su apoyo a esta causa solidaria.<\/p>\n<p><span style=\"color: #ff0000;\"><span style=\"font-size: 16px;\"><strong>Sorteo de camisetas firmadas por embajadores\/as<\/strong><\/span><\/span><\/p>\n<p>Coincidiendo con los 10 a\u00f1os de Corre por una causa, desde Entreculturas contamos con la participaci\u00f3n de 10 embajadores y embajadoras que han sumado su apoyo a esta carrera. La cantante y activista Rozal\u00e9n y su compa\u00f1era int\u00e9rprete de signos, Beatriz Romero, que fueron las encargadas de dar el pistoletazo de salida, la nadadora Gemma Mengual, el periodista Juan Luis Cano, el guionista y director de cine Javier Fesser, el ciclista Perico Delgado, el periodista Nicol\u00e1s Castellano, la atleta Ruth Beitia, la tenista Carla Su\u00e1rez, \u2018Una periodista en zapatillas\u2019 Samanta Chocr\u00f3n y el deportista paraol\u00edmpico Chano Rodriguez, son algunas de las personalidades que han cedido su imagen para apoyar la carrera solidaria de Entreculturas.<\/p>\n<p><img decoding=\"async\" style=\"width: 677px; height: 502px;\" src=\"https:\/\/www.entreculturas.org\/wp-content\/uploads\/2021\/02\/captura_de_pantalla_2021-02-11_a_las_10.10.16.png\" alt=\"\" \/><\/p>\n<p>Adem\u00e1s, han firmado una camiseta y la han cedido para realizar un sorteo que tendr\u00e1 lugar el 5 de marzo. Todas las personas que quieran optar a una camiseta pueden hacerlo en <a href=\"https:\/\/www.correporunacausa.org\/sorteo\" target=\"_blank\" rel=\"noopener\">www.correporunacausa.org\/sorteo<\/a><\/p>\n<p>Esta d\u00e9cima edici\u00f3n aniversaria de nuestra carrera solidaria cuenta con el patrocinio de Liferay, Caixa Bank, Fundaci\u00f3n Mapfre y Deloitte.<\/p>\n","protected":false},"excerpt":{"rendered":"<p>Hemos celebrado este pasado 20 y 21 de febrero nuestra d\u00e9cima edici\u00f3n de Corre por una Causa con el fin de recuperar el derecho a la educaci\u00f3n de ni\u00f1os y ni\u00f1as a quienes la pandemia se lo ha arrebatado.<\/p>\n","protected":false},"featured_media":5520,"template":"single-noticia","meta":{"_acf_changed":false},"categories":[7],"tags":[196],"country":[],"cause":[132],"class_list":["post-5532","noticia","type-noticia","status-publish","has-post-thumbnail","hentry","category-noticia","tag-rsc","cause-participacion-y-ciudadania-global"],"acf":[],"yoast_head":"<!-- This site is optimized with the Yoast SEO Premium plugin v21.6 (Yoast SEO v27.5) - https:\/\/yoast.com\/product\/yoast-seo-premium-wordpress\/ -->\n<title>15.500 personas en 33 pa\u00edses corren en #10porlaEducaci\u00f3n - Entreculturas<\/title>\n<meta name=\"robots\" content=\"index, follow, max-snippet:-1, max-image-preview:large, max-video-preview:-1\" \/>\n<link rel=\"canonical\" href=\"https:\/\/www.entreculturas.org\/fr\/noticia\/15500-personas-en-33-paises-corren-en-10porlaeducacion\/\" \/>\n<meta property=\"og:locale\" content=\"fr_FR\" \/>\n<meta property=\"og:type\" content=\"article\" \/>\n<meta property=\"og:title\" content=\"15.500 personas en 33 pa\u00edses corren en #10porlaEducaci\u00f3n\" \/>\n<meta property=\"og:description\" content=\"Hemos celebrado este pasado 20 y 21 de febrero nuestra d\u00e9cima edici\u00f3n de Corre por una Causa con el fin de recuperar el derecho a la educaci\u00f3n de ni\u00f1os y ni\u00f1as a quienes la pandemia se lo ha arrebatado.\" \/>\n<meta property=\"og:url\" content=\"https:\/\/www.entreculturas.org\/fr\/noticia\/15500-personas-en-33-paises-corren-en-10porlaeducacion\/\" \/>\n<meta property=\"og:site_name\" content=\"Entreculturas\" \/>\n<meta property=\"article:publisher\" content=\"https:\/\/www.facebook.com\/entreculturas\" \/>\n<meta property=\"article:modified_time\" content=\"2024-03-06T16:31:55+00:00\" \/>\n<meta property=\"og:image\" content=\"https:\/\/www.entreculturas.org\/wp-content\/uploads\/2021\/02\/carrerasolidaria202123.jpg\" \/>\n\t<meta property=\"og:image:width\" content=\"480\" \/>\n\t<meta property=\"og:image:height\" content=\"360\" \/>\n\t<meta property=\"og:image:type\" content=\"image\/jpeg\" \/>\n<meta name=\"twitter:card\" content=\"summary_large_image\" \/>\n<meta name=\"twitter:site\" content=\"@Entreculturas\" \/>\n<script type=\"application\/ld+json\" class=\"yoast-schema-graph\">{\"@context\":\"https:\\\/\\\/schema.org\",\"@graph\":[{\"@type\":\"WebPage\",\"@id\":\"https:\\\/\\\/www.entreculturas.org\\\/fr\\\/noticia\\\/15500-personas-en-33-paises-corren-en-10porlaeducacion\\\/\",\"url\":\"https:\\\/\\\/www.entreculturas.org\\\/fr\\\/noticia\\\/15500-personas-en-33-paises-corren-en-10porlaeducacion\\\/\",\"name\":\"15.500 personas en 33 pa\u00edses corren en #10porlaEducaci\u00f3n - Entreculturas\",\"isPartOf\":{\"@id\":\"https:\\\/\\\/www.entreculturas.org\\\/fr\\\/#website\"},\"primaryImageOfPage\":{\"@id\":\"https:\\\/\\\/www.entreculturas.org\\\/fr\\\/noticia\\\/15500-personas-en-33-paises-corren-en-10porlaeducacion\\\/#primaryimage\"},\"image\":{\"@id\":\"https:\\\/\\\/www.entreculturas.org\\\/fr\\\/noticia\\\/15500-personas-en-33-paises-corren-en-10porlaeducacion\\\/#primaryimage\"},\"thumbnailUrl\":\"https:\\\/\\\/www.entreculturas.org\\\/wp-content\\\/uploads\\\/2021\\\/02\\\/carrerasolidaria202123.jpg\",\"datePublished\":\"2021-02-22T11:33:32+00:00\",\"dateModified\":\"2024-03-06T16:31:55+00:00\",\"breadcrumb\":{\"@id\":\"https:\\\/\\\/www.entreculturas.org\\\/fr\\\/noticia\\\/15500-personas-en-33-paises-corren-en-10porlaeducacion\\\/#breadcrumb\"},\"inLanguage\":\"fr-FR\",\"potentialAction\":[{\"@type\":\"ReadAction\",\"target\":[\"https:\\\/\\\/www.entreculturas.org\\\/fr\\\/noticia\\\/15500-personas-en-33-paises-corren-en-10porlaeducacion\\\/\"]}]},{\"@type\":\"ImageObject\",\"inLanguage\":\"fr-FR\",\"@id\":\"https:\\\/\\\/www.entreculturas.org\\\/fr\\\/noticia\\\/15500-personas-en-33-paises-corren-en-10porlaeducacion\\\/#primaryimage\",\"url\":\"https:\\\/\\\/www.entreculturas.org\\\/wp-content\\\/uploads\\\/2021\\\/02\\\/carrerasolidaria202123.jpg\",\"contentUrl\":\"https:\\\/\\\/www.entreculturas.org\\\/wp-content\\\/uploads\\\/2021\\\/02\\\/carrerasolidaria202123.jpg\",\"width\":480,\"height\":360,\"caption\":\"carrerasolidaria202123\"},{\"@type\":\"BreadcrumbList\",\"@id\":\"https:\\\/\\\/www.entreculturas.org\\\/fr\\\/noticia\\\/15500-personas-en-33-paises-corren-en-10porlaeducacion\\\/#breadcrumb\",\"itemListElement\":[{\"@type\":\"ListItem\",\"position\":1,\"name\":\"Home\",\"item\":\"https:\\\/\\\/www.entreculturas.org\\\/fr\\\/\"},{\"@type\":\"ListItem\",\"position\":2,\"name\":\"Noticias\",\"item\":\"https:\\\/\\\/www.entreculturas.org\\\/fr\\\/noticias\\\/\"},{\"@type\":\"ListItem\",\"position\":3,\"name\":\"15.500 personas en 33 pa\u00edses corren en #10porlaEducaci\u00f3n\"}]},{\"@type\":\"WebSite\",\"@id\":\"https:\\\/\\\/www.entreculturas.org\\\/fr\\\/#website\",\"url\":\"https:\\\/\\\/www.entreculturas.org\\\/fr\\\/\",\"name\":\"Entreculturas\",\"description\":\"\",\"publisher\":{\"@id\":\"https:\\\/\\\/www.entreculturas.org\\\/fr\\\/#organization\"},\"alternateName\":\"Entreculturas\",\"potentialAction\":[{\"@type\":\"SearchAction\",\"target\":{\"@type\":\"EntryPoint\",\"urlTemplate\":\"https:\\\/\\\/www.entreculturas.org\\\/fr\\\/?s={search_term_string}\"},\"query-input\":{\"@type\":\"PropertyValueSpecification\",\"valueRequired\":true,\"valueName\":\"search_term_string\"}}],\"inLanguage\":\"fr-FR\"},{\"@type\":\"Organization\",\"@id\":\"https:\\\/\\\/www.entreculturas.org\\\/fr\\\/#organization\",\"name\":\"Entreculturas\",\"url\":\"https:\\\/\\\/www.entreculturas.org\\\/fr\\\/\",\"logo\":{\"@type\":\"ImageObject\",\"inLanguage\":\"fr-FR\",\"@id\":\"https:\\\/\\\/www.entreculturas.org\\\/fr\\\/#\\\/schema\\\/logo\\\/image\\\/\",\"url\":\"https:\\\/\\\/www.entreculturas.org\\\/wp-content\\\/uploads\\\/2025\\\/10\\\/ESP.svg\",\"contentUrl\":\"https:\\\/\\\/www.entreculturas.org\\\/wp-content\\\/uploads\\\/2025\\\/10\\\/ESP.svg\",\"caption\":\"Entreculturas\"},\"image\":{\"@id\":\"https:\\\/\\\/www.entreculturas.org\\\/fr\\\/#\\\/schema\\\/logo\\\/image\\\/\"},\"sameAs\":[\"https:\\\/\\\/www.facebook.com\\\/entreculturas\",\"https:\\\/\\\/x.com\\\/Entreculturas\",\"https:\\\/\\\/www.instagram.com\\\/entreculturas\\\/\",\"https:\\\/\\\/www.youtube.com\\\/user\\\/entreculturasvideo\",\"https:\\\/\\\/www.linkedin.com\\\/company\\\/fundacion-entreculturas-ngdo\\\/\",\"https:\\\/\\\/www.flickr.com\\\/photos\\\/98455522@N04\\\/albums\\\/\"]}]}<\/script>\n<!-- \/ Yoast SEO Premium plugin. -->","yoast_head_json":{"title":"15.500 personas en 33 pa\u00edses corren en #10porlaEducaci\u00f3n - Entreculturas","robots":{"index":"index","follow":"follow","max-snippet":"max-snippet:-1","max-image-preview":"max-image-preview:large","max-video-preview":"max-video-preview:-1"},"canonical":"https:\/\/www.entreculturas.org\/fr\/noticia\/15500-personas-en-33-paises-corren-en-10porlaeducacion\/","og_locale":"fr_FR","og_type":"article","og_title":"15.500 personas en 33 pa\u00edses corren en #10porlaEducaci\u00f3n","og_description":"Hemos celebrado este pasado 20 y 21 de febrero nuestra d\u00e9cima edici\u00f3n de Corre por una Causa con el fin de recuperar el derecho a la educaci\u00f3n de ni\u00f1os y ni\u00f1as a quienes la pandemia se lo ha arrebatado.","og_url":"https:\/\/www.entreculturas.org\/fr\/noticia\/15500-personas-en-33-paises-corren-en-10porlaeducacion\/","og_site_name":"Entreculturas","article_publisher":"https:\/\/www.facebook.com\/entreculturas","article_modified_time":"2024-03-06T16:31:55+00:00","og_image":[{"width":480,"height":360,"url":"https:\/\/www.entreculturas.org\/wp-content\/uploads\/2021\/02\/carrerasolidaria202123.jpg","type":"image\/jpeg"}],"twitter_card":"summary_large_image","twitter_site":"@Entreculturas","schema":{"@context":"https:\/\/schema.org","@graph":[{"@type":"WebPage","@id":"https:\/\/www.entreculturas.org\/fr\/noticia\/15500-personas-en-33-paises-corren-en-10porlaeducacion\/","url":"https:\/\/www.entreculturas.org\/fr\/noticia\/15500-personas-en-33-paises-corren-en-10porlaeducacion\/","name":"15.500 personas en 33 pa\u00edses corren en #10porlaEducaci\u00f3n - Entreculturas","isPartOf":{"@id":"https:\/\/www.entreculturas.org\/fr\/#website"},"primaryImageOfPage":{"@id":"https:\/\/www.entreculturas.org\/fr\/noticia\/15500-personas-en-33-paises-corren-en-10porlaeducacion\/#primaryimage"},"image":{"@id":"https:\/\/www.entreculturas.org\/fr\/noticia\/15500-personas-en-33-paises-corren-en-10porlaeducacion\/#primaryimage"},"thumbnailUrl":"https:\/\/www.entreculturas.org\/wp-content\/uploads\/2021\/02\/carrerasolidaria202123.jpg","datePublished":"2021-02-22T11:33:32+00:00","dateModified":"2024-03-06T16:31:55+00:00","breadcrumb":{"@id":"https:\/\/www.entreculturas.org\/fr\/noticia\/15500-personas-en-33-paises-corren-en-10porlaeducacion\/#breadcrumb"},"inLanguage":"fr-FR","potentialAction":[{"@type":"ReadAction","target":["https:\/\/www.entreculturas.org\/fr\/noticia\/15500-personas-en-33-paises-corren-en-10porlaeducacion\/"]}]},{"@type":"ImageObject","inLanguage":"fr-FR","@id":"https:\/\/www.entreculturas.org\/fr\/noticia\/15500-personas-en-33-paises-corren-en-10porlaeducacion\/#primaryimage","url":"https:\/\/www.entreculturas.org\/wp-content\/uploads\/2021\/02\/carrerasolidaria202123.jpg","contentUrl":"https:\/\/www.entreculturas.org\/wp-content\/uploads\/2021\/02\/carrerasolidaria202123.jpg","width":480,"height":360,"caption":"carrerasolidaria202123"},{"@type":"BreadcrumbList","@id":"https:\/\/www.entreculturas.org\/fr\/noticia\/15500-personas-en-33-paises-corren-en-10porlaeducacion\/#breadcrumb","itemListElement":[{"@type":"ListItem","position":1,"name":"Home","item":"https:\/\/www.entreculturas.org\/fr\/"},{"@type":"ListItem","position":2,"name":"Noticias","item":"https:\/\/www.entreculturas.org\/fr\/noticias\/"},{"@type":"ListItem","position":3,"name":"15.500 personas en 33 pa\u00edses corren en #10porlaEducaci\u00f3n"}]},{"@type":"WebSite","@id":"https:\/\/www.entreculturas.org\/fr\/#website","url":"https:\/\/www.entreculturas.org\/fr\/","name":"Entreculturas","description":"","publisher":{"@id":"https:\/\/www.entreculturas.org\/fr\/#organization"},"alternateName":"Entreculturas","potentialAction":[{"@type":"SearchAction","target":{"@type":"EntryPoint","urlTemplate":"https:\/\/www.entreculturas.org\/fr\/?s={search_term_string}"},"query-input":{"@type":"PropertyValueSpecification","valueRequired":true,"valueName":"search_term_string"}}],"inLanguage":"fr-FR"},{"@type":"Organization","@id":"https:\/\/www.entreculturas.org\/fr\/#organization","name":"Entreculturas","url":"https:\/\/www.entreculturas.org\/fr\/","logo":{"@type":"ImageObject","inLanguage":"fr-FR","@id":"https:\/\/www.entreculturas.org\/fr\/#\/schema\/logo\/image\/","url":"https:\/\/www.entreculturas.org\/wp-content\/uploads\/2025\/10\/ESP.svg","contentUrl":"https:\/\/www.entreculturas.org\/wp-content\/uploads\/2025\/10\/ESP.svg","caption":"Entreculturas"},"image":{"@id":"https:\/\/www.entreculturas.org\/fr\/#\/schema\/logo\/image\/"},"sameAs":["https:\/\/www.facebook.com\/entreculturas","https:\/\/x.com\/Entreculturas","https:\/\/www.instagram.com\/entreculturas\/","https:\/\/www.youtube.com\/user\/entreculturasvideo","https:\/\/www.linkedin.com\/company\/fundacion-entreculturas-ngdo\/","https:\/\/www.flickr.com\/photos\/98455522@N04\/albums\/"]}]}},"_links":{"self":[{"href":"https:\/\/www.entreculturas.org\/fr\/wp-json\/wp\/v2\/noticia\/5532","targetHints":{"allow":["GET"]}}],"collection":[{"href":"https:\/\/www.entreculturas.org\/fr\/wp-json\/wp\/v2\/noticia"}],"about":[{"href":"https:\/\/www.entreculturas.org\/fr\/wp-json\/wp\/v2\/types\/noticia"}],"wp:featuredmedia":[{"embeddable":true,"href":"https:\/\/www.entreculturas.org\/fr\/wp-json\/wp\/v2\/media\/5520"}],"wp:attachment":[{"href":"https:\/\/www.entreculturas.org\/fr\/wp-json\/wp\/v2\/media?parent=5532"}],"wp:term":[{"taxonomy":"category","embeddable":true,"href":"https:\/\/www.entreculturas.org\/fr\/wp-json\/wp\/v2\/categories?post=5532"},{"taxonomy":"post_tag","embeddable":true,"href":"https:\/\/www.entreculturas.org\/fr\/wp-json\/wp\/v2\/tags?post=5532"},{"taxonomy":"country","embeddable":true,"href":"https:\/\/www.entreculturas.org\/fr\/wp-json\/wp\/v2\/country?post=5532"},{"taxonomy":"cause","embeddable":true,"href":"https:\/\/www.entreculturas.org\/fr\/wp-json\/wp\/v2\/cause?post=5532"}],"curies":[{"name":"wp","href":"https:\/\/api.w.org\/{rel}","templated":true}]}}