{"id":5429,"date":"2020-12-21T13:50:07","date_gmt":"2020-12-21T13:50:07","guid":{"rendered":"https:\/\/entreculturasi.wpenginepowered.com\/?noticias=charlamos-con-las-protagonistas-y-el-director-de-cholitas-en-el-cineforum-online"},"modified":"2024-09-12T14:17:13","modified_gmt":"2024-09-12T12:17:13","slug":"charlamos-con-las-protagonistas-y-el-director-de-cholitas-en-el-cineforum-online","status":"publish","type":"noticia","link":"https:\/\/www.entreculturas.org\/fr\/noticia\/charlamos-con-las-protagonistas-y-el-director-de-cholitas-en-el-cineforum-online\/","title":{"rendered":"Charlamos con las protagonistas y el director de \u201cCholitas\u201d en el cinef\u00f3rum online"},"content":{"rendered":"<p><strong>Dora, Liita, Lidia, Cecilia y Elena son las cinco mujeres escaladoras que protagonizan la pel\u00edcula documental \u201cCholitas\u201d<\/strong>, preseleccionada para las candidaturas de los premios Goya, que se dar\u00e1n a conocer en enero. Desde sus casas, en Bolivia, hemos tenido el placer de conversar con ellas y, tambi\u00e9n, con Jaime Murciego, director del film junto a Pablo Iraburu, que convirtieron su expedici\u00f3n al Aconcagua en documental.<\/p>\n<p>El <a href=\"https:\/\/www.youtube.com\/watch?v=9Ptha4w3Udg&amp;feature=youtu.be\"><strong>cinef\u00f3rum online<\/strong><\/a>, que co-organizamos junto a Alboan y Oxfam Interm\u00f3n, tuvo lugar el pasado jueves 17 de diciembre. Raquel Mart\u00edn, nuestra Directora de Comunicaci\u00f3n y Relaciones Institucionales, se encarg\u00f3 de abrir el debate. \u201c<em>Alboan, Oxfam y Entreculturas vimos en \u2018Cholitas\u2019 un apoyo necesario a un relato necesario<\/em>\u201d, afirm\u00f3. \u201c<em>Un relato emocionante en torno a la subida a una monta\u00f1a como met\u00e1fora de la carrera por la igualdad de tantas mujeres\u00a0\u00bb.<\/em><\/p>\n<p>Escalando el Aconcagua, las Cholitas escaladoras pudieron romper el estereotipo de que la mujer de pollera no puede hacer cima. \u201c<em>Hab\u00eda dudas sobre si lo conseguir\u00edamos<\/em>\u201d, explic\u00f3 Liita, \u201c<em>pero tuvimos la confianza y la fe de hacer realidad ese sue\u00f1o<\/em>\u201d. \u00ab\u00a0<strong><em>La Cholita es una mujer ind\u00edgena y luchadora. Eso significa ser una chola aimara<\/em><\/strong>\u00ab\u00a0, a\u00f1adi\u00f3 Lidia.<\/p>\n<p>En medio de este contexto de pandemia Jaime Murciego se mostr\u00f3 muy satisfecho del resultado de su trabajo. \u00ab\u00a0<em>Podemos estar contentos, porque la peli est\u00e1 pudiendo llegar al p\u00fablico con muy buena acogida. Haber logrado hacer un documental de este tipo es el mayor premio.<\/em>\u00a0\u00bb<\/p>\n<p>El reto de las Cholitas escaladoras ahora es llevar sus polleras y su bandera de Bolivia al Everest, con el fin de romper muchas m\u00e1s barreras. \u201c<em>Tambi\u00e9n estamos agrupando a m\u00e1s Cholitas, a gente joven, para incentivar que vayan a la monta\u00f1a<\/em>\u00ab\u00a0, afirmaron Elena y Lidia.<\/p>\n<p>Con el film de 85 minutos -apoyado por Entreculturas, Alboan y Oxfam Interm\u00f3n y producido por Arena Comunicaci\u00f3n Audiovisual- las cinco Cholitas se han demostrado a s\u00ed mismas y al mundo que no solo pueden alcanzar una cima que s\u00f3lo estaba contemplada para los hombres, sino que tambi\u00e9n han roto estereotipos y <strong>han reivindicado el respeto a las diferentes culturas poniendo en valor su propia identidad ind\u00edgena.<\/strong><\/p>\n","protected":false},"excerpt":{"rendered":"<p>Dora, Liita, Lidia, Cecilia y Elena son las cinco mujeres escaladoras que protagonizan la pel\u00edcula documental \u201cCholitas\u201d. Desde sus casas, en Bolivia, hemos tenido el placer de conversar con ellas y, tambi\u00e9n, con Jaime Murciego, director del film junto a Pablo Iraburu, que convirtieron su expedici\u00f3n al Aconcagua en documental. <\/p>\n","protected":false},"featured_media":4192,"template":"single-noticia","meta":{"_acf_changed":false},"categories":[7],"tags":[293],"country":[],"cause":[130],"class_list":["post-5429","noticia","type-noticia","status-publish","has-post-thumbnail","hentry","category-noticia","tag-genero","cause-genero"],"acf":[],"yoast_head":"<!-- This site is optimized with the Yoast SEO Premium plugin v21.6 (Yoast SEO v27.5) - https:\/\/yoast.com\/product\/yoast-seo-premium-wordpress\/ -->\n<title>Charlamos con las protagonistas y el director de \u201cCholitas\u201d en el cinef\u00f3rum online - Entreculturas<\/title>\n<meta name=\"robots\" content=\"index, follow, max-snippet:-1, max-image-preview:large, max-video-preview:-1\" \/>\n<link rel=\"canonical\" href=\"https:\/\/www.entreculturas.org\/fr\/noticia\/charlamos-con-las-protagonistas-y-el-director-de-cholitas-en-el-cineforum-online\/\" \/>\n<meta property=\"og:locale\" content=\"fr_FR\" \/>\n<meta property=\"og:type\" content=\"article\" \/>\n<meta property=\"og:title\" content=\"Charlamos con las protagonistas y el director de \u201cCholitas\u201d en el cinef\u00f3rum online\" \/>\n<meta property=\"og:description\" content=\"Dora, Liita, Lidia, Cecilia y Elena son las cinco mujeres escaladoras que protagonizan la pel\u00edcula documental \u201cCholitas\u201d. Desde sus casas, en Bolivia, hemos tenido el placer de conversar con ellas y, tambi\u00e9n, con Jaime Murciego, director del film junto a Pablo Iraburu, que convirtieron su expedici\u00f3n al Aconcagua en documental.\" \/>\n<meta property=\"og:url\" content=\"https:\/\/www.entreculturas.org\/fr\/noticia\/charlamos-con-las-protagonistas-y-el-director-de-cholitas-en-el-cineforum-online\/\" \/>\n<meta property=\"og:site_name\" content=\"Entreculturas\" \/>\n<meta property=\"article:publisher\" content=\"https:\/\/www.facebook.com\/entreculturas\" \/>\n<meta property=\"article:modified_time\" content=\"2024-09-12T12:17:13+00:00\" \/>\n<meta property=\"og:image\" content=\"https:\/\/www.entreculturas.org\/wp-content\/uploads\/2019\/12\/cholitas.jpg\" \/>\n\t<meta property=\"og:image:width\" content=\"672\" \/>\n\t<meta property=\"og:image:height\" content=\"960\" \/>\n\t<meta property=\"og:image:type\" content=\"image\/jpeg\" \/>\n<meta name=\"twitter:card\" content=\"summary_large_image\" \/>\n<meta name=\"twitter:site\" content=\"@Entreculturas\" \/>\n<script type=\"application\/ld+json\" class=\"yoast-schema-graph\">{\"@context\":\"https:\\\/\\\/schema.org\",\"@graph\":[{\"@type\":\"WebPage\",\"@id\":\"https:\\\/\\\/www.entreculturas.org\\\/fr\\\/noticia\\\/charlamos-con-las-protagonistas-y-el-director-de-cholitas-en-el-cineforum-online\\\/\",\"url\":\"https:\\\/\\\/www.entreculturas.org\\\/fr\\\/noticia\\\/charlamos-con-las-protagonistas-y-el-director-de-cholitas-en-el-cineforum-online\\\/\",\"name\":\"Charlamos con las protagonistas y el director de \u201cCholitas\u201d en el cinef\u00f3rum online - Entreculturas\",\"isPartOf\":{\"@id\":\"https:\\\/\\\/www.entreculturas.org\\\/fr\\\/#website\"},\"primaryImageOfPage\":{\"@id\":\"https:\\\/\\\/www.entreculturas.org\\\/fr\\\/noticia\\\/charlamos-con-las-protagonistas-y-el-director-de-cholitas-en-el-cineforum-online\\\/#primaryimage\"},\"image\":{\"@id\":\"https:\\\/\\\/www.entreculturas.org\\\/fr\\\/noticia\\\/charlamos-con-las-protagonistas-y-el-director-de-cholitas-en-el-cineforum-online\\\/#primaryimage\"},\"thumbnailUrl\":\"https:\\\/\\\/www.entreculturas.org\\\/wp-content\\\/uploads\\\/2019\\\/12\\\/cholitas.jpg\",\"datePublished\":\"2020-12-21T13:50:07+00:00\",\"dateModified\":\"2024-09-12T12:17:13+00:00\",\"breadcrumb\":{\"@id\":\"https:\\\/\\\/www.entreculturas.org\\\/fr\\\/noticia\\\/charlamos-con-las-protagonistas-y-el-director-de-cholitas-en-el-cineforum-online\\\/#breadcrumb\"},\"inLanguage\":\"fr-FR\",\"potentialAction\":[{\"@type\":\"ReadAction\",\"target\":[\"https:\\\/\\\/www.entreculturas.org\\\/fr\\\/noticia\\\/charlamos-con-las-protagonistas-y-el-director-de-cholitas-en-el-cineforum-online\\\/\"]}]},{\"@type\":\"ImageObject\",\"inLanguage\":\"fr-FR\",\"@id\":\"https:\\\/\\\/www.entreculturas.org\\\/fr\\\/noticia\\\/charlamos-con-las-protagonistas-y-el-director-de-cholitas-en-el-cineforum-online\\\/#primaryimage\",\"url\":\"https:\\\/\\\/www.entreculturas.org\\\/wp-content\\\/uploads\\\/2019\\\/12\\\/cholitas.jpg\",\"contentUrl\":\"https:\\\/\\\/www.entreculturas.org\\\/wp-content\\\/uploads\\\/2019\\\/12\\\/cholitas.jpg\",\"width\":672,\"height\":960,\"caption\":\"cholitas\"},{\"@type\":\"BreadcrumbList\",\"@id\":\"https:\\\/\\\/www.entreculturas.org\\\/fr\\\/noticia\\\/charlamos-con-las-protagonistas-y-el-director-de-cholitas-en-el-cineforum-online\\\/#breadcrumb\",\"itemListElement\":[{\"@type\":\"ListItem\",\"position\":1,\"name\":\"Home\",\"item\":\"https:\\\/\\\/www.entreculturas.org\\\/fr\\\/\"},{\"@type\":\"ListItem\",\"position\":2,\"name\":\"Noticias\",\"item\":\"https:\\\/\\\/www.entreculturas.org\\\/fr\\\/noticias\\\/\"},{\"@type\":\"ListItem\",\"position\":3,\"name\":\"Charlamos con las protagonistas y el director de \u201cCholitas\u201d en el cinef\u00f3rum online\"}]},{\"@type\":\"WebSite\",\"@id\":\"https:\\\/\\\/www.entreculturas.org\\\/fr\\\/#website\",\"url\":\"https:\\\/\\\/www.entreculturas.org\\\/fr\\\/\",\"name\":\"Entreculturas\",\"description\":\"\",\"publisher\":{\"@id\":\"https:\\\/\\\/www.entreculturas.org\\\/fr\\\/#organization\"},\"alternateName\":\"Entreculturas\",\"potentialAction\":[{\"@type\":\"SearchAction\",\"target\":{\"@type\":\"EntryPoint\",\"urlTemplate\":\"https:\\\/\\\/www.entreculturas.org\\\/fr\\\/?s={search_term_string}\"},\"query-input\":{\"@type\":\"PropertyValueSpecification\",\"valueRequired\":true,\"valueName\":\"search_term_string\"}}],\"inLanguage\":\"fr-FR\"},{\"@type\":\"Organization\",\"@id\":\"https:\\\/\\\/www.entreculturas.org\\\/fr\\\/#organization\",\"name\":\"Entreculturas\",\"url\":\"https:\\\/\\\/www.entreculturas.org\\\/fr\\\/\",\"logo\":{\"@type\":\"ImageObject\",\"inLanguage\":\"fr-FR\",\"@id\":\"https:\\\/\\\/www.entreculturas.org\\\/fr\\\/#\\\/schema\\\/logo\\\/image\\\/\",\"url\":\"https:\\\/\\\/www.entreculturas.org\\\/wp-content\\\/uploads\\\/2025\\\/10\\\/ESP.svg\",\"contentUrl\":\"https:\\\/\\\/www.entreculturas.org\\\/wp-content\\\/uploads\\\/2025\\\/10\\\/ESP.svg\",\"caption\":\"Entreculturas\"},\"image\":{\"@id\":\"https:\\\/\\\/www.entreculturas.org\\\/fr\\\/#\\\/schema\\\/logo\\\/image\\\/\"},\"sameAs\":[\"https:\\\/\\\/www.facebook.com\\\/entreculturas\",\"https:\\\/\\\/x.com\\\/Entreculturas\",\"https:\\\/\\\/www.instagram.com\\\/entreculturas\\\/\",\"https:\\\/\\\/www.youtube.com\\\/user\\\/entreculturasvideo\",\"https:\\\/\\\/www.linkedin.com\\\/company\\\/fundacion-entreculturas-ngdo\\\/\",\"https:\\\/\\\/www.flickr.com\\\/photos\\\/98455522@N04\\\/albums\\\/\"]}]}<\/script>\n<!-- \/ Yoast SEO Premium plugin. -->","yoast_head_json":{"title":"Charlamos con las protagonistas y el director de \u201cCholitas\u201d en el cinef\u00f3rum online - Entreculturas","robots":{"index":"index","follow":"follow","max-snippet":"max-snippet:-1","max-image-preview":"max-image-preview:large","max-video-preview":"max-video-preview:-1"},"canonical":"https:\/\/www.entreculturas.org\/fr\/noticia\/charlamos-con-las-protagonistas-y-el-director-de-cholitas-en-el-cineforum-online\/","og_locale":"fr_FR","og_type":"article","og_title":"Charlamos con las protagonistas y el director de \u201cCholitas\u201d en el cinef\u00f3rum online","og_description":"Dora, Liita, Lidia, Cecilia y Elena son las cinco mujeres escaladoras que protagonizan la pel\u00edcula documental \u201cCholitas\u201d. Desde sus casas, en Bolivia, hemos tenido el placer de conversar con ellas y, tambi\u00e9n, con Jaime Murciego, director del film junto a Pablo Iraburu, que convirtieron su expedici\u00f3n al Aconcagua en documental.","og_url":"https:\/\/www.entreculturas.org\/fr\/noticia\/charlamos-con-las-protagonistas-y-el-director-de-cholitas-en-el-cineforum-online\/","og_site_name":"Entreculturas","article_publisher":"https:\/\/www.facebook.com\/entreculturas","article_modified_time":"2024-09-12T12:17:13+00:00","og_image":[{"width":672,"height":960,"url":"https:\/\/www.entreculturas.org\/wp-content\/uploads\/2019\/12\/cholitas.jpg","type":"image\/jpeg"}],"twitter_card":"summary_large_image","twitter_site":"@Entreculturas","schema":{"@context":"https:\/\/schema.org","@graph":[{"@type":"WebPage","@id":"https:\/\/www.entreculturas.org\/fr\/noticia\/charlamos-con-las-protagonistas-y-el-director-de-cholitas-en-el-cineforum-online\/","url":"https:\/\/www.entreculturas.org\/fr\/noticia\/charlamos-con-las-protagonistas-y-el-director-de-cholitas-en-el-cineforum-online\/","name":"Charlamos con las protagonistas y el director de \u201cCholitas\u201d en el cinef\u00f3rum online - Entreculturas","isPartOf":{"@id":"https:\/\/www.entreculturas.org\/fr\/#website"},"primaryImageOfPage":{"@id":"https:\/\/www.entreculturas.org\/fr\/noticia\/charlamos-con-las-protagonistas-y-el-director-de-cholitas-en-el-cineforum-online\/#primaryimage"},"image":{"@id":"https:\/\/www.entreculturas.org\/fr\/noticia\/charlamos-con-las-protagonistas-y-el-director-de-cholitas-en-el-cineforum-online\/#primaryimage"},"thumbnailUrl":"https:\/\/www.entreculturas.org\/wp-content\/uploads\/2019\/12\/cholitas.jpg","datePublished":"2020-12-21T13:50:07+00:00","dateModified":"2024-09-12T12:17:13+00:00","breadcrumb":{"@id":"https:\/\/www.entreculturas.org\/fr\/noticia\/charlamos-con-las-protagonistas-y-el-director-de-cholitas-en-el-cineforum-online\/#breadcrumb"},"inLanguage":"fr-FR","potentialAction":[{"@type":"ReadAction","target":["https:\/\/www.entreculturas.org\/fr\/noticia\/charlamos-con-las-protagonistas-y-el-director-de-cholitas-en-el-cineforum-online\/"]}]},{"@type":"ImageObject","inLanguage":"fr-FR","@id":"https:\/\/www.entreculturas.org\/fr\/noticia\/charlamos-con-las-protagonistas-y-el-director-de-cholitas-en-el-cineforum-online\/#primaryimage","url":"https:\/\/www.entreculturas.org\/wp-content\/uploads\/2019\/12\/cholitas.jpg","contentUrl":"https:\/\/www.entreculturas.org\/wp-content\/uploads\/2019\/12\/cholitas.jpg","width":672,"height":960,"caption":"cholitas"},{"@type":"BreadcrumbList","@id":"https:\/\/www.entreculturas.org\/fr\/noticia\/charlamos-con-las-protagonistas-y-el-director-de-cholitas-en-el-cineforum-online\/#breadcrumb","itemListElement":[{"@type":"ListItem","position":1,"name":"Home","item":"https:\/\/www.entreculturas.org\/fr\/"},{"@type":"ListItem","position":2,"name":"Noticias","item":"https:\/\/www.entreculturas.org\/fr\/noticias\/"},{"@type":"ListItem","position":3,"name":"Charlamos con las protagonistas y el director de \u201cCholitas\u201d en el cinef\u00f3rum online"}]},{"@type":"WebSite","@id":"https:\/\/www.entreculturas.org\/fr\/#website","url":"https:\/\/www.entreculturas.org\/fr\/","name":"Entreculturas","description":"","publisher":{"@id":"https:\/\/www.entreculturas.org\/fr\/#organization"},"alternateName":"Entreculturas","potentialAction":[{"@type":"SearchAction","target":{"@type":"EntryPoint","urlTemplate":"https:\/\/www.entreculturas.org\/fr\/?s={search_term_string}"},"query-input":{"@type":"PropertyValueSpecification","valueRequired":true,"valueName":"search_term_string"}}],"inLanguage":"fr-FR"},{"@type":"Organization","@id":"https:\/\/www.entreculturas.org\/fr\/#organization","name":"Entreculturas","url":"https:\/\/www.entreculturas.org\/fr\/","logo":{"@type":"ImageObject","inLanguage":"fr-FR","@id":"https:\/\/www.entreculturas.org\/fr\/#\/schema\/logo\/image\/","url":"https:\/\/www.entreculturas.org\/wp-content\/uploads\/2025\/10\/ESP.svg","contentUrl":"https:\/\/www.entreculturas.org\/wp-content\/uploads\/2025\/10\/ESP.svg","caption":"Entreculturas"},"image":{"@id":"https:\/\/www.entreculturas.org\/fr\/#\/schema\/logo\/image\/"},"sameAs":["https:\/\/www.facebook.com\/entreculturas","https:\/\/x.com\/Entreculturas","https:\/\/www.instagram.com\/entreculturas\/","https:\/\/www.youtube.com\/user\/entreculturasvideo","https:\/\/www.linkedin.com\/company\/fundacion-entreculturas-ngdo\/","https:\/\/www.flickr.com\/photos\/98455522@N04\/albums\/"]}]}},"_links":{"self":[{"href":"https:\/\/www.entreculturas.org\/fr\/wp-json\/wp\/v2\/noticia\/5429","targetHints":{"allow":["GET"]}}],"collection":[{"href":"https:\/\/www.entreculturas.org\/fr\/wp-json\/wp\/v2\/noticia"}],"about":[{"href":"https:\/\/www.entreculturas.org\/fr\/wp-json\/wp\/v2\/types\/noticia"}],"wp:featuredmedia":[{"embeddable":true,"href":"https:\/\/www.entreculturas.org\/fr\/wp-json\/wp\/v2\/media\/4192"}],"wp:attachment":[{"href":"https:\/\/www.entreculturas.org\/fr\/wp-json\/wp\/v2\/media?parent=5429"}],"wp:term":[{"taxonomy":"category","embeddable":true,"href":"https:\/\/www.entreculturas.org\/fr\/wp-json\/wp\/v2\/categories?post=5429"},{"taxonomy":"post_tag","embeddable":true,"href":"https:\/\/www.entreculturas.org\/fr\/wp-json\/wp\/v2\/tags?post=5429"},{"taxonomy":"country","embeddable":true,"href":"https:\/\/www.entreculturas.org\/fr\/wp-json\/wp\/v2\/country?post=5429"},{"taxonomy":"cause","embeddable":true,"href":"https:\/\/www.entreculturas.org\/fr\/wp-json\/wp\/v2\/cause?post=5429"}],"curies":[{"name":"wp","href":"https:\/\/api.w.org\/{rel}","templated":true}]}}