{"id":5383,"date":"2020-12-15T11:32:27","date_gmt":"2020-12-15T11:32:27","guid":{"rendered":"https:\/\/entreculturasi.wpenginepowered.com\/?noticias=ilustro-para-contar-historias-y-cuento-historias-ilustrando-desiree-acevedo-escritora-del"},"modified":"2024-03-20T11:17:21","modified_gmt":"2024-03-20T10:17:21","slug":"ilustro-para-contar-historias-y-cuento-historias-ilustrando-desiree-acevedo-escritora-del","status":"publish","type":"noticia","link":"https:\/\/www.entreculturas.org\/fr\/noticia\/ilustro-para-contar-historias-y-cuento-historias-ilustrando-desiree-acevedo-escritora-del\/","title":{"rendered":"\u00ab\u00a0Ilustro para contar historias y cuento historias ilustrando\u00a0\u00bb, Desir\u00e9e Acevedo, escritora del cuento \u2018Ni\u00f1a Colibr\u00ed\u2019"},"content":{"rendered":"<\/p>\n<p><strong>Adem\u00e1s de escribir e ilustrar, Desir\u00e9e tiene muchas aficiones: el cine, la m\u00fasica, leer, hacer puzzles y estar y jugar con su hijo. Escribe cuentos de manera profesional desde hace cuatro a\u00f1os, aunque siempre ha dibujado y escrito historias. Cuenta que \u201cera una ni\u00f1a pegada a un l\u00e1piz\u201d: crear era su juego favorito, y lo sigue siendo.<\/strong><\/p>\n<p><span style=\"color:#FF0000\"><strong>\u00bfIlustrar para contar historias o contar historias para ilustrar?<\/strong><\/span><br \/>No puedo separar una cosa de la otra: tanto escribir como ilustrar forman parte de un todo para m\u00ed. Ilustro para contar historias y cuento historias ilustrando. Esa es la magia del \u00e1lbum ilustrado: que ambas partes se fusionan para crear magia y yo me siento como pez en el agua creando mis proyectos.<\/p>\n<p><span style=\"color:#FF0000\"><strong>\u00bfC\u00f3mo conociste la campa\u00f1a<\/strong><\/span><strong><span style=\"color:#FF0000\"> <\/span><a href=\"https:\/\/www.laluzdelasninas.org\/\"><span style=\"color:#FF0000\">La Luz de las Ni\u00f1as<\/span><\/a><\/strong><span style=\"color:#FF0000\"><strong>?<\/strong><\/span><br \/>Un d\u00eda vi un v\u00eddeo de Rozal\u00e9n en Guatemala hablando del proyecto. Despert\u00f3 en m\u00ed mucha curiosidad y estuve investigando sobre el tema. Me pareci\u00f3 maravillosa la labor de Entreculturas. La Luz de las Ni\u00f1as me parece un proyecto muy necesario para ayudar a esas ni\u00f1as que est\u00e1n en una situaci\u00f3n de riesgo. Es importante conocer esa realidad y, si es posible aportar nuestro granito de arena, pues mucho mejor.<\/p>\n<p><span style=\"color:#FF0000\"><strong>\u00bfQu\u00e9 te llev\u00f3 a escribir el cuento de \u2018Ni\u00f1a Colibr\u00ed\u2019?&nbsp;<\/strong><\/span><br \/>Se me ocurri\u00f3 que escribiendo sobre estas ni\u00f1as podr\u00eda conocerse m\u00e1s su realidad. No fue f\u00e1cil encontrar la forma de hacerlo desde el m\u00e1s absoluto respeto e intentar explicar en palabras que puedan comprender tambi\u00e9n los ni\u00f1os, ya que este mensaje es importante que llegue a todas partes. Adem\u00e1s, quer\u00eda que fuera un proyecto solidario que, gracias a la Editorial \u2018<em>Tu cuento y t\u00fa<\/em>\u2019, ha podido hacerse realidad.<\/p>\n<p><strong><span style=\"color:#FF0000\">\u00bfC\u00f3mo fue el trabajo creativo y de implicaci\u00f3n en el cuento entre t\u00fa y Silvia \u00c1lvarez?&nbsp;<\/span><\/strong><br \/>Silvia es una de mis ilustradoras favoritas, su forma de usar los colores y de crear personajes es \u00fanica. Con Silvia, adem\u00e1s, comparto una bonita amistad. En todo momento est\u00e1bamos en contacto, tanto ella como Julia, la editora. Todo el proceso ha sido vivido con mucho amor y mimo, con mucha ilusi\u00f3n y esperanza. Adem\u00e1s, quien conoce el trabajo de Silvia sabe que en sus libros siempre se cuelan los colibr\u00edes: desde que escrib\u00ed la historia pens\u00e9 en ella .&nbsp;<\/p>\n<p><span style=\"color:#FF0000\"><strong>\u00bfCu\u00e1l es el mensaje m\u00e1s poderoso que tiene este cuento y qu\u00e9 ense\u00f1anzas quieres reforzar?<\/strong><\/span><br \/>Quiero que se sumerjan en la realidad de una ni\u00f1a que no puede volar, que el apoyo, la ayuda y el acompa\u00f1amiento son vitales en el proceso de crecimiento de las personas, sobre todo en la vida de las personas que tienen una situaci\u00f3n dif\u00edcil. Al terminar de leer la historia viene la segunda parte donde se explica por qu\u00e9 se cre\u00f3 el libro, se habla de Entreculturas y todo lo que hace en multitud de pa\u00edses, y esa es otras de las ense\u00f1anzas que quer\u00edamos reflejar: que sepan que hay personas que est\u00e1n dispuestas a ayudar y que entre todos podemos hacerlo posible.<\/p>\n","protected":false},"excerpt":{"rendered":"<p>Desir\u00e9e Acevedo es escritora de cuentos de manera profesional desde hace cuatro a\u00f1os, aunque siempre ha dibujado y escrito historias. Cuenta que \u201cera una ni\u00f1a pegada a un l\u00e1piz\u201d: crear era su juego favorito, y lo sigue siendo.<\/p>\n","protected":false},"featured_media":5382,"template":"single-noticia","meta":{"_acf_changed":false},"categories":[7],"tags":[8],"country":[],"cause":[132],"class_list":["post-5383","noticia","type-noticia","status-publish","has-post-thumbnail","hentry","category-noticia","tag-participacion-y-ciudadania-global","cause-participacion-y-ciudadania-global"],"acf":[],"yoast_head":"<!-- This site is optimized with the Yoast SEO Premium plugin v21.6 (Yoast SEO v27.5) - https:\/\/yoast.com\/product\/yoast-seo-premium-wordpress\/ -->\n<title>&quot;Ilustro para contar historias y cuento historias ilustrando&quot;, Desir\u00e9e Acevedo, escritora del cuento \u2018Ni\u00f1a Colibr\u00ed\u2019 - Entreculturas<\/title>\n<meta name=\"robots\" content=\"index, follow, max-snippet:-1, max-image-preview:large, max-video-preview:-1\" \/>\n<link rel=\"canonical\" href=\"https:\/\/www.entreculturas.org\/fr\/noticia\/ilustro-para-contar-historias-y-cuento-historias-ilustrando-desiree-acevedo-escritora-del\/\" \/>\n<meta property=\"og:locale\" content=\"fr_FR\" \/>\n<meta property=\"og:type\" content=\"article\" \/>\n<meta property=\"og:title\" content=\"&quot;Ilustro para contar historias y cuento historias ilustrando&quot;, Desir\u00e9e Acevedo, escritora del cuento \u2018Ni\u00f1a Colibr\u00ed\u2019\" \/>\n<meta property=\"og:description\" content=\"Desir\u00e9e Acevedo es escritora de cuentos de manera profesional desde hace cuatro a\u00f1os, aunque siempre ha dibujado y escrito historias. Cuenta que \u201cera una ni\u00f1a pegada a un l\u00e1piz\u201d: crear era su juego favorito, y lo sigue siendo.\" \/>\n<meta property=\"og:url\" content=\"https:\/\/www.entreculturas.org\/fr\/noticia\/ilustro-para-contar-historias-y-cuento-historias-ilustrando-desiree-acevedo-escritora-del\/\" \/>\n<meta property=\"og:site_name\" content=\"Entreculturas\" \/>\n<meta property=\"article:publisher\" content=\"https:\/\/www.facebook.com\/entreculturas\" \/>\n<meta property=\"article:modified_time\" content=\"2024-03-20T10:17:21+00:00\" \/>\n<meta property=\"og:image\" content=\"https:\/\/www.entreculturas.org\/wp-content\/uploads\/2020\/12\/dscf2658.jpg\" \/>\n\t<meta property=\"og:image:width\" content=\"1200\" \/>\n\t<meta property=\"og:image:height\" content=\"797\" \/>\n\t<meta property=\"og:image:type\" content=\"image\/jpeg\" \/>\n<meta name=\"twitter:card\" content=\"summary_large_image\" \/>\n<meta name=\"twitter:site\" content=\"@Entreculturas\" \/>\n<script type=\"application\/ld+json\" class=\"yoast-schema-graph\">{\"@context\":\"https:\\\/\\\/schema.org\",\"@graph\":[{\"@type\":\"WebPage\",\"@id\":\"https:\\\/\\\/www.entreculturas.org\\\/fr\\\/noticia\\\/ilustro-para-contar-historias-y-cuento-historias-ilustrando-desiree-acevedo-escritora-del\\\/\",\"url\":\"https:\\\/\\\/www.entreculturas.org\\\/fr\\\/noticia\\\/ilustro-para-contar-historias-y-cuento-historias-ilustrando-desiree-acevedo-escritora-del\\\/\",\"name\":\"\\\"Ilustro para contar historias y cuento historias ilustrando\\\", Desir\u00e9e Acevedo, escritora del cuento \u2018Ni\u00f1a Colibr\u00ed\u2019 - Entreculturas\",\"isPartOf\":{\"@id\":\"https:\\\/\\\/www.entreculturas.org\\\/fr\\\/#website\"},\"primaryImageOfPage\":{\"@id\":\"https:\\\/\\\/www.entreculturas.org\\\/fr\\\/noticia\\\/ilustro-para-contar-historias-y-cuento-historias-ilustrando-desiree-acevedo-escritora-del\\\/#primaryimage\"},\"image\":{\"@id\":\"https:\\\/\\\/www.entreculturas.org\\\/fr\\\/noticia\\\/ilustro-para-contar-historias-y-cuento-historias-ilustrando-desiree-acevedo-escritora-del\\\/#primaryimage\"},\"thumbnailUrl\":\"https:\\\/\\\/www.entreculturas.org\\\/wp-content\\\/uploads\\\/2020\\\/12\\\/dscf2658.jpg\",\"datePublished\":\"2020-12-15T11:32:27+00:00\",\"dateModified\":\"2024-03-20T10:17:21+00:00\",\"breadcrumb\":{\"@id\":\"https:\\\/\\\/www.entreculturas.org\\\/fr\\\/noticia\\\/ilustro-para-contar-historias-y-cuento-historias-ilustrando-desiree-acevedo-escritora-del\\\/#breadcrumb\"},\"inLanguage\":\"fr-FR\",\"potentialAction\":[{\"@type\":\"ReadAction\",\"target\":[\"https:\\\/\\\/www.entreculturas.org\\\/fr\\\/noticia\\\/ilustro-para-contar-historias-y-cuento-historias-ilustrando-desiree-acevedo-escritora-del\\\/\"]}]},{\"@type\":\"ImageObject\",\"inLanguage\":\"fr-FR\",\"@id\":\"https:\\\/\\\/www.entreculturas.org\\\/fr\\\/noticia\\\/ilustro-para-contar-historias-y-cuento-historias-ilustrando-desiree-acevedo-escritora-del\\\/#primaryimage\",\"url\":\"https:\\\/\\\/www.entreculturas.org\\\/wp-content\\\/uploads\\\/2020\\\/12\\\/dscf2658.jpg\",\"contentUrl\":\"https:\\\/\\\/www.entreculturas.org\\\/wp-content\\\/uploads\\\/2020\\\/12\\\/dscf2658.jpg\",\"width\":1200,\"height\":797},{\"@type\":\"BreadcrumbList\",\"@id\":\"https:\\\/\\\/www.entreculturas.org\\\/fr\\\/noticia\\\/ilustro-para-contar-historias-y-cuento-historias-ilustrando-desiree-acevedo-escritora-del\\\/#breadcrumb\",\"itemListElement\":[{\"@type\":\"ListItem\",\"position\":1,\"name\":\"Home\",\"item\":\"https:\\\/\\\/www.entreculturas.org\\\/fr\\\/\"},{\"@type\":\"ListItem\",\"position\":2,\"name\":\"Noticias\",\"item\":\"https:\\\/\\\/www.entreculturas.org\\\/fr\\\/noticias\\\/\"},{\"@type\":\"ListItem\",\"position\":3,\"name\":\"\u00ab\u00a0Ilustro para contar historias y cuento historias ilustrando\u00a0\u00bb, Desir\u00e9e Acevedo, escritora del cuento \u2018Ni\u00f1a Colibr\u00ed\u2019\"}]},{\"@type\":\"WebSite\",\"@id\":\"https:\\\/\\\/www.entreculturas.org\\\/fr\\\/#website\",\"url\":\"https:\\\/\\\/www.entreculturas.org\\\/fr\\\/\",\"name\":\"Entreculturas\",\"description\":\"\",\"publisher\":{\"@id\":\"https:\\\/\\\/www.entreculturas.org\\\/fr\\\/#organization\"},\"alternateName\":\"Entreculturas\",\"potentialAction\":[{\"@type\":\"SearchAction\",\"target\":{\"@type\":\"EntryPoint\",\"urlTemplate\":\"https:\\\/\\\/www.entreculturas.org\\\/fr\\\/?s={search_term_string}\"},\"query-input\":{\"@type\":\"PropertyValueSpecification\",\"valueRequired\":true,\"valueName\":\"search_term_string\"}}],\"inLanguage\":\"fr-FR\"},{\"@type\":\"Organization\",\"@id\":\"https:\\\/\\\/www.entreculturas.org\\\/fr\\\/#organization\",\"name\":\"Entreculturas\",\"url\":\"https:\\\/\\\/www.entreculturas.org\\\/fr\\\/\",\"logo\":{\"@type\":\"ImageObject\",\"inLanguage\":\"fr-FR\",\"@id\":\"https:\\\/\\\/www.entreculturas.org\\\/fr\\\/#\\\/schema\\\/logo\\\/image\\\/\",\"url\":\"https:\\\/\\\/www.entreculturas.org\\\/wp-content\\\/uploads\\\/2025\\\/10\\\/ESP.svg\",\"contentUrl\":\"https:\\\/\\\/www.entreculturas.org\\\/wp-content\\\/uploads\\\/2025\\\/10\\\/ESP.svg\",\"caption\":\"Entreculturas\"},\"image\":{\"@id\":\"https:\\\/\\\/www.entreculturas.org\\\/fr\\\/#\\\/schema\\\/logo\\\/image\\\/\"},\"sameAs\":[\"https:\\\/\\\/www.facebook.com\\\/entreculturas\",\"https:\\\/\\\/x.com\\\/Entreculturas\",\"https:\\\/\\\/www.instagram.com\\\/entreculturas\\\/\",\"https:\\\/\\\/www.youtube.com\\\/user\\\/entreculturasvideo\",\"https:\\\/\\\/www.linkedin.com\\\/company\\\/fundacion-entreculturas-ngdo\\\/\",\"https:\\\/\\\/www.flickr.com\\\/photos\\\/98455522@N04\\\/albums\\\/\"]}]}<\/script>\n<!-- \/ Yoast SEO Premium plugin. -->","yoast_head_json":{"title":"\"Ilustro para contar historias y cuento historias ilustrando\", Desir\u00e9e Acevedo, escritora del cuento \u2018Ni\u00f1a Colibr\u00ed\u2019 - Entreculturas","robots":{"index":"index","follow":"follow","max-snippet":"max-snippet:-1","max-image-preview":"max-image-preview:large","max-video-preview":"max-video-preview:-1"},"canonical":"https:\/\/www.entreculturas.org\/fr\/noticia\/ilustro-para-contar-historias-y-cuento-historias-ilustrando-desiree-acevedo-escritora-del\/","og_locale":"fr_FR","og_type":"article","og_title":"\"Ilustro para contar historias y cuento historias ilustrando\", Desir\u00e9e Acevedo, escritora del cuento \u2018Ni\u00f1a Colibr\u00ed\u2019","og_description":"Desir\u00e9e Acevedo es escritora de cuentos de manera profesional desde hace cuatro a\u00f1os, aunque siempre ha dibujado y escrito historias. Cuenta que \u201cera una ni\u00f1a pegada a un l\u00e1piz\u201d: crear era su juego favorito, y lo sigue siendo.","og_url":"https:\/\/www.entreculturas.org\/fr\/noticia\/ilustro-para-contar-historias-y-cuento-historias-ilustrando-desiree-acevedo-escritora-del\/","og_site_name":"Entreculturas","article_publisher":"https:\/\/www.facebook.com\/entreculturas","article_modified_time":"2024-03-20T10:17:21+00:00","og_image":[{"width":1200,"height":797,"url":"https:\/\/www.entreculturas.org\/wp-content\/uploads\/2020\/12\/dscf2658.jpg","type":"image\/jpeg"}],"twitter_card":"summary_large_image","twitter_site":"@Entreculturas","schema":{"@context":"https:\/\/schema.org","@graph":[{"@type":"WebPage","@id":"https:\/\/www.entreculturas.org\/fr\/noticia\/ilustro-para-contar-historias-y-cuento-historias-ilustrando-desiree-acevedo-escritora-del\/","url":"https:\/\/www.entreculturas.org\/fr\/noticia\/ilustro-para-contar-historias-y-cuento-historias-ilustrando-desiree-acevedo-escritora-del\/","name":"\"Ilustro para contar historias y cuento historias ilustrando\", Desir\u00e9e Acevedo, escritora del cuento \u2018Ni\u00f1a Colibr\u00ed\u2019 - Entreculturas","isPartOf":{"@id":"https:\/\/www.entreculturas.org\/fr\/#website"},"primaryImageOfPage":{"@id":"https:\/\/www.entreculturas.org\/fr\/noticia\/ilustro-para-contar-historias-y-cuento-historias-ilustrando-desiree-acevedo-escritora-del\/#primaryimage"},"image":{"@id":"https:\/\/www.entreculturas.org\/fr\/noticia\/ilustro-para-contar-historias-y-cuento-historias-ilustrando-desiree-acevedo-escritora-del\/#primaryimage"},"thumbnailUrl":"https:\/\/www.entreculturas.org\/wp-content\/uploads\/2020\/12\/dscf2658.jpg","datePublished":"2020-12-15T11:32:27+00:00","dateModified":"2024-03-20T10:17:21+00:00","breadcrumb":{"@id":"https:\/\/www.entreculturas.org\/fr\/noticia\/ilustro-para-contar-historias-y-cuento-historias-ilustrando-desiree-acevedo-escritora-del\/#breadcrumb"},"inLanguage":"fr-FR","potentialAction":[{"@type":"ReadAction","target":["https:\/\/www.entreculturas.org\/fr\/noticia\/ilustro-para-contar-historias-y-cuento-historias-ilustrando-desiree-acevedo-escritora-del\/"]}]},{"@type":"ImageObject","inLanguage":"fr-FR","@id":"https:\/\/www.entreculturas.org\/fr\/noticia\/ilustro-para-contar-historias-y-cuento-historias-ilustrando-desiree-acevedo-escritora-del\/#primaryimage","url":"https:\/\/www.entreculturas.org\/wp-content\/uploads\/2020\/12\/dscf2658.jpg","contentUrl":"https:\/\/www.entreculturas.org\/wp-content\/uploads\/2020\/12\/dscf2658.jpg","width":1200,"height":797},{"@type":"BreadcrumbList","@id":"https:\/\/www.entreculturas.org\/fr\/noticia\/ilustro-para-contar-historias-y-cuento-historias-ilustrando-desiree-acevedo-escritora-del\/#breadcrumb","itemListElement":[{"@type":"ListItem","position":1,"name":"Home","item":"https:\/\/www.entreculturas.org\/fr\/"},{"@type":"ListItem","position":2,"name":"Noticias","item":"https:\/\/www.entreculturas.org\/fr\/noticias\/"},{"@type":"ListItem","position":3,"name":"\u00ab\u00a0Ilustro para contar historias y cuento historias ilustrando\u00a0\u00bb, Desir\u00e9e Acevedo, escritora del cuento \u2018Ni\u00f1a Colibr\u00ed\u2019"}]},{"@type":"WebSite","@id":"https:\/\/www.entreculturas.org\/fr\/#website","url":"https:\/\/www.entreculturas.org\/fr\/","name":"Entreculturas","description":"","publisher":{"@id":"https:\/\/www.entreculturas.org\/fr\/#organization"},"alternateName":"Entreculturas","potentialAction":[{"@type":"SearchAction","target":{"@type":"EntryPoint","urlTemplate":"https:\/\/www.entreculturas.org\/fr\/?s={search_term_string}"},"query-input":{"@type":"PropertyValueSpecification","valueRequired":true,"valueName":"search_term_string"}}],"inLanguage":"fr-FR"},{"@type":"Organization","@id":"https:\/\/www.entreculturas.org\/fr\/#organization","name":"Entreculturas","url":"https:\/\/www.entreculturas.org\/fr\/","logo":{"@type":"ImageObject","inLanguage":"fr-FR","@id":"https:\/\/www.entreculturas.org\/fr\/#\/schema\/logo\/image\/","url":"https:\/\/www.entreculturas.org\/wp-content\/uploads\/2025\/10\/ESP.svg","contentUrl":"https:\/\/www.entreculturas.org\/wp-content\/uploads\/2025\/10\/ESP.svg","caption":"Entreculturas"},"image":{"@id":"https:\/\/www.entreculturas.org\/fr\/#\/schema\/logo\/image\/"},"sameAs":["https:\/\/www.facebook.com\/entreculturas","https:\/\/x.com\/Entreculturas","https:\/\/www.instagram.com\/entreculturas\/","https:\/\/www.youtube.com\/user\/entreculturasvideo","https:\/\/www.linkedin.com\/company\/fundacion-entreculturas-ngdo\/","https:\/\/www.flickr.com\/photos\/98455522@N04\/albums\/"]}]}},"_links":{"self":[{"href":"https:\/\/www.entreculturas.org\/fr\/wp-json\/wp\/v2\/noticia\/5383","targetHints":{"allow":["GET"]}}],"collection":[{"href":"https:\/\/www.entreculturas.org\/fr\/wp-json\/wp\/v2\/noticia"}],"about":[{"href":"https:\/\/www.entreculturas.org\/fr\/wp-json\/wp\/v2\/types\/noticia"}],"wp:featuredmedia":[{"embeddable":true,"href":"https:\/\/www.entreculturas.org\/fr\/wp-json\/wp\/v2\/media\/5382"}],"wp:attachment":[{"href":"https:\/\/www.entreculturas.org\/fr\/wp-json\/wp\/v2\/media?parent=5383"}],"wp:term":[{"taxonomy":"category","embeddable":true,"href":"https:\/\/www.entreculturas.org\/fr\/wp-json\/wp\/v2\/categories?post=5383"},{"taxonomy":"post_tag","embeddable":true,"href":"https:\/\/www.entreculturas.org\/fr\/wp-json\/wp\/v2\/tags?post=5383"},{"taxonomy":"country","embeddable":true,"href":"https:\/\/www.entreculturas.org\/fr\/wp-json\/wp\/v2\/country?post=5383"},{"taxonomy":"cause","embeddable":true,"href":"https:\/\/www.entreculturas.org\/fr\/wp-json\/wp\/v2\/cause?post=5383"}],"curies":[{"name":"wp","href":"https:\/\/api.w.org\/{rel}","templated":true}]}}