{"id":5363,"date":"2020-12-09T09:19:42","date_gmt":"2020-12-09T09:19:42","guid":{"rendered":"https:\/\/entreculturasi.wpenginepowered.com\/?noticias=una-mirada-que-acompana-200000-personas-que-viven-en-contextos-de-refugio-exclusion-pobreza"},"modified":"2024-03-06T15:33:35","modified_gmt":"2024-03-06T14:33:35","slug":"una-mirada-que-acompana-200000-personas-que-viven-en-contextos-de-refugio-exclusion-pobreza","status":"publish","type":"noticia","link":"https:\/\/www.entreculturas.org\/fr\/noticia\/una-mirada-que-acompana-200000-personas-que-viven-en-contextos-de-refugio-exclusion-pobreza\/","title":{"rendered":"Una mirada que acompa\u00f1a a 200.000 personas que viven en contextos de refugio, exclusi\u00f3n, pobreza o violencia en 38 pa\u00edses"},"content":{"rendered":"<p>Se acerca la Navidad, un tiempo siempre especial y lleno de alegr\u00eda, de momentos para compartir y de buenos deseos. Sin embargo, este a\u00f1o nos va a tocar vivir esta Navidad de forma muy diferente. Este a\u00f1o en el que no hemos podido vernos como quisi\u00e9ramos, que hemos vivido situaciones dif\u00edciles, en la distancia, quiz\u00e1s en el dolor, que no hemos podido ver nuestros rostros completos, <strong>desde Entreculturas queremos&nbsp;agradecer&nbsp;las miradas que han seguido estando ah\u00ed a pesar de todo, que han seguido acompa\u00f1ando nuestra misi\u00f3n<\/strong>, estando cerca de quienes m\u00e1s nos necesitan y&nbsp;haciendo posible que la mirada de la educaci\u00f3n siga presente en las vidas de miles de ni\u00f1os y ni\u00f1as.&nbsp;<\/p>\n<p>Por eso hoy hemos lanzado la campa\u00f1a<a href=\"https:\/\/navidad.entreculturas.org\/\" target=\"_blank\" rel=\"noopener\"> \u201cPor encima de todo, gracias por tu mirada\u201d<\/a> para agradecer esas miradas que nos siguen uniendo, nos siguen acercando y acompa\u00f1ando. Miradas que sostienen, que hacen posible que <strong>sigamos apoyando a m\u00e1s de 200.000 personas que viven en contextos de refugio, exclusi\u00f3n, pobreza o violencia en 38 pa\u00edses de Am\u00e9rica Latina, \u00c1frica y Asia.<\/strong><\/p>\n<p>Vivimos&nbsp; un tiempo dif\u00edcil que nos invita a reinventar nuevas formas de estar cerca, de acompa\u00f1ar y de crecer. Un tiempo tambi\u00e9n para no olvidar que, a pesar de todo, la esperanza vuelve a renacer, vuelve a iluminar el mundo y a transformar nuestra mirada, nuestra forma de ver la realidad. \u201cY es esa mirada&nbsp; que permanece, que contin\u00faa a nuestro lado, en este a\u00f1o que termina y que ha sido tan duro y extra\u00f1o para todos, la que<strong> nos ha llenado de confianza y fuerza para seguir trabajando d\u00eda a d\u00eda y hacer realidad nuestra misi\u00f3n<\/strong>\u201d explica Raquel Mart\u00edn, Directora de Comunicaci\u00f3n y Desarrollo Institucional de Entreculturas.&nbsp;<\/p>\n<p>Una mirada que nos empuja a mantener el acceso a las oportunidades en mitad de esta crisis educativa global en la que<strong> m\u00e1s de 1.600 millones de ni\u00f1os y ni\u00f1as han visto interrumpido su derecho a la educaci\u00f3n<\/strong>. Como en L\u00edbano, R. D. del Congo, Guatemala o Argentina, donde, a trav\u00e9s de la radio, la educaci\u00f3n a distancia, el acompa\u00f1amiento a las poblaciones refugiadas y el acceso a condiciones de vida digna, Entreculturas sigue haciendo posible que los derechos fundamentales no se detengan.&nbsp;<\/p>\n<p><span style=\"color:#FF0000\"><strong>Una mirada de esperanza en Chad<\/strong><\/span><\/p>\n<p>Junto al Servicio Jesuita a Refugiados, trabajamos para garantizar la educaci\u00f3n de la poblaci\u00f3n desplazada y refugiada en el Este de Chad. Ante el Covid-19, ha continuado sensibilizando, tanto al alumnado como a las comunidades, sobre el virus, y as\u00ed ayudar a la prevenci\u00f3n de su propagaci\u00f3n. Ha facilitado el lavado de manos y evitado aglomeraciones para que las aulas sean lo m\u00e1s seguras posible y la educaci\u00f3n pueda seguir abriendo oportunidades de futuro.<\/p>\n<p><span style=\"color:#FF0000\"><strong>Una mirada que no deja a nadie atr\u00e1s en Ecuador<\/strong><\/span><\/p>\n<p>En Ecuador, la emergencia sanitaria se suma a la crisis financiera que sufre el pa\u00eds, afectando especialmente a las personas m\u00e1s vulnerables. Junto a Fe y Alegr\u00eda, ofrecemos acompa\u00f1amiento educativo a m\u00e1s de 3.200 ni\u00f1as, ni\u00f1os y adolescentes. Dota a docentes y familias de recursos tecnol\u00f3gicos, formaci\u00f3n y medios de comunicaci\u00f3n para un aprendizaje adaptado a las nuevas circunstancias. Para que nadie quede atr\u00e1s y la mirada de la educaci\u00f3n contin\u00fae donde m\u00e1s se necesita.<\/p>\n<p><span style=\"color:#FF0000\"><strong>Una mirada que acorta distancias en Amazon\u00eda<\/strong><\/span><\/p>\n<p>En el Vicariato de San Jos\u00e9 del Amazonas, en la selva peruana, los pueblos ind\u00edgenas en situaci\u00f3n de aislamiento son los m\u00e1s vulnerables. Impedir que el covid-19 llegue es fundamental. Junto al Servicio Jesuita Panamaz\u00f3nico, repartimos&nbsp;alimentos a las familias, ofrece informaci\u00f3n y material sanitario para la protecci\u00f3n frente al virus. Cuenta con equipos m\u00e9dicos b\u00e1sicos para la atenci\u00f3n de personas afectadas. Para seguir mirando a cada persona y continuar a su lado.&nbsp;<\/p>\n<p>&nbsp;<\/p>\n<p>&nbsp;<\/p>\n<p><span><strong><span style=\"font-size: 20px\">ELEMENTOS DE LA CAMPA\u00d1A<\/span><\/strong><\/span><\/p>\n<table border=\"0\" cellpadding=\"0\" cellspacing=\"8\" style=\"width: 1088px\">\n<tbody>\n<tr>\n<td rowspan=\"1\" style=\"width: 250px\"><\/td>\n<td style=\"width: 400px\">\n<p><span style=\"font-size: 14px\"><strong>POR ENCIMA DE TODO, GRACIAS POR TU MIRADA<\/strong><\/span><br \/>En la <a href=\"https:\/\/navidad.entreculturas.org\/\" target=\"_blank\" rel=\"noopener\">web de la campa\u00f1a<\/a>, podemos encontrar toda la informaci\u00f3n, incluyendo nuestra acci\u00f3n en tres realidades diferentes: Chad, Ecuador y Amazon\u00eda.<\/p>\n<\/td>\n<\/tr>\n<tr>\n<td style=\"width: 250px\">&nbsp;<\/td>\n<td style=\"width: 400px\">&nbsp;<\/td>\n<\/tr>\n<tr>\n<td style=\"width: 250px\">&nbsp;<\/td>\n<td style=\"width: 400px\">&nbsp;<\/td>\n<\/tr>\n<tr>\n<td style=\"width: 250px\">&nbsp;<\/td>\n<td style=\"width: 400px\">&nbsp;<\/td>\n<\/tr>\n<tr>\n<td rowspan=\"1\"><img decoding=\"async\" alt=\"\" src=\"https:\/\/www.entreculturas.org\/sites\/default\/files\/mails\/Navidad\/2020\/2\" style=\"width: 200px;height: 113px\"><\/td>\n<td>\n<p><span style=\"font-size: 14px\"><strong>UNA MIRADA QUE SIEMBRA ESPERANZA<\/strong><\/span><br \/>En el <a href=\"https:\/\/youtu.be\/rLGxthbuwis\" target=\"_blank\" rel=\"noopener\">v\u00eddeo de la campa\u00f1a<\/a> mostramos ejemplos de miradas que forman parte de Entreculturas y hacen posible que sigamos adelante, al lado de las personas m\u00e1s vulnerables.&nbsp;<\/p>\n<\/td>\n<\/tr>\n<tr>\n<td>&nbsp;<\/td>\n<td>&nbsp;<\/td>\n<\/tr>\n<tr>\n<td>&nbsp;<\/td>\n<td>&nbsp;<\/td>\n<\/tr>\n<tr>\n<td>&nbsp;<\/td>\n<td>&nbsp;<\/td>\n<\/tr>\n<tr>\n<td rowspan=\"1\"><img decoding=\"async\" alt=\"\" src=\"https:\/\/www.entreculturas.org\/sites\/default\/files\/mails\/Navidad\/2020\/4\" style=\"width: 150px;height: 216px\"><\/td>\n<td>\n<p><span style=\"font-size: 14px\"><strong>UNA MIRADA QUE ACORTA DISTANCIAS<\/strong><\/span><br \/>A trav\u00e9s de la <a href=\"https:\/\/navidad.entreculturas.org\/pdf\/unidad_didactica_navidad_2020.pdf\" target=\"_blank\" rel=\"noopener\">unidad did\u00e1ctica<\/a> de la campa\u00f1a, que podemos trabajar tanto en el aula como con nuestras familias y entorno cercano, reflexionamos sobre la importancia de mantener una mirada esperanza ante las dificultades. Una propuesta que nos permite abrir los ojos a lo que verdaderamente importa y a hacerlo desde el coraz\u00f3n.<\/p>\n<\/td>\n<\/tr>\n<tr>\n<td>&nbsp;<\/td>\n<td>&nbsp;<\/td>\n<\/tr>\n<tr>\n<td>&nbsp;<\/td>\n<td>&nbsp;<\/td>\n<\/tr>\n<tr>\n<td>&nbsp;<\/td>\n<td>&nbsp;<\/td>\n<\/tr>\n<tr>\n<td rowspan=\"1\"><img decoding=\"async\" alt=\"\" src=\"https:\/\/www.entreculturas.org\/sites\/default\/files\/mails\/Navidad\/2020\/5\" style=\"width: 150px;height: 212px\"><\/td>\n<td>\n<p><span style=\"font-size: 14px\"><strong>UNA MIRADA QUE ACOGE Y ABRAZA<\/strong><\/span><br \/>En nuestro <a href=\"https:\/\/www.entreculturas.org\/informate\/publicaciones\/revista-trimestral\" target=\"_blank\" rel=\"noopener\">bolet\u00edn trimestral n\u00ba 80<\/a>, adem\u00e1s de recoger las noticias m\u00e1s destacadas, tenemos una mirada especial a las acciones que estamos desarrollando para que nuestros estudiantes puedan continuar con su educaci\u00f3n y todo lo que \u00e9sta hace posible.<\/p>\n<\/td>\n<\/tr>\n<tr>\n<td>&nbsp;<\/td>\n<td>&nbsp;<\/td>\n<\/tr>\n<tr>\n<td>&nbsp;<\/td>\n<td>&nbsp;<\/td>\n<\/tr>\n<tr>\n<td>&nbsp;<\/td>\n<td>&nbsp;<\/td>\n<\/tr>\n<tr>\n<td rowspan=\"1\"><img decoding=\"async\" alt=\"\" src=\"https:\/\/www.entreculturas.org\/sites\/default\/files\/mails\/Navidad\/2019\/7.jpg\" style=\"width: 200px;height: 114px\"><\/td>\n<td>\n<p><span style=\"font-size: 14px\"><strong>#GRACIASPORTUMIRADA<\/strong><\/span><br \/>Cada una de nosotras y nosotros hace que la campa\u00f1a llegue m\u00e1s lejos y a m\u00e1s personas. En<a href=\"https:\/\/docs.google.com\/document\/d\/12bSZPTFOm5u2c4AOD9N8tXQajkczNKN7u_o3SZJvn18\/edit\" target=\"_blank\" rel=\"noopener\"> este documento<\/a> encontramos propuestas de contenidos para mover en nuestras redes sociales y, en <a href=\"https:\/\/drive.google.com\/drive\/folders\/1MYJtYMAeqpW6qReYy6ZhVef4Jrwt7VvL\" target=\"_blank\" rel=\"noopener\">esta carpeta<\/a>, las im\u00e1genes y cabeceras de la campa\u00f1a.<\/p>\n<\/td>\n<\/tr>\n<\/tbody>\n<\/table>\n<p>&nbsp;<\/p>\n","protected":false},"excerpt":{"rendered":"<p>Este a\u00f1o en el que no hemos podido vernos como quisi\u00e9ramos, que hemos vivido situaciones dif\u00edciles, en la distancia, quiz\u00e1s en el dolor, que no hemos podido ver nuestros rostros completos, desde Entreculturas queremos agradecer las miradas que han seguido estando ah\u00ed a pesar de todo, que han seguido acompa\u00f1ando nuestra misi\u00f3n, estando cerca de quienes m\u00e1s nos necesitan y haciendo posible que la mirada de la educaci\u00f3n siga presente en las vidas de miles de ni\u00f1os y ni\u00f1as. <\/p>\n","protected":false},"featured_media":5365,"template":"single-noticia","meta":{"_acf_changed":false},"categories":[7],"tags":[10],"country":[],"cause":[129],"class_list":["post-5363","noticia","type-noticia","status-publish","has-post-thumbnail","hentry","category-noticia","tag-migracion-y-refugio","cause-migracion-y-refugio"],"acf":[],"yoast_head":"<!-- This site is optimized with the Yoast SEO Premium plugin v21.6 (Yoast SEO v27.5) - https:\/\/yoast.com\/product\/yoast-seo-premium-wordpress\/ -->\n<title>Una mirada que acompa\u00f1a a 200.000 personas que viven en contextos de refugio, exclusi\u00f3n, pobreza o violencia en 38 pa\u00edses - Entreculturas<\/title>\n<meta name=\"robots\" content=\"index, follow, max-snippet:-1, max-image-preview:large, max-video-preview:-1\" \/>\n<link rel=\"canonical\" href=\"https:\/\/www.entreculturas.org\/fr\/noticia\/una-mirada-que-acompana-200000-personas-que-viven-en-contextos-de-refugio-exclusion-pobreza\/\" \/>\n<meta property=\"og:locale\" content=\"fr_FR\" \/>\n<meta property=\"og:type\" content=\"article\" \/>\n<meta property=\"og:title\" content=\"Una mirada que acompa\u00f1a a 200.000 personas que viven en contextos de refugio, exclusi\u00f3n, pobreza o violencia en 38 pa\u00edses\" \/>\n<meta property=\"og:description\" content=\"Este a\u00f1o en el que no hemos podido vernos como quisi\u00e9ramos, que hemos vivido situaciones dif\u00edciles, en la distancia, quiz\u00e1s en el dolor, que no hemos podido ver nuestros rostros completos, desde Entreculturas queremos agradecer las miradas que han seguido estando ah\u00ed a pesar de todo, que han seguido acompa\u00f1ando nuestra misi\u00f3n, estando cerca de quienes m\u00e1s nos necesitan y haciendo posible que la mirada de la educaci\u00f3n siga presente en las vidas de miles de ni\u00f1os y ni\u00f1as.\" \/>\n<meta property=\"og:url\" content=\"https:\/\/www.entreculturas.org\/fr\/noticia\/una-mirada-que-acompana-200000-personas-que-viven-en-contextos-de-refugio-exclusion-pobreza\/\" \/>\n<meta property=\"og:site_name\" content=\"Entreculturas\" \/>\n<meta property=\"article:publisher\" content=\"https:\/\/www.facebook.com\/entreculturas\" \/>\n<meta property=\"article:modified_time\" content=\"2024-03-06T14:33:35+00:00\" \/>\n<meta property=\"og:image\" content=\"https:\/\/www.entreculturas.org\/wp-content\/uploads\/2020\/12\/navidad_2020_1080x1080.jpg\" \/>\n\t<meta property=\"og:image:width\" content=\"1080\" \/>\n\t<meta property=\"og:image:height\" content=\"1080\" \/>\n\t<meta property=\"og:image:type\" content=\"image\/jpeg\" \/>\n<meta name=\"twitter:card\" content=\"summary_large_image\" \/>\n<meta name=\"twitter:site\" content=\"@Entreculturas\" \/>\n<script type=\"application\/ld+json\" class=\"yoast-schema-graph\">{\"@context\":\"https:\\\/\\\/schema.org\",\"@graph\":[{\"@type\":\"WebPage\",\"@id\":\"https:\\\/\\\/www.entreculturas.org\\\/fr\\\/noticia\\\/una-mirada-que-acompana-200000-personas-que-viven-en-contextos-de-refugio-exclusion-pobreza\\\/\",\"url\":\"https:\\\/\\\/www.entreculturas.org\\\/fr\\\/noticia\\\/una-mirada-que-acompana-200000-personas-que-viven-en-contextos-de-refugio-exclusion-pobreza\\\/\",\"name\":\"Una mirada que acompa\u00f1a a 200.000 personas que viven en contextos de refugio, exclusi\u00f3n, pobreza o violencia en 38 pa\u00edses - Entreculturas\",\"isPartOf\":{\"@id\":\"https:\\\/\\\/www.entreculturas.org\\\/fr\\\/#website\"},\"primaryImageOfPage\":{\"@id\":\"https:\\\/\\\/www.entreculturas.org\\\/fr\\\/noticia\\\/una-mirada-que-acompana-200000-personas-que-viven-en-contextos-de-refugio-exclusion-pobreza\\\/#primaryimage\"},\"image\":{\"@id\":\"https:\\\/\\\/www.entreculturas.org\\\/fr\\\/noticia\\\/una-mirada-que-acompana-200000-personas-que-viven-en-contextos-de-refugio-exclusion-pobreza\\\/#primaryimage\"},\"thumbnailUrl\":\"https:\\\/\\\/www.entreculturas.org\\\/wp-content\\\/uploads\\\/2020\\\/12\\\/navidad_2020_1080x1080.jpg\",\"datePublished\":\"2020-12-09T09:19:42+00:00\",\"dateModified\":\"2024-03-06T14:33:35+00:00\",\"breadcrumb\":{\"@id\":\"https:\\\/\\\/www.entreculturas.org\\\/fr\\\/noticia\\\/una-mirada-que-acompana-200000-personas-que-viven-en-contextos-de-refugio-exclusion-pobreza\\\/#breadcrumb\"},\"inLanguage\":\"fr-FR\",\"potentialAction\":[{\"@type\":\"ReadAction\",\"target\":[\"https:\\\/\\\/www.entreculturas.org\\\/fr\\\/noticia\\\/una-mirada-que-acompana-200000-personas-que-viven-en-contextos-de-refugio-exclusion-pobreza\\\/\"]}]},{\"@type\":\"ImageObject\",\"inLanguage\":\"fr-FR\",\"@id\":\"https:\\\/\\\/www.entreculturas.org\\\/fr\\\/noticia\\\/una-mirada-que-acompana-200000-personas-que-viven-en-contextos-de-refugio-exclusion-pobreza\\\/#primaryimage\",\"url\":\"https:\\\/\\\/www.entreculturas.org\\\/wp-content\\\/uploads\\\/2020\\\/12\\\/navidad_2020_1080x1080.jpg\",\"contentUrl\":\"https:\\\/\\\/www.entreculturas.org\\\/wp-content\\\/uploads\\\/2020\\\/12\\\/navidad_2020_1080x1080.jpg\",\"width\":1080,\"height\":1080,\"caption\":\"navidad_2020_1080x1080\"},{\"@type\":\"BreadcrumbList\",\"@id\":\"https:\\\/\\\/www.entreculturas.org\\\/fr\\\/noticia\\\/una-mirada-que-acompana-200000-personas-que-viven-en-contextos-de-refugio-exclusion-pobreza\\\/#breadcrumb\",\"itemListElement\":[{\"@type\":\"ListItem\",\"position\":1,\"name\":\"Home\",\"item\":\"https:\\\/\\\/www.entreculturas.org\\\/fr\\\/\"},{\"@type\":\"ListItem\",\"position\":2,\"name\":\"Noticias\",\"item\":\"https:\\\/\\\/www.entreculturas.org\\\/fr\\\/noticias\\\/\"},{\"@type\":\"ListItem\",\"position\":3,\"name\":\"Una mirada que acompa\u00f1a a 200.000 personas que viven en contextos de refugio, exclusi\u00f3n, pobreza o violencia en 38 pa\u00edses\"}]},{\"@type\":\"WebSite\",\"@id\":\"https:\\\/\\\/www.entreculturas.org\\\/fr\\\/#website\",\"url\":\"https:\\\/\\\/www.entreculturas.org\\\/fr\\\/\",\"name\":\"Entreculturas\",\"description\":\"\",\"publisher\":{\"@id\":\"https:\\\/\\\/www.entreculturas.org\\\/fr\\\/#organization\"},\"alternateName\":\"Entreculturas\",\"potentialAction\":[{\"@type\":\"SearchAction\",\"target\":{\"@type\":\"EntryPoint\",\"urlTemplate\":\"https:\\\/\\\/www.entreculturas.org\\\/fr\\\/?s={search_term_string}\"},\"query-input\":{\"@type\":\"PropertyValueSpecification\",\"valueRequired\":true,\"valueName\":\"search_term_string\"}}],\"inLanguage\":\"fr-FR\"},{\"@type\":\"Organization\",\"@id\":\"https:\\\/\\\/www.entreculturas.org\\\/fr\\\/#organization\",\"name\":\"Entreculturas\",\"url\":\"https:\\\/\\\/www.entreculturas.org\\\/fr\\\/\",\"logo\":{\"@type\":\"ImageObject\",\"inLanguage\":\"fr-FR\",\"@id\":\"https:\\\/\\\/www.entreculturas.org\\\/fr\\\/#\\\/schema\\\/logo\\\/image\\\/\",\"url\":\"https:\\\/\\\/www.entreculturas.org\\\/wp-content\\\/uploads\\\/2025\\\/10\\\/ESP.svg\",\"contentUrl\":\"https:\\\/\\\/www.entreculturas.org\\\/wp-content\\\/uploads\\\/2025\\\/10\\\/ESP.svg\",\"caption\":\"Entreculturas\"},\"image\":{\"@id\":\"https:\\\/\\\/www.entreculturas.org\\\/fr\\\/#\\\/schema\\\/logo\\\/image\\\/\"},\"sameAs\":[\"https:\\\/\\\/www.facebook.com\\\/entreculturas\",\"https:\\\/\\\/x.com\\\/Entreculturas\",\"https:\\\/\\\/www.instagram.com\\\/entreculturas\\\/\",\"https:\\\/\\\/www.youtube.com\\\/user\\\/entreculturasvideo\",\"https:\\\/\\\/www.linkedin.com\\\/company\\\/fundacion-entreculturas-ngdo\\\/\",\"https:\\\/\\\/www.flickr.com\\\/photos\\\/98455522@N04\\\/albums\\\/\"]}]}<\/script>\n<!-- \/ Yoast SEO Premium plugin. -->","yoast_head_json":{"title":"Una mirada que acompa\u00f1a a 200.000 personas que viven en contextos de refugio, exclusi\u00f3n, pobreza o violencia en 38 pa\u00edses - Entreculturas","robots":{"index":"index","follow":"follow","max-snippet":"max-snippet:-1","max-image-preview":"max-image-preview:large","max-video-preview":"max-video-preview:-1"},"canonical":"https:\/\/www.entreculturas.org\/fr\/noticia\/una-mirada-que-acompana-200000-personas-que-viven-en-contextos-de-refugio-exclusion-pobreza\/","og_locale":"fr_FR","og_type":"article","og_title":"Una mirada que acompa\u00f1a a 200.000 personas que viven en contextos de refugio, exclusi\u00f3n, pobreza o violencia en 38 pa\u00edses","og_description":"Este a\u00f1o en el que no hemos podido vernos como quisi\u00e9ramos, que hemos vivido situaciones dif\u00edciles, en la distancia, quiz\u00e1s en el dolor, que no hemos podido ver nuestros rostros completos, desde Entreculturas queremos agradecer las miradas que han seguido estando ah\u00ed a pesar de todo, que han seguido acompa\u00f1ando nuestra misi\u00f3n, estando cerca de quienes m\u00e1s nos necesitan y haciendo posible que la mirada de la educaci\u00f3n siga presente en las vidas de miles de ni\u00f1os y ni\u00f1as.","og_url":"https:\/\/www.entreculturas.org\/fr\/noticia\/una-mirada-que-acompana-200000-personas-que-viven-en-contextos-de-refugio-exclusion-pobreza\/","og_site_name":"Entreculturas","article_publisher":"https:\/\/www.facebook.com\/entreculturas","article_modified_time":"2024-03-06T14:33:35+00:00","og_image":[{"width":1080,"height":1080,"url":"https:\/\/www.entreculturas.org\/wp-content\/uploads\/2020\/12\/navidad_2020_1080x1080.jpg","type":"image\/jpeg"}],"twitter_card":"summary_large_image","twitter_site":"@Entreculturas","schema":{"@context":"https:\/\/schema.org","@graph":[{"@type":"WebPage","@id":"https:\/\/www.entreculturas.org\/fr\/noticia\/una-mirada-que-acompana-200000-personas-que-viven-en-contextos-de-refugio-exclusion-pobreza\/","url":"https:\/\/www.entreculturas.org\/fr\/noticia\/una-mirada-que-acompana-200000-personas-que-viven-en-contextos-de-refugio-exclusion-pobreza\/","name":"Una mirada que acompa\u00f1a a 200.000 personas que viven en contextos de refugio, exclusi\u00f3n, pobreza o violencia en 38 pa\u00edses - Entreculturas","isPartOf":{"@id":"https:\/\/www.entreculturas.org\/fr\/#website"},"primaryImageOfPage":{"@id":"https:\/\/www.entreculturas.org\/fr\/noticia\/una-mirada-que-acompana-200000-personas-que-viven-en-contextos-de-refugio-exclusion-pobreza\/#primaryimage"},"image":{"@id":"https:\/\/www.entreculturas.org\/fr\/noticia\/una-mirada-que-acompana-200000-personas-que-viven-en-contextos-de-refugio-exclusion-pobreza\/#primaryimage"},"thumbnailUrl":"https:\/\/www.entreculturas.org\/wp-content\/uploads\/2020\/12\/navidad_2020_1080x1080.jpg","datePublished":"2020-12-09T09:19:42+00:00","dateModified":"2024-03-06T14:33:35+00:00","breadcrumb":{"@id":"https:\/\/www.entreculturas.org\/fr\/noticia\/una-mirada-que-acompana-200000-personas-que-viven-en-contextos-de-refugio-exclusion-pobreza\/#breadcrumb"},"inLanguage":"fr-FR","potentialAction":[{"@type":"ReadAction","target":["https:\/\/www.entreculturas.org\/fr\/noticia\/una-mirada-que-acompana-200000-personas-que-viven-en-contextos-de-refugio-exclusion-pobreza\/"]}]},{"@type":"ImageObject","inLanguage":"fr-FR","@id":"https:\/\/www.entreculturas.org\/fr\/noticia\/una-mirada-que-acompana-200000-personas-que-viven-en-contextos-de-refugio-exclusion-pobreza\/#primaryimage","url":"https:\/\/www.entreculturas.org\/wp-content\/uploads\/2020\/12\/navidad_2020_1080x1080.jpg","contentUrl":"https:\/\/www.entreculturas.org\/wp-content\/uploads\/2020\/12\/navidad_2020_1080x1080.jpg","width":1080,"height":1080,"caption":"navidad_2020_1080x1080"},{"@type":"BreadcrumbList","@id":"https:\/\/www.entreculturas.org\/fr\/noticia\/una-mirada-que-acompana-200000-personas-que-viven-en-contextos-de-refugio-exclusion-pobreza\/#breadcrumb","itemListElement":[{"@type":"ListItem","position":1,"name":"Home","item":"https:\/\/www.entreculturas.org\/fr\/"},{"@type":"ListItem","position":2,"name":"Noticias","item":"https:\/\/www.entreculturas.org\/fr\/noticias\/"},{"@type":"ListItem","position":3,"name":"Una mirada que acompa\u00f1a a 200.000 personas que viven en contextos de refugio, exclusi\u00f3n, pobreza o violencia en 38 pa\u00edses"}]},{"@type":"WebSite","@id":"https:\/\/www.entreculturas.org\/fr\/#website","url":"https:\/\/www.entreculturas.org\/fr\/","name":"Entreculturas","description":"","publisher":{"@id":"https:\/\/www.entreculturas.org\/fr\/#organization"},"alternateName":"Entreculturas","potentialAction":[{"@type":"SearchAction","target":{"@type":"EntryPoint","urlTemplate":"https:\/\/www.entreculturas.org\/fr\/?s={search_term_string}"},"query-input":{"@type":"PropertyValueSpecification","valueRequired":true,"valueName":"search_term_string"}}],"inLanguage":"fr-FR"},{"@type":"Organization","@id":"https:\/\/www.entreculturas.org\/fr\/#organization","name":"Entreculturas","url":"https:\/\/www.entreculturas.org\/fr\/","logo":{"@type":"ImageObject","inLanguage":"fr-FR","@id":"https:\/\/www.entreculturas.org\/fr\/#\/schema\/logo\/image\/","url":"https:\/\/www.entreculturas.org\/wp-content\/uploads\/2025\/10\/ESP.svg","contentUrl":"https:\/\/www.entreculturas.org\/wp-content\/uploads\/2025\/10\/ESP.svg","caption":"Entreculturas"},"image":{"@id":"https:\/\/www.entreculturas.org\/fr\/#\/schema\/logo\/image\/"},"sameAs":["https:\/\/www.facebook.com\/entreculturas","https:\/\/x.com\/Entreculturas","https:\/\/www.instagram.com\/entreculturas\/","https:\/\/www.youtube.com\/user\/entreculturasvideo","https:\/\/www.linkedin.com\/company\/fundacion-entreculturas-ngdo\/","https:\/\/www.flickr.com\/photos\/98455522@N04\/albums\/"]}]}},"_links":{"self":[{"href":"https:\/\/www.entreculturas.org\/fr\/wp-json\/wp\/v2\/noticia\/5363","targetHints":{"allow":["GET"]}}],"collection":[{"href":"https:\/\/www.entreculturas.org\/fr\/wp-json\/wp\/v2\/noticia"}],"about":[{"href":"https:\/\/www.entreculturas.org\/fr\/wp-json\/wp\/v2\/types\/noticia"}],"wp:featuredmedia":[{"embeddable":true,"href":"https:\/\/www.entreculturas.org\/fr\/wp-json\/wp\/v2\/media\/5365"}],"wp:attachment":[{"href":"https:\/\/www.entreculturas.org\/fr\/wp-json\/wp\/v2\/media?parent=5363"}],"wp:term":[{"taxonomy":"category","embeddable":true,"href":"https:\/\/www.entreculturas.org\/fr\/wp-json\/wp\/v2\/categories?post=5363"},{"taxonomy":"post_tag","embeddable":true,"href":"https:\/\/www.entreculturas.org\/fr\/wp-json\/wp\/v2\/tags?post=5363"},{"taxonomy":"country","embeddable":true,"href":"https:\/\/www.entreculturas.org\/fr\/wp-json\/wp\/v2\/country?post=5363"},{"taxonomy":"cause","embeddable":true,"href":"https:\/\/www.entreculturas.org\/fr\/wp-json\/wp\/v2\/cause?post=5363"}],"curies":[{"name":"wp","href":"https:\/\/api.w.org\/{rel}","templated":true}]}}