{"id":5355,"date":"2020-12-02T12:56:45","date_gmt":"2020-12-02T12:56:45","guid":{"rendered":"https:\/\/entreculturasi.wpenginepowered.com\/?noticias=alianzas-de-colaboracion-para-apoyar-ellas-lo-bordan-una-empresa-de-economia-social-para"},"modified":"2024-03-06T17:46:52","modified_gmt":"2024-03-06T16:46:52","slug":"alianzas-de-colaboracion-para-apoyar-ellas-lo-bordan-una-empresa-de-economia-social-para","status":"publish","type":"noticia","link":"https:\/\/www.entreculturas.org\/fr\/noticia\/alianzas-de-colaboracion-para-apoyar-ellas-lo-bordan-una-empresa-de-economia-social-para\/","title":{"rendered":"Alianzas de colaboraci\u00f3n para apoyar Ellas lo Bordan, una empresa de econom\u00eda social para mujeres en situaci\u00f3n de vulnerabilidad"},"content":{"rendered":"<\/p>\n<p>Donaci\u00f3n de tejidos homologados, financiaci\u00f3n econ\u00f3mica e incluso formaci\u00f3n profesional son algunas de las colaboraciones que ha impulsado Entreculturas para apoyar el proyecto de la Fundaci\u00f3n Manresa.&nbsp;<\/p>\n<p><strong>Ellas lo Bordan es una empresa de inserci\u00f3n laboral creada para un colectivo muy vulnerable: mujeres en riesgo de exclusi\u00f3n<\/strong> (madres solas con hijos\/as a su cargo, sin apoyo familiar, v\u00edctimas de violencia en todas sus formas, etc). Se trata de un taller textil creado en 2017 y ubicado en el barrio del Pozo- Entrev\u00edas (Madrid), donde se realizan trabajos que van desde el dise\u00f1o y patronaje hasta la confecci\u00f3n y packaging, as\u00ed como otras labores relacionadas con la manipulaci\u00f3n de prendas, cambios de etiquetas o bordados. El principal objetivo del taller es la capacitaci\u00f3n y acompa\u00f1amiento social para inserci\u00f3n laboral en el mercado de trabajo a trav\u00e9s de un empleo adaptado al perfil y situaci\u00f3n familiar de las participantes.&nbsp;<\/p>\n<p>La fabricaci\u00f3n propia de Ellas lo Bordan proviene de los sobrantes de telas y donaciones, por lo que es 100% reciclada, generando as\u00ed una <strong>econom\u00eda circular. <\/strong>Por tanto, no pretende ser un proyecto responsable s\u00f3lo a nivel social, sino tambi\u00e9n a nivel medioambiental.<\/p>\n<p>Desde el inicio de la crisis social y sanitaria provocada por el COVID-19, esta empresa ha adaptado su actividad a <strong>la producci\u00f3n de mascarillas higi\u00e9nicas y reutilizables de tela,<\/strong> dando empleo en estos momentos a 12 costureras, adem\u00e1s de las figuras t\u00e9cnicas de gerencia, producci\u00f3n y acompa\u00f1amiento de los itinerarios de formaci\u00f3n.<\/p>\n<p>Desde Entreculturas hemos querido ir de la mano de este taller de costura, visibilizar su importante labor y fomentar <strong>alianzas de colaboraci\u00f3n con el sector privado <\/strong>para apoyar&nbsp; la viabilidad del proyecto. Por ello, la implicaci\u00f3n de empresas como el Banco Santander y Deloitte, o la donaci\u00f3n de tejidos homologados para la confecci\u00f3n de mascarillas de la empresa textil Sedatex ha sido un apoyo importante para impulsar la labor de Ellas Lo Bordan en estos momentos de crisis.&nbsp;<\/p>\n<p>Adem\u00e1s, la colaboraci\u00f3n del Banco Santander y Deloitte ha beneficiado a Red Mimbre (que trabaja con menores y familias en exclusi\u00f3n) y al Servicio Jesuita a Migrantes (que atiende a personas migrantes y refugiadas), ya que con los fondos recibidos, Ellas lo Bordan han producido mascarillas para el personal y los voluntarios de varias obras de la Compa\u00f1\u00eda de Jes\u00fas en Espa\u00f1a pertenecientes a estas dos redes.<\/p>\n<p>Estas alianzas nos permiten trabajar con un triple objetivo: ofrecer equipos de protecci\u00f3n adecuados a los profesionales y voluntarios, minimizar el impacto medioambiental de la producci\u00f3n de mascarillas, cumpliendo al mismo tiempo las necesidades y exigencias de protecci\u00f3n individualizada y generar oportunidades de empleo para mujeres en situaci\u00f3n de vulnerabilidad con hijos\/as a cargo en un contexto laboral cr\u00edtico.<\/p>\n","protected":false},"excerpt":{"rendered":"<p>Ellas lo Bordan es una empresa de inserci\u00f3n laboral creada para un colectivo muy vulnerable: mujeres en riesgo de exclusi\u00f3n (madres solas con hijos\/as a su cargo, sin apoyo familiar, v\u00edctimas de violencia en todas sus formas, etc). El principal objetivo del taller es la capacitaci\u00f3n y acompa\u00f1amiento social para inserci\u00f3n laboral en el mercado de trabajo a trav\u00e9s de un empleo adaptado al perfil y situaci\u00f3n familiar de las participantes.<\/p>\n","protected":false},"featured_media":5354,"template":"single-noticia","meta":{"_acf_changed":false},"categories":[7],"tags":[196],"country":[],"cause":[130],"class_list":["post-5355","noticia","type-noticia","status-publish","has-post-thumbnail","hentry","category-noticia","tag-rsc","cause-genero"],"acf":[],"yoast_head":"<!-- This site is optimized with the Yoast SEO Premium plugin v21.6 (Yoast SEO v27.5) - https:\/\/yoast.com\/product\/yoast-seo-premium-wordpress\/ -->\n<title>Alianzas de colaboraci\u00f3n para apoyar Ellas lo Bordan, una empresa de econom\u00eda social para mujeres en situaci\u00f3n de vulnerabilidad - Entreculturas<\/title>\n<meta name=\"robots\" content=\"index, follow, max-snippet:-1, max-image-preview:large, max-video-preview:-1\" \/>\n<link rel=\"canonical\" href=\"https:\/\/www.entreculturas.org\/fr\/noticia\/alianzas-de-colaboracion-para-apoyar-ellas-lo-bordan-una-empresa-de-economia-social-para\/\" \/>\n<meta property=\"og:locale\" content=\"fr_FR\" \/>\n<meta property=\"og:type\" content=\"article\" \/>\n<meta property=\"og:title\" content=\"Alianzas de colaboraci\u00f3n para apoyar Ellas lo Bordan, una empresa de econom\u00eda social para mujeres en situaci\u00f3n de vulnerabilidad\" \/>\n<meta property=\"og:description\" content=\"Ellas lo Bordan es una empresa de inserci\u00f3n laboral creada para un colectivo muy vulnerable: mujeres en riesgo de exclusi\u00f3n (madres solas con hijos\/as a su cargo, sin apoyo familiar, v\u00edctimas de violencia en todas sus formas, etc). El principal objetivo del taller es la capacitaci\u00f3n y acompa\u00f1amiento social para inserci\u00f3n laboral en el mercado de trabajo a trav\u00e9s de un empleo adaptado al perfil y situaci\u00f3n familiar de las participantes.\" \/>\n<meta property=\"og:url\" content=\"https:\/\/www.entreculturas.org\/fr\/noticia\/alianzas-de-colaboracion-para-apoyar-ellas-lo-bordan-una-empresa-de-economia-social-para\/\" \/>\n<meta property=\"og:site_name\" content=\"Entreculturas\" \/>\n<meta property=\"article:publisher\" content=\"https:\/\/www.facebook.com\/entreculturas\" \/>\n<meta property=\"article:modified_time\" content=\"2024-03-06T16:46:52+00:00\" \/>\n<meta property=\"og:image\" content=\"https:\/\/www.entreculturas.org\/wp-content\/uploads\/2020\/12\/ellas_lo_bordan.jpg\" \/>\n\t<meta property=\"og:image:width\" content=\"800\" \/>\n\t<meta property=\"og:image:height\" content=\"502\" \/>\n\t<meta property=\"og:image:type\" content=\"image\/jpeg\" \/>\n<meta name=\"twitter:card\" content=\"summary_large_image\" \/>\n<meta name=\"twitter:site\" content=\"@Entreculturas\" \/>\n<script type=\"application\/ld+json\" class=\"yoast-schema-graph\">{\"@context\":\"https:\\\/\\\/schema.org\",\"@graph\":[{\"@type\":\"WebPage\",\"@id\":\"https:\\\/\\\/www.entreculturas.org\\\/fr\\\/noticia\\\/alianzas-de-colaboracion-para-apoyar-ellas-lo-bordan-una-empresa-de-economia-social-para\\\/\",\"url\":\"https:\\\/\\\/www.entreculturas.org\\\/fr\\\/noticia\\\/alianzas-de-colaboracion-para-apoyar-ellas-lo-bordan-una-empresa-de-economia-social-para\\\/\",\"name\":\"Alianzas de colaboraci\u00f3n para apoyar Ellas lo Bordan, una empresa de econom\u00eda social para mujeres en situaci\u00f3n de vulnerabilidad - Entreculturas\",\"isPartOf\":{\"@id\":\"https:\\\/\\\/www.entreculturas.org\\\/fr\\\/#website\"},\"primaryImageOfPage\":{\"@id\":\"https:\\\/\\\/www.entreculturas.org\\\/fr\\\/noticia\\\/alianzas-de-colaboracion-para-apoyar-ellas-lo-bordan-una-empresa-de-economia-social-para\\\/#primaryimage\"},\"image\":{\"@id\":\"https:\\\/\\\/www.entreculturas.org\\\/fr\\\/noticia\\\/alianzas-de-colaboracion-para-apoyar-ellas-lo-bordan-una-empresa-de-economia-social-para\\\/#primaryimage\"},\"thumbnailUrl\":\"https:\\\/\\\/www.entreculturas.org\\\/wp-content\\\/uploads\\\/2020\\\/12\\\/ellas_lo_bordan.jpg\",\"datePublished\":\"2020-12-02T12:56:45+00:00\",\"dateModified\":\"2024-03-06T16:46:52+00:00\",\"breadcrumb\":{\"@id\":\"https:\\\/\\\/www.entreculturas.org\\\/fr\\\/noticia\\\/alianzas-de-colaboracion-para-apoyar-ellas-lo-bordan-una-empresa-de-economia-social-para\\\/#breadcrumb\"},\"inLanguage\":\"fr-FR\",\"potentialAction\":[{\"@type\":\"ReadAction\",\"target\":[\"https:\\\/\\\/www.entreculturas.org\\\/fr\\\/noticia\\\/alianzas-de-colaboracion-para-apoyar-ellas-lo-bordan-una-empresa-de-economia-social-para\\\/\"]}]},{\"@type\":\"ImageObject\",\"inLanguage\":\"fr-FR\",\"@id\":\"https:\\\/\\\/www.entreculturas.org\\\/fr\\\/noticia\\\/alianzas-de-colaboracion-para-apoyar-ellas-lo-bordan-una-empresa-de-economia-social-para\\\/#primaryimage\",\"url\":\"https:\\\/\\\/www.entreculturas.org\\\/wp-content\\\/uploads\\\/2020\\\/12\\\/ellas_lo_bordan.jpg\",\"contentUrl\":\"https:\\\/\\\/www.entreculturas.org\\\/wp-content\\\/uploads\\\/2020\\\/12\\\/ellas_lo_bordan.jpg\",\"width\":800,\"height\":502},{\"@type\":\"BreadcrumbList\",\"@id\":\"https:\\\/\\\/www.entreculturas.org\\\/fr\\\/noticia\\\/alianzas-de-colaboracion-para-apoyar-ellas-lo-bordan-una-empresa-de-economia-social-para\\\/#breadcrumb\",\"itemListElement\":[{\"@type\":\"ListItem\",\"position\":1,\"name\":\"Home\",\"item\":\"https:\\\/\\\/www.entreculturas.org\\\/fr\\\/\"},{\"@type\":\"ListItem\",\"position\":2,\"name\":\"Noticias\",\"item\":\"https:\\\/\\\/www.entreculturas.org\\\/fr\\\/noticias\\\/\"},{\"@type\":\"ListItem\",\"position\":3,\"name\":\"Alianzas de colaboraci\u00f3n para apoyar Ellas lo Bordan, una empresa de econom\u00eda social para mujeres en situaci\u00f3n de vulnerabilidad\"}]},{\"@type\":\"WebSite\",\"@id\":\"https:\\\/\\\/www.entreculturas.org\\\/fr\\\/#website\",\"url\":\"https:\\\/\\\/www.entreculturas.org\\\/fr\\\/\",\"name\":\"Entreculturas\",\"description\":\"\",\"publisher\":{\"@id\":\"https:\\\/\\\/www.entreculturas.org\\\/fr\\\/#organization\"},\"alternateName\":\"Entreculturas\",\"potentialAction\":[{\"@type\":\"SearchAction\",\"target\":{\"@type\":\"EntryPoint\",\"urlTemplate\":\"https:\\\/\\\/www.entreculturas.org\\\/fr\\\/?s={search_term_string}\"},\"query-input\":{\"@type\":\"PropertyValueSpecification\",\"valueRequired\":true,\"valueName\":\"search_term_string\"}}],\"inLanguage\":\"fr-FR\"},{\"@type\":\"Organization\",\"@id\":\"https:\\\/\\\/www.entreculturas.org\\\/fr\\\/#organization\",\"name\":\"Entreculturas\",\"url\":\"https:\\\/\\\/www.entreculturas.org\\\/fr\\\/\",\"logo\":{\"@type\":\"ImageObject\",\"inLanguage\":\"fr-FR\",\"@id\":\"https:\\\/\\\/www.entreculturas.org\\\/fr\\\/#\\\/schema\\\/logo\\\/image\\\/\",\"url\":\"https:\\\/\\\/www.entreculturas.org\\\/wp-content\\\/uploads\\\/2025\\\/10\\\/ESP.svg\",\"contentUrl\":\"https:\\\/\\\/www.entreculturas.org\\\/wp-content\\\/uploads\\\/2025\\\/10\\\/ESP.svg\",\"caption\":\"Entreculturas\"},\"image\":{\"@id\":\"https:\\\/\\\/www.entreculturas.org\\\/fr\\\/#\\\/schema\\\/logo\\\/image\\\/\"},\"sameAs\":[\"https:\\\/\\\/www.facebook.com\\\/entreculturas\",\"https:\\\/\\\/x.com\\\/Entreculturas\",\"https:\\\/\\\/www.instagram.com\\\/entreculturas\\\/\",\"https:\\\/\\\/www.youtube.com\\\/user\\\/entreculturasvideo\",\"https:\\\/\\\/www.linkedin.com\\\/company\\\/fundacion-entreculturas-ngdo\\\/\",\"https:\\\/\\\/www.flickr.com\\\/photos\\\/98455522@N04\\\/albums\\\/\"]}]}<\/script>\n<!-- \/ Yoast SEO Premium plugin. -->","yoast_head_json":{"title":"Alianzas de colaboraci\u00f3n para apoyar Ellas lo Bordan, una empresa de econom\u00eda social para mujeres en situaci\u00f3n de vulnerabilidad - Entreculturas","robots":{"index":"index","follow":"follow","max-snippet":"max-snippet:-1","max-image-preview":"max-image-preview:large","max-video-preview":"max-video-preview:-1"},"canonical":"https:\/\/www.entreculturas.org\/fr\/noticia\/alianzas-de-colaboracion-para-apoyar-ellas-lo-bordan-una-empresa-de-economia-social-para\/","og_locale":"fr_FR","og_type":"article","og_title":"Alianzas de colaboraci\u00f3n para apoyar Ellas lo Bordan, una empresa de econom\u00eda social para mujeres en situaci\u00f3n de vulnerabilidad","og_description":"Ellas lo Bordan es una empresa de inserci\u00f3n laboral creada para un colectivo muy vulnerable: mujeres en riesgo de exclusi\u00f3n (madres solas con hijos\/as a su cargo, sin apoyo familiar, v\u00edctimas de violencia en todas sus formas, etc). El principal objetivo del taller es la capacitaci\u00f3n y acompa\u00f1amiento social para inserci\u00f3n laboral en el mercado de trabajo a trav\u00e9s de un empleo adaptado al perfil y situaci\u00f3n familiar de las participantes.","og_url":"https:\/\/www.entreculturas.org\/fr\/noticia\/alianzas-de-colaboracion-para-apoyar-ellas-lo-bordan-una-empresa-de-economia-social-para\/","og_site_name":"Entreculturas","article_publisher":"https:\/\/www.facebook.com\/entreculturas","article_modified_time":"2024-03-06T16:46:52+00:00","og_image":[{"width":800,"height":502,"url":"https:\/\/www.entreculturas.org\/wp-content\/uploads\/2020\/12\/ellas_lo_bordan.jpg","type":"image\/jpeg"}],"twitter_card":"summary_large_image","twitter_site":"@Entreculturas","schema":{"@context":"https:\/\/schema.org","@graph":[{"@type":"WebPage","@id":"https:\/\/www.entreculturas.org\/fr\/noticia\/alianzas-de-colaboracion-para-apoyar-ellas-lo-bordan-una-empresa-de-economia-social-para\/","url":"https:\/\/www.entreculturas.org\/fr\/noticia\/alianzas-de-colaboracion-para-apoyar-ellas-lo-bordan-una-empresa-de-economia-social-para\/","name":"Alianzas de colaboraci\u00f3n para apoyar Ellas lo Bordan, una empresa de econom\u00eda social para mujeres en situaci\u00f3n de vulnerabilidad - Entreculturas","isPartOf":{"@id":"https:\/\/www.entreculturas.org\/fr\/#website"},"primaryImageOfPage":{"@id":"https:\/\/www.entreculturas.org\/fr\/noticia\/alianzas-de-colaboracion-para-apoyar-ellas-lo-bordan-una-empresa-de-economia-social-para\/#primaryimage"},"image":{"@id":"https:\/\/www.entreculturas.org\/fr\/noticia\/alianzas-de-colaboracion-para-apoyar-ellas-lo-bordan-una-empresa-de-economia-social-para\/#primaryimage"},"thumbnailUrl":"https:\/\/www.entreculturas.org\/wp-content\/uploads\/2020\/12\/ellas_lo_bordan.jpg","datePublished":"2020-12-02T12:56:45+00:00","dateModified":"2024-03-06T16:46:52+00:00","breadcrumb":{"@id":"https:\/\/www.entreculturas.org\/fr\/noticia\/alianzas-de-colaboracion-para-apoyar-ellas-lo-bordan-una-empresa-de-economia-social-para\/#breadcrumb"},"inLanguage":"fr-FR","potentialAction":[{"@type":"ReadAction","target":["https:\/\/www.entreculturas.org\/fr\/noticia\/alianzas-de-colaboracion-para-apoyar-ellas-lo-bordan-una-empresa-de-economia-social-para\/"]}]},{"@type":"ImageObject","inLanguage":"fr-FR","@id":"https:\/\/www.entreculturas.org\/fr\/noticia\/alianzas-de-colaboracion-para-apoyar-ellas-lo-bordan-una-empresa-de-economia-social-para\/#primaryimage","url":"https:\/\/www.entreculturas.org\/wp-content\/uploads\/2020\/12\/ellas_lo_bordan.jpg","contentUrl":"https:\/\/www.entreculturas.org\/wp-content\/uploads\/2020\/12\/ellas_lo_bordan.jpg","width":800,"height":502},{"@type":"BreadcrumbList","@id":"https:\/\/www.entreculturas.org\/fr\/noticia\/alianzas-de-colaboracion-para-apoyar-ellas-lo-bordan-una-empresa-de-economia-social-para\/#breadcrumb","itemListElement":[{"@type":"ListItem","position":1,"name":"Home","item":"https:\/\/www.entreculturas.org\/fr\/"},{"@type":"ListItem","position":2,"name":"Noticias","item":"https:\/\/www.entreculturas.org\/fr\/noticias\/"},{"@type":"ListItem","position":3,"name":"Alianzas de colaboraci\u00f3n para apoyar Ellas lo Bordan, una empresa de econom\u00eda social para mujeres en situaci\u00f3n de vulnerabilidad"}]},{"@type":"WebSite","@id":"https:\/\/www.entreculturas.org\/fr\/#website","url":"https:\/\/www.entreculturas.org\/fr\/","name":"Entreculturas","description":"","publisher":{"@id":"https:\/\/www.entreculturas.org\/fr\/#organization"},"alternateName":"Entreculturas","potentialAction":[{"@type":"SearchAction","target":{"@type":"EntryPoint","urlTemplate":"https:\/\/www.entreculturas.org\/fr\/?s={search_term_string}"},"query-input":{"@type":"PropertyValueSpecification","valueRequired":true,"valueName":"search_term_string"}}],"inLanguage":"fr-FR"},{"@type":"Organization","@id":"https:\/\/www.entreculturas.org\/fr\/#organization","name":"Entreculturas","url":"https:\/\/www.entreculturas.org\/fr\/","logo":{"@type":"ImageObject","inLanguage":"fr-FR","@id":"https:\/\/www.entreculturas.org\/fr\/#\/schema\/logo\/image\/","url":"https:\/\/www.entreculturas.org\/wp-content\/uploads\/2025\/10\/ESP.svg","contentUrl":"https:\/\/www.entreculturas.org\/wp-content\/uploads\/2025\/10\/ESP.svg","caption":"Entreculturas"},"image":{"@id":"https:\/\/www.entreculturas.org\/fr\/#\/schema\/logo\/image\/"},"sameAs":["https:\/\/www.facebook.com\/entreculturas","https:\/\/x.com\/Entreculturas","https:\/\/www.instagram.com\/entreculturas\/","https:\/\/www.youtube.com\/user\/entreculturasvideo","https:\/\/www.linkedin.com\/company\/fundacion-entreculturas-ngdo\/","https:\/\/www.flickr.com\/photos\/98455522@N04\/albums\/"]}]}},"_links":{"self":[{"href":"https:\/\/www.entreculturas.org\/fr\/wp-json\/wp\/v2\/noticia\/5355","targetHints":{"allow":["GET"]}}],"collection":[{"href":"https:\/\/www.entreculturas.org\/fr\/wp-json\/wp\/v2\/noticia"}],"about":[{"href":"https:\/\/www.entreculturas.org\/fr\/wp-json\/wp\/v2\/types\/noticia"}],"wp:featuredmedia":[{"embeddable":true,"href":"https:\/\/www.entreculturas.org\/fr\/wp-json\/wp\/v2\/media\/5354"}],"wp:attachment":[{"href":"https:\/\/www.entreculturas.org\/fr\/wp-json\/wp\/v2\/media?parent=5355"}],"wp:term":[{"taxonomy":"category","embeddable":true,"href":"https:\/\/www.entreculturas.org\/fr\/wp-json\/wp\/v2\/categories?post=5355"},{"taxonomy":"post_tag","embeddable":true,"href":"https:\/\/www.entreculturas.org\/fr\/wp-json\/wp\/v2\/tags?post=5355"},{"taxonomy":"country","embeddable":true,"href":"https:\/\/www.entreculturas.org\/fr\/wp-json\/wp\/v2\/country?post=5355"},{"taxonomy":"cause","embeddable":true,"href":"https:\/\/www.entreculturas.org\/fr\/wp-json\/wp\/v2\/cause?post=5355"}],"curies":[{"name":"wp","href":"https:\/\/api.w.org\/{rel}","templated":true}]}}