{"id":5351,"date":"2023-12-18T10:31:04","date_gmt":"2024-03-06T15:15:13","guid":{"rendered":"https:\/\/entreculturasi.wpenginepowered.com\/?post_type=noticias&#038;p=5351"},"modified":"2024-10-17T09:44:07","modified_gmt":"2024-10-17T07:44:07","slug":"iii-jornadas-de-buenas-practicas-una-nueva-edicion-un-nuevo-formato","status":"publish","type":"noticia","link":"https:\/\/www.entreculturas.org\/fr\/noticia\/iii-jornadas-de-buenas-practicas-una-nueva-edicion-un-nuevo-formato\/","title":{"rendered":"III Jornadas de Buenas Pr\u00e1cticas: una nueva edici\u00f3n, un nuevo formato"},"content":{"rendered":"\n<p>\u00a1Bienvenidas y bienvenidos al resumen de las III Jornadas de Buenas Pr\u00e1cticas de Entreculturas! C\u00f3mo sab\u00e9is, en este a\u00f1o 2020 muchas cosas han cambiado, pero algo que no ha cambiado es nuestra certeza de que la educaci\u00f3n s\u00ed puede cambiar el mundo. Partiendo de esta motivaci\u00f3n, y bajo el paraguas del proyecto \u201cEducaci\u00f3n Integral e Inclusiva en contextos de vulnerabilidad social\u201d que se est\u00e1 llevando a cabo en Galicia, Asturias y Castilla y Le\u00f3n este a\u00f1o, organizamos las <strong>III Jornadas de Buenas Pr\u00e1cticas: Construyendo una ciudadan\u00eda inclusiva e igualitaria en tiempos de incertidumbre.<\/strong><\/p>\n\n\n\n<div style=\"height:15px\" aria-hidden=\"true\" class=\"wp-block-spacer\"><\/div>\n\n\n\n<p>Durante los d\u00edas 24 y 25 de noviembre, y arropadas por el D\u00eda Internacional de los Derechos de la Infancia (20N) y el D\u00eda Internacional de la Eliminaci\u00f3n de la Violencia contra las Mujeres (25N), desde las Delegaciones de Entreculturas en Galicia organizamos unas Jornadas virtuales, din\u00e1micas e innovadoras de 5h de duraci\u00f3n (divididas en dos tardes) en las que tuvimos la posibilidad de conocer un total de 10 experiencias que promueven una ciudadan\u00eda m\u00e1s inclusiva e igualitaria a trav\u00e9s de buenas pr\u00e1cticas educativas y de participaci\u00f3n social, de activismo juvenil y metodolog\u00edas transformadoras, lideradas por comunidades y personas en diferentes partes del mundo. Con un total de 66 participantes de hasta 4 pa\u00edses diferentes y diversas Comunidades Aut\u00f3nomas durante los dos d\u00edas, podemos decir que estas jornadas han sido todo un \u00e9xito y han tenido un amplio alcance.<\/p>\n\n\n\n<div style=\"height:15px\" aria-hidden=\"true\" class=\"wp-block-spacer\"><\/div>\n\n\n\n<p>Durante el primer d\u00eda, las Jornadas giraron en torno a la inclusi\u00f3n social desde la educaci\u00f3n, proponiendo 3 espacios en los que nos acercamos a las siguientes experiencias:<\/p>\n\n\n\n<div style=\"height:10px\" aria-hidden=\"true\" class=\"wp-block-spacer\"><\/div>\n\n\n\n<p>1.- Primero tuvimos una mesa redonda titulada <strong>\u201cInclusi\u00f3n e igualdad como ant\u00eddoto global\u201d<\/strong> en el que contamos con la presencia de Carmen Rodr\u00edguez como docente de la <a href=\"https:\/\/www.udc.es\/es\/?language=es\">Universidad de A Coru\u00f1a<\/a> y con Yanina Garbesi y M\u00aa de las Mercedes Romero desde <a href=\"https:\/\/feyalegria.org.ar\/\">Fe y Alegr\u00eda Argentina<\/a>. Con ellas tuvimos la posibilidad de conocer <strong>el contexto actual desde el que trabajamos, de c\u00f3mo trabajar con j\u00f3venes en estos tiempos de incertidumbre y crisis globales<\/strong>, record\u00e1ndonos de que si existe alguna certeza, es que en estos momentos de crisis global es m\u00e1s importante que nunca identificarnos como una ciudadan\u00eda global interdependiente y conectada, capaz de trabajar en conjunto con las personas y comunidades de las que formamos parte, y desde una educaci\u00f3n transformadora.<\/p>\n\n\n\n<div style=\"height:15px\" aria-hidden=\"true\" class=\"wp-block-spacer\"><\/div>\n\n\n\n<p>2.- Despu\u00e9s tuvimos el placer de contar con la experiencia de Bel\u00e9n Pa\u00f1os, Omaima Hakimi y Adnan Lamkhair desde la <a href=\"https:\/\/fundacionamoverse.org\/\">Fundaci\u00f3n Amoverse<\/a>, en una intervenci\u00f3n titulada <strong>\u201cDefendemos nuestros derechos: juventud inclusiva en la ciudad de Madrid\u201d.<\/strong> En ella nos contaron desde la parte t\u00e9cnica, pero tambi\u00e9n desde la vivencial, el trabajo de inclusi\u00f3n que la Fundaci\u00f3n Amoverse lleva a cabo en los barrios de Vallecas y Tet\u00faan en la ciudad de Madrid, dej\u00e1ndonos claro que la inclusi\u00f3n no es algo que se trabaje solo con j\u00f3venes, sino que se trabaja tambi\u00e9n con y desde el barrio y la familia, garantizando sus derechos e <strong>inst\u00e1ndonos a que abandonemos \u201cla mirada adulta\u201d y los adultocentrismos que se convierten en una pr\u00e1ctica asistencialista.<\/strong> Omaima y Adnan nos recordaron que la clave est\u00e1 en trabajar con y desde la mano de la juventud a la hora de construir entornos inclusivos y de plena participaci\u00f3n ciudadana para ellos y ellas mismas.<\/p>\n\n\n\n<div style=\"height:15px\" aria-hidden=\"true\" class=\"wp-block-spacer\"><\/div>\n\n\n\n<p>3.- Por \u00faltimo, pero no por ello menos importante, contamos con una ponencia titulada<strong> \u201cCartograf\u00eda social en la ciudad de A Coru\u00f1a: el Aprendizaje-Servicio desde la inclusi\u00f3n\u201d,<\/strong> con la intervenci\u00f3n de dos estudiantes del Grado de Educaci\u00f3n Social de la <a href=\"https:\/\/ruc.udc.es\/dspace\/handle\/2183\/21585\">Universidad de A Coru\u00f1a, Marta R\u00edo y Xiana S\u00e1nchez<\/a>, que nos hablaron de la importancia y val\u00eda de los procesos de Aprendizaje-Servicio y nos contaron su experiencia en la realizaci\u00f3n de una Cartograf\u00eda Social sobre personas en situaci\u00f3n de calle en la ciudad. <strong>La promoci\u00f3n de la ciudadan\u00eda activa a trav\u00e9s de los procesos de APS, la posibilidad que les da a los y las estudiantes de poder vivenciar el trabajo de campo antes de terminar la titulaci\u00f3n, as\u00ed como la oportunidad de realizar un trabajo comunitario<\/strong> son lo que ellas nos resaltan como puntos claves de este tipo de procesos. Tambi\u00e9n nos invitan a alejarnos de una educaci\u00f3n asistencial para entender que cualquier aprendizaje significativo y respetuoso pasa por el acercamiento mutuo a distintas realidades, a deconstruir nuestras ideas preconcebidas sobre otras personas, y a trabajar de la mano con j\u00f3venes y comunidades desde posiciones igualitarias y plenamente inclusivas.<\/p>\n\n\n\n<div style=\"height:20px\" aria-hidden=\"true\" class=\"wp-block-spacer\"><\/div>\n\n\n\n<p>El segundo d\u00eda, y coincidiendo con el D\u00eda Internacional de la Eliminaci\u00f3n de la Violencia contra las Mujeres, iniciamos con una actuaci\u00f3n art\u00edstica de la mano de Alba Fern\u00e1ndez, la cual se titula <strong>\u201cPegadas\u201d <\/strong>(Huellas en gallego) y que recalca la importancia de la mujer gallega en la cohesi\u00f3n y el desarrollo social de las comunidades. Despu\u00e9s de la actuaci\u00f3n se ley\u00f3 el siguiente texto:<\/p>\n\n\n\n<div style=\"height:15px\" aria-hidden=\"true\" class=\"wp-block-spacer\"><\/div>\n\n\n\n<p>\u00ab\u00a0<span style=\"color: #800080;\"><strong><em>Falamos de volver a n\u00f3s,\u00a0 de sent\u00edrmonos como almas ceibes destinadas a transmitir historias,\u00a0viaxes de vida,\u00a0 a nos mover entre susurros,\u00a0 mais sen medo de nos enforntar co que non queremos. Seguimos os nosos instintos,\u00a0 ouveamos para reco\u00f1ec\u00e9rmonos e uliscamos a mesma pegada para seguir o cami\u00f1o desexado. Somos elas e elas n\u00f3s.\u00a0\u00bb<\/em><\/strong><\/span><\/p>\n\n\n\n<div style=\"height:15px\" aria-hidden=\"true\" class=\"wp-block-spacer\"><\/div>\n\n\n\n<p><span style=\"color: #800080;\"><strong><em>\u00ab\u00a0Hablamos de nosotras, de sentirnos como almas libres destinadas a transmitir historias, viajes de vida, a movernos entre susurros m\u00e1s sin miedo de enfrentarnos con lo que no queremos. Seguimos&nbsp; nuestros instintos, aullamos para reconocernos y olisqueamos la misma huella para seguir el camino deseado. Somos ellas y ellas nosotras.\u00a0\u00bb<\/em><\/strong><\/span><\/p>\n\n\n\n<div style=\"height:15px\" aria-hidden=\"true\" class=\"wp-block-spacer\"><\/div>\n\n\n\n<p>As\u00ed, iniciamos desde el aprendizaje art\u00edstico el segundo d\u00eda de las Jornadas con los tres&nbsp;siguientes espacios:<\/p>\n\n\n\n<div style=\"height:10px\" aria-hidden=\"true\" class=\"wp-block-spacer\"><\/div>\n\n\n\n<p>1.- Iniciamos las jornadas con una ponencia titulada <strong>\u201cLa igualdad tambi\u00e9n se construye bailando\u201d<\/strong> en el cual la propia Alba Fern\u00e1ndez, como co-fundadora de <a href=\"https:\/\/laboratorioescenicocoop.com\/\">Laboratorio Esc\u00e9nico Coop<\/a>, situada en A Coru\u00f1a, nos anim\u00f3 a bailar y conectar con el cuerpo, como herramienta de aprendizaje y expresi\u00f3n de las relaciones igualitarias que so\u00f1amos. Tambi\u00e9n nos comparti\u00f3 claves sobre <strong>c\u00f3mo desde el fomento la educaci\u00f3n art\u00edstica y cultural tambi\u00e9n se puede luchar por la igualdad de g\u00e9nero<\/strong>, promoviendo la creaci\u00f3n de piezas de artes esc\u00e9nicas que analicen y nos hagan reflexionar sobre estas tem\u00e1ticas desde las aulas o nuestros grupos de trabajo.<\/p>\n\n\n\n<div style=\"height:15px\" aria-hidden=\"true\" class=\"wp-block-spacer\"><\/div>\n\n\n\n<p>2.- Continuamos con Mayra Aguilar, desde la <a href=\"https:\/\/www.feyalegria.org.ni\/index.php\/es\/\">Federaci\u00f3n Internacional de Fe y Alegr\u00eda<\/a>, a trav\u00e9s del grupo de trabajo de la Iniciativa 11, que en una ponencia bajo el t\u00edtulo \u201c<strong>Coeducaci\u00f3n: claves para impulsar una educaci\u00f3n feminista\u201d<\/strong> nos di\u00f3 pistas sobre c\u00f3mo podemos promover la coeducaci\u00f3n en nuestra pr\u00e1ctica educativa y \u00e1mbitos de trabajo, incit\u00e1ndonos a que siempre tengamos un \u201cojo listo\u201d para no perder nuestras l\u00edneas de trabajo, coloc\u00e1ndonos en el centro de la generaci\u00f3n de conciencia cr\u00edtica y propositiva en cuanto al g\u00e9nero y la deconstrucci\u00f3n de nuestras ideas previas, pasando esto por la <strong>reconstrucci\u00f3n de nuestro vocabulario, material educativo, relaciones en las escuelas y transversalidad de la perspectiva de g\u00e9nero.&nbsp;<\/strong><\/p>\n\n\n\n<div style=\"height:15px\" aria-hidden=\"true\" class=\"wp-block-spacer\"><\/div>\n\n\n\n<p>3.- Cerramos estas Jornadas con una mesa redonda titulada <strong>\u201cJ\u00f3venes liderando una ciudadan\u00eda igualitaria\u201d<\/strong> en la cual, moderada por Jose Luis Barreiro (periodista y coordinador territorial de Entreculturas en Galicia), tuvimos el gran placer de poder contar con 4 ponentes de excepci\u00f3n:<\/p>\n\n\n\n<div style=\"height:10px\" aria-hidden=\"true\" class=\"wp-block-spacer\"><\/div>\n\n\n\n<ul class=\"wp-block-list\">\n<li>Tatiana Cardona, desde Colombia, que nos habl\u00f3 del proyecto ParticipAcci\u00f3n que se lleva a cabo a trav\u00e9s de <a href=\"https:\/\/www.feyalegria.org.co\/\">Fe y Alegr\u00eda Colombia<\/a>, desde el cual las juventudes trabajan por la cohesi\u00f3n social comunitaria y la igualdad de g\u00e9nero en la ciudad de Cali.<\/li>\n\n\n\n<li>Mar\u00eda Torres, que nos cont\u00f3 desde Madrid sobre el <a href=\"https:\/\/www.proyectobts.org\/\">Proyecto Break The Silence<\/a>, que promueve la sensibilizaci\u00f3n ciudadana y la incidencia p\u00fablica sobre lo que se conoce como la esclavitud del siglo XXI: la trata de personas en situaciones de explotaci\u00f3n sexual y\/o laboral en Espa\u00f1a y en el mundo.<\/li>\n\n\n\n<li>Pablo Z\u00e1s, de A Coru\u00f1a, que nos habl\u00f3 sobre la <a href=\"https:\/\/alasacoruna.org\/\">Asociaci\u00f3n Alas Coru\u00f1a<\/a>, organizaci\u00f3n que promueve y defiende la libertad socio-afectiva del colectivo LGTBIQ+, record\u00e1ndonos de la necesidad de hablar desde la diversidad de g\u00e9neros e identidades en la lucha feminista por la igualdad de g\u00e9nero.<\/li>\n\n\n\n<li>Patricia Mel\u00e9ndez, de A Coru\u00f1a, que nos habl\u00f3 sobre la Red Generaci\u00f3n 21+ y las Red Solidaria de J\u00f3venes que acompa\u00f1amos desde Entreculturas, como procesos de participaci\u00f3n juvenil a trav\u00e9s de los cuales las juventudes de m\u00e1s de 21 pa\u00edses <a href=\"https:\/\/www.redec.es\/es\/noticias\/iluminemos-el-mundo-por-la-igualdad-manifiesto-de-la-red-generacion-21-con-motivo-del-dia\">se movilizan e inciden pol\u00edticamente por la igualdad de g\u00e9nero.<\/a> Nos comparti\u00f3 tambi\u00e9n la reciente acci\u00f3n de movilizaci\u00f3n\u00a0<span style=\"color: #800080;\"><strong>#iluminemoselmundoporlaigualdad<\/strong><\/span> que lanzaron las Redes con motivo del 25 de Noviembre.<br>\u00a0<\/li>\n<\/ul>\n\n\n\n<p>La mesa vers\u00f3 en la presentaci\u00f3n de los cuatro&nbsp;proyectos en los que estas y estos j\u00f3venes participan y el c\u00f3mo estos proyectos promueven igualdad y participaci\u00f3n ciudadana. Recordamos, de nuevo, que la plena agencia y portavoc\u00eda de las juventudes es inaplazable y necesaria en todos los espacios de comunicaci\u00f3n, educaci\u00f3n y toma de decisiones en nuestras sociedades, como colectivo mayormente impactado por la COVID-19 (<a href=\"https:\/\/www.eurofound.europa.eu\/publications\/report\/2020\/living-working-and-covid-19\">Eurofund 2020<\/a>), pero tambi\u00e9n como generaci\u00f3n movilizadora de los mayores cambios necesarios para revertir los desaf\u00edos e incertidumbres globales a los que nos enfrentamos como ciudadan\u00eda global.<\/p>\n\n\n\n<div style=\"height:15px\" aria-hidden=\"true\" class=\"wp-block-spacer\"><\/div>\n\n\n\n<p>As\u00ed, estas III Jornadas de Buenas Pr\u00e1cticas, nos recordaron de las certezas con las que s\u00ed contamos para seguir en conjunto el camino: l<strong>a importancia y peso que tienen las y los j\u00f3venes en los procesos de transformaci\u00f3n social y de construcci\u00f3n de un mundo en igualdad y plena inclusi\u00f3n<\/strong>, as\u00ed como la importancia y val\u00eda de los procesos de educaci\u00f3n igualitaria, inclusiva y transformadora para alcanzar este mundo que tanto necesitamos.&nbsp;<\/p>\n\n\n\n<div style=\"height:15px\" aria-hidden=\"true\" class=\"wp-block-spacer\"><\/div>\n\n\n\n<p>Agradecemos enormemente&nbsp;a todas aquellas personas que nos estuvieron acompa\u00f1ando durante las Jornadas, as\u00ed como a las 14 personas ponentes que compartieron sus experiencias y trabajo. \u00a1Esperamos vernos muy pronto de nuevo en el camino!<br>&nbsp;<\/p>\n","protected":false},"excerpt":{"rendered":"<p>\u00a1Bienvenidas y bienvenidos al resumen de las III Jornadas de Buenas Pr\u00e1cticas de Entreculturas! C\u00f3mo sab\u00e9is, en este a\u00f1o 2020 muchas cosas han cambiado, pero algo que no ha cambiado es nuestra certeza de que la educaci\u00f3n s\u00ed puede cambiar el mundo. Partiendo de esta motivaci\u00f3n, y bajo el paraguas del proyecto \u201cEducaci\u00f3n Integral e Inclusiva en contextos de vulnerabilidad social\u201d que se est\u00e1 llevando a cabo en Galicia, Asturias y Castilla y Le\u00f3n este a\u00f1o, organizamos las III Jornadas de Buenas Pr\u00e1cticas: Construyendo una ciudadan\u00eda inclusiva e igualitaria en tiempos de incertidumbre. Durante los d\u00edas 24 y 25 de noviembre, y arropadas por el D\u00eda Internacional de los Derechos de la Infancia (20N) y el D\u00eda Internacional de la Eliminaci\u00f3n de la Violencia contra las Mujeres (25N), desde las Delegaciones de Entreculturas en Galicia organizamos unas Jornadas virtuales, din\u00e1micas e innovadoras de 5h de duraci\u00f3n (divididas en dos tardes) [&hellip;]<\/p>\n","protected":false},"featured_media":5340,"template":"single-noticia","meta":{"_acf_changed":false},"categories":[7],"tags":[289],"country":[],"cause":[128],"class_list":["post-5351","noticia","type-noticia","status-publish","has-post-thumbnail","hentry","category-noticia","tag-educacion","cause-educacion"],"acf":[],"yoast_head":"<!-- This site is optimized with the Yoast SEO Premium plugin v21.6 (Yoast SEO v27.5) - https:\/\/yoast.com\/product\/yoast-seo-premium-wordpress\/ -->\n<title>III Jornadas de Buenas Pr\u00e1cticas: una nueva edici\u00f3n, un nuevo formato - Entreculturas<\/title>\n<meta name=\"robots\" content=\"index, follow, max-snippet:-1, max-image-preview:large, max-video-preview:-1\" \/>\n<link rel=\"canonical\" href=\"https:\/\/www.entreculturas.org\/fr\/noticia\/iii-jornadas-de-buenas-practicas-una-nueva-edicion-un-nuevo-formato\/\" \/>\n<meta property=\"og:locale\" content=\"fr_FR\" \/>\n<meta property=\"og:type\" content=\"article\" \/>\n<meta property=\"og:title\" content=\"III Jornadas de Buenas Pr\u00e1cticas: una nueva edici\u00f3n, un nuevo formato\" \/>\n<meta property=\"og:description\" content=\"\u00a1Bienvenidas y bienvenidos al resumen de las III Jornadas de Buenas Pr\u00e1cticas de Entreculturas! C\u00f3mo sab\u00e9is, en este a\u00f1o 2020 muchas cosas han cambiado, pero algo que no ha cambiado es nuestra certeza de que la educaci\u00f3n s\u00ed puede cambiar el mundo. Partiendo de esta motivaci\u00f3n, y bajo el paraguas del proyecto \u201cEducaci\u00f3n Integral e Inclusiva en contextos de vulnerabilidad social\u201d que se est\u00e1 llevando a cabo en Galicia, Asturias y Castilla y Le\u00f3n este a\u00f1o, organizamos las III Jornadas de Buenas Pr\u00e1cticas: Construyendo una ciudadan\u00eda inclusiva e igualitaria en tiempos de incertidumbre. Durante los d\u00edas 24 y 25 de noviembre, y arropadas por el D\u00eda Internacional de los Derechos de la Infancia (20N) y el D\u00eda Internacional de la Eliminaci\u00f3n de la Violencia contra las Mujeres (25N), desde las Delegaciones de Entreculturas en Galicia organizamos unas Jornadas virtuales, din\u00e1micas e innovadoras de 5h de duraci\u00f3n (divididas en dos tardes) [&hellip;]\" \/>\n<meta property=\"og:url\" content=\"https:\/\/www.entreculturas.org\/fr\/noticia\/iii-jornadas-de-buenas-practicas-una-nueva-edicion-un-nuevo-formato\/\" \/>\n<meta property=\"og:site_name\" content=\"Entreculturas\" \/>\n<meta property=\"article:publisher\" content=\"https:\/\/www.facebook.com\/entreculturas\" \/>\n<meta property=\"article:modified_time\" content=\"2024-10-17T07:44:07+00:00\" \/>\n<meta property=\"og:image\" content=\"https:\/\/www.entreculturas.org\/wp-content\/uploads\/2020\/12\/1.png\" \/>\n\t<meta property=\"og:image:width\" content=\"2304\" \/>\n\t<meta property=\"og:image:height\" content=\"1728\" \/>\n\t<meta property=\"og:image:type\" content=\"image\/png\" \/>\n<meta name=\"twitter:card\" content=\"summary_large_image\" \/>\n<meta name=\"twitter:site\" content=\"@Entreculturas\" \/>\n<script type=\"application\/ld+json\" class=\"yoast-schema-graph\">{\"@context\":\"https:\\\/\\\/schema.org\",\"@graph\":[{\"@type\":\"WebPage\",\"@id\":\"https:\\\/\\\/www.entreculturas.org\\\/fr\\\/noticia\\\/iii-jornadas-de-buenas-practicas-una-nueva-edicion-un-nuevo-formato\\\/\",\"url\":\"https:\\\/\\\/www.entreculturas.org\\\/fr\\\/noticia\\\/iii-jornadas-de-buenas-practicas-una-nueva-edicion-un-nuevo-formato\\\/\",\"name\":\"III Jornadas de Buenas Pr\u00e1cticas: una nueva edici\u00f3n, un nuevo formato - Entreculturas\",\"isPartOf\":{\"@id\":\"https:\\\/\\\/www.entreculturas.org\\\/fr\\\/#website\"},\"primaryImageOfPage\":{\"@id\":\"https:\\\/\\\/www.entreculturas.org\\\/fr\\\/noticia\\\/iii-jornadas-de-buenas-practicas-una-nueva-edicion-un-nuevo-formato\\\/#primaryimage\"},\"image\":{\"@id\":\"https:\\\/\\\/www.entreculturas.org\\\/fr\\\/noticia\\\/iii-jornadas-de-buenas-practicas-una-nueva-edicion-un-nuevo-formato\\\/#primaryimage\"},\"thumbnailUrl\":\"https:\\\/\\\/www.entreculturas.org\\\/wp-content\\\/uploads\\\/2020\\\/12\\\/1.png\",\"datePublished\":\"2024-03-06T15:15:13+00:00\",\"dateModified\":\"2024-10-17T07:44:07+00:00\",\"breadcrumb\":{\"@id\":\"https:\\\/\\\/www.entreculturas.org\\\/fr\\\/noticia\\\/iii-jornadas-de-buenas-practicas-una-nueva-edicion-un-nuevo-formato\\\/#breadcrumb\"},\"inLanguage\":\"fr-FR\",\"potentialAction\":[{\"@type\":\"ReadAction\",\"target\":[\"https:\\\/\\\/www.entreculturas.org\\\/fr\\\/noticia\\\/iii-jornadas-de-buenas-practicas-una-nueva-edicion-un-nuevo-formato\\\/\"]}]},{\"@type\":\"ImageObject\",\"inLanguage\":\"fr-FR\",\"@id\":\"https:\\\/\\\/www.entreculturas.org\\\/fr\\\/noticia\\\/iii-jornadas-de-buenas-practicas-una-nueva-edicion-un-nuevo-formato\\\/#primaryimage\",\"url\":\"https:\\\/\\\/www.entreculturas.org\\\/wp-content\\\/uploads\\\/2020\\\/12\\\/1.png\",\"contentUrl\":\"https:\\\/\\\/www.entreculturas.org\\\/wp-content\\\/uploads\\\/2020\\\/12\\\/1.png\",\"width\":2304,\"height\":1728},{\"@type\":\"BreadcrumbList\",\"@id\":\"https:\\\/\\\/www.entreculturas.org\\\/fr\\\/noticia\\\/iii-jornadas-de-buenas-practicas-una-nueva-edicion-un-nuevo-formato\\\/#breadcrumb\",\"itemListElement\":[{\"@type\":\"ListItem\",\"position\":1,\"name\":\"Home\",\"item\":\"https:\\\/\\\/www.entreculturas.org\\\/fr\\\/\"},{\"@type\":\"ListItem\",\"position\":2,\"name\":\"Noticias\",\"item\":\"https:\\\/\\\/www.entreculturas.org\\\/fr\\\/noticias\\\/\"},{\"@type\":\"ListItem\",\"position\":3,\"name\":\"III Jornadas de Buenas Pr\u00e1cticas: una nueva edici\u00f3n, un nuevo formato\"}]},{\"@type\":\"WebSite\",\"@id\":\"https:\\\/\\\/www.entreculturas.org\\\/fr\\\/#website\",\"url\":\"https:\\\/\\\/www.entreculturas.org\\\/fr\\\/\",\"name\":\"Entreculturas\",\"description\":\"\",\"publisher\":{\"@id\":\"https:\\\/\\\/www.entreculturas.org\\\/fr\\\/#organization\"},\"alternateName\":\"Entreculturas\",\"potentialAction\":[{\"@type\":\"SearchAction\",\"target\":{\"@type\":\"EntryPoint\",\"urlTemplate\":\"https:\\\/\\\/www.entreculturas.org\\\/fr\\\/?s={search_term_string}\"},\"query-input\":{\"@type\":\"PropertyValueSpecification\",\"valueRequired\":true,\"valueName\":\"search_term_string\"}}],\"inLanguage\":\"fr-FR\"},{\"@type\":\"Organization\",\"@id\":\"https:\\\/\\\/www.entreculturas.org\\\/fr\\\/#organization\",\"name\":\"Entreculturas\",\"url\":\"https:\\\/\\\/www.entreculturas.org\\\/fr\\\/\",\"logo\":{\"@type\":\"ImageObject\",\"inLanguage\":\"fr-FR\",\"@id\":\"https:\\\/\\\/www.entreculturas.org\\\/fr\\\/#\\\/schema\\\/logo\\\/image\\\/\",\"url\":\"https:\\\/\\\/www.entreculturas.org\\\/wp-content\\\/uploads\\\/2025\\\/10\\\/ESP.svg\",\"contentUrl\":\"https:\\\/\\\/www.entreculturas.org\\\/wp-content\\\/uploads\\\/2025\\\/10\\\/ESP.svg\",\"caption\":\"Entreculturas\"},\"image\":{\"@id\":\"https:\\\/\\\/www.entreculturas.org\\\/fr\\\/#\\\/schema\\\/logo\\\/image\\\/\"},\"sameAs\":[\"https:\\\/\\\/www.facebook.com\\\/entreculturas\",\"https:\\\/\\\/x.com\\\/Entreculturas\",\"https:\\\/\\\/www.instagram.com\\\/entreculturas\\\/\",\"https:\\\/\\\/www.youtube.com\\\/user\\\/entreculturasvideo\",\"https:\\\/\\\/www.linkedin.com\\\/company\\\/fundacion-entreculturas-ngdo\\\/\",\"https:\\\/\\\/www.flickr.com\\\/photos\\\/98455522@N04\\\/albums\\\/\"]}]}<\/script>\n<!-- \/ Yoast SEO Premium plugin. -->","yoast_head_json":{"title":"III Jornadas de Buenas Pr\u00e1cticas: una nueva edici\u00f3n, un nuevo formato - Entreculturas","robots":{"index":"index","follow":"follow","max-snippet":"max-snippet:-1","max-image-preview":"max-image-preview:large","max-video-preview":"max-video-preview:-1"},"canonical":"https:\/\/www.entreculturas.org\/fr\/noticia\/iii-jornadas-de-buenas-practicas-una-nueva-edicion-un-nuevo-formato\/","og_locale":"fr_FR","og_type":"article","og_title":"III Jornadas de Buenas Pr\u00e1cticas: una nueva edici\u00f3n, un nuevo formato","og_description":"\u00a1Bienvenidas y bienvenidos al resumen de las III Jornadas de Buenas Pr\u00e1cticas de Entreculturas! C\u00f3mo sab\u00e9is, en este a\u00f1o 2020 muchas cosas han cambiado, pero algo que no ha cambiado es nuestra certeza de que la educaci\u00f3n s\u00ed puede cambiar el mundo. Partiendo de esta motivaci\u00f3n, y bajo el paraguas del proyecto \u201cEducaci\u00f3n Integral e Inclusiva en contextos de vulnerabilidad social\u201d que se est\u00e1 llevando a cabo en Galicia, Asturias y Castilla y Le\u00f3n este a\u00f1o, organizamos las III Jornadas de Buenas Pr\u00e1cticas: Construyendo una ciudadan\u00eda inclusiva e igualitaria en tiempos de incertidumbre. Durante los d\u00edas 24 y 25 de noviembre, y arropadas por el D\u00eda Internacional de los Derechos de la Infancia (20N) y el D\u00eda Internacional de la Eliminaci\u00f3n de la Violencia contra las Mujeres (25N), desde las Delegaciones de Entreculturas en Galicia organizamos unas Jornadas virtuales, din\u00e1micas e innovadoras de 5h de duraci\u00f3n (divididas en dos tardes) [&hellip;]","og_url":"https:\/\/www.entreculturas.org\/fr\/noticia\/iii-jornadas-de-buenas-practicas-una-nueva-edicion-un-nuevo-formato\/","og_site_name":"Entreculturas","article_publisher":"https:\/\/www.facebook.com\/entreculturas","article_modified_time":"2024-10-17T07:44:07+00:00","og_image":[{"width":2304,"height":1728,"url":"https:\/\/www.entreculturas.org\/wp-content\/uploads\/2020\/12\/1.png","type":"image\/png"}],"twitter_card":"summary_large_image","twitter_site":"@Entreculturas","schema":{"@context":"https:\/\/schema.org","@graph":[{"@type":"WebPage","@id":"https:\/\/www.entreculturas.org\/fr\/noticia\/iii-jornadas-de-buenas-practicas-una-nueva-edicion-un-nuevo-formato\/","url":"https:\/\/www.entreculturas.org\/fr\/noticia\/iii-jornadas-de-buenas-practicas-una-nueva-edicion-un-nuevo-formato\/","name":"III Jornadas de Buenas Pr\u00e1cticas: una nueva edici\u00f3n, un nuevo formato - Entreculturas","isPartOf":{"@id":"https:\/\/www.entreculturas.org\/fr\/#website"},"primaryImageOfPage":{"@id":"https:\/\/www.entreculturas.org\/fr\/noticia\/iii-jornadas-de-buenas-practicas-una-nueva-edicion-un-nuevo-formato\/#primaryimage"},"image":{"@id":"https:\/\/www.entreculturas.org\/fr\/noticia\/iii-jornadas-de-buenas-practicas-una-nueva-edicion-un-nuevo-formato\/#primaryimage"},"thumbnailUrl":"https:\/\/www.entreculturas.org\/wp-content\/uploads\/2020\/12\/1.png","datePublished":"2024-03-06T15:15:13+00:00","dateModified":"2024-10-17T07:44:07+00:00","breadcrumb":{"@id":"https:\/\/www.entreculturas.org\/fr\/noticia\/iii-jornadas-de-buenas-practicas-una-nueva-edicion-un-nuevo-formato\/#breadcrumb"},"inLanguage":"fr-FR","potentialAction":[{"@type":"ReadAction","target":["https:\/\/www.entreculturas.org\/fr\/noticia\/iii-jornadas-de-buenas-practicas-una-nueva-edicion-un-nuevo-formato\/"]}]},{"@type":"ImageObject","inLanguage":"fr-FR","@id":"https:\/\/www.entreculturas.org\/fr\/noticia\/iii-jornadas-de-buenas-practicas-una-nueva-edicion-un-nuevo-formato\/#primaryimage","url":"https:\/\/www.entreculturas.org\/wp-content\/uploads\/2020\/12\/1.png","contentUrl":"https:\/\/www.entreculturas.org\/wp-content\/uploads\/2020\/12\/1.png","width":2304,"height":1728},{"@type":"BreadcrumbList","@id":"https:\/\/www.entreculturas.org\/fr\/noticia\/iii-jornadas-de-buenas-practicas-una-nueva-edicion-un-nuevo-formato\/#breadcrumb","itemListElement":[{"@type":"ListItem","position":1,"name":"Home","item":"https:\/\/www.entreculturas.org\/fr\/"},{"@type":"ListItem","position":2,"name":"Noticias","item":"https:\/\/www.entreculturas.org\/fr\/noticias\/"},{"@type":"ListItem","position":3,"name":"III Jornadas de Buenas Pr\u00e1cticas: una nueva edici\u00f3n, un nuevo formato"}]},{"@type":"WebSite","@id":"https:\/\/www.entreculturas.org\/fr\/#website","url":"https:\/\/www.entreculturas.org\/fr\/","name":"Entreculturas","description":"","publisher":{"@id":"https:\/\/www.entreculturas.org\/fr\/#organization"},"alternateName":"Entreculturas","potentialAction":[{"@type":"SearchAction","target":{"@type":"EntryPoint","urlTemplate":"https:\/\/www.entreculturas.org\/fr\/?s={search_term_string}"},"query-input":{"@type":"PropertyValueSpecification","valueRequired":true,"valueName":"search_term_string"}}],"inLanguage":"fr-FR"},{"@type":"Organization","@id":"https:\/\/www.entreculturas.org\/fr\/#organization","name":"Entreculturas","url":"https:\/\/www.entreculturas.org\/fr\/","logo":{"@type":"ImageObject","inLanguage":"fr-FR","@id":"https:\/\/www.entreculturas.org\/fr\/#\/schema\/logo\/image\/","url":"https:\/\/www.entreculturas.org\/wp-content\/uploads\/2025\/10\/ESP.svg","contentUrl":"https:\/\/www.entreculturas.org\/wp-content\/uploads\/2025\/10\/ESP.svg","caption":"Entreculturas"},"image":{"@id":"https:\/\/www.entreculturas.org\/fr\/#\/schema\/logo\/image\/"},"sameAs":["https:\/\/www.facebook.com\/entreculturas","https:\/\/x.com\/Entreculturas","https:\/\/www.instagram.com\/entreculturas\/","https:\/\/www.youtube.com\/user\/entreculturasvideo","https:\/\/www.linkedin.com\/company\/fundacion-entreculturas-ngdo\/","https:\/\/www.flickr.com\/photos\/98455522@N04\/albums\/"]}]}},"_links":{"self":[{"href":"https:\/\/www.entreculturas.org\/fr\/wp-json\/wp\/v2\/noticia\/5351","targetHints":{"allow":["GET"]}}],"collection":[{"href":"https:\/\/www.entreculturas.org\/fr\/wp-json\/wp\/v2\/noticia"}],"about":[{"href":"https:\/\/www.entreculturas.org\/fr\/wp-json\/wp\/v2\/types\/noticia"}],"wp:featuredmedia":[{"embeddable":true,"href":"https:\/\/www.entreculturas.org\/fr\/wp-json\/wp\/v2\/media\/5340"}],"wp:attachment":[{"href":"https:\/\/www.entreculturas.org\/fr\/wp-json\/wp\/v2\/media?parent=5351"}],"wp:term":[{"taxonomy":"category","embeddable":true,"href":"https:\/\/www.entreculturas.org\/fr\/wp-json\/wp\/v2\/categories?post=5351"},{"taxonomy":"post_tag","embeddable":true,"href":"https:\/\/www.entreculturas.org\/fr\/wp-json\/wp\/v2\/tags?post=5351"},{"taxonomy":"country","embeddable":true,"href":"https:\/\/www.entreculturas.org\/fr\/wp-json\/wp\/v2\/country?post=5351"},{"taxonomy":"cause","embeddable":true,"href":"https:\/\/www.entreculturas.org\/fr\/wp-json\/wp\/v2\/cause?post=5351"}],"curies":[{"name":"wp","href":"https:\/\/api.w.org\/{rel}","templated":true}]}}