{"id":5146,"date":"2020-10-03T17:02:45","date_gmt":"2020-10-03T17:02:45","guid":{"rendered":"https:\/\/entreculturasi.wpenginepowered.com\/?noticias=julia-navarro-la-educacion-es-aquello-que-nos-hace-tomar-conciencia-de-los-otros"},"modified":"2024-03-06T17:55:30","modified_gmt":"2024-03-06T16:55:30","slug":"julia-navarro-la-educacion-es-aquello-que-nos-hace-tomar-conciencia-de-los-otros","status":"publish","type":"noticia","link":"https:\/\/www.entreculturas.org\/fr\/noticia\/julia-navarro-la-educacion-es-aquello-que-nos-hace-tomar-conciencia-de-los-otros\/","title":{"rendered":"Julia Navarro: \u201cLa educaci\u00f3n es aquello que nos hace tomar conciencia de los otros\u201d"},"content":{"rendered":"<\/p>\n<p><em><strong>Discurso de la periodista y escritora Julia Navarro en la tercera jornada del XX Encuentro Anual de Entreculturas (3 de octubre de 2020).<\/strong><\/em><\/p>\n<p>Me parece una osad\u00eda hablar de educaci\u00f3n estando todos vosotros, que sois expertos. Pero es verdad que, si estoy aqu\u00ed, es porque, hace poco m\u00e1s de un mes, publiqu\u00e9 <a href=\"https:\/\/elpais.com\/elpais\/2020\/06\/08\/eps\/1591606157_263522.html\" target=\"_blank\" rel=\"noopener\">un art\u00edculo<\/a> dedicado a mi profesora de Literatura, a la profesora de Literatura que tuve durante todo el Bachillerato. Seguramente yo hoy no ser\u00eda escritora, no habr\u00eda escrito ning\u00fan libro, ni siquiera me habr\u00eda dedicado al Periodismo sin ella. Conchita Fern\u00e1ndez D\u00e9bora era el tipo de profesor o profesora que no solamente te ense\u00f1aba, sino que te acompa\u00f1aba en el aprendizaje.&nbsp;<\/p>\n<p>Siempre he pensado que un buen maestro no es el que te ense\u00f1a mucha Historia, Matem\u00e1ticas, Geograf\u00eda, sino el que, adem\u00e1s, te ayuda a comprender, te acompa\u00f1a en ese proceso tan complicado que es para los ni\u00f1os y para los adolescentes el ir adquiriendo conocimientos.<\/p>\n<p>Yo aprend\u00ed a escribir porque ella me ense\u00f1\u00f3 a escribir. No os imagin\u00e1is la cantidad de veces que me hizo repetir los comentarios de texto, la cantidad de veces que me dec\u00eda: \u201cEste comentario de texto est\u00e1 mal, no has entendido lo que quer\u00eda decir este poeta, este escritor; vamos a leerlo juntas, vamos a analizarlo\u201d.<\/p>\n<p>Cuando yo estaba terminando el Bachillerato, me planteaba, \u00bfy ahora qu\u00e9? \u00bfA qu\u00e9 me voy a dedicar? Y la verdad es que nunca hab\u00eda pensado dedicarme ni al Periodismo, ni a escribir libros, ni a nada por el estilo. Yo lo que quer\u00eda era ser bailarina. En mi casa me dijeron que bailarina no, y entonces dije: \u00bfqu\u00e9 puedo ser? Me apasionaba la F\u00edsica, porque yo pensaba que en la F\u00edsica hab\u00eda respuestas a todos esos misterios del universo.&nbsp;<\/p>\n<p>Recuerdo cuando un d\u00eda ella me pregunt\u00f3: \u201cCuando termines, dejes el colegio y vayas a la universidad, \u00bfqu\u00e9 vas a estudiar?\u201d Le dije: \u201cF\u00edsica y Qu\u00edmica\u201d. Todav\u00eda recuerdo su carcajada y sus palabras: \u201cA ti las Matem\u00e1ticas, la F\u00edsica, la Qu\u00edmica nunca te han gustado\u201d. Yo tuve que confesar: \u201cPues la verdad es que nunca me han gustado\u201d. \u201cTe costaba aprobarlas\u201d.<\/p>\n<p>Pues s\u00ed: la verdad es que durante todo el Bachillerato me costaba aprobarlas, entre otras cosas, porque no les prestaba la suficiente atenci\u00f3n y el suficiente amor que hay que poner en lo que uno hace. Entonces, me dijo: \u201cDeseng\u00e1\u00f1ate: t\u00fa lo que tienes que hacer es escribir, lo que se te da bien es escribir\u201d. Para m\u00ed, aquel fue un momento absolutamente de desconcierto. \u00bfC\u00f3mo que se me da bien escribir, si sacarte un notable a ti era casi misi\u00f3n imposible? Pero me convenci\u00f3. Y realmente me orient\u00f3 a lo que luego ha sido el leit motiv de mi vida: la escritura, el contar historias.<\/p>\n<p>Creo que un maestro te orienta. Creo que un maestro te acompa\u00f1a. Ahora tenemos esta reuni\u00f3n de forma virtual, y evidentemente las nuevas tecnolog\u00edas est\u00e1n ah\u00ed, para ayudarnos, pero creo que no hay nada que pueda cambiar la mirada de un maestro a los ojos de un ni\u00f1o. El ver c\u00f3mo se porta, c\u00f3mo se mueve, lo que le preocupa. Yo creo que ese contacto directo es absolutamente necesario. Entiendo que ahora que estamos en tiempos de pandemia haya que utilizar las nuevas tecnolog\u00edas para que los ni\u00f1os puedan seguir aprendiendo, pero tambi\u00e9n creo que ese estar, ese cara a cara diario del maestro y de los alumnos es absolutamente imprescindible.<\/p>\n<p>Yo creo que la educaci\u00f3n es aquello que nos hace tomar conciencia de los otros. Nos abre la mente hacia otras realidades, hacia otros mundos. Creo que vosotros manej\u00e1is la herramienta m\u00e1s importante que uno puede tener en las manos, que es el llevar el conocimiento, el ayudar a aprender, porque, en definitiva, es ayudar a pensar, abrirse a otras realidades.&nbsp;<\/p>\n<p>Y, cuando te abres a otras realidades, puedes cambiar las cosas, puedes hacer que las cosas sean mucho mejor. Puedes cambiar la sociedad, todas las pautas que a\u00fan tenemos que cambiar para hacer que la sociedad sea mucho m\u00e1s justa y en la que podamos caber todos. Realmente creo que la educaci\u00f3n es lo que ayuda a las personas a ser capaces de ser aquello que anhelan ser. Es la mejor herramienta para llegar a ser lo que uno quiere ser.<\/p>\n<p>Hay <a href=\"https:\/\/magnet.xataka.com\/un-mundo-fascinante\/la-carta-que-camus-escribio-a-su-profesor-de-colegio-tras-ganar-el-nobel-de-literatura\" target=\"_blank\" rel=\"noopener\">una carta<\/a> que a m\u00ed siempre me toc\u00f3 el alma: la que le escribi\u00f3 Albert Camus a su viejo maestro cuando le dieron el Premio Nobel de Literatura en 1957. Era una carta dirigida al Se\u00f1or Germain, que era como se llamaba su maestro de Primaria.&nbsp;<\/p>\n<p>Camus le dec\u00eda: \u201cCuando me dieron la noticia de que me daban el Nobel, lo primero en lo que pens\u00e9 fue en mi madre, pero, a continuaci\u00f3n, pens\u00e9 en usted\u201d. Y le dec\u00eda textualmente: \u201cSin usted, sin la mano afectuosa que tendi\u00f3 al pobre ni\u00f1ito que era yo, sin su ense\u00f1anza y ejemplo, nada de esto hubiera sucedido\u201d. Es decir, era el reconocimiento a la importancia que hab\u00eda tenido aquel maestro en aquel ni\u00f1ito que viv\u00eda en condiciones muy complicadas, en condiciones que, desgraciadamente, siguen presentes en el mundo y que vosotros toc\u00e1is todos los d\u00edas.<\/p>\n<p>Quiz\u00e1 esa carta que Camus escribi\u00f3 al Se\u00f1or Germain es lo que me llev\u00f3 a m\u00ed tambi\u00e9n a escribir a mi profesora de Literatura, a hacerle ese peque\u00f1o homenaje, ese reconocimiento de que, sin ella, sin vosotros, sin los que sois realmente maestros, sin los que nos acompa\u00f1\u00e1is y acompa\u00f1\u00e1is a tantas personas, a tantos ni\u00f1os a lo largo de la vida, muchos no habr\u00edamos encontrado ni nuestra vocaci\u00f3n ni nuestro destino.&nbsp;<\/p>\n<p>Esa carta siempre me emocion\u00f3. \u00c9l continuaba diciendo: \u201cSus esfuerzos, su trabajo y, sobre todo, el coraz\u00f3n generoso que usted puso en educarme, todo eso va a continuar siempre vivo en uno de sus peque\u00f1os escolares que, pese a los a\u00f1os, nunca ha dejado de ser su alumno agradecido\u201d.<\/p>\n<p>Yo creo que hay muchas personas en el mundo que estamos muy agradecidas a alguno de los maestros que nos tocaron en suerte, a alguno de los maestros que nos ayudaron a encontrar nuestro camino y nuestra vocaci\u00f3n. Yo, desde luego, soy uno de esos ejemplos. No habr\u00eda escrito ninguna novela o art\u00edculo, no habr\u00eda hecho nada de lo que he hecho en la vida si un d\u00eda mi profesora Conchita Fern\u00e1ndez D\u00e9bora no me hubiese dicho: \u201cA ti lo que se te da bien de verdad es escribir, es lo que te gusta y es a lo que te debes dedicar; \u00e9se es tu camino\u201d.<\/p>\n<p>Esas palabras que me dijeron hace muchos, muchos a\u00f1os, me han ayudado a ser lo que soy, de manera que tengo una deuda de gratitud a aquella maestra y, por tanto, siento una admiraci\u00f3n profunda por todos vosotros, que vais a ayudar a hacer realidad los sue\u00f1os de muchos ni\u00f1os. Les vais a ayudar a encontrar ese camino y les vais a ayudar a que el mundo sea, sin duda, de una forma diferente a lo que es. Porque, como dec\u00eda antes, uno, a trav\u00e9s de la educaci\u00f3n, es como toma conciencia de los otros. Much\u00edsimas gracias.<\/p>\n","protected":false},"excerpt":{"rendered":"<p>Lee el discurso completa de la periodista y escritora Julia Navarro en la tercera jornada del XX Encuentro Anual de Entreculturas.<\/p>\n","protected":false},"featured_media":5145,"template":"single-noticia","meta":{"_acf_changed":false},"categories":[7],"tags":[289],"country":[120],"cause":[128],"class_list":["post-5146","noticia","type-noticia","status-publish","has-post-thumbnail","hentry","category-noticia","tag-educacion","country-espana","cause-educacion"],"acf":[],"yoast_head":"<!-- This site is optimized with the Yoast SEO Premium plugin v21.6 (Yoast SEO v27.5) - https:\/\/yoast.com\/product\/yoast-seo-premium-wordpress\/ -->\n<title>Julia Navarro: \u201cLa educaci\u00f3n es aquello que nos hace tomar conciencia de los otros\u201d - Entreculturas<\/title>\n<meta name=\"robots\" content=\"index, follow, max-snippet:-1, max-image-preview:large, max-video-preview:-1\" \/>\n<link rel=\"canonical\" href=\"https:\/\/www.entreculturas.org\/fr\/noticia\/julia-navarro-la-educacion-es-aquello-que-nos-hace-tomar-conciencia-de-los-otros\/\" \/>\n<meta property=\"og:locale\" content=\"fr_FR\" \/>\n<meta property=\"og:type\" content=\"article\" \/>\n<meta property=\"og:title\" content=\"Julia Navarro: \u201cLa educaci\u00f3n es aquello que nos hace tomar conciencia de los otros\u201d\" \/>\n<meta property=\"og:description\" content=\"Lee el discurso completa de la periodista y escritora Julia Navarro en la tercera jornada del XX Encuentro Anual de Entreculturas.\" \/>\n<meta property=\"og:url\" content=\"https:\/\/www.entreculturas.org\/fr\/noticia\/julia-navarro-la-educacion-es-aquello-que-nos-hace-tomar-conciencia-de-los-otros\/\" \/>\n<meta property=\"og:site_name\" content=\"Entreculturas\" \/>\n<meta property=\"article:publisher\" content=\"https:\/\/www.facebook.com\/entreculturas\" \/>\n<meta property=\"article:modified_time\" content=\"2024-03-06T16:55:30+00:00\" \/>\n<meta property=\"og:image\" content=\"https:\/\/www.entreculturas.org\/wp-content\/uploads\/2020\/10\/navarro_julia.jpg\" \/>\n\t<meta property=\"og:image:width\" content=\"649\" \/>\n\t<meta property=\"og:image:height\" content=\"682\" \/>\n\t<meta property=\"og:image:type\" content=\"image\/jpeg\" \/>\n<meta name=\"twitter:card\" content=\"summary_large_image\" \/>\n<meta name=\"twitter:site\" content=\"@Entreculturas\" \/>\n<script type=\"application\/ld+json\" class=\"yoast-schema-graph\">{\"@context\":\"https:\\\/\\\/schema.org\",\"@graph\":[{\"@type\":\"WebPage\",\"@id\":\"https:\\\/\\\/www.entreculturas.org\\\/fr\\\/noticia\\\/julia-navarro-la-educacion-es-aquello-que-nos-hace-tomar-conciencia-de-los-otros\\\/\",\"url\":\"https:\\\/\\\/www.entreculturas.org\\\/fr\\\/noticia\\\/julia-navarro-la-educacion-es-aquello-que-nos-hace-tomar-conciencia-de-los-otros\\\/\",\"name\":\"Julia Navarro: \u201cLa educaci\u00f3n es aquello que nos hace tomar conciencia de los otros\u201d - Entreculturas\",\"isPartOf\":{\"@id\":\"https:\\\/\\\/www.entreculturas.org\\\/fr\\\/#website\"},\"primaryImageOfPage\":{\"@id\":\"https:\\\/\\\/www.entreculturas.org\\\/fr\\\/noticia\\\/julia-navarro-la-educacion-es-aquello-que-nos-hace-tomar-conciencia-de-los-otros\\\/#primaryimage\"},\"image\":{\"@id\":\"https:\\\/\\\/www.entreculturas.org\\\/fr\\\/noticia\\\/julia-navarro-la-educacion-es-aquello-que-nos-hace-tomar-conciencia-de-los-otros\\\/#primaryimage\"},\"thumbnailUrl\":\"https:\\\/\\\/www.entreculturas.org\\\/wp-content\\\/uploads\\\/2020\\\/10\\\/navarro_julia.jpg\",\"datePublished\":\"2020-10-03T17:02:45+00:00\",\"dateModified\":\"2024-03-06T16:55:30+00:00\",\"breadcrumb\":{\"@id\":\"https:\\\/\\\/www.entreculturas.org\\\/fr\\\/noticia\\\/julia-navarro-la-educacion-es-aquello-que-nos-hace-tomar-conciencia-de-los-otros\\\/#breadcrumb\"},\"inLanguage\":\"fr-FR\",\"potentialAction\":[{\"@type\":\"ReadAction\",\"target\":[\"https:\\\/\\\/www.entreculturas.org\\\/fr\\\/noticia\\\/julia-navarro-la-educacion-es-aquello-que-nos-hace-tomar-conciencia-de-los-otros\\\/\"]}]},{\"@type\":\"ImageObject\",\"inLanguage\":\"fr-FR\",\"@id\":\"https:\\\/\\\/www.entreculturas.org\\\/fr\\\/noticia\\\/julia-navarro-la-educacion-es-aquello-que-nos-hace-tomar-conciencia-de-los-otros\\\/#primaryimage\",\"url\":\"https:\\\/\\\/www.entreculturas.org\\\/wp-content\\\/uploads\\\/2020\\\/10\\\/navarro_julia.jpg\",\"contentUrl\":\"https:\\\/\\\/www.entreculturas.org\\\/wp-content\\\/uploads\\\/2020\\\/10\\\/navarro_julia.jpg\",\"width\":649,\"height\":682},{\"@type\":\"BreadcrumbList\",\"@id\":\"https:\\\/\\\/www.entreculturas.org\\\/fr\\\/noticia\\\/julia-navarro-la-educacion-es-aquello-que-nos-hace-tomar-conciencia-de-los-otros\\\/#breadcrumb\",\"itemListElement\":[{\"@type\":\"ListItem\",\"position\":1,\"name\":\"Home\",\"item\":\"https:\\\/\\\/www.entreculturas.org\\\/fr\\\/\"},{\"@type\":\"ListItem\",\"position\":2,\"name\":\"Noticias\",\"item\":\"https:\\\/\\\/www.entreculturas.org\\\/fr\\\/noticias\\\/\"},{\"@type\":\"ListItem\",\"position\":3,\"name\":\"Julia Navarro: \u201cLa educaci\u00f3n es aquello que nos hace tomar conciencia de los otros\u201d\"}]},{\"@type\":\"WebSite\",\"@id\":\"https:\\\/\\\/www.entreculturas.org\\\/fr\\\/#website\",\"url\":\"https:\\\/\\\/www.entreculturas.org\\\/fr\\\/\",\"name\":\"Entreculturas\",\"description\":\"\",\"publisher\":{\"@id\":\"https:\\\/\\\/www.entreculturas.org\\\/fr\\\/#organization\"},\"alternateName\":\"Entreculturas\",\"potentialAction\":[{\"@type\":\"SearchAction\",\"target\":{\"@type\":\"EntryPoint\",\"urlTemplate\":\"https:\\\/\\\/www.entreculturas.org\\\/fr\\\/?s={search_term_string}\"},\"query-input\":{\"@type\":\"PropertyValueSpecification\",\"valueRequired\":true,\"valueName\":\"search_term_string\"}}],\"inLanguage\":\"fr-FR\"},{\"@type\":\"Organization\",\"@id\":\"https:\\\/\\\/www.entreculturas.org\\\/fr\\\/#organization\",\"name\":\"Entreculturas\",\"url\":\"https:\\\/\\\/www.entreculturas.org\\\/fr\\\/\",\"logo\":{\"@type\":\"ImageObject\",\"inLanguage\":\"fr-FR\",\"@id\":\"https:\\\/\\\/www.entreculturas.org\\\/fr\\\/#\\\/schema\\\/logo\\\/image\\\/\",\"url\":\"https:\\\/\\\/www.entreculturas.org\\\/wp-content\\\/uploads\\\/2025\\\/10\\\/ESP.svg\",\"contentUrl\":\"https:\\\/\\\/www.entreculturas.org\\\/wp-content\\\/uploads\\\/2025\\\/10\\\/ESP.svg\",\"caption\":\"Entreculturas\"},\"image\":{\"@id\":\"https:\\\/\\\/www.entreculturas.org\\\/fr\\\/#\\\/schema\\\/logo\\\/image\\\/\"},\"sameAs\":[\"https:\\\/\\\/www.facebook.com\\\/entreculturas\",\"https:\\\/\\\/x.com\\\/Entreculturas\",\"https:\\\/\\\/www.instagram.com\\\/entreculturas\\\/\",\"https:\\\/\\\/www.youtube.com\\\/user\\\/entreculturasvideo\",\"https:\\\/\\\/www.linkedin.com\\\/company\\\/fundacion-entreculturas-ngdo\\\/\",\"https:\\\/\\\/www.flickr.com\\\/photos\\\/98455522@N04\\\/albums\\\/\"]}]}<\/script>\n<!-- \/ Yoast SEO Premium plugin. -->","yoast_head_json":{"title":"Julia Navarro: \u201cLa educaci\u00f3n es aquello que nos hace tomar conciencia de los otros\u201d - Entreculturas","robots":{"index":"index","follow":"follow","max-snippet":"max-snippet:-1","max-image-preview":"max-image-preview:large","max-video-preview":"max-video-preview:-1"},"canonical":"https:\/\/www.entreculturas.org\/fr\/noticia\/julia-navarro-la-educacion-es-aquello-que-nos-hace-tomar-conciencia-de-los-otros\/","og_locale":"fr_FR","og_type":"article","og_title":"Julia Navarro: \u201cLa educaci\u00f3n es aquello que nos hace tomar conciencia de los otros\u201d","og_description":"Lee el discurso completa de la periodista y escritora Julia Navarro en la tercera jornada del XX Encuentro Anual de Entreculturas.","og_url":"https:\/\/www.entreculturas.org\/fr\/noticia\/julia-navarro-la-educacion-es-aquello-que-nos-hace-tomar-conciencia-de-los-otros\/","og_site_name":"Entreculturas","article_publisher":"https:\/\/www.facebook.com\/entreculturas","article_modified_time":"2024-03-06T16:55:30+00:00","og_image":[{"width":649,"height":682,"url":"https:\/\/www.entreculturas.org\/wp-content\/uploads\/2020\/10\/navarro_julia.jpg","type":"image\/jpeg"}],"twitter_card":"summary_large_image","twitter_site":"@Entreculturas","schema":{"@context":"https:\/\/schema.org","@graph":[{"@type":"WebPage","@id":"https:\/\/www.entreculturas.org\/fr\/noticia\/julia-navarro-la-educacion-es-aquello-que-nos-hace-tomar-conciencia-de-los-otros\/","url":"https:\/\/www.entreculturas.org\/fr\/noticia\/julia-navarro-la-educacion-es-aquello-que-nos-hace-tomar-conciencia-de-los-otros\/","name":"Julia Navarro: \u201cLa educaci\u00f3n es aquello que nos hace tomar conciencia de los otros\u201d - Entreculturas","isPartOf":{"@id":"https:\/\/www.entreculturas.org\/fr\/#website"},"primaryImageOfPage":{"@id":"https:\/\/www.entreculturas.org\/fr\/noticia\/julia-navarro-la-educacion-es-aquello-que-nos-hace-tomar-conciencia-de-los-otros\/#primaryimage"},"image":{"@id":"https:\/\/www.entreculturas.org\/fr\/noticia\/julia-navarro-la-educacion-es-aquello-que-nos-hace-tomar-conciencia-de-los-otros\/#primaryimage"},"thumbnailUrl":"https:\/\/www.entreculturas.org\/wp-content\/uploads\/2020\/10\/navarro_julia.jpg","datePublished":"2020-10-03T17:02:45+00:00","dateModified":"2024-03-06T16:55:30+00:00","breadcrumb":{"@id":"https:\/\/www.entreculturas.org\/fr\/noticia\/julia-navarro-la-educacion-es-aquello-que-nos-hace-tomar-conciencia-de-los-otros\/#breadcrumb"},"inLanguage":"fr-FR","potentialAction":[{"@type":"ReadAction","target":["https:\/\/www.entreculturas.org\/fr\/noticia\/julia-navarro-la-educacion-es-aquello-que-nos-hace-tomar-conciencia-de-los-otros\/"]}]},{"@type":"ImageObject","inLanguage":"fr-FR","@id":"https:\/\/www.entreculturas.org\/fr\/noticia\/julia-navarro-la-educacion-es-aquello-que-nos-hace-tomar-conciencia-de-los-otros\/#primaryimage","url":"https:\/\/www.entreculturas.org\/wp-content\/uploads\/2020\/10\/navarro_julia.jpg","contentUrl":"https:\/\/www.entreculturas.org\/wp-content\/uploads\/2020\/10\/navarro_julia.jpg","width":649,"height":682},{"@type":"BreadcrumbList","@id":"https:\/\/www.entreculturas.org\/fr\/noticia\/julia-navarro-la-educacion-es-aquello-que-nos-hace-tomar-conciencia-de-los-otros\/#breadcrumb","itemListElement":[{"@type":"ListItem","position":1,"name":"Home","item":"https:\/\/www.entreculturas.org\/fr\/"},{"@type":"ListItem","position":2,"name":"Noticias","item":"https:\/\/www.entreculturas.org\/fr\/noticias\/"},{"@type":"ListItem","position":3,"name":"Julia Navarro: \u201cLa educaci\u00f3n es aquello que nos hace tomar conciencia de los otros\u201d"}]},{"@type":"WebSite","@id":"https:\/\/www.entreculturas.org\/fr\/#website","url":"https:\/\/www.entreculturas.org\/fr\/","name":"Entreculturas","description":"","publisher":{"@id":"https:\/\/www.entreculturas.org\/fr\/#organization"},"alternateName":"Entreculturas","potentialAction":[{"@type":"SearchAction","target":{"@type":"EntryPoint","urlTemplate":"https:\/\/www.entreculturas.org\/fr\/?s={search_term_string}"},"query-input":{"@type":"PropertyValueSpecification","valueRequired":true,"valueName":"search_term_string"}}],"inLanguage":"fr-FR"},{"@type":"Organization","@id":"https:\/\/www.entreculturas.org\/fr\/#organization","name":"Entreculturas","url":"https:\/\/www.entreculturas.org\/fr\/","logo":{"@type":"ImageObject","inLanguage":"fr-FR","@id":"https:\/\/www.entreculturas.org\/fr\/#\/schema\/logo\/image\/","url":"https:\/\/www.entreculturas.org\/wp-content\/uploads\/2025\/10\/ESP.svg","contentUrl":"https:\/\/www.entreculturas.org\/wp-content\/uploads\/2025\/10\/ESP.svg","caption":"Entreculturas"},"image":{"@id":"https:\/\/www.entreculturas.org\/fr\/#\/schema\/logo\/image\/"},"sameAs":["https:\/\/www.facebook.com\/entreculturas","https:\/\/x.com\/Entreculturas","https:\/\/www.instagram.com\/entreculturas\/","https:\/\/www.youtube.com\/user\/entreculturasvideo","https:\/\/www.linkedin.com\/company\/fundacion-entreculturas-ngdo\/","https:\/\/www.flickr.com\/photos\/98455522@N04\/albums\/"]}]}},"_links":{"self":[{"href":"https:\/\/www.entreculturas.org\/fr\/wp-json\/wp\/v2\/noticia\/5146","targetHints":{"allow":["GET"]}}],"collection":[{"href":"https:\/\/www.entreculturas.org\/fr\/wp-json\/wp\/v2\/noticia"}],"about":[{"href":"https:\/\/www.entreculturas.org\/fr\/wp-json\/wp\/v2\/types\/noticia"}],"wp:featuredmedia":[{"embeddable":true,"href":"https:\/\/www.entreculturas.org\/fr\/wp-json\/wp\/v2\/media\/5145"}],"wp:attachment":[{"href":"https:\/\/www.entreculturas.org\/fr\/wp-json\/wp\/v2\/media?parent=5146"}],"wp:term":[{"taxonomy":"category","embeddable":true,"href":"https:\/\/www.entreculturas.org\/fr\/wp-json\/wp\/v2\/categories?post=5146"},{"taxonomy":"post_tag","embeddable":true,"href":"https:\/\/www.entreculturas.org\/fr\/wp-json\/wp\/v2\/tags?post=5146"},{"taxonomy":"country","embeddable":true,"href":"https:\/\/www.entreculturas.org\/fr\/wp-json\/wp\/v2\/country?post=5146"},{"taxonomy":"cause","embeddable":true,"href":"https:\/\/www.entreculturas.org\/fr\/wp-json\/wp\/v2\/cause?post=5146"}],"curies":[{"name":"wp","href":"https:\/\/api.w.org\/{rel}","templated":true}]}}