{"id":5135,"date":"2020-09-15T09:54:43","date_gmt":"2020-09-15T09:54:43","guid":{"rendered":"https:\/\/entreculturasi.wpenginepowered.com\/?noticias=toyi-john-me-encantaron-las-clases-por-radio-era-la-unica-oportunidad-que-tenia-para"},"modified":"2024-03-06T17:55:49","modified_gmt":"2024-03-06T16:55:49","slug":"toyi-john-me-encantaron-las-clases-por-radio-era-la-unica-oportunidad-que-tenia-para","status":"publish","type":"noticia","link":"https:\/\/www.entreculturas.org\/fr\/noticia\/toyi-john-me-encantaron-las-clases-por-radio-era-la-unica-oportunidad-que-tenia-para\/","title":{"rendered":"Toyi John, \u201cMe encantaron las clases por radio, era la \u00fanica oportunidad que ten\u00eda para aprender\u201d"},"content":{"rendered":"<p>Toyi John, es alumna del colegio Umodzi Katubza en el campo de refugiados de Dzaleka en Malawi. Ella ha sido uno de los <strong>1.600 millones de alumnos de m\u00e1s de 190 pa\u00edses que se vieron afectados por el cierre de las instituciones educativas<\/strong> en el momento m\u00e1s \u00e1lgido de la crisis sanitaria. Por suerte, gracias al trabajo de Entreculturas y del Servicio Jesuita a Refugiados ella pudo seguir estudiando a trav\u00e9s de las clases de radio que todos los d\u00edas se emit\u00edan en el campo. Toyi ya ha vuelto a las clases y est\u00e1 estudiando mucho pero algunas de sus compa\u00f1eras <strong>\u201cno han podido volver a clase debido a matrimonios o embarazos precoces en estos meses\u201d.&nbsp;<\/strong><\/p>\n<p>Seg\u00fan Unesco, el par\u00f3n educativo ha supuesto un riesgo de<strong> retroceder 20 a\u00f1os en los avances logrados en pos de la educaci\u00f3n de las ni\u00f1as<\/strong>. Sin posibilidad de volver a la escuela, muchos menores han perd,ido su lugar seguro, la escuela y sin educaci\u00f3n la vida se hace insostenible. Por eso, nuesra la silla roja&nbsp;vuelve este a\u00f1o como s\u00edmbolo del derecho a una educaci\u00f3n de calidad para todas las personas, estando m\u00e1s vigente que nunca y representando sobre todo a los menores m\u00e1s afectados por la Covid-19, que son los que ahora no pueden sentarse en ella. Porque Entreculturas cree posible reparar, superar la crisis, salir adelante y construir un mundo m\u00e1s justo e igualitario sin dejar a nadie atr\u00e1s. Es momento de sostener lo esencial.&nbsp;<\/p>\n<p>La campa\u00f1a que hemos&nbsp;lanzado esta ma\u00f1ana,<a href=\"https:\/\/lasillaroja.org\/\" target=\"_blank\" rel=\"noopener\"> \u201cLa Vida sin Educaci\u00f3n no se sostiene\u201d<\/a>, va acompa\u00f1ada del<a href=\"https:\/\/www.lasillaroja.org\/wp-content\/uploads\/pdf\/Vuelta_al_Cole.pdf\" target=\"_blank\" rel=\"noopener\"> Informe \u201cLa vuelta al cole. Un reto global a la sombra de la pandemia\u201d <\/a>para remarcar que los sistemas educativos deben construir una vuelta al cole que asegure que las desigualdades educativas y los problemas de aprendizaje que ya exist\u00edan previos a la crisis no se perpet\u00faen o empeoren.&nbsp;<\/p>\n<\/p>\n<p>\u201cEsta es sin duda <strong>la mayor emergencia educativa global a la que, como humanidad, vamos a tener que hacer frente<\/strong>. La pandemia no afecta tan indiscriminadamente como nos parece. Afecta especialmente a los m\u00e1s pobres entre los pobres. Los ni\u00f1os y ni\u00f1as que ya viv\u00edan en situaciones de gran vulnerabilidad, como el conflicto, la pobreza, la falta de acceso al agua, el desplazamiento forzoso o la discriminaci\u00f3n social, se han quedado descolgados de su derecho a la educaci\u00f3n. El cierre de escuelas agrava las desigualdades en la educaci\u00f3n y les afecta y afectar\u00e1 de manera desproporcionada\u201d, ha se\u00f1alado Daniel Villanueva, Vicepresidente Ejecutivo de Entreculturas.&nbsp;<\/p>\n<p>Se calcula que, a d\u00eda de hoy, a\u00fan hay <strong>1.000 millones de alumnos fuera de la escuela, el 60% de la poblaci\u00f3n estudiantil a nivel mundial<\/strong>. Alrededor de 132 pa\u00edses todav\u00eda no han anunciado en qu\u00e9 fecha volver\u00e1n a abrir sus escuelas. Mientras tanto, m\u00e1s de la mitad de la poblaci\u00f3n estudiantil del mundo no tiene ordenador en casa y m\u00e1s de 700 millones no tienen internet. 369 millones de ni\u00f1os que necesitan comedores escolares tuvieron que buscar otras fuentes de nutrici\u00f3n diaria.<\/p>\n<p>\u201cNo podemos permitir que se produzcan graves retrocesos en el camino para alcanzar antes de 2030 una <strong>educaci\u00f3n inclusiva, equitativa, gratuita y de calidad\u201d<\/strong>, ha afirmado Luc\u00eda Rodr\u00edguez, Responsable de Incidencia en Entreculturas. Si los pa\u00edses no se preparan adecuadamente, si no se prioriza a los colectivos que est\u00e1n en mayor desventaja y si la comunidad internacional no mejora la cooperaci\u00f3n con pa\u00edses fr\u00e1giles o empobrecidos, la crisis sanitaria agrandar\u00e1 la brecha educativa ya existente y se incumplir\u00e1n los compromisos del derecho a la educaci\u00f3n para todas las personas y con ellos una nueva brecha de injusticia se agrandar\u00e1 sin remedio. <strong>Hay que asegurar la continuidad en el sistema educativo<\/strong> desde la inclusi\u00f3n y la equidad ya que, seg\u00fan UNESCO, 24 millones de estudiantes podr\u00edan no volver a la escuela en 2020, de los cuales 11 millones son ni\u00f1as.&nbsp;<\/p>\n<p>Desde Entreculturas trabajamos en 38 pa\u00edses a trav\u00e9s de 192 proyectos mediante los cuales acompa\u00f1a a 230.087 personas junto a sus organizaciones socias Fe y Alegr\u00eda y el Servicio Jesuita a Refugiados,&nbsp; y sabemos&nbsp;de primera mano que<strong> sin educaci\u00f3n la vida no se sostiene<\/strong>. Pablo Funes, Coordinador de Cooperaci\u00f3n Internacional de Entreculturas, ha explicado que desde el primer momento de la emergencia educativa, \u201caprovechamos la escuela y nuestra gran posibilidad de llegada a las comunidades, y centramos nuestro trabajo en <strong>atender las principales urgencias<\/strong> de los alumnos y de sus familias, al mismo tiempo que intentamos que la educaci\u00f3n no se interrumpiera\u201d. Por ejemplo, en pa\u00edses como L\u00edbano, est\u00e1n facilitando acceso a la educaci\u00f3n online a trav\u00e9s de aplicaciones como Whatsapp, donde los docentes env\u00edan v\u00eddeos de un minuto para explicar sus lecciones.&nbsp;<br \/>&nbsp;<\/p>\n<p><img decoding=\"async\" alt=\"\" src=\"https:\/\/www.entreculturas.org\/wp-content\/uploads\/2020\/09\/mosaico_rueda_de_prensa_la_silla_roja_2020.jpg\" style=\"width: 600px;height: 480px\"><\/p>\n<p>Todo el trabajo que llevamos a cabo&nbsp;tiene un impacto directo en personas con nombre y apellido. Por eso durante la rueda de prensa se han podido escuchar varios testimonios, como el de <strong>Facundo Fabi\u00e1n Vel\u00e1zquez, joven estudiante universitario<\/strong> de tercer a\u00f1o de filolog\u00eda inglesa en Argentina, que ha mostrado su preocupaci\u00f3n por la posible \u201cgeneraci\u00f3n perdida, si no aseguramos su futuro educativo\u201d. O el testimonio de <strong>Juan Lafuente V\u00e1zquez, profesor del I.E.S Ciudad Jard\u00edn en el barrio de Los Pajaritos de Sevilla<\/strong>, uno de los grupos profesionales m\u00e1s estrat\u00e9gicos de un pa\u00eds y clave en la calidad de la educaci\u00f3n, que explicaba c\u00f3mo Entreculturas le hab\u00eda acompa\u00f1ado \u201cante los desaf\u00edos que nos plantea esta pandemia, como el reparto de material tecnol\u00f3gico, para que podamos continuar ofreciendo una educaci\u00f3n de calidad a nuestros estudiantes\u201d. Juan tambi\u00e9n ha hecho referencia a seguir el \u201cprincipio de la esperanza y a la valorar lo bella que es la vida pese a la situaci\u00f3n actual\u201d. Por \u00faltimo, <strong>Toyi John, joven de Malawi alumna del colegio Umodzi Katubza del Servicio Jesuita a Refugiados en el campo de refugiados de Dzaleka<\/strong>, que ha explicado su experiencia educativa a trav\u00e9s de la radio \u201cme encantaron las clases por radio, era la \u00fanica oportunidad que ten\u00eda para aprender. Ahora estoy de vuelta a clase, estudiando mucho para los ex\u00e1menes, pero algunas de mis compa\u00f1eras no han podido volver a clase, debido a matrimonios o embarazos precoces en estos meses. Las chicas necesitamos desesperadamente la educaci\u00f3n. Nuestro lugar en el mundo ya no est\u00e1 m\u00e1s en la cocina. Y para tener voz, necesitamos educaci\u00f3n. Empoderarnos significa educarnos.\u201d<\/p>\n<p>Desde Entreculturas creemos&nbsp;indispensable <strong>redoblar la solidaridad global<\/strong> para estar a la altura de este desaf\u00edo que amenaza uno de los principales derechos de la infancia: la educaci\u00f3n. Pedimos&nbsp;que, en la pol\u00edtica de cooperaci\u00f3n internacional como en los \u00e1mbitos estatales, auton\u00f3micos y locales:<\/p>\n<ul>\n<li>Se <strong>prioricen las necesidades educativas<\/strong> de ni\u00f1os, ni\u00f1as y adolescentes que viven en contextos de mayor desventaja y se impulsen medidas espec\u00edficas de protecci\u00f3n para ni\u00f1as y ni\u00f1os en riesgo de sufrir violencia.<\/li>\n<li>Se desarrollen medidas para asegurar una <strong>educaci\u00f3n de calidad y libre de violencia<\/strong> para las ni\u00f1as y se refuercen los sistemas educativos para asegurar la protecci\u00f3n de la infancia y garantizar el bienestar psicosocial del alumnado y del profesorado.&nbsp;<br \/>&nbsp;<\/li>\n<\/ul>\n<p>Adem\u00e1s, pedimos que la cooperaci\u00f3n espa\u00f1ola en educaci\u00f3n est\u00e9 orientada a garantizar el ODS 4 y, por lo tanto, que Espa\u00f1a:<\/p>\n<ul>\n<li><strong>Recupere la inversi\u00f3n<\/strong> en cooperaci\u00f3n en la senda del 0,7%.<\/li>\n<li>Focalice los esfuerzos en la ayuda a la educaci\u00f3n b\u00e1sica, as\u00ed como que llegue a alcanzar el<strong> 8% de la AOD bilateral<\/strong> espa\u00f1ola.<\/li>\n<li>Incremente el porcentaje del presupuesto de acci\u00f3n humanitaria destinado a educaci\u00f3n hasta llegar a, al menos, un 6% del mismo.<\/li>\n<li>Se comprometa en el <strong>apoyo institucional y financiero<\/strong> con los fondos multilaterales que est\u00e1n abordando situaciones de emergencia educativa.<\/li>\n<\/ul>\n<p>&nbsp;<\/p>\n<p><span><strong><span style=\"font-size: 16px\">ELEMENTOS DE LA CAMPA\u00d1A<\/span><\/strong><\/span><\/p>\n<table align=\"center\" border=\"0\" cellpadding=\"8\" cellspacing=\"0\" style=\"width: 800px\">\n<tbody>\n<tr>\n<td style=\"vertical-align: top;width: 230px\"><a href=\"https:\/\/lasillaroja.org\/\" target=\"_blank\" rel=\"noopener\"><font color=\"#000000\"><img decoding=\"async\" alt=\"\" src=\"https:\/\/www.entreculturas.org\/sites\/default\/files\/mails\/vuelta-al-cole\/Elementos2020\/web.jpg\" style=\"height: 118px;width: 200px\"><\/font><\/a><\/td>\n<td style=\"vertical-align: top;width: 530px\">\n<p><strong>ES MOMENTO DE SOSTENER LO ESENCIAL<\/strong><br \/>En la web de la campa\u00f1a <a href=\"https:\/\/lasillaroja.org\/\" target=\"_blank\" rel=\"noopener\">lasillaroja.org<\/a> podemos encontrar informaci\u00f3n sobre la situaci\u00f3n que est\u00e1n viviendo millones de menores en el mundo ante el cierre de las escuelas provocado por la Covid-19, el trabajo que junto a nuestras organizaciones socias estamos llevando a cabo y las recomendaciones que hacemos para que la educaci\u00f3n sea una prioridad a\u00fan en la emergencia.<\/p>\n<\/td>\n<\/tr>\n<tr>\n<td>&nbsp;<\/td>\n<td>&nbsp;<\/td>\n<\/tr>\n<tr>\n<td>&nbsp;<\/td>\n<td>&nbsp;<\/td>\n<\/tr>\n<tr>\n<td>&nbsp;<\/td>\n<td>&nbsp;<\/td>\n<\/tr>\n<tr>\n<td><a href=\"https:\/\/youtu.be\/_txusU6VM-k\" target=\"_blank\" rel=\"noopener\"><font color=\"#000000\"><img decoding=\"async\" alt=\"\" src=\"https:\/\/www.entreculturas.org\/sites\/default\/files\/mails\/vuelta-al-cole\/Elementos2020\/video.jpg\" style=\"width: 200px;height: 112px\"><\/font><\/a><\/td>\n<td style=\"vertical-align: top;width: 530px\">\n<p><strong>LA VIDA SIN EDUCACI\u00d3N ES FR\u00c1GIL<\/strong><br \/>En el <a href=\"https:\/\/youtu.be\/_txusU6VM-k\" target=\"_blank\" rel=\"noopener\">v\u00eddeo de la campa\u00f1a<\/a> mostramos la situaci\u00f3n que est\u00e1n viviendo millones de ni\u00f1os y ni\u00f1as al no poder volver al colegio. Reflejamos esta vuelta al cole marcada por la incertidumbre y por muchas aulas vac\u00edas.<\/p>\n<\/td>\n<\/tr>\n<tr>\n<td>&nbsp;<\/td>\n<td>&nbsp;<\/td>\n<\/tr>\n<tr>\n<td>&nbsp;<\/td>\n<td>&nbsp;<\/td>\n<\/tr>\n<tr>\n<td>&nbsp;<\/td>\n<td>&nbsp;<\/td>\n<\/tr>\n<tr>\n<td style=\"vertical-align: top\"><a href=\"https:\/\/www.lasillaroja.org\/wp-content\/uploads\/pdf\/Vuelta_al_Cole.pdf\" target=\"_blank\" rel=\"noopener\"><font color=\"#000000\"><img decoding=\"async\" alt=\"\" src=\"https:\/\/www.entreculturas.org\/sites\/default\/files\/mails\/vuelta-al-cole\/Elementos2020\/informe.jpg\" style=\"width: 140px;height: 200px\"><\/font><\/a><\/td>\n<td style=\"vertical-align: top\">\n<p><strong>LA VUELTA AL COLE: UN RETO GLOBAL A LA SOMBRA DE LA PANDEMIA<\/strong><br \/>Con el informe <a href=\"https:\/\/www.lasillaroja.org\/wp-content\/uploads\/pdf\/Vuelta_al_Cole.pdf\" target=\"_blank\" rel=\"noopener\">\u00ab\u00a0La vuelta al cole: un reto global a la sombra de la pandemia\u00a0\u00bb<\/a> analizamos la situaci\u00f3n de la educaci\u00f3n en estos momentos de emergencia sanitaria y reivindicamos la importancia de seguir defendiendo el derecho a la educaci\u00f3n, especialmente en situaciones de emergencia. Lanzamos tambi\u00e9n una serie de <a href=\"https:\/\/lasillaroja.org\/actua\/\" target=\"_blank\" rel=\"noopener\">recomendaciones<\/a> tanto para nuestra pol\u00edtica de cooperaci\u00f3n internacional como para nuestros \u00e1mbitos estatales, auton\u00f3micos y locales con el objetivo de lograr una vuelta al cole en condiciones de equidad e igualdad para todos y todas.<\/p>\n<\/td>\n<\/tr>\n<tr>\n<td>&nbsp;<\/td>\n<td>&nbsp;<\/td>\n<\/tr>\n<tr>\n<td>&nbsp;<\/td>\n<td>&nbsp;<\/td>\n<\/tr>\n<tr>\n<td>&nbsp;<\/td>\n<td>&nbsp;<\/td>\n<\/tr>\n<tr>\n<td style=\"vertical-align: top\"><a href=\"https:\/\/www.youtube.com\/watch?v=AhUQ8L1Y2Ws&amp;feature=emb_logo\" target=\"_blank\" rel=\"noopener\"><font color=\"#000000\"><img decoding=\"async\" alt=\"\" src=\"https:\/\/www.entreculturas.org\/sites\/default\/files\/mails\/vuelta-al-cole\/Elementos2020\/video2.jpg\" style=\"width: 200px;height: 132px\"><\/font><\/a><\/td>\n<td style=\"vertical-align: top\">\n<p><strong>LA VIDA SIN EDUCACI\u00d3N NO SE SOSTIENE<\/strong><br \/>A\u00fan en mitad de una pandemia, el derecho a la educaci\u00f3n no se detiene. Por eso, trabajamos junto a nuestras contrapartes (JRS y FyA) para: facilitar la educaci\u00f3n a distancia, superar la brecha digital a trav\u00e9s de medios como la radio, formar, cuidar y acompa\u00f1ar a nuestro profesorado, proteger a las ni\u00f1as y generar una educaci\u00f3n para la ciudadan\u00eda global. Lo mostramos en <a href=\"https:\/\/www.youtube.com\/watch?v=AhUQ8L1Y2Ws&amp;feature=emb_logo\" target=\"_blank\" rel=\"noopener\">este v\u00eddeo<\/a>.<\/p>\n<\/td>\n<\/tr>\n<tr>\n<td style=\"vertical-align: top\">&nbsp;<\/td>\n<td style=\"vertical-align: top\">&nbsp;<\/td>\n<\/tr>\n<tr>\n<td style=\"vertical-align: top\">&nbsp;<\/td>\n<td style=\"vertical-align: top\">&nbsp;<\/td>\n<\/tr>\n<tr>\n<td style=\"vertical-align: top\">&nbsp;<\/td>\n<td style=\"vertical-align: top\">&nbsp;<\/td>\n<\/tr>\n<tr>\n<td style=\"vertical-align: top\"><a href=\"https:\/\/www.entreculturas.org\/informate\/publicaciones\/revista-trimestral\" target=\"_blank\" rel=\"noopener\"><font color=\"#000000\"><img decoding=\"async\" alt=\"\" src=\"https:\/\/www.entreculturas.org\/sites\/default\/files\/mails\/vuelta-al-cole\/Elementos2020\/Anuncio.jpg\" style=\"width: 158px;height: 200px\"><\/font><\/a><\/td>\n<td style=\"vertical-align: top\">\n<p><strong>SEGUIMOS DEFENDIENDO EL DERECHO A LA EDUCACI\u00d3N<\/strong><br \/>En nuestro <a href=\"https:\/\/www.entreculturas.org\/informate\/publicaciones\/revista-trimestral\" target=\"_blank\" rel=\"noopener\">bolet\u00edn trimestral n\u00ba 79<\/a>, adem\u00e1s de recoger las noticias m\u00e1s destacadas, tenemos una mirada especial a las acciones que estamos desarrollando para que nuestros estudiantes puedan continuar con su educaci\u00f3n y todo lo que \u00e9sta hace posible.<\/p>\n<\/td>\n<\/tr>\n<tr>\n<td style=\"vertical-align: top\">&nbsp;<\/td>\n<td style=\"vertical-align: top\">&nbsp;<\/td>\n<\/tr>\n<tr>\n<td style=\"vertical-align: top\">&nbsp;<\/td>\n<td style=\"vertical-align: top\">&nbsp;<\/td>\n<\/tr>\n<tr>\n<td style=\"vertical-align: top\">&nbsp;<\/td>\n<td style=\"vertical-align: top\">&nbsp;<\/td>\n<\/tr>\n<tr>\n<td style=\"vertical-align: top\"><a href=\"https:\/\/lasillaroja.org\/descargar-materiales\/\" target=\"_blank\" rel=\"noopener\"><font color=\"#000000\"><img decoding=\"async\" alt=\"\" src=\"https:\/\/www.entreculturas.org\/sites\/default\/files\/mails\/vuelta-al-cole\/Elementos2020\/folleto.jpg\" style=\"width: 143px;height: 200px\"><\/font><\/a><\/td>\n<td style=\"vertical-align: top\">\n<p><strong>QUE OFRECE OPORTUNIDADES DE FUTURO<\/strong><br \/>Junto al bolet\u00edn trimestral recibiremos el folleto de la campa\u00f1a y otros<a href=\"https:\/\/lasillaroja.org\/descargar-materiales\/\" target=\"_blank\" rel=\"noopener\"> materiales<\/a>, que nos permitir\u00e1 hacer llegar nuestro mensaje a nuestro entorno.<\/p>\n<p>&nbsp;<\/p>\n<\/td>\n<\/tr>\n<tr>\n<td style=\"vertical-align: top\">&nbsp;<\/td>\n<td style=\"vertical-align: top\">&nbsp;<\/td>\n<\/tr>\n<tr>\n<td style=\"vertical-align: top\">&nbsp;<\/td>\n<td style=\"vertical-align: top\">&nbsp;<\/td>\n<\/tr>\n<tr>\n<td style=\"vertical-align: top\">&nbsp;<\/td>\n<td style=\"vertical-align: top\">&nbsp;<\/td>\n<\/tr>\n<tr>\n<td style=\"vertical-align: top\"><a href=\"https:\/\/drive.google.com\/drive\/folders\/1jcsYCRqecpPz5RD4eBBPgFJKo6FdZOqc?usp=sharing\" target=\"_blank\" rel=\"noopener\"><font color=\"#000000\"><img decoding=\"async\" alt=\"\" src=\"https:\/\/www.entreculturas.org\/sites\/default\/files\/mails\/vuelta-al-cole\/Elementos2020\/unidad-didactica.jpg\" style=\"width: 136px;height: 200px\"><\/font><\/a><\/td>\n<td style=\"vertical-align: top\">\n<p><strong>UNIDAD DID\u00c1CTICA<\/strong><br \/>A trav\u00e9s de la <a href=\"https:\/\/drive.google.com\/drive\/folders\/1jcsYCRqecpPz5RD4eBBPgFJKo6FdZOqc?usp=sharing\" target=\"_blank\" rel=\"noopener\">unidad did\u00e1ctica <\/a>de la campa\u00f1a dividida en 3 franjas de edad (4-8 a\u00f1os, 8-12 a\u00f1os y 12-16 a\u00f1os), los ni\u00f1os, ni\u00f1as y adolescentes podr\u00e1n reflexionar sobre el derecho a la educaci\u00f3n a nivel global y movilizarse y comprometerse con \u00e9l.<\/p>\n<\/td>\n<\/tr>\n<tr>\n<td style=\"vertical-align: top\">&nbsp;<\/td>\n<td style=\"vertical-align: top\">&nbsp;<\/td>\n<\/tr>\n<tr>\n<td style=\"vertical-align: top\">&nbsp;<\/td>\n<td style=\"vertical-align: top\">&nbsp;<\/td>\n<\/tr>\n<tr>\n<td style=\"vertical-align: top\">&nbsp;<\/td>\n<td style=\"vertical-align: top\">&nbsp;<\/td>\n<\/tr>\n<tr>\n<td style=\"vertical-align: top\"><a href=\"https:\/\/docs.google.com\/document\/d\/122gKLAqR9NouuJDgK7ZXFBEJngxcRry1JHc8KDqFxqI\/edit\" target=\"_blank\" rel=\"noopener\"><font color=\"#000000\"><img decoding=\"async\" alt=\"\" src=\"https:\/\/www.entreculturas.org\/sites\/default\/files\/mails\/vuelta-al-cole\/Elementos2020\/redes-sociales.jpg\" style=\"width: 200px;height: 121px\"><\/font><\/a><\/td>\n<td style=\"vertical-align: top;text-align: justify\">\n<p style=\"text-align: left\"><strong>#LaVidaSinEducaci\u00f3n<\/strong><br \/>Cada una de nosotras y nosotros hace que la campa\u00f1a llegue m\u00e1s lejos y a m\u00e1s personas. En <a href=\"https:\/\/docs.google.com\/document\/d\/122gKLAqR9NouuJDgK7ZXFBEJngxcRry1JHc8KDqFxqI\/edit\" target=\"_blank\" rel=\"noopener\">este documento <\/a>encontramos propuestas de contenidos para mover en nuestras redes sociales y en <a href=\"https:\/\/drive.google.com\/drive\/folders\/1IkWtI7CkNTThXSVYqGsnjBI1B8gysucI?usp=sharing\" target=\"_blank\" rel=\"noopener\">esta carpeta<\/a> las im\u00e1genes y cabeceras de la campa\u00f1a.<\/p>\n<\/td>\n<\/tr>\n<tr>\n<td style=\"vertical-align: top\">&nbsp;<\/td>\n<td style=\"vertical-align: top\">&nbsp;<\/td>\n<\/tr>\n<tr>\n<td style=\"vertical-align: top\">&nbsp;<\/td>\n<td style=\"vertical-align: top\">&nbsp;<\/td>\n<\/tr>\n<tr>\n<td style=\"vertical-align: top\">&nbsp;<\/td>\n<td style=\"vertical-align: top\">&nbsp;<\/td>\n<\/tr>\n<tr>\n<td style=\"vertical-align: top\"><img decoding=\"async\" alt=\"\" src=\"https:\/\/www.entreculturas.org\/sites\/default\/files\/mails\/vuelta-al-cole\/Elementos2020\/zoom.jpg\" style=\"width: 162px;height: 200px\"><\/td>\n<td style=\"vertical-align: top\">\n<p><strong>LANZAMIENTO DE CAMPA\u00d1A<\/strong><br \/>El mi\u00e9rcoles 16 de septiembre hemos presentado&nbsp;la campa\u00f1a y el Informe a medios de comunicaci\u00f3n. <a href=\"https:\/\/youtu.be\/So703E0Nou4\" target=\"_blank\" rel=\"noopener\">Aqu\u00ed<\/a> pod\u00e9is ver la rueda de prensa online.<\/p>\n<\/td>\n<\/tr>\n<\/tbody>\n<\/table>\n","protected":false},"excerpt":{"rendered":"<p>La campa\u00f1a que hemos lanzado esta ma\u00f1ana, \u201cLa Vida sin Educaci\u00f3n no se sostiene\u201d, va acompa\u00f1ada del Informe \u201cLa vuelta al cole. Un reto global a la sombra de la pandemia\u201d para remarcar que los sistemas educativos deben construir una vuelta al cole que asegure que las desigualdades educativas y los problemas de aprendizaje que ya exist\u00edan previos a la crisis no se perpet\u00faen o empeoren. <\/p>\n","protected":false},"featured_media":5116,"template":"single-noticia","meta":{"_acf_changed":false},"categories":[7],"tags":[289],"country":[],"cause":[128],"class_list":["post-5135","noticia","type-noticia","status-publish","has-post-thumbnail","hentry","category-noticia","tag-educacion","cause-educacion"],"acf":[],"yoast_head":"<!-- This site is optimized with the Yoast SEO Premium plugin v21.6 (Yoast SEO v27.5) - https:\/\/yoast.com\/product\/yoast-seo-premium-wordpress\/ -->\n<title>Toyi John, \u201cMe encantaron las clases por radio, era la \u00fanica oportunidad que ten\u00eda para aprender\u201d - Entreculturas<\/title>\n<meta name=\"robots\" content=\"index, follow, max-snippet:-1, max-image-preview:large, max-video-preview:-1\" \/>\n<link rel=\"canonical\" href=\"https:\/\/www.entreculturas.org\/fr\/noticia\/toyi-john-me-encantaron-las-clases-por-radio-era-la-unica-oportunidad-que-tenia-para\/\" \/>\n<meta property=\"og:locale\" content=\"fr_FR\" \/>\n<meta property=\"og:type\" content=\"article\" \/>\n<meta property=\"og:title\" content=\"Toyi John, \u201cMe encantaron las clases por radio, era la \u00fanica oportunidad que ten\u00eda para aprender\u201d\" \/>\n<meta property=\"og:description\" content=\"La campa\u00f1a que hemos lanzado esta ma\u00f1ana, \u201cLa Vida sin Educaci\u00f3n no se sostiene\u201d, va acompa\u00f1ada del Informe \u201cLa vuelta al cole. Un reto global a la sombra de la pandemia\u201d para remarcar que los sistemas educativos deben construir una vuelta al cole que asegure que las desigualdades educativas y los problemas de aprendizaje que ya exist\u00edan previos a la crisis no se perpet\u00faen o empeoren.\" \/>\n<meta property=\"og:url\" content=\"https:\/\/www.entreculturas.org\/fr\/noticia\/toyi-john-me-encantaron-las-clases-por-radio-era-la-unica-oportunidad-que-tenia-para\/\" \/>\n<meta property=\"og:site_name\" content=\"Entreculturas\" \/>\n<meta property=\"article:publisher\" content=\"https:\/\/www.facebook.com\/entreculturas\" \/>\n<meta property=\"article:modified_time\" content=\"2024-03-06T16:55:49+00:00\" \/>\n<meta property=\"og:image\" content=\"https:\/\/www.entreculturas.org\/wp-content\/uploads\/2020\/09\/la_silla_roja_instagram_baja.jpg\" \/>\n\t<meta property=\"og:image:width\" content=\"1080\" \/>\n\t<meta property=\"og:image:height\" content=\"1080\" \/>\n\t<meta property=\"og:image:type\" content=\"image\/jpeg\" \/>\n<meta name=\"twitter:card\" content=\"summary_large_image\" \/>\n<meta name=\"twitter:site\" content=\"@Entreculturas\" \/>\n<script type=\"application\/ld+json\" class=\"yoast-schema-graph\">{\"@context\":\"https:\\\/\\\/schema.org\",\"@graph\":[{\"@type\":\"WebPage\",\"@id\":\"https:\\\/\\\/www.entreculturas.org\\\/fr\\\/noticia\\\/toyi-john-me-encantaron-las-clases-por-radio-era-la-unica-oportunidad-que-tenia-para\\\/\",\"url\":\"https:\\\/\\\/www.entreculturas.org\\\/fr\\\/noticia\\\/toyi-john-me-encantaron-las-clases-por-radio-era-la-unica-oportunidad-que-tenia-para\\\/\",\"name\":\"Toyi John, \u201cMe encantaron las clases por radio, era la \u00fanica oportunidad que ten\u00eda para aprender\u201d - Entreculturas\",\"isPartOf\":{\"@id\":\"https:\\\/\\\/www.entreculturas.org\\\/fr\\\/#website\"},\"primaryImageOfPage\":{\"@id\":\"https:\\\/\\\/www.entreculturas.org\\\/fr\\\/noticia\\\/toyi-john-me-encantaron-las-clases-por-radio-era-la-unica-oportunidad-que-tenia-para\\\/#primaryimage\"},\"image\":{\"@id\":\"https:\\\/\\\/www.entreculturas.org\\\/fr\\\/noticia\\\/toyi-john-me-encantaron-las-clases-por-radio-era-la-unica-oportunidad-que-tenia-para\\\/#primaryimage\"},\"thumbnailUrl\":\"https:\\\/\\\/www.entreculturas.org\\\/wp-content\\\/uploads\\\/2020\\\/09\\\/la_silla_roja_instagram_baja.jpg\",\"datePublished\":\"2020-09-15T09:54:43+00:00\",\"dateModified\":\"2024-03-06T16:55:49+00:00\",\"breadcrumb\":{\"@id\":\"https:\\\/\\\/www.entreculturas.org\\\/fr\\\/noticia\\\/toyi-john-me-encantaron-las-clases-por-radio-era-la-unica-oportunidad-que-tenia-para\\\/#breadcrumb\"},\"inLanguage\":\"fr-FR\",\"potentialAction\":[{\"@type\":\"ReadAction\",\"target\":[\"https:\\\/\\\/www.entreculturas.org\\\/fr\\\/noticia\\\/toyi-john-me-encantaron-las-clases-por-radio-era-la-unica-oportunidad-que-tenia-para\\\/\"]}]},{\"@type\":\"ImageObject\",\"inLanguage\":\"fr-FR\",\"@id\":\"https:\\\/\\\/www.entreculturas.org\\\/fr\\\/noticia\\\/toyi-john-me-encantaron-las-clases-por-radio-era-la-unica-oportunidad-que-tenia-para\\\/#primaryimage\",\"url\":\"https:\\\/\\\/www.entreculturas.org\\\/wp-content\\\/uploads\\\/2020\\\/09\\\/la_silla_roja_instagram_baja.jpg\",\"contentUrl\":\"https:\\\/\\\/www.entreculturas.org\\\/wp-content\\\/uploads\\\/2020\\\/09\\\/la_silla_roja_instagram_baja.jpg\",\"width\":1080,\"height\":1080},{\"@type\":\"BreadcrumbList\",\"@id\":\"https:\\\/\\\/www.entreculturas.org\\\/fr\\\/noticia\\\/toyi-john-me-encantaron-las-clases-por-radio-era-la-unica-oportunidad-que-tenia-para\\\/#breadcrumb\",\"itemListElement\":[{\"@type\":\"ListItem\",\"position\":1,\"name\":\"Home\",\"item\":\"https:\\\/\\\/www.entreculturas.org\\\/fr\\\/\"},{\"@type\":\"ListItem\",\"position\":2,\"name\":\"Noticias\",\"item\":\"https:\\\/\\\/www.entreculturas.org\\\/fr\\\/noticias\\\/\"},{\"@type\":\"ListItem\",\"position\":3,\"name\":\"Toyi John, \u201cMe encantaron las clases por radio, era la \u00fanica oportunidad que ten\u00eda para aprender\u201d\"}]},{\"@type\":\"WebSite\",\"@id\":\"https:\\\/\\\/www.entreculturas.org\\\/fr\\\/#website\",\"url\":\"https:\\\/\\\/www.entreculturas.org\\\/fr\\\/\",\"name\":\"Entreculturas\",\"description\":\"\",\"publisher\":{\"@id\":\"https:\\\/\\\/www.entreculturas.org\\\/fr\\\/#organization\"},\"alternateName\":\"Entreculturas\",\"potentialAction\":[{\"@type\":\"SearchAction\",\"target\":{\"@type\":\"EntryPoint\",\"urlTemplate\":\"https:\\\/\\\/www.entreculturas.org\\\/fr\\\/?s={search_term_string}\"},\"query-input\":{\"@type\":\"PropertyValueSpecification\",\"valueRequired\":true,\"valueName\":\"search_term_string\"}}],\"inLanguage\":\"fr-FR\"},{\"@type\":\"Organization\",\"@id\":\"https:\\\/\\\/www.entreculturas.org\\\/fr\\\/#organization\",\"name\":\"Entreculturas\",\"url\":\"https:\\\/\\\/www.entreculturas.org\\\/fr\\\/\",\"logo\":{\"@type\":\"ImageObject\",\"inLanguage\":\"fr-FR\",\"@id\":\"https:\\\/\\\/www.entreculturas.org\\\/fr\\\/#\\\/schema\\\/logo\\\/image\\\/\",\"url\":\"https:\\\/\\\/www.entreculturas.org\\\/wp-content\\\/uploads\\\/2025\\\/10\\\/ESP.svg\",\"contentUrl\":\"https:\\\/\\\/www.entreculturas.org\\\/wp-content\\\/uploads\\\/2025\\\/10\\\/ESP.svg\",\"caption\":\"Entreculturas\"},\"image\":{\"@id\":\"https:\\\/\\\/www.entreculturas.org\\\/fr\\\/#\\\/schema\\\/logo\\\/image\\\/\"},\"sameAs\":[\"https:\\\/\\\/www.facebook.com\\\/entreculturas\",\"https:\\\/\\\/x.com\\\/Entreculturas\",\"https:\\\/\\\/www.instagram.com\\\/entreculturas\\\/\",\"https:\\\/\\\/www.youtube.com\\\/user\\\/entreculturasvideo\",\"https:\\\/\\\/www.linkedin.com\\\/company\\\/fundacion-entreculturas-ngdo\\\/\",\"https:\\\/\\\/www.flickr.com\\\/photos\\\/98455522@N04\\\/albums\\\/\"]}]}<\/script>\n<!-- \/ Yoast SEO Premium plugin. -->","yoast_head_json":{"title":"Toyi John, \u201cMe encantaron las clases por radio, era la \u00fanica oportunidad que ten\u00eda para aprender\u201d - Entreculturas","robots":{"index":"index","follow":"follow","max-snippet":"max-snippet:-1","max-image-preview":"max-image-preview:large","max-video-preview":"max-video-preview:-1"},"canonical":"https:\/\/www.entreculturas.org\/fr\/noticia\/toyi-john-me-encantaron-las-clases-por-radio-era-la-unica-oportunidad-que-tenia-para\/","og_locale":"fr_FR","og_type":"article","og_title":"Toyi John, \u201cMe encantaron las clases por radio, era la \u00fanica oportunidad que ten\u00eda para aprender\u201d","og_description":"La campa\u00f1a que hemos lanzado esta ma\u00f1ana, \u201cLa Vida sin Educaci\u00f3n no se sostiene\u201d, va acompa\u00f1ada del Informe \u201cLa vuelta al cole. Un reto global a la sombra de la pandemia\u201d para remarcar que los sistemas educativos deben construir una vuelta al cole que asegure que las desigualdades educativas y los problemas de aprendizaje que ya exist\u00edan previos a la crisis no se perpet\u00faen o empeoren.","og_url":"https:\/\/www.entreculturas.org\/fr\/noticia\/toyi-john-me-encantaron-las-clases-por-radio-era-la-unica-oportunidad-que-tenia-para\/","og_site_name":"Entreculturas","article_publisher":"https:\/\/www.facebook.com\/entreculturas","article_modified_time":"2024-03-06T16:55:49+00:00","og_image":[{"width":1080,"height":1080,"url":"https:\/\/www.entreculturas.org\/wp-content\/uploads\/2020\/09\/la_silla_roja_instagram_baja.jpg","type":"image\/jpeg"}],"twitter_card":"summary_large_image","twitter_site":"@Entreculturas","schema":{"@context":"https:\/\/schema.org","@graph":[{"@type":"WebPage","@id":"https:\/\/www.entreculturas.org\/fr\/noticia\/toyi-john-me-encantaron-las-clases-por-radio-era-la-unica-oportunidad-que-tenia-para\/","url":"https:\/\/www.entreculturas.org\/fr\/noticia\/toyi-john-me-encantaron-las-clases-por-radio-era-la-unica-oportunidad-que-tenia-para\/","name":"Toyi John, \u201cMe encantaron las clases por radio, era la \u00fanica oportunidad que ten\u00eda para aprender\u201d - Entreculturas","isPartOf":{"@id":"https:\/\/www.entreculturas.org\/fr\/#website"},"primaryImageOfPage":{"@id":"https:\/\/www.entreculturas.org\/fr\/noticia\/toyi-john-me-encantaron-las-clases-por-radio-era-la-unica-oportunidad-que-tenia-para\/#primaryimage"},"image":{"@id":"https:\/\/www.entreculturas.org\/fr\/noticia\/toyi-john-me-encantaron-las-clases-por-radio-era-la-unica-oportunidad-que-tenia-para\/#primaryimage"},"thumbnailUrl":"https:\/\/www.entreculturas.org\/wp-content\/uploads\/2020\/09\/la_silla_roja_instagram_baja.jpg","datePublished":"2020-09-15T09:54:43+00:00","dateModified":"2024-03-06T16:55:49+00:00","breadcrumb":{"@id":"https:\/\/www.entreculturas.org\/fr\/noticia\/toyi-john-me-encantaron-las-clases-por-radio-era-la-unica-oportunidad-que-tenia-para\/#breadcrumb"},"inLanguage":"fr-FR","potentialAction":[{"@type":"ReadAction","target":["https:\/\/www.entreculturas.org\/fr\/noticia\/toyi-john-me-encantaron-las-clases-por-radio-era-la-unica-oportunidad-que-tenia-para\/"]}]},{"@type":"ImageObject","inLanguage":"fr-FR","@id":"https:\/\/www.entreculturas.org\/fr\/noticia\/toyi-john-me-encantaron-las-clases-por-radio-era-la-unica-oportunidad-que-tenia-para\/#primaryimage","url":"https:\/\/www.entreculturas.org\/wp-content\/uploads\/2020\/09\/la_silla_roja_instagram_baja.jpg","contentUrl":"https:\/\/www.entreculturas.org\/wp-content\/uploads\/2020\/09\/la_silla_roja_instagram_baja.jpg","width":1080,"height":1080},{"@type":"BreadcrumbList","@id":"https:\/\/www.entreculturas.org\/fr\/noticia\/toyi-john-me-encantaron-las-clases-por-radio-era-la-unica-oportunidad-que-tenia-para\/#breadcrumb","itemListElement":[{"@type":"ListItem","position":1,"name":"Home","item":"https:\/\/www.entreculturas.org\/fr\/"},{"@type":"ListItem","position":2,"name":"Noticias","item":"https:\/\/www.entreculturas.org\/fr\/noticias\/"},{"@type":"ListItem","position":3,"name":"Toyi John, \u201cMe encantaron las clases por radio, era la \u00fanica oportunidad que ten\u00eda para aprender\u201d"}]},{"@type":"WebSite","@id":"https:\/\/www.entreculturas.org\/fr\/#website","url":"https:\/\/www.entreculturas.org\/fr\/","name":"Entreculturas","description":"","publisher":{"@id":"https:\/\/www.entreculturas.org\/fr\/#organization"},"alternateName":"Entreculturas","potentialAction":[{"@type":"SearchAction","target":{"@type":"EntryPoint","urlTemplate":"https:\/\/www.entreculturas.org\/fr\/?s={search_term_string}"},"query-input":{"@type":"PropertyValueSpecification","valueRequired":true,"valueName":"search_term_string"}}],"inLanguage":"fr-FR"},{"@type":"Organization","@id":"https:\/\/www.entreculturas.org\/fr\/#organization","name":"Entreculturas","url":"https:\/\/www.entreculturas.org\/fr\/","logo":{"@type":"ImageObject","inLanguage":"fr-FR","@id":"https:\/\/www.entreculturas.org\/fr\/#\/schema\/logo\/image\/","url":"https:\/\/www.entreculturas.org\/wp-content\/uploads\/2025\/10\/ESP.svg","contentUrl":"https:\/\/www.entreculturas.org\/wp-content\/uploads\/2025\/10\/ESP.svg","caption":"Entreculturas"},"image":{"@id":"https:\/\/www.entreculturas.org\/fr\/#\/schema\/logo\/image\/"},"sameAs":["https:\/\/www.facebook.com\/entreculturas","https:\/\/x.com\/Entreculturas","https:\/\/www.instagram.com\/entreculturas\/","https:\/\/www.youtube.com\/user\/entreculturasvideo","https:\/\/www.linkedin.com\/company\/fundacion-entreculturas-ngdo\/","https:\/\/www.flickr.com\/photos\/98455522@N04\/albums\/"]}]}},"_links":{"self":[{"href":"https:\/\/www.entreculturas.org\/fr\/wp-json\/wp\/v2\/noticia\/5135","targetHints":{"allow":["GET"]}}],"collection":[{"href":"https:\/\/www.entreculturas.org\/fr\/wp-json\/wp\/v2\/noticia"}],"about":[{"href":"https:\/\/www.entreculturas.org\/fr\/wp-json\/wp\/v2\/types\/noticia"}],"wp:featuredmedia":[{"embeddable":true,"href":"https:\/\/www.entreculturas.org\/fr\/wp-json\/wp\/v2\/media\/5116"}],"wp:attachment":[{"href":"https:\/\/www.entreculturas.org\/fr\/wp-json\/wp\/v2\/media?parent=5135"}],"wp:term":[{"taxonomy":"category","embeddable":true,"href":"https:\/\/www.entreculturas.org\/fr\/wp-json\/wp\/v2\/categories?post=5135"},{"taxonomy":"post_tag","embeddable":true,"href":"https:\/\/www.entreculturas.org\/fr\/wp-json\/wp\/v2\/tags?post=5135"},{"taxonomy":"country","embeddable":true,"href":"https:\/\/www.entreculturas.org\/fr\/wp-json\/wp\/v2\/country?post=5135"},{"taxonomy":"cause","embeddable":true,"href":"https:\/\/www.entreculturas.org\/fr\/wp-json\/wp\/v2\/cause?post=5135"}],"curies":[{"name":"wp","href":"https:\/\/api.w.org\/{rel}","templated":true}]}}