{"id":5105,"date":"2020-09-08T07:57:24","date_gmt":"2020-09-08T07:57:24","guid":{"rendered":"https:\/\/entreculturasi.wpenginepowered.com\/?noticias=dia-de-la-alfabetizacion-antes-ni-siquiera-sabia-mi-numero-de-telefono-800-mujeres"},"modified":"2024-03-06T17:57:18","modified_gmt":"2024-03-06T16:57:18","slug":"dia-de-la-alfabetizacion-antes-ni-siquiera-sabia-mi-numero-de-telefono-800-mujeres","status":"publish","type":"noticia","link":"https:\/\/www.entreculturas.org\/fr\/noticia\/dia-de-la-alfabetizacion-antes-ni-siquiera-sabia-mi-numero-de-telefono-800-mujeres\/","title":{"rendered":"D\u00eda de la Alfabetizaci\u00f3n | \u201cAntes ni siquiera sab\u00eda mi n\u00famero de tel\u00e9fono\u201d, 800 mujeres participan en el proyecto de alfabetizaci\u00f3n en Etiop\u00eda"},"content":{"rendered":"<p><strong>\u201cAntes ni siquiera sab\u00eda mi n\u00famero de tel\u00e9fono, ni siquiera sab\u00eda c\u00f3mo se escrib\u00eda el n\u00famero cero\u201d,<\/strong> nos cuenta Saidah, una de las mujeres que asiste a las clases de alfabetizaci\u00f3n en el <strong>campo de personas refugiadas de Melkadida, en Etiop\u00eda<\/strong>. Ella es una de las 800 mujeres que participa en el <strong>proyecto de alfabetizaci\u00f3n<\/strong> que hemos puesto en marcha junto con nuestra organizaci\u00f3n socia, el Servicio Jesuita a Refugiados (JRS).<\/p>\n<p>Con este proyecto, apoyado por&nbsp;Allen&amp;Overy, las <strong>mujeres aprenden a leer, escribir y hacer operaciones de c\u00e1lculo<\/strong> para que puedan ser autosuficientes en su d\u00eda a d\u00eda y mejoren su situaci\u00f3n econ\u00f3mica.<\/p>\n<\/p>\n<p><strong>Etiop\u00eda es, por detr\u00e1s de Uganda, el pa\u00eds africano que acoge un mayor n\u00famero de poblaci\u00f3n refugiada -m\u00e1s de 900.000 personas-<\/strong>, la mayor\u00eda de ellas provenientes de pa\u00edses lim\u00edtrofes como Eritrea, Sud\u00e1n o Sud\u00e1n del Sur. La vida en los campos es dura: cuentan con acceso limitado a los servicios b\u00e1sicos (como la educaci\u00f3n, salud, alimentaci\u00f3n, agua o energ\u00eda) y no pueden trabajar de manera formal, por lo que la mayor\u00eda de personas sobrevive gracias a la ayuda humanitaria.&nbsp;<\/p>\n<p>Dentro de la poblaci\u00f3n refugiada en Etiop\u00eda, la poblaci\u00f3n somal\u00ed constituye el grupo m\u00e1s numeroso: un 28,6% del total. De ellas, m\u00e1s de 214.000 personas viven en los campos de <strong>Dollo Ado<\/strong>, en el sur del pa\u00eds, una zona aislada, rural y empobrecida a tres d\u00edas en coche de la capital, Addis Abeba. Esta \u00e1rea <strong>cuenta con las tasas de analfabetismo m\u00e1s altas del pa\u00eds, una condici\u00f3n que afecta principalmente a las mujeres: m\u00e1s del 60%.<\/strong><\/p>\n<p>A trav\u00e9s del programa de alfabetizaci\u00f3n&nbsp;las mujeres no solo aprenden a leer y a escribir, sino que<strong> experimentan un cambio radical en la percepci\u00f3n de la vida<\/strong>. Al acceder al lenguaje escrito, tienen acceso a un nuevo mundo del que hasta entonces quedaban excluidas y les abre la puerta a continuar con su educaci\u00f3n.<\/p>\n<p><img decoding=\"async\" alt=\"\" src=\"https:\/\/www.entreculturas.org\/wp-content\/uploads\/2020\/09\/alfabetizacion-etiopia1.jpg\" style=\"width: 800px;height: 800px\"><\/p>\n<p>\u201cAhora mis compa\u00f1eras de clase est\u00e1n abriendo tiendas y montando sus propios negocios, ahora nosotras podemos escribir y leer y hacer c\u00e1lculos\u201d, asegura Saidah. En los campos son muchas las mujeres que trabajan en peque\u00f1os negocios informales asumiendo el 100% de la carga familiar. Los cursos de alfabetizaci\u00f3n les brindan la oportunidad de <strong>mejorar directamente su situaci\u00f3n econ\u00f3mica<\/strong>, y, de esta manera, mejorar las condiciones y la calidad de vida de sus hijos e hijas.&nbsp;<\/p>\n<p>\u201cEntendemos la importancia de la educaci\u00f3n, ahora entendemos que la educaci\u00f3n es un derecho tambi\u00e9n, c\u00f3mo coger un bol\u00edgrafo y un libro. <strong>Ahora estamos luchando por nuestros derechos<\/strong>. JRS nos abri\u00f3 los ojos y nos sentimos en el lugar correcto. JRS cambi\u00f3 nuestras vidas\u201d, sentencia Saidah.<\/p>\n","protected":false},"excerpt":{"rendered":"<p>\u201cAntes ni siquiera sab\u00eda mi n\u00famero de tel\u00e9fono, ni siquiera sab\u00eda c\u00f3mo se escrib\u00eda el n\u00famero cero\u201d, nos cuenta Saidah, una de las mujeres que asiste a las clases de alfabetizaci\u00f3n en el campo de personas refugiadas de Melkadida, en Etiop\u00eda. Ella es una de las 800 mujeres que participa en el proyecto de alfabetizaci\u00f3n que hemos puesto en marcha junto con nuestra organizaci\u00f3n socia, el Servicio Jesuita a Refugiados (JRS).<\/p>\n","protected":false},"featured_media":5101,"template":"single-noticia","meta":{"_acf_changed":false},"categories":[7],"tags":[289],"country":[331],"cause":[128],"class_list":["post-5105","noticia","type-noticia","status-publish","has-post-thumbnail","hentry","category-noticia","tag-educacion","country-etiopia","cause-educacion"],"acf":[],"yoast_head":"<!-- This site is optimized with the Yoast SEO Premium plugin v21.6 (Yoast SEO v27.5) - https:\/\/yoast.com\/product\/yoast-seo-premium-wordpress\/ -->\n<title>D\u00eda de la Alfabetizaci\u00f3n | \u201cAntes ni siquiera sab\u00eda mi n\u00famero de tel\u00e9fono\u201d, 800 mujeres participan en el proyecto de alfabetizaci\u00f3n en Etiop\u00eda - Entreculturas<\/title>\n<meta name=\"robots\" content=\"index, follow, max-snippet:-1, max-image-preview:large, max-video-preview:-1\" \/>\n<link rel=\"canonical\" href=\"https:\/\/www.entreculturas.org\/fr\/noticia\/dia-de-la-alfabetizacion-antes-ni-siquiera-sabia-mi-numero-de-telefono-800-mujeres\/\" \/>\n<meta property=\"og:locale\" content=\"fr_FR\" \/>\n<meta property=\"og:type\" content=\"article\" \/>\n<meta property=\"og:title\" content=\"D\u00eda de la Alfabetizaci\u00f3n | \u201cAntes ni siquiera sab\u00eda mi n\u00famero de tel\u00e9fono\u201d, 800 mujeres participan en el proyecto de alfabetizaci\u00f3n en Etiop\u00eda\" \/>\n<meta property=\"og:description\" content=\"\u201cAntes ni siquiera sab\u00eda mi n\u00famero de tel\u00e9fono, ni siquiera sab\u00eda c\u00f3mo se escrib\u00eda el n\u00famero cero\u201d, nos cuenta Saidah, una de las mujeres que asiste a las clases de alfabetizaci\u00f3n en el campo de personas refugiadas de Melkadida, en Etiop\u00eda. Ella es una de las 800 mujeres que participa en el proyecto de alfabetizaci\u00f3n que hemos puesto en marcha junto con nuestra organizaci\u00f3n socia, el Servicio Jesuita a Refugiados (JRS).\" \/>\n<meta property=\"og:url\" content=\"https:\/\/www.entreculturas.org\/fr\/noticia\/dia-de-la-alfabetizacion-antes-ni-siquiera-sabia-mi-numero-de-telefono-800-mujeres\/\" \/>\n<meta property=\"og:site_name\" content=\"Entreculturas\" \/>\n<meta property=\"article:publisher\" content=\"https:\/\/www.facebook.com\/entreculturas\" \/>\n<meta property=\"article:modified_time\" content=\"2024-03-06T16:57:18+00:00\" \/>\n<meta property=\"og:image\" content=\"https:\/\/www.entreculturas.org\/wp-content\/uploads\/2020\/09\/alfabetizacion-etiopia2.jpg\" \/>\n\t<meta property=\"og:image:width\" content=\"1200\" \/>\n\t<meta property=\"og:image:height\" content=\"919\" \/>\n\t<meta property=\"og:image:type\" content=\"image\/jpeg\" \/>\n<meta name=\"twitter:card\" content=\"summary_large_image\" \/>\n<meta name=\"twitter:site\" content=\"@Entreculturas\" \/>\n<script type=\"application\/ld+json\" class=\"yoast-schema-graph\">{\"@context\":\"https:\\\/\\\/schema.org\",\"@graph\":[{\"@type\":\"WebPage\",\"@id\":\"https:\\\/\\\/www.entreculturas.org\\\/fr\\\/noticia\\\/dia-de-la-alfabetizacion-antes-ni-siquiera-sabia-mi-numero-de-telefono-800-mujeres\\\/\",\"url\":\"https:\\\/\\\/www.entreculturas.org\\\/fr\\\/noticia\\\/dia-de-la-alfabetizacion-antes-ni-siquiera-sabia-mi-numero-de-telefono-800-mujeres\\\/\",\"name\":\"D\u00eda de la Alfabetizaci\u00f3n | \u201cAntes ni siquiera sab\u00eda mi n\u00famero de tel\u00e9fono\u201d, 800 mujeres participan en el proyecto de alfabetizaci\u00f3n en Etiop\u00eda - Entreculturas\",\"isPartOf\":{\"@id\":\"https:\\\/\\\/www.entreculturas.org\\\/fr\\\/#website\"},\"primaryImageOfPage\":{\"@id\":\"https:\\\/\\\/www.entreculturas.org\\\/fr\\\/noticia\\\/dia-de-la-alfabetizacion-antes-ni-siquiera-sabia-mi-numero-de-telefono-800-mujeres\\\/#primaryimage\"},\"image\":{\"@id\":\"https:\\\/\\\/www.entreculturas.org\\\/fr\\\/noticia\\\/dia-de-la-alfabetizacion-antes-ni-siquiera-sabia-mi-numero-de-telefono-800-mujeres\\\/#primaryimage\"},\"thumbnailUrl\":\"https:\\\/\\\/www.entreculturas.org\\\/wp-content\\\/uploads\\\/2020\\\/09\\\/alfabetizacion-etiopia2.jpg\",\"datePublished\":\"2020-09-08T07:57:24+00:00\",\"dateModified\":\"2024-03-06T16:57:18+00:00\",\"breadcrumb\":{\"@id\":\"https:\\\/\\\/www.entreculturas.org\\\/fr\\\/noticia\\\/dia-de-la-alfabetizacion-antes-ni-siquiera-sabia-mi-numero-de-telefono-800-mujeres\\\/#breadcrumb\"},\"inLanguage\":\"fr-FR\",\"potentialAction\":[{\"@type\":\"ReadAction\",\"target\":[\"https:\\\/\\\/www.entreculturas.org\\\/fr\\\/noticia\\\/dia-de-la-alfabetizacion-antes-ni-siquiera-sabia-mi-numero-de-telefono-800-mujeres\\\/\"]}]},{\"@type\":\"ImageObject\",\"inLanguage\":\"fr-FR\",\"@id\":\"https:\\\/\\\/www.entreculturas.org\\\/fr\\\/noticia\\\/dia-de-la-alfabetizacion-antes-ni-siquiera-sabia-mi-numero-de-telefono-800-mujeres\\\/#primaryimage\",\"url\":\"https:\\\/\\\/www.entreculturas.org\\\/wp-content\\\/uploads\\\/2020\\\/09\\\/alfabetizacion-etiopia2.jpg\",\"contentUrl\":\"https:\\\/\\\/www.entreculturas.org\\\/wp-content\\\/uploads\\\/2020\\\/09\\\/alfabetizacion-etiopia2.jpg\",\"width\":1200,\"height\":919},{\"@type\":\"BreadcrumbList\",\"@id\":\"https:\\\/\\\/www.entreculturas.org\\\/fr\\\/noticia\\\/dia-de-la-alfabetizacion-antes-ni-siquiera-sabia-mi-numero-de-telefono-800-mujeres\\\/#breadcrumb\",\"itemListElement\":[{\"@type\":\"ListItem\",\"position\":1,\"name\":\"Home\",\"item\":\"https:\\\/\\\/www.entreculturas.org\\\/fr\\\/\"},{\"@type\":\"ListItem\",\"position\":2,\"name\":\"Noticias\",\"item\":\"https:\\\/\\\/www.entreculturas.org\\\/fr\\\/noticias\\\/\"},{\"@type\":\"ListItem\",\"position\":3,\"name\":\"D\u00eda de la Alfabetizaci\u00f3n | \u201cAntes ni siquiera sab\u00eda mi n\u00famero de tel\u00e9fono\u201d, 800 mujeres participan en el proyecto de alfabetizaci\u00f3n en Etiop\u00eda\"}]},{\"@type\":\"WebSite\",\"@id\":\"https:\\\/\\\/www.entreculturas.org\\\/fr\\\/#website\",\"url\":\"https:\\\/\\\/www.entreculturas.org\\\/fr\\\/\",\"name\":\"Entreculturas\",\"description\":\"\",\"publisher\":{\"@id\":\"https:\\\/\\\/www.entreculturas.org\\\/fr\\\/#organization\"},\"alternateName\":\"Entreculturas\",\"potentialAction\":[{\"@type\":\"SearchAction\",\"target\":{\"@type\":\"EntryPoint\",\"urlTemplate\":\"https:\\\/\\\/www.entreculturas.org\\\/fr\\\/?s={search_term_string}\"},\"query-input\":{\"@type\":\"PropertyValueSpecification\",\"valueRequired\":true,\"valueName\":\"search_term_string\"}}],\"inLanguage\":\"fr-FR\"},{\"@type\":\"Organization\",\"@id\":\"https:\\\/\\\/www.entreculturas.org\\\/fr\\\/#organization\",\"name\":\"Entreculturas\",\"url\":\"https:\\\/\\\/www.entreculturas.org\\\/fr\\\/\",\"logo\":{\"@type\":\"ImageObject\",\"inLanguage\":\"fr-FR\",\"@id\":\"https:\\\/\\\/www.entreculturas.org\\\/fr\\\/#\\\/schema\\\/logo\\\/image\\\/\",\"url\":\"https:\\\/\\\/www.entreculturas.org\\\/wp-content\\\/uploads\\\/2025\\\/10\\\/ESP.svg\",\"contentUrl\":\"https:\\\/\\\/www.entreculturas.org\\\/wp-content\\\/uploads\\\/2025\\\/10\\\/ESP.svg\",\"caption\":\"Entreculturas\"},\"image\":{\"@id\":\"https:\\\/\\\/www.entreculturas.org\\\/fr\\\/#\\\/schema\\\/logo\\\/image\\\/\"},\"sameAs\":[\"https:\\\/\\\/www.facebook.com\\\/entreculturas\",\"https:\\\/\\\/x.com\\\/Entreculturas\",\"https:\\\/\\\/www.instagram.com\\\/entreculturas\\\/\",\"https:\\\/\\\/www.youtube.com\\\/user\\\/entreculturasvideo\",\"https:\\\/\\\/www.linkedin.com\\\/company\\\/fundacion-entreculturas-ngdo\\\/\",\"https:\\\/\\\/www.flickr.com\\\/photos\\\/98455522@N04\\\/albums\\\/\"]}]}<\/script>\n<!-- \/ Yoast SEO Premium plugin. -->","yoast_head_json":{"title":"D\u00eda de la Alfabetizaci\u00f3n | \u201cAntes ni siquiera sab\u00eda mi n\u00famero de tel\u00e9fono\u201d, 800 mujeres participan en el proyecto de alfabetizaci\u00f3n en Etiop\u00eda - Entreculturas","robots":{"index":"index","follow":"follow","max-snippet":"max-snippet:-1","max-image-preview":"max-image-preview:large","max-video-preview":"max-video-preview:-1"},"canonical":"https:\/\/www.entreculturas.org\/fr\/noticia\/dia-de-la-alfabetizacion-antes-ni-siquiera-sabia-mi-numero-de-telefono-800-mujeres\/","og_locale":"fr_FR","og_type":"article","og_title":"D\u00eda de la Alfabetizaci\u00f3n | \u201cAntes ni siquiera sab\u00eda mi n\u00famero de tel\u00e9fono\u201d, 800 mujeres participan en el proyecto de alfabetizaci\u00f3n en Etiop\u00eda","og_description":"\u201cAntes ni siquiera sab\u00eda mi n\u00famero de tel\u00e9fono, ni siquiera sab\u00eda c\u00f3mo se escrib\u00eda el n\u00famero cero\u201d, nos cuenta Saidah, una de las mujeres que asiste a las clases de alfabetizaci\u00f3n en el campo de personas refugiadas de Melkadida, en Etiop\u00eda. Ella es una de las 800 mujeres que participa en el proyecto de alfabetizaci\u00f3n que hemos puesto en marcha junto con nuestra organizaci\u00f3n socia, el Servicio Jesuita a Refugiados (JRS).","og_url":"https:\/\/www.entreculturas.org\/fr\/noticia\/dia-de-la-alfabetizacion-antes-ni-siquiera-sabia-mi-numero-de-telefono-800-mujeres\/","og_site_name":"Entreculturas","article_publisher":"https:\/\/www.facebook.com\/entreculturas","article_modified_time":"2024-03-06T16:57:18+00:00","og_image":[{"width":1200,"height":919,"url":"https:\/\/www.entreculturas.org\/wp-content\/uploads\/2020\/09\/alfabetizacion-etiopia2.jpg","type":"image\/jpeg"}],"twitter_card":"summary_large_image","twitter_site":"@Entreculturas","schema":{"@context":"https:\/\/schema.org","@graph":[{"@type":"WebPage","@id":"https:\/\/www.entreculturas.org\/fr\/noticia\/dia-de-la-alfabetizacion-antes-ni-siquiera-sabia-mi-numero-de-telefono-800-mujeres\/","url":"https:\/\/www.entreculturas.org\/fr\/noticia\/dia-de-la-alfabetizacion-antes-ni-siquiera-sabia-mi-numero-de-telefono-800-mujeres\/","name":"D\u00eda de la Alfabetizaci\u00f3n | \u201cAntes ni siquiera sab\u00eda mi n\u00famero de tel\u00e9fono\u201d, 800 mujeres participan en el proyecto de alfabetizaci\u00f3n en Etiop\u00eda - Entreculturas","isPartOf":{"@id":"https:\/\/www.entreculturas.org\/fr\/#website"},"primaryImageOfPage":{"@id":"https:\/\/www.entreculturas.org\/fr\/noticia\/dia-de-la-alfabetizacion-antes-ni-siquiera-sabia-mi-numero-de-telefono-800-mujeres\/#primaryimage"},"image":{"@id":"https:\/\/www.entreculturas.org\/fr\/noticia\/dia-de-la-alfabetizacion-antes-ni-siquiera-sabia-mi-numero-de-telefono-800-mujeres\/#primaryimage"},"thumbnailUrl":"https:\/\/www.entreculturas.org\/wp-content\/uploads\/2020\/09\/alfabetizacion-etiopia2.jpg","datePublished":"2020-09-08T07:57:24+00:00","dateModified":"2024-03-06T16:57:18+00:00","breadcrumb":{"@id":"https:\/\/www.entreculturas.org\/fr\/noticia\/dia-de-la-alfabetizacion-antes-ni-siquiera-sabia-mi-numero-de-telefono-800-mujeres\/#breadcrumb"},"inLanguage":"fr-FR","potentialAction":[{"@type":"ReadAction","target":["https:\/\/www.entreculturas.org\/fr\/noticia\/dia-de-la-alfabetizacion-antes-ni-siquiera-sabia-mi-numero-de-telefono-800-mujeres\/"]}]},{"@type":"ImageObject","inLanguage":"fr-FR","@id":"https:\/\/www.entreculturas.org\/fr\/noticia\/dia-de-la-alfabetizacion-antes-ni-siquiera-sabia-mi-numero-de-telefono-800-mujeres\/#primaryimage","url":"https:\/\/www.entreculturas.org\/wp-content\/uploads\/2020\/09\/alfabetizacion-etiopia2.jpg","contentUrl":"https:\/\/www.entreculturas.org\/wp-content\/uploads\/2020\/09\/alfabetizacion-etiopia2.jpg","width":1200,"height":919},{"@type":"BreadcrumbList","@id":"https:\/\/www.entreculturas.org\/fr\/noticia\/dia-de-la-alfabetizacion-antes-ni-siquiera-sabia-mi-numero-de-telefono-800-mujeres\/#breadcrumb","itemListElement":[{"@type":"ListItem","position":1,"name":"Home","item":"https:\/\/www.entreculturas.org\/fr\/"},{"@type":"ListItem","position":2,"name":"Noticias","item":"https:\/\/www.entreculturas.org\/fr\/noticias\/"},{"@type":"ListItem","position":3,"name":"D\u00eda de la Alfabetizaci\u00f3n | \u201cAntes ni siquiera sab\u00eda mi n\u00famero de tel\u00e9fono\u201d, 800 mujeres participan en el proyecto de alfabetizaci\u00f3n en Etiop\u00eda"}]},{"@type":"WebSite","@id":"https:\/\/www.entreculturas.org\/fr\/#website","url":"https:\/\/www.entreculturas.org\/fr\/","name":"Entreculturas","description":"","publisher":{"@id":"https:\/\/www.entreculturas.org\/fr\/#organization"},"alternateName":"Entreculturas","potentialAction":[{"@type":"SearchAction","target":{"@type":"EntryPoint","urlTemplate":"https:\/\/www.entreculturas.org\/fr\/?s={search_term_string}"},"query-input":{"@type":"PropertyValueSpecification","valueRequired":true,"valueName":"search_term_string"}}],"inLanguage":"fr-FR"},{"@type":"Organization","@id":"https:\/\/www.entreculturas.org\/fr\/#organization","name":"Entreculturas","url":"https:\/\/www.entreculturas.org\/fr\/","logo":{"@type":"ImageObject","inLanguage":"fr-FR","@id":"https:\/\/www.entreculturas.org\/fr\/#\/schema\/logo\/image\/","url":"https:\/\/www.entreculturas.org\/wp-content\/uploads\/2025\/10\/ESP.svg","contentUrl":"https:\/\/www.entreculturas.org\/wp-content\/uploads\/2025\/10\/ESP.svg","caption":"Entreculturas"},"image":{"@id":"https:\/\/www.entreculturas.org\/fr\/#\/schema\/logo\/image\/"},"sameAs":["https:\/\/www.facebook.com\/entreculturas","https:\/\/x.com\/Entreculturas","https:\/\/www.instagram.com\/entreculturas\/","https:\/\/www.youtube.com\/user\/entreculturasvideo","https:\/\/www.linkedin.com\/company\/fundacion-entreculturas-ngdo\/","https:\/\/www.flickr.com\/photos\/98455522@N04\/albums\/"]}]}},"_links":{"self":[{"href":"https:\/\/www.entreculturas.org\/fr\/wp-json\/wp\/v2\/noticia\/5105","targetHints":{"allow":["GET"]}}],"collection":[{"href":"https:\/\/www.entreculturas.org\/fr\/wp-json\/wp\/v2\/noticia"}],"about":[{"href":"https:\/\/www.entreculturas.org\/fr\/wp-json\/wp\/v2\/types\/noticia"}],"wp:featuredmedia":[{"embeddable":true,"href":"https:\/\/www.entreculturas.org\/fr\/wp-json\/wp\/v2\/media\/5101"}],"wp:attachment":[{"href":"https:\/\/www.entreculturas.org\/fr\/wp-json\/wp\/v2\/media?parent=5105"}],"wp:term":[{"taxonomy":"category","embeddable":true,"href":"https:\/\/www.entreculturas.org\/fr\/wp-json\/wp\/v2\/categories?post=5105"},{"taxonomy":"post_tag","embeddable":true,"href":"https:\/\/www.entreculturas.org\/fr\/wp-json\/wp\/v2\/tags?post=5105"},{"taxonomy":"country","embeddable":true,"href":"https:\/\/www.entreculturas.org\/fr\/wp-json\/wp\/v2\/country?post=5105"},{"taxonomy":"cause","embeddable":true,"href":"https:\/\/www.entreculturas.org\/fr\/wp-json\/wp\/v2\/cause?post=5105"}],"curies":[{"name":"wp","href":"https:\/\/api.w.org\/{rel}","templated":true}]}}