{"id":4977,"date":"2020-08-03T08:14:10","date_gmt":"2020-08-03T08:14:10","guid":{"rendered":"https:\/\/entreculturasi.wpenginepowered.com\/?noticias=entreculturas-y-ellas-lo-bordan-unidas-por-una-vuelta-la-normalidad-que-no-deje-nadie-atras"},"modified":"2024-03-20T11:12:51","modified_gmt":"2024-03-20T10:12:51","slug":"entreculturas-y-ellas-lo-bordan-unidas-por-una-vuelta-la-normalidad-que-no-deje-nadie-atras","status":"publish","type":"noticia","link":"https:\/\/www.entreculturas.org\/fr\/noticia\/entreculturas-y-ellas-lo-bordan-unidas-por-una-vuelta-la-normalidad-que-no-deje-nadie-atras\/","title":{"rendered":"Entreculturas y \u2018Ellas lo bordan\u2019 unidas por una vuelta a la normalidad que no deje a nadie atr\u00e1s"},"content":{"rendered":"<p>Poco a poco en Entreculturas estamos acudiendo de nuevo a nuestras sedes. De forma paulatina, cumpliendo con las medidas de seguridad y de higiene necesarias, y auspiciando tambi\u00e9n el teletrabajo y el cuidado de los equipos, vamos regresando a nuestras oficinas y reforzando nuestra atenci\u00f3n al p\u00fablico y a la base social.&nbsp;<\/p>\n<p>En esta vuelta nos acompa\u00f1a un proyecto ilusionante. Todos los equipos de Entreculturas cuentan con una mascarilla confeccionada por Ellas lo Bordan, una empresa de inserci\u00f3n pensada para un colectivo: mujeres en situaci\u00f3n de vulnerabilidad y riesgo de exclusi\u00f3n. De la mano de este taller de costura, queremos visibilizar la necesidad de volver a un nuevo escenario que ahora m\u00e1s que nunca debe retornar de la mano de quien m\u00e1s siente esta crisis.<\/p>\n<\/p>\n<p>Ellas lo bordan genera oportunidades laborales para mujeres en situaci\u00f3n de vulnerabilidad. El elemento principal para la transformaci\u00f3n y el cambio de estas mujeres es un taller de costura, donde se facilita la capacitaci\u00f3n t\u00e9cnica orientada al sector textil y se fortalecen sus competencias transversales para conseguir su incorporaci\u00f3n en el mercado laboral no protegido. Actualmente, el taller emplea y permite acceder a un modo de vida aut\u00f3nomo a 11 mujeres de 8 nacionalidades distintas.<\/p>\n<p>\u201cDesde que comenz\u00f3 la crisis sanitaria, las mujeres que trabajan en el taller no dudaron en poner su granito de arena y, una vez m\u00e1s, demostraron ser resilientes y solidarias\u201d, afirma Mar\u00eda Miranda, gerente de Ellas lo bordan. \u201cPara ellas, confeccionar mascarillas es responsabilidad y una forma de ayudar a la sociedad\u201d.<\/p>\n<p>Si quieres m\u00e1s informaci\u00f3n sobre su trabajo y nuestra colaboraci\u00f3n puedes:<\/p>\n<ul>\n<li>Escribirnos a: <a href=\"mailto:noticias@entreculturas.org\">noticias@entreculturas.org <\/a>\u2028<\/li>\n<li>O informarte en su p\u00e1gina web: <a href=\"https:\/\/www.ellaslobordan.es\/\">ellaslobordan.es\u2028<\/a><\/li>\n<\/ul>\n","protected":false},"excerpt":{"rendered":"<p>Todos el personal de Entreculturas cuenta con una mascarilla confeccionada por Ellas lo Bordan, una empresa de inserci\u00f3n pensada para un colectivo: mujeres en situaci\u00f3n de vulnerabilidad y riesgo de exclusi\u00f3n. Queremos visibilizar la necesidad de volver a un nuevo escenario que ahora m\u00e1s que nunca debe retornar de la mano de quien m\u00e1s siente esta crisis.<\/p>\n","protected":false},"featured_media":4979,"template":"single-noticia","meta":{"_acf_changed":false},"categories":[7],"tags":[289],"country":[],"cause":[],"class_list":["post-4977","noticia","type-noticia","status-publish","has-post-thumbnail","hentry","category-noticia","tag-educacion"],"acf":[],"yoast_head":"<!-- This site is optimized with the Yoast SEO Premium plugin v21.6 (Yoast SEO v27.5) - https:\/\/yoast.com\/product\/yoast-seo-premium-wordpress\/ -->\n<title>Entreculturas y \u2018Ellas lo bordan\u2019 unidas por una vuelta a la normalidad que no deje a nadie atr\u00e1s - Entreculturas<\/title>\n<meta name=\"robots\" content=\"index, follow, max-snippet:-1, max-image-preview:large, max-video-preview:-1\" \/>\n<link rel=\"canonical\" href=\"https:\/\/www.entreculturas.org\/fr\/noticia\/entreculturas-y-ellas-lo-bordan-unidas-por-una-vuelta-la-normalidad-que-no-deje-nadie-atras\/\" \/>\n<meta property=\"og:locale\" content=\"fr_FR\" \/>\n<meta property=\"og:type\" content=\"article\" \/>\n<meta property=\"og:title\" content=\"Entreculturas y \u2018Ellas lo bordan\u2019 unidas por una vuelta a la normalidad que no deje a nadie atr\u00e1s\" \/>\n<meta property=\"og:description\" content=\"Todos el personal de Entreculturas cuenta con una mascarilla confeccionada por Ellas lo Bordan, una empresa de inserci\u00f3n pensada para un colectivo: mujeres en situaci\u00f3n de vulnerabilidad y riesgo de exclusi\u00f3n. Queremos visibilizar la necesidad de volver a un nuevo escenario que ahora m\u00e1s que nunca debe retornar de la mano de quien m\u00e1s siente esta crisis.\" \/>\n<meta property=\"og:url\" content=\"https:\/\/www.entreculturas.org\/fr\/noticia\/entreculturas-y-ellas-lo-bordan-unidas-por-una-vuelta-la-normalidad-que-no-deje-nadie-atras\/\" \/>\n<meta property=\"og:site_name\" content=\"Entreculturas\" \/>\n<meta property=\"article:publisher\" content=\"https:\/\/www.facebook.com\/entreculturas\" \/>\n<meta property=\"article:modified_time\" content=\"2024-03-20T10:12:51+00:00\" \/>\n<meta property=\"og:image\" content=\"https:\/\/www.entreculturas.org\/wp-content\/uploads\/2020\/08\/whatsapp_image_2020-07-31_at_10.37.17.jpeg\" \/>\n\t<meta property=\"og:image:width\" content=\"800\" \/>\n\t<meta property=\"og:image:height\" content=\"600\" \/>\n\t<meta property=\"og:image:type\" content=\"image\/jpeg\" \/>\n<meta name=\"twitter:card\" content=\"summary_large_image\" \/>\n<meta name=\"twitter:site\" content=\"@Entreculturas\" \/>\n<script type=\"application\/ld+json\" class=\"yoast-schema-graph\">{\"@context\":\"https:\\\/\\\/schema.org\",\"@graph\":[{\"@type\":\"WebPage\",\"@id\":\"https:\\\/\\\/www.entreculturas.org\\\/fr\\\/noticia\\\/entreculturas-y-ellas-lo-bordan-unidas-por-una-vuelta-la-normalidad-que-no-deje-nadie-atras\\\/\",\"url\":\"https:\\\/\\\/www.entreculturas.org\\\/fr\\\/noticia\\\/entreculturas-y-ellas-lo-bordan-unidas-por-una-vuelta-la-normalidad-que-no-deje-nadie-atras\\\/\",\"name\":\"Entreculturas y \u2018Ellas lo bordan\u2019 unidas por una vuelta a la normalidad que no deje a nadie atr\u00e1s - Entreculturas\",\"isPartOf\":{\"@id\":\"https:\\\/\\\/www.entreculturas.org\\\/fr\\\/#website\"},\"primaryImageOfPage\":{\"@id\":\"https:\\\/\\\/www.entreculturas.org\\\/fr\\\/noticia\\\/entreculturas-y-ellas-lo-bordan-unidas-por-una-vuelta-la-normalidad-que-no-deje-nadie-atras\\\/#primaryimage\"},\"image\":{\"@id\":\"https:\\\/\\\/www.entreculturas.org\\\/fr\\\/noticia\\\/entreculturas-y-ellas-lo-bordan-unidas-por-una-vuelta-la-normalidad-que-no-deje-nadie-atras\\\/#primaryimage\"},\"thumbnailUrl\":\"https:\\\/\\\/www.entreculturas.org\\\/wp-content\\\/uploads\\\/2020\\\/08\\\/whatsapp_image_2020-07-31_at_10.37.17.jpeg\",\"datePublished\":\"2020-08-03T08:14:10+00:00\",\"dateModified\":\"2024-03-20T10:12:51+00:00\",\"breadcrumb\":{\"@id\":\"https:\\\/\\\/www.entreculturas.org\\\/fr\\\/noticia\\\/entreculturas-y-ellas-lo-bordan-unidas-por-una-vuelta-la-normalidad-que-no-deje-nadie-atras\\\/#breadcrumb\"},\"inLanguage\":\"fr-FR\",\"potentialAction\":[{\"@type\":\"ReadAction\",\"target\":[\"https:\\\/\\\/www.entreculturas.org\\\/fr\\\/noticia\\\/entreculturas-y-ellas-lo-bordan-unidas-por-una-vuelta-la-normalidad-que-no-deje-nadie-atras\\\/\"]}]},{\"@type\":\"ImageObject\",\"inLanguage\":\"fr-FR\",\"@id\":\"https:\\\/\\\/www.entreculturas.org\\\/fr\\\/noticia\\\/entreculturas-y-ellas-lo-bordan-unidas-por-una-vuelta-la-normalidad-que-no-deje-nadie-atras\\\/#primaryimage\",\"url\":\"https:\\\/\\\/www.entreculturas.org\\\/wp-content\\\/uploads\\\/2020\\\/08\\\/whatsapp_image_2020-07-31_at_10.37.17.jpeg\",\"contentUrl\":\"https:\\\/\\\/www.entreculturas.org\\\/wp-content\\\/uploads\\\/2020\\\/08\\\/whatsapp_image_2020-07-31_at_10.37.17.jpeg\",\"width\":800,\"height\":600,\"caption\":\"whatsapp_image_2020-07-31_at_10\"},{\"@type\":\"BreadcrumbList\",\"@id\":\"https:\\\/\\\/www.entreculturas.org\\\/fr\\\/noticia\\\/entreculturas-y-ellas-lo-bordan-unidas-por-una-vuelta-la-normalidad-que-no-deje-nadie-atras\\\/#breadcrumb\",\"itemListElement\":[{\"@type\":\"ListItem\",\"position\":1,\"name\":\"Home\",\"item\":\"https:\\\/\\\/www.entreculturas.org\\\/fr\\\/\"},{\"@type\":\"ListItem\",\"position\":2,\"name\":\"Noticias\",\"item\":\"https:\\\/\\\/www.entreculturas.org\\\/fr\\\/noticias\\\/\"},{\"@type\":\"ListItem\",\"position\":3,\"name\":\"Entreculturas y \u2018Ellas lo bordan\u2019 unidas por una vuelta a la normalidad que no deje a nadie atr\u00e1s\"}]},{\"@type\":\"WebSite\",\"@id\":\"https:\\\/\\\/www.entreculturas.org\\\/fr\\\/#website\",\"url\":\"https:\\\/\\\/www.entreculturas.org\\\/fr\\\/\",\"name\":\"Entreculturas\",\"description\":\"\",\"publisher\":{\"@id\":\"https:\\\/\\\/www.entreculturas.org\\\/fr\\\/#organization\"},\"alternateName\":\"Entreculturas\",\"potentialAction\":[{\"@type\":\"SearchAction\",\"target\":{\"@type\":\"EntryPoint\",\"urlTemplate\":\"https:\\\/\\\/www.entreculturas.org\\\/fr\\\/?s={search_term_string}\"},\"query-input\":{\"@type\":\"PropertyValueSpecification\",\"valueRequired\":true,\"valueName\":\"search_term_string\"}}],\"inLanguage\":\"fr-FR\"},{\"@type\":\"Organization\",\"@id\":\"https:\\\/\\\/www.entreculturas.org\\\/fr\\\/#organization\",\"name\":\"Entreculturas\",\"url\":\"https:\\\/\\\/www.entreculturas.org\\\/fr\\\/\",\"logo\":{\"@type\":\"ImageObject\",\"inLanguage\":\"fr-FR\",\"@id\":\"https:\\\/\\\/www.entreculturas.org\\\/fr\\\/#\\\/schema\\\/logo\\\/image\\\/\",\"url\":\"https:\\\/\\\/www.entreculturas.org\\\/wp-content\\\/uploads\\\/2025\\\/10\\\/ESP.svg\",\"contentUrl\":\"https:\\\/\\\/www.entreculturas.org\\\/wp-content\\\/uploads\\\/2025\\\/10\\\/ESP.svg\",\"caption\":\"Entreculturas\"},\"image\":{\"@id\":\"https:\\\/\\\/www.entreculturas.org\\\/fr\\\/#\\\/schema\\\/logo\\\/image\\\/\"},\"sameAs\":[\"https:\\\/\\\/www.facebook.com\\\/entreculturas\",\"https:\\\/\\\/x.com\\\/Entreculturas\",\"https:\\\/\\\/www.instagram.com\\\/entreculturas\\\/\",\"https:\\\/\\\/www.youtube.com\\\/user\\\/entreculturasvideo\",\"https:\\\/\\\/www.linkedin.com\\\/company\\\/fundacion-entreculturas-ngdo\\\/\",\"https:\\\/\\\/www.flickr.com\\\/photos\\\/98455522@N04\\\/albums\\\/\"]}]}<\/script>\n<!-- \/ Yoast SEO Premium plugin. -->","yoast_head_json":{"title":"Entreculturas y \u2018Ellas lo bordan\u2019 unidas por una vuelta a la normalidad que no deje a nadie atr\u00e1s - Entreculturas","robots":{"index":"index","follow":"follow","max-snippet":"max-snippet:-1","max-image-preview":"max-image-preview:large","max-video-preview":"max-video-preview:-1"},"canonical":"https:\/\/www.entreculturas.org\/fr\/noticia\/entreculturas-y-ellas-lo-bordan-unidas-por-una-vuelta-la-normalidad-que-no-deje-nadie-atras\/","og_locale":"fr_FR","og_type":"article","og_title":"Entreculturas y \u2018Ellas lo bordan\u2019 unidas por una vuelta a la normalidad que no deje a nadie atr\u00e1s","og_description":"Todos el personal de Entreculturas cuenta con una mascarilla confeccionada por Ellas lo Bordan, una empresa de inserci\u00f3n pensada para un colectivo: mujeres en situaci\u00f3n de vulnerabilidad y riesgo de exclusi\u00f3n. Queremos visibilizar la necesidad de volver a un nuevo escenario que ahora m\u00e1s que nunca debe retornar de la mano de quien m\u00e1s siente esta crisis.","og_url":"https:\/\/www.entreculturas.org\/fr\/noticia\/entreculturas-y-ellas-lo-bordan-unidas-por-una-vuelta-la-normalidad-que-no-deje-nadie-atras\/","og_site_name":"Entreculturas","article_publisher":"https:\/\/www.facebook.com\/entreculturas","article_modified_time":"2024-03-20T10:12:51+00:00","og_image":[{"width":800,"height":600,"url":"https:\/\/www.entreculturas.org\/wp-content\/uploads\/2020\/08\/whatsapp_image_2020-07-31_at_10.37.17.jpeg","type":"image\/jpeg"}],"twitter_card":"summary_large_image","twitter_site":"@Entreculturas","schema":{"@context":"https:\/\/schema.org","@graph":[{"@type":"WebPage","@id":"https:\/\/www.entreculturas.org\/fr\/noticia\/entreculturas-y-ellas-lo-bordan-unidas-por-una-vuelta-la-normalidad-que-no-deje-nadie-atras\/","url":"https:\/\/www.entreculturas.org\/fr\/noticia\/entreculturas-y-ellas-lo-bordan-unidas-por-una-vuelta-la-normalidad-que-no-deje-nadie-atras\/","name":"Entreculturas y \u2018Ellas lo bordan\u2019 unidas por una vuelta a la normalidad que no deje a nadie atr\u00e1s - Entreculturas","isPartOf":{"@id":"https:\/\/www.entreculturas.org\/fr\/#website"},"primaryImageOfPage":{"@id":"https:\/\/www.entreculturas.org\/fr\/noticia\/entreculturas-y-ellas-lo-bordan-unidas-por-una-vuelta-la-normalidad-que-no-deje-nadie-atras\/#primaryimage"},"image":{"@id":"https:\/\/www.entreculturas.org\/fr\/noticia\/entreculturas-y-ellas-lo-bordan-unidas-por-una-vuelta-la-normalidad-que-no-deje-nadie-atras\/#primaryimage"},"thumbnailUrl":"https:\/\/www.entreculturas.org\/wp-content\/uploads\/2020\/08\/whatsapp_image_2020-07-31_at_10.37.17.jpeg","datePublished":"2020-08-03T08:14:10+00:00","dateModified":"2024-03-20T10:12:51+00:00","breadcrumb":{"@id":"https:\/\/www.entreculturas.org\/fr\/noticia\/entreculturas-y-ellas-lo-bordan-unidas-por-una-vuelta-la-normalidad-que-no-deje-nadie-atras\/#breadcrumb"},"inLanguage":"fr-FR","potentialAction":[{"@type":"ReadAction","target":["https:\/\/www.entreculturas.org\/fr\/noticia\/entreculturas-y-ellas-lo-bordan-unidas-por-una-vuelta-la-normalidad-que-no-deje-nadie-atras\/"]}]},{"@type":"ImageObject","inLanguage":"fr-FR","@id":"https:\/\/www.entreculturas.org\/fr\/noticia\/entreculturas-y-ellas-lo-bordan-unidas-por-una-vuelta-la-normalidad-que-no-deje-nadie-atras\/#primaryimage","url":"https:\/\/www.entreculturas.org\/wp-content\/uploads\/2020\/08\/whatsapp_image_2020-07-31_at_10.37.17.jpeg","contentUrl":"https:\/\/www.entreculturas.org\/wp-content\/uploads\/2020\/08\/whatsapp_image_2020-07-31_at_10.37.17.jpeg","width":800,"height":600,"caption":"whatsapp_image_2020-07-31_at_10"},{"@type":"BreadcrumbList","@id":"https:\/\/www.entreculturas.org\/fr\/noticia\/entreculturas-y-ellas-lo-bordan-unidas-por-una-vuelta-la-normalidad-que-no-deje-nadie-atras\/#breadcrumb","itemListElement":[{"@type":"ListItem","position":1,"name":"Home","item":"https:\/\/www.entreculturas.org\/fr\/"},{"@type":"ListItem","position":2,"name":"Noticias","item":"https:\/\/www.entreculturas.org\/fr\/noticias\/"},{"@type":"ListItem","position":3,"name":"Entreculturas y \u2018Ellas lo bordan\u2019 unidas por una vuelta a la normalidad que no deje a nadie atr\u00e1s"}]},{"@type":"WebSite","@id":"https:\/\/www.entreculturas.org\/fr\/#website","url":"https:\/\/www.entreculturas.org\/fr\/","name":"Entreculturas","description":"","publisher":{"@id":"https:\/\/www.entreculturas.org\/fr\/#organization"},"alternateName":"Entreculturas","potentialAction":[{"@type":"SearchAction","target":{"@type":"EntryPoint","urlTemplate":"https:\/\/www.entreculturas.org\/fr\/?s={search_term_string}"},"query-input":{"@type":"PropertyValueSpecification","valueRequired":true,"valueName":"search_term_string"}}],"inLanguage":"fr-FR"},{"@type":"Organization","@id":"https:\/\/www.entreculturas.org\/fr\/#organization","name":"Entreculturas","url":"https:\/\/www.entreculturas.org\/fr\/","logo":{"@type":"ImageObject","inLanguage":"fr-FR","@id":"https:\/\/www.entreculturas.org\/fr\/#\/schema\/logo\/image\/","url":"https:\/\/www.entreculturas.org\/wp-content\/uploads\/2025\/10\/ESP.svg","contentUrl":"https:\/\/www.entreculturas.org\/wp-content\/uploads\/2025\/10\/ESP.svg","caption":"Entreculturas"},"image":{"@id":"https:\/\/www.entreculturas.org\/fr\/#\/schema\/logo\/image\/"},"sameAs":["https:\/\/www.facebook.com\/entreculturas","https:\/\/x.com\/Entreculturas","https:\/\/www.instagram.com\/entreculturas\/","https:\/\/www.youtube.com\/user\/entreculturasvideo","https:\/\/www.linkedin.com\/company\/fundacion-entreculturas-ngdo\/","https:\/\/www.flickr.com\/photos\/98455522@N04\/albums\/"]}]}},"_links":{"self":[{"href":"https:\/\/www.entreculturas.org\/fr\/wp-json\/wp\/v2\/noticia\/4977","targetHints":{"allow":["GET"]}}],"collection":[{"href":"https:\/\/www.entreculturas.org\/fr\/wp-json\/wp\/v2\/noticia"}],"about":[{"href":"https:\/\/www.entreculturas.org\/fr\/wp-json\/wp\/v2\/types\/noticia"}],"wp:featuredmedia":[{"embeddable":true,"href":"https:\/\/www.entreculturas.org\/fr\/wp-json\/wp\/v2\/media\/4979"}],"wp:attachment":[{"href":"https:\/\/www.entreculturas.org\/fr\/wp-json\/wp\/v2\/media?parent=4977"}],"wp:term":[{"taxonomy":"category","embeddable":true,"href":"https:\/\/www.entreculturas.org\/fr\/wp-json\/wp\/v2\/categories?post=4977"},{"taxonomy":"post_tag","embeddable":true,"href":"https:\/\/www.entreculturas.org\/fr\/wp-json\/wp\/v2\/tags?post=4977"},{"taxonomy":"country","embeddable":true,"href":"https:\/\/www.entreculturas.org\/fr\/wp-json\/wp\/v2\/country?post=4977"},{"taxonomy":"cause","embeddable":true,"href":"https:\/\/www.entreculturas.org\/fr\/wp-json\/wp\/v2\/cause?post=4977"}],"curies":[{"name":"wp","href":"https:\/\/api.w.org\/{rel}","templated":true}]}}