{"id":4804,"date":"2020-06-20T08:26:35","date_gmt":"2020-06-20T08:26:35","guid":{"rendered":"https:\/\/entreculturasi.wpenginepowered.com\/?noticias=organizaciones-religiosas-en-la-jornada-mundial-del-refugiado-2020-conocer-para-comprender"},"modified":"2024-03-06T15:38:48","modified_gmt":"2024-03-06T14:38:48","slug":"organizaciones-religiosas-en-la-jornada-mundial-del-refugiado-2020-conocer-para-comprender","status":"publish","type":"noticia","link":"https:\/\/www.entreculturas.org\/fr\/noticia\/organizaciones-religiosas-en-la-jornada-mundial-del-refugiado-2020-conocer-para-comprender\/","title":{"rendered":"Organizaciones religiosas en la Jornada Mundial del Refugiado 2020 \u201cConocer para comprender\u201d"},"content":{"rendered":"<p>En su <strong><a href=\"https:\/\/www.vatican.va\/content\/francesco\/es\/messages\/migration\/documents\/papa-francesco_20200513_world-migrants-day-2020.html\" target=\"_blank\" rel=\"noopener\">Mensaje para la Jornada Mundial del Migrante y del Refugiado 2020<\/a>, el Papa Francisco invita a<\/strong> todas las personas de fe y buena voluntad a conocerlos y, este a\u00f1o en particular, a <strong>conocer a los desplazados internos (IDPs), personas que se han visto obligados a huir pero no han podido cruzar una frontera internacional.<\/strong> El Papa Francisco nos anima a \u201cconocer para comprender\u201d; el conocimiento personal es un paso necesario para apreciar la dif\u00edcil situaci\u00f3n de los dem\u00e1s. En el D\u00eda Mundial del Refugiado 2020, apoyamos un\u00e1nimemente la invitaci\u00f3n del Papa porque la dif\u00edcil situaci\u00f3n de los desplazados internos es una tragedia a menudo invisible que la crisis mundial causada por la pandemia COVID-19 no ha hecho m\u00e1s que exacerbar.<\/p>\n<p>Hoy en d\u00eda, <strong>nuestro mundo cuenta con m\u00e1s de 50,8 millones de personas desplazadas internamente <\/strong>que se ven obligadas a abandonar sus hogares debido a conflictos, violencia o persecuci\u00f3n. Los desplazados internos viven en situaciones muy dif\u00edciles ya que luchan por encontrar seguridad dentro de su pa\u00eds de origen o no pueden llegar a una frontera internacional, y luego cruzarla para solicitar asilo. Millones m\u00e1s son desplazados internos a causa de desastres naturales. Como organizaciones y comunidades humanitarias, acompa\u00f1amos, servimos e involucramos a los desplazados internos en todo el mundo y hacemos un llamamiento a los responsables pol\u00edticos para que escuchen sus necesidades y llamen la atenci\u00f3n sobre sus luchas.<\/p>\n<p><strong>En este tiempo de pandemia causada por el COVID-19, hemos visto a este grupo, ya radicalmente vulnerable, correr mayores riesgos de protecci\u00f3n por parte de sus propios gobiernos. <\/strong>La profunda crisis social y econ\u00f3mica provocada por la pandemia seguramente har\u00e1 que las preocupaciones de los desplazados internos pasen a un segundo plano. Algunas de nuestras organizaciones abogan por una mayor protecci\u00f3n jur\u00eddica, el acceso no discriminatorio a los servicios, el respeto de su dignidad y la promulgaci\u00f3n de programas de consolidaci\u00f3n de la paz y reconciliaci\u00f3n para los desplazados internos. En colaboraci\u00f3n con el Relator Especial de las Naciones Unidas sobre los derechos humanos de los desplazados internos y el Cluster Global de Protecci\u00f3n que han aprovechado la ocasi\u00f3n del 20\u00ba aniversario de los hist\u00f3ricos Principios Rectores de los Desplazamientos Internos, y con el Panel de Alto Nivel sobre Desplazamiento Interno promovido por el Secretario General de las Naciones Unidas, hacemos un llamamiento para que se preste una atenci\u00f3n renovada a la dif\u00edcil situaci\u00f3n de los desplazados internos en todo el mundo. <strong>\u201cEs importante que los desplazados internos no sean abandonados en esta crisis. Hago un llamamiento a los Estados para que ejerzan su responsabilidad soberana para protegerlos con base a <a href=\"https:\/\/www.ohchr.org\/Documents\/Issues\/IDPersons\/GPSpanish.pdf\" target=\"_blank\" rel=\"noopener\">los Principios rectores del desplazamiento interno<\/a> y sin abandonar la asistencia humanitaria\u201d, urge Cecilia Jim\u00e9nez-Damary, Relatora Especial de las Naciones Unidas sobe los derechos humanos de los desplazados internos.<\/strong><\/p>\n<p><strong><\/strong><\/p>\n<p>El desplazamiento tiene que ver con personas reales, y siempre debemos recordar que Jes\u00fas fue un desplazado. Es probable que la mayor\u00eda de nosotros tengamos alg\u00fan familiar desplazado en nuestras propias historias familiares. Si nos relacionamos con los actuales solicitantes de asilo, sabremos m\u00e1s sobre la urgencia de su situaci\u00f3n. Abriendo nuestros ojos y nuestra mente tendremos una idea m\u00e1s clara de lo que tenemos que hacer para ayudarles.&nbsp;<\/p>\n<p>La pandemia del COVID-19 nos incita a reflexionar sobre el desplazamiento en nuestros propios corazones y sobre las fallas de nuestros sistemas econ\u00f3micos y pol\u00edticos. La avaricia puede desplazar tan f\u00e1cilmente a la compasi\u00f3n. En lo profundo de nuestros corazones sabemos que el cuidado de los dem\u00e1s \u2013 y no su explotaci\u00f3n &#8211; nos hace verdaderamente humanos. Mantras como \u201cyo y mi pa\u00eds primero\u201d carecen de profundidad y son el producto de un pensamiento equivocado.<\/p>\n<p>En estos tiempos inciertos, el Papa Francisco nos exhorta a estar cerca para servir. En el D\u00eda Mundial del Refugiado 2020, hacemos un llamamiento a la transformaci\u00f3n. <strong>Pedimos que los ojos y los corazones se abran a la acci\u00f3n reconociendo, contemplando y compartiendo la vida de los refugiados, los desplazados internos y los migrantes. <\/strong>A trav\u00e9s de ellos podemos ver m\u00e1s claramente la verdad sobre nosotros mismos, nuestras sociedades y la direcci\u00f3n que debemos seguir. Unimos nuestras voces a la del Papa Francisco cuando dice: <strong>\u201c\u00a1No son n\u00fameros, sino personas! Si las encontramos, podremos conocerlas. Y si conocemos sus historias, lograremos comprender.\u201d&nbsp;<\/strong><\/p>\n<p><span style=\"color:#FF0000\"><strong>Firmatarios:&nbsp;<\/strong><\/span><br \/>Alboan<br \/>Amala Annai Capuchin Province, Northern Tamil Nadu, India<br \/>Centre for Peace and Conflict Studies, Siem Reap, Cambodia<br \/>Claretian Missionaries<br \/>Congregation de Notre Dame of Montreal&nbsp;<br \/>Congregations of St. Joseph<br \/>Dominicans for Justice and Peace<br \/>Dominican Leadership Conference<br \/>EcoJesuit<br \/>Entreculturas<br \/>Federazione Organismi Cristiani Servizio Internazionale Volontario (FOCSIV)&nbsp;<br \/>Fondazione Italiana di Solidariet\u00e0 Marista Champagnat<br \/>Fondazione Proclade Internazionale-Onlus (Claretian Presence at the UN)<br \/>Fondazione Marista per la Solidariet\u00e0 Internazionale (FMSI)<br \/>Global Ignatian Advocacy Network for the Right to Education (GIAN Education)<br \/>Global Ignatian Advocacy Network on Migration (GIAN Migration)<br \/>Instituto Universitario de Estudios sobre Migraciones (IUEM), Universidad Pontificia Comillas&nbsp;<br \/>Institute of the Blessed Virgin Mary &#8211; Loreto Generalate<br \/>International Catholic Migration Commission (ICMC)<br \/>International Presentation Association<br \/>International Union of Superiors General (UISG)<br \/>Jesuit Refugee Service (JRS)<br \/>Justice Peace Integrity of Creation (JPIC)<br \/>Maryknoll Fathers and Brothers<br \/>Maryknoll Sisters of St. Dominic&nbsp;<br \/>Medical Mission Sisters<br \/>Mercy International Association: Mercy Global Action<br \/>People\u2019s Watch &#8211; India<br \/>Red Jesuita con Migrantes de Latinoam\u00e9rica y el Caribe (RJM\/LAC)&nbsp;<br \/>Religious of the Sacred Heart of Mary<br \/>Salesian Missions Inc.<br \/>Salvatorian Office for International Aid (SOFIA)<br \/>Scalabrini Missionaries<br \/>School Sisters of Notre Dame&nbsp;<br \/>Service of Documentation &amp; Study on Global Mission (SEDOS)<br \/>Scalabrini International Migration Network (SIMN)<br \/>Sisters of Charity Federation<br \/>Sisters of Charity of Seton Hill Generalate<br \/>Sisters of Charity US Province<br \/>Sisters of Charity of Nazareth Western Province Leadership<br \/>Sisters of Charity of Nazareth Congregational Leadership<br \/>Sisters of Mercy Brisbane, Australia<br \/>Sisters of Notre Dame de Namur<br \/>Social Justice and Ecology Secretariat, Society of Jesus<br \/>Society of the Sacred Heart<br \/>Solidaridad y Misi\u00f3n de los Misioneros Claretianos de Am\u00e9rica (SOMI-MICLA).<br \/>Tamil Nadu Catholic Religious India (TNCRI)<br \/>THALIR &#8211; Casey Capuchin Holistic Welfare Centre, India<br \/>The Company of the Daughters of Charity of St. Vincent de Paul<br \/>Unanima International&nbsp;<br \/>Union of Superiors General (USG)<br \/>VIVAT International<br \/>World Faiths Development Dialogue<br \/>Youth Action for Transformation (YATRA)<\/p>\n","protected":false},"excerpt":{"rendered":"<p>En el D\u00eda Mundial del Refugiado 2020, nos sumamos al Papa Francisco junto a muchas otras entidades y hacemos un llamamiento a la transformaci\u00f3n. Pedimos que los ojos y los corazones se abran a la acci\u00f3n reconociendo, contemplando y compartiendo la vida de los refugiados, los desplazados internos y los migrantes.<\/p>\n","protected":false},"featured_media":4803,"template":"single-noticia","meta":{"_acf_changed":false},"categories":[7],"tags":[10],"country":[],"cause":[129],"class_list":["post-4804","noticia","type-noticia","status-publish","has-post-thumbnail","hentry","category-noticia","tag-migracion-y-refugio","cause-migracion-y-refugio"],"acf":[],"yoast_head":"<!-- This site is optimized with the Yoast SEO Premium plugin v21.6 (Yoast SEO v27.5) - https:\/\/yoast.com\/product\/yoast-seo-premium-wordpress\/ -->\n<title>Organizaciones religiosas en la Jornada Mundial del Refugiado 2020 \u201cConocer para comprender\u201d - Entreculturas<\/title>\n<meta name=\"robots\" content=\"index, follow, max-snippet:-1, max-image-preview:large, max-video-preview:-1\" \/>\n<link rel=\"canonical\" href=\"https:\/\/www.entreculturas.org\/fr\/noticia\/organizaciones-religiosas-en-la-jornada-mundial-del-refugiado-2020-conocer-para-comprender\/\" \/>\n<meta property=\"og:locale\" content=\"fr_FR\" \/>\n<meta property=\"og:type\" content=\"article\" \/>\n<meta property=\"og:title\" content=\"Organizaciones religiosas en la Jornada Mundial del Refugiado 2020 \u201cConocer para comprender\u201d\" \/>\n<meta property=\"og:description\" content=\"En el D\u00eda Mundial del Refugiado 2020, nos sumamos al Papa Francisco junto a muchas otras entidades y hacemos un llamamiento a la transformaci\u00f3n. Pedimos que los ojos y los corazones se abran a la acci\u00f3n reconociendo, contemplando y compartiendo la vida de los refugiados, los desplazados internos y los migrantes.\" \/>\n<meta property=\"og:url\" content=\"https:\/\/www.entreculturas.org\/fr\/noticia\/organizaciones-religiosas-en-la-jornada-mundial-del-refugiado-2020-conocer-para-comprender\/\" \/>\n<meta property=\"og:site_name\" content=\"Entreculturas\" \/>\n<meta property=\"article:publisher\" content=\"https:\/\/www.facebook.com\/entreculturas\" \/>\n<meta property=\"article:modified_time\" content=\"2024-03-06T14:38:48+00:00\" \/>\n<meta property=\"og:image\" content=\"https:\/\/www.entreculturas.org\/wp-content\/uploads\/2020\/06\/sin_titulo-1.jpg\" \/>\n\t<meta property=\"og:image:width\" content=\"638\" \/>\n\t<meta property=\"og:image:height\" content=\"427\" \/>\n\t<meta property=\"og:image:type\" content=\"image\/jpeg\" \/>\n<meta name=\"twitter:card\" content=\"summary_large_image\" \/>\n<meta name=\"twitter:site\" content=\"@Entreculturas\" \/>\n<script type=\"application\/ld+json\" class=\"yoast-schema-graph\">{\"@context\":\"https:\\\/\\\/schema.org\",\"@graph\":[{\"@type\":\"WebPage\",\"@id\":\"https:\\\/\\\/www.entreculturas.org\\\/fr\\\/noticia\\\/organizaciones-religiosas-en-la-jornada-mundial-del-refugiado-2020-conocer-para-comprender\\\/\",\"url\":\"https:\\\/\\\/www.entreculturas.org\\\/fr\\\/noticia\\\/organizaciones-religiosas-en-la-jornada-mundial-del-refugiado-2020-conocer-para-comprender\\\/\",\"name\":\"Organizaciones religiosas en la Jornada Mundial del Refugiado 2020 \u201cConocer para comprender\u201d - Entreculturas\",\"isPartOf\":{\"@id\":\"https:\\\/\\\/www.entreculturas.org\\\/fr\\\/#website\"},\"primaryImageOfPage\":{\"@id\":\"https:\\\/\\\/www.entreculturas.org\\\/fr\\\/noticia\\\/organizaciones-religiosas-en-la-jornada-mundial-del-refugiado-2020-conocer-para-comprender\\\/#primaryimage\"},\"image\":{\"@id\":\"https:\\\/\\\/www.entreculturas.org\\\/fr\\\/noticia\\\/organizaciones-religiosas-en-la-jornada-mundial-del-refugiado-2020-conocer-para-comprender\\\/#primaryimage\"},\"thumbnailUrl\":\"https:\\\/\\\/www.entreculturas.org\\\/wp-content\\\/uploads\\\/2020\\\/06\\\/sin_titulo-1.jpg\",\"datePublished\":\"2020-06-20T08:26:35+00:00\",\"dateModified\":\"2024-03-06T14:38:48+00:00\",\"breadcrumb\":{\"@id\":\"https:\\\/\\\/www.entreculturas.org\\\/fr\\\/noticia\\\/organizaciones-religiosas-en-la-jornada-mundial-del-refugiado-2020-conocer-para-comprender\\\/#breadcrumb\"},\"inLanguage\":\"fr-FR\",\"potentialAction\":[{\"@type\":\"ReadAction\",\"target\":[\"https:\\\/\\\/www.entreculturas.org\\\/fr\\\/noticia\\\/organizaciones-religiosas-en-la-jornada-mundial-del-refugiado-2020-conocer-para-comprender\\\/\"]}]},{\"@type\":\"ImageObject\",\"inLanguage\":\"fr-FR\",\"@id\":\"https:\\\/\\\/www.entreculturas.org\\\/fr\\\/noticia\\\/organizaciones-religiosas-en-la-jornada-mundial-del-refugiado-2020-conocer-para-comprender\\\/#primaryimage\",\"url\":\"https:\\\/\\\/www.entreculturas.org\\\/wp-content\\\/uploads\\\/2020\\\/06\\\/sin_titulo-1.jpg\",\"contentUrl\":\"https:\\\/\\\/www.entreculturas.org\\\/wp-content\\\/uploads\\\/2020\\\/06\\\/sin_titulo-1.jpg\",\"width\":638,\"height\":427},{\"@type\":\"BreadcrumbList\",\"@id\":\"https:\\\/\\\/www.entreculturas.org\\\/fr\\\/noticia\\\/organizaciones-religiosas-en-la-jornada-mundial-del-refugiado-2020-conocer-para-comprender\\\/#breadcrumb\",\"itemListElement\":[{\"@type\":\"ListItem\",\"position\":1,\"name\":\"Home\",\"item\":\"https:\\\/\\\/www.entreculturas.org\\\/fr\\\/\"},{\"@type\":\"ListItem\",\"position\":2,\"name\":\"Noticias\",\"item\":\"https:\\\/\\\/www.entreculturas.org\\\/fr\\\/noticias\\\/\"},{\"@type\":\"ListItem\",\"position\":3,\"name\":\"Organizaciones religiosas en la Jornada Mundial del Refugiado 2020 \u201cConocer para comprender\u201d\"}]},{\"@type\":\"WebSite\",\"@id\":\"https:\\\/\\\/www.entreculturas.org\\\/fr\\\/#website\",\"url\":\"https:\\\/\\\/www.entreculturas.org\\\/fr\\\/\",\"name\":\"Entreculturas\",\"description\":\"\",\"publisher\":{\"@id\":\"https:\\\/\\\/www.entreculturas.org\\\/fr\\\/#organization\"},\"alternateName\":\"Entreculturas\",\"potentialAction\":[{\"@type\":\"SearchAction\",\"target\":{\"@type\":\"EntryPoint\",\"urlTemplate\":\"https:\\\/\\\/www.entreculturas.org\\\/fr\\\/?s={search_term_string}\"},\"query-input\":{\"@type\":\"PropertyValueSpecification\",\"valueRequired\":true,\"valueName\":\"search_term_string\"}}],\"inLanguage\":\"fr-FR\"},{\"@type\":\"Organization\",\"@id\":\"https:\\\/\\\/www.entreculturas.org\\\/fr\\\/#organization\",\"name\":\"Entreculturas\",\"url\":\"https:\\\/\\\/www.entreculturas.org\\\/fr\\\/\",\"logo\":{\"@type\":\"ImageObject\",\"inLanguage\":\"fr-FR\",\"@id\":\"https:\\\/\\\/www.entreculturas.org\\\/fr\\\/#\\\/schema\\\/logo\\\/image\\\/\",\"url\":\"https:\\\/\\\/www.entreculturas.org\\\/wp-content\\\/uploads\\\/2025\\\/10\\\/ESP.svg\",\"contentUrl\":\"https:\\\/\\\/www.entreculturas.org\\\/wp-content\\\/uploads\\\/2025\\\/10\\\/ESP.svg\",\"caption\":\"Entreculturas\"},\"image\":{\"@id\":\"https:\\\/\\\/www.entreculturas.org\\\/fr\\\/#\\\/schema\\\/logo\\\/image\\\/\"},\"sameAs\":[\"https:\\\/\\\/www.facebook.com\\\/entreculturas\",\"https:\\\/\\\/x.com\\\/Entreculturas\",\"https:\\\/\\\/www.instagram.com\\\/entreculturas\\\/\",\"https:\\\/\\\/www.youtube.com\\\/user\\\/entreculturasvideo\",\"https:\\\/\\\/www.linkedin.com\\\/company\\\/fundacion-entreculturas-ngdo\\\/\",\"https:\\\/\\\/www.flickr.com\\\/photos\\\/98455522@N04\\\/albums\\\/\"]}]}<\/script>\n<!-- \/ Yoast SEO Premium plugin. -->","yoast_head_json":{"title":"Organizaciones religiosas en la Jornada Mundial del Refugiado 2020 \u201cConocer para comprender\u201d - Entreculturas","robots":{"index":"index","follow":"follow","max-snippet":"max-snippet:-1","max-image-preview":"max-image-preview:large","max-video-preview":"max-video-preview:-1"},"canonical":"https:\/\/www.entreculturas.org\/fr\/noticia\/organizaciones-religiosas-en-la-jornada-mundial-del-refugiado-2020-conocer-para-comprender\/","og_locale":"fr_FR","og_type":"article","og_title":"Organizaciones religiosas en la Jornada Mundial del Refugiado 2020 \u201cConocer para comprender\u201d","og_description":"En el D\u00eda Mundial del Refugiado 2020, nos sumamos al Papa Francisco junto a muchas otras entidades y hacemos un llamamiento a la transformaci\u00f3n. Pedimos que los ojos y los corazones se abran a la acci\u00f3n reconociendo, contemplando y compartiendo la vida de los refugiados, los desplazados internos y los migrantes.","og_url":"https:\/\/www.entreculturas.org\/fr\/noticia\/organizaciones-religiosas-en-la-jornada-mundial-del-refugiado-2020-conocer-para-comprender\/","og_site_name":"Entreculturas","article_publisher":"https:\/\/www.facebook.com\/entreculturas","article_modified_time":"2024-03-06T14:38:48+00:00","og_image":[{"width":638,"height":427,"url":"https:\/\/www.entreculturas.org\/wp-content\/uploads\/2020\/06\/sin_titulo-1.jpg","type":"image\/jpeg"}],"twitter_card":"summary_large_image","twitter_site":"@Entreculturas","schema":{"@context":"https:\/\/schema.org","@graph":[{"@type":"WebPage","@id":"https:\/\/www.entreculturas.org\/fr\/noticia\/organizaciones-religiosas-en-la-jornada-mundial-del-refugiado-2020-conocer-para-comprender\/","url":"https:\/\/www.entreculturas.org\/fr\/noticia\/organizaciones-religiosas-en-la-jornada-mundial-del-refugiado-2020-conocer-para-comprender\/","name":"Organizaciones religiosas en la Jornada Mundial del Refugiado 2020 \u201cConocer para comprender\u201d - Entreculturas","isPartOf":{"@id":"https:\/\/www.entreculturas.org\/fr\/#website"},"primaryImageOfPage":{"@id":"https:\/\/www.entreculturas.org\/fr\/noticia\/organizaciones-religiosas-en-la-jornada-mundial-del-refugiado-2020-conocer-para-comprender\/#primaryimage"},"image":{"@id":"https:\/\/www.entreculturas.org\/fr\/noticia\/organizaciones-religiosas-en-la-jornada-mundial-del-refugiado-2020-conocer-para-comprender\/#primaryimage"},"thumbnailUrl":"https:\/\/www.entreculturas.org\/wp-content\/uploads\/2020\/06\/sin_titulo-1.jpg","datePublished":"2020-06-20T08:26:35+00:00","dateModified":"2024-03-06T14:38:48+00:00","breadcrumb":{"@id":"https:\/\/www.entreculturas.org\/fr\/noticia\/organizaciones-religiosas-en-la-jornada-mundial-del-refugiado-2020-conocer-para-comprender\/#breadcrumb"},"inLanguage":"fr-FR","potentialAction":[{"@type":"ReadAction","target":["https:\/\/www.entreculturas.org\/fr\/noticia\/organizaciones-religiosas-en-la-jornada-mundial-del-refugiado-2020-conocer-para-comprender\/"]}]},{"@type":"ImageObject","inLanguage":"fr-FR","@id":"https:\/\/www.entreculturas.org\/fr\/noticia\/organizaciones-religiosas-en-la-jornada-mundial-del-refugiado-2020-conocer-para-comprender\/#primaryimage","url":"https:\/\/www.entreculturas.org\/wp-content\/uploads\/2020\/06\/sin_titulo-1.jpg","contentUrl":"https:\/\/www.entreculturas.org\/wp-content\/uploads\/2020\/06\/sin_titulo-1.jpg","width":638,"height":427},{"@type":"BreadcrumbList","@id":"https:\/\/www.entreculturas.org\/fr\/noticia\/organizaciones-religiosas-en-la-jornada-mundial-del-refugiado-2020-conocer-para-comprender\/#breadcrumb","itemListElement":[{"@type":"ListItem","position":1,"name":"Home","item":"https:\/\/www.entreculturas.org\/fr\/"},{"@type":"ListItem","position":2,"name":"Noticias","item":"https:\/\/www.entreculturas.org\/fr\/noticias\/"},{"@type":"ListItem","position":3,"name":"Organizaciones religiosas en la Jornada Mundial del Refugiado 2020 \u201cConocer para comprender\u201d"}]},{"@type":"WebSite","@id":"https:\/\/www.entreculturas.org\/fr\/#website","url":"https:\/\/www.entreculturas.org\/fr\/","name":"Entreculturas","description":"","publisher":{"@id":"https:\/\/www.entreculturas.org\/fr\/#organization"},"alternateName":"Entreculturas","potentialAction":[{"@type":"SearchAction","target":{"@type":"EntryPoint","urlTemplate":"https:\/\/www.entreculturas.org\/fr\/?s={search_term_string}"},"query-input":{"@type":"PropertyValueSpecification","valueRequired":true,"valueName":"search_term_string"}}],"inLanguage":"fr-FR"},{"@type":"Organization","@id":"https:\/\/www.entreculturas.org\/fr\/#organization","name":"Entreculturas","url":"https:\/\/www.entreculturas.org\/fr\/","logo":{"@type":"ImageObject","inLanguage":"fr-FR","@id":"https:\/\/www.entreculturas.org\/fr\/#\/schema\/logo\/image\/","url":"https:\/\/www.entreculturas.org\/wp-content\/uploads\/2025\/10\/ESP.svg","contentUrl":"https:\/\/www.entreculturas.org\/wp-content\/uploads\/2025\/10\/ESP.svg","caption":"Entreculturas"},"image":{"@id":"https:\/\/www.entreculturas.org\/fr\/#\/schema\/logo\/image\/"},"sameAs":["https:\/\/www.facebook.com\/entreculturas","https:\/\/x.com\/Entreculturas","https:\/\/www.instagram.com\/entreculturas\/","https:\/\/www.youtube.com\/user\/entreculturasvideo","https:\/\/www.linkedin.com\/company\/fundacion-entreculturas-ngdo\/","https:\/\/www.flickr.com\/photos\/98455522@N04\/albums\/"]}]}},"_links":{"self":[{"href":"https:\/\/www.entreculturas.org\/fr\/wp-json\/wp\/v2\/noticia\/4804","targetHints":{"allow":["GET"]}}],"collection":[{"href":"https:\/\/www.entreculturas.org\/fr\/wp-json\/wp\/v2\/noticia"}],"about":[{"href":"https:\/\/www.entreculturas.org\/fr\/wp-json\/wp\/v2\/types\/noticia"}],"wp:featuredmedia":[{"embeddable":true,"href":"https:\/\/www.entreculturas.org\/fr\/wp-json\/wp\/v2\/media\/4803"}],"wp:attachment":[{"href":"https:\/\/www.entreculturas.org\/fr\/wp-json\/wp\/v2\/media?parent=4804"}],"wp:term":[{"taxonomy":"category","embeddable":true,"href":"https:\/\/www.entreculturas.org\/fr\/wp-json\/wp\/v2\/categories?post=4804"},{"taxonomy":"post_tag","embeddable":true,"href":"https:\/\/www.entreculturas.org\/fr\/wp-json\/wp\/v2\/tags?post=4804"},{"taxonomy":"country","embeddable":true,"href":"https:\/\/www.entreculturas.org\/fr\/wp-json\/wp\/v2\/country?post=4804"},{"taxonomy":"cause","embeddable":true,"href":"https:\/\/www.entreculturas.org\/fr\/wp-json\/wp\/v2\/cause?post=4804"}],"curies":[{"name":"wp","href":"https:\/\/api.w.org\/{rel}","templated":true}]}}