{"id":47967,"date":"2026-04-30T12:10:38","date_gmt":"2026-04-30T10:10:38","guid":{"rendered":"https:\/\/www.entreculturas.org\/?post_type=noticia&#038;p=47967"},"modified":"2026-04-30T12:10:42","modified_gmt":"2026-04-30T10:10:42","slug":"fatuma-mberwa-la-educacion-como-esperanza-para-la-comunidad","status":"publish","type":"noticia","link":"https:\/\/www.entreculturas.org\/fr\/noticia\/fatuma-mberwa-la-educacion-como-esperanza-para-la-comunidad\/","title":{"rendered":"Fatuma Mberwa: la educaci\u00f3n como esperanza para la comunidad"},"content":{"rendered":"\n<p>\u201c<strong>La educaci\u00f3n abre la mente de nuestros hijos e hijas. <\/strong>Les da esperanza. Alg\u00fan d\u00eda podr\u00e1n salir adelante y sacarnos del campo de personas refugiadas.\u201d<\/p>\n\n\n\n<p>Fatuma Mberwa es madre de un estudiante de la escuela secundaria Greenlight, en el campo de Kakuma, en Kenia. Como muchas familias del campo, su principal preocupaci\u00f3n era sencilla: <strong>asegurarse de que su hijo pudiera seguir en la escuela<\/strong> a pesar de las dificultades del d\u00eda a d\u00eda.<\/p>\n\n\n\n<p>Pero, con el tiempo, empez\u00f3 a darse cuenta de algo m\u00e1s profundo. <strong>Cada vez m\u00e1s estudiantes abandonaban la escuela<\/strong>, y las familias de su entorno ten\u00edan dificultades para sostener la educaci\u00f3n de sus hijos e hijas.<\/p>\n\n\n\n<p>\u201cQuer\u00eda entender por qu\u00e9 estaba pasando esto\u201d, explica. \u201cPor eso decid\u00ed formar parte del Consejo de Gesti\u00f3n Escolar\u201d.<\/p>\n\n\n\n<h2 class=\"wp-block-heading has--font-size\" id=\"h-los-retos-a-los-que-se-enfrentan-las-familias\"><strong>Los retos a los que se enfrentan las familias<\/strong><\/h2>\n\n\n\n<p>En Kakuma, <strong>el acceso a la educaci\u00f3n est\u00e1 condicionado<\/strong> por el contexto de <strong>desplazamiento<\/strong>. Muchas familias viven con ingresos limitados o inestables, lo que dificulta cubrir incluso las necesidades m\u00e1s b\u00e1sicas. <strong>Los gastos relacionados con la escuela,<\/strong> como tasas, uniformes o materiales, se vuelven muchas veces <strong>inasumibles<\/strong>.<\/p>\n\n\n\n<p>Para algunos estudiantes, especialmente las ni\u00f1as, estas dificultades se traducen en ausencias o retrasos en el aprendizaje. Con el tiempo, esto puede derivar en absentismo y, en muchos casos, en el abandono escolar.<\/p>\n\n\n\n<p>\u201cComo familias, apenas pod\u00edamos pagar la comida, mucho menos los costes de la escuela\u201d, recuerda Fatuma.<\/p>\n\n\n\n<p>Para ella,<strong> una de las realidades m\u00e1s duras ha sido ver c\u00f3mo ni\u00f1os y ni\u00f1as con potencial dejan la escuela <\/strong>no por falta de motivaci\u00f3n, sino porque <strong>las condiciones que les rodean hacen muy dif\u00edcil continuar.<\/strong><\/p>\n\n\n\n<h2 class=\"wp-block-heading\" id=\"h-una-comunidad-que-trabaja-unida\"><strong>Una comunidad que trabaja unida<\/strong><\/h2>\n\n\n\n<p>Ante esta situaci\u00f3n, Fatuma y otras familias comenzaron a implicarse m\u00e1s activamente en la escuela a trav\u00e9s del Consejo de Gesti\u00f3n Escolar. Familias, profesorado y equipo directivo empezaron a trabajar de forma m\u00e1s coordinada, reforzando la idea de que la educaci\u00f3n es una responsabilidad compartida.<\/p>\n\n\n\n<p>Con el apoyo del Servicio Jesuita a Refugiados (JRS) y Entreculturas, a trav\u00e9s de un proyecto financiado por ECHO, la escuela reforz\u00f3 su respuesta ante estos desaf\u00edos. <strong>El acompa\u00f1amiento a estudiantes en situaci\u00f3n de mayor vulnerabilidad<\/strong>, junto con una mayor coordinaci\u00f3n entre familias y escuela, <strong>ayud\u00f3 a que muchos alumnos y alumnas regresaran a las aulas<\/strong>.<\/p>\n\n\n\n<p>\u201cHubo un momento en el que volv\u00ed a ver c\u00f3mo aumentaba el n\u00famero de estudiantes\u201d, cuenta Fatuma.<\/p>\n\n\n\n<p>Al mismo tiempo, las familias que forman parte del Consejo de Gesti\u00f3n Escolar reforzaron su papel dentro de la vida escolar. A trav\u00e9s de formaciones y de su participaci\u00f3n en la toma de decisiones, comenzaron a i<strong>mplicarse m\u00e1s activamente en el acompa\u00f1amiento<\/strong> a la escuela y al alumnado.<\/p>\n\n\n\n<p>Esta <strong>colaboraci\u00f3n<\/strong> m\u00e1s estrecha ha fortalecido la relaci\u00f3n entre familias y profesorado,<strong> facilitando la detecci\u00f3n temprana de dificultades y el acompa\u00f1amiento a estudiantes en riesgo de abandono.<\/strong><\/p>\n\n\n\n<figure class=\"wp-block-image aligncenter size-large is-resized\"><img decoding=\"async\" width=\"1024\" height=\"446\" src=\"https:\/\/www.entreculturas.org\/wp-content\/uploads\/2026\/04\/imagenweb-1024x446.jpg\" alt=\"\" class=\"wp-image-47970\" style=\"width:726px;height:auto\" srcset=\"https:\/\/www.entreculturas.org\/wp-content\/uploads\/2026\/04\/imagenweb-1024x446.jpg 1024w, https:\/\/www.entreculturas.org\/wp-content\/uploads\/2026\/04\/imagenweb-300x131.jpg 300w, https:\/\/www.entreculturas.org\/wp-content\/uploads\/2026\/04\/imagenweb-768x334.jpg 768w, https:\/\/www.entreculturas.org\/wp-content\/uploads\/2026\/04\/imagenweb.jpg 1034w\" sizes=\"(max-width: 1024px) 100vw, 1024px\" \/><\/figure>\n\n\n\n<h2 class=\"wp-block-heading has--font-size\" id=\"h-la-educacion-como-esperanza-para-la-comunidad\"><strong>La educaci\u00f3n como esperanza para la comunidad<\/strong><\/h2>\n\n\n\n<p>El <strong>impacto<\/strong> de estos cambios es visible en toda la escuela. M\u00e1s estudiantes pueden permanecer en ella, y quienes hab\u00edan abandonado est\u00e1n regresando. Con familias m\u00e1s implicadas, el alumnado participa m\u00e1s y es m\u00e1s consciente de la importancia de la educaci\u00f3n.<\/p>\n\n\n\n<p>Pero m\u00e1s all\u00e1 de eso, hay una <strong>transformaci\u00f3n<\/strong> m\u00e1s profunda.<strong> Los estudiantes empiezan a ver la educaci\u00f3n como una oportunidad<\/strong>: una forma de imaginar un futuro m\u00e1s all\u00e1 de las limitaciones del campo.<\/p>\n\n\n\n<p><strong>En contextos de desplazamiento,<\/strong> este cambio va m\u00e1s all\u00e1 de lo individual. La <strong>educaci\u00f3n<\/strong> se convierte en una fuente de <strong>estabilidad<\/strong>, <strong>orientaci\u00f3n<\/strong> y <strong>esperanza<\/strong> para toda la comunidad.<\/p>\n\n\n\n<p>Para Fatuma, <strong>formar parte del liderazgo<\/strong> de la escuela <strong>significa contribuir a ese futuro colectivo<\/strong>: uno en el que ni\u00f1os y ni\u00f1as puedan aprender, crecer y construir nuevas oportunidades.<\/p>\n\n\n\n<p>A trav\u00e9s de nuestro trabajo en los campos de personas refugiadas de Kakuma y Dadaab, desde JRS y Entreculturas, con el apoyo de ECHO, <strong>seguimos acompa\u00f1ando a las comunidades<\/strong> para fortalecer las escuelas y <strong>hacer posible que ni\u00f1os, ni\u00f1as y j\u00f3venes contin\u00faen aprendiendo e imaginando su futuro.<\/strong><\/p>\n","protected":false},"excerpt":{"rendered":"<p>\u201cLa educaci\u00f3n abre la mente de nuestros hijos e hijas. Les da esperanza. Alg\u00fan d\u00eda podr\u00e1n salir adelante y sacarnos del campo de personas refugiadas.\u201d Fatuma Mberwa es madre de un estudiante de la escuela secundaria Greenlight, en el campo de Kakuma, en Kenia. Como muchas familias del campo, su principal preocupaci\u00f3n era sencilla: asegurarse de que su hijo pudiera seguir en la escuela a pesar de las dificultades del d\u00eda a d\u00eda. Pero, con el tiempo, empez\u00f3 a darse cuenta de algo m\u00e1s profundo. Cada vez m\u00e1s estudiantes abandonaban la escuela, y las familias de su entorno ten\u00edan dificultades para sostener la educaci\u00f3n de sus hijos e hijas. \u201cQuer\u00eda entender por qu\u00e9 estaba pasando esto\u201d, explica. \u201cPor eso decid\u00ed formar parte del Consejo de Gesti\u00f3n Escolar\u201d. Los retos a los que se enfrentan las familias En Kakuma, el acceso a la educaci\u00f3n est\u00e1 condicionado por el contexto de desplazamiento. [&hellip;]<\/p>\n","protected":false},"featured_media":47969,"template":"","meta":{"_acf_changed":false},"categories":[7],"tags":[289],"country":[679],"cause":[128],"class_list":["post-47967","noticia","type-noticia","status-publish","has-post-thumbnail","hentry","category-noticia","tag-educacion","country-kenia","cause-educacion"],"acf":[],"yoast_head":"<!-- This site is optimized with the Yoast SEO Premium plugin v21.6 (Yoast SEO v27.5) - https:\/\/yoast.com\/product\/yoast-seo-premium-wordpress\/ -->\n<title>Fatuma Mberwa: la educaci\u00f3n como esperanza para la comunidad - Entreculturas<\/title>\n<meta name=\"robots\" content=\"index, follow, max-snippet:-1, max-image-preview:large, max-video-preview:-1\" \/>\n<link rel=\"canonical\" href=\"https:\/\/www.entreculturas.org\/fr\/noticia\/fatuma-mberwa-la-educacion-como-esperanza-para-la-comunidad\/\" \/>\n<meta property=\"og:locale\" content=\"fr_FR\" \/>\n<meta property=\"og:type\" content=\"article\" \/>\n<meta property=\"og:title\" content=\"Fatuma Mberwa: la educaci\u00f3n como esperanza para la comunidad\" \/>\n<meta property=\"og:description\" content=\"\u201cLa educaci\u00f3n abre la mente de nuestros hijos e hijas. Les da esperanza. Alg\u00fan d\u00eda podr\u00e1n salir adelante y sacarnos del campo de personas refugiadas.\u201d Fatuma Mberwa es madre de un estudiante de la escuela secundaria Greenlight, en el campo de Kakuma, en Kenia. Como muchas familias del campo, su principal preocupaci\u00f3n era sencilla: asegurarse de que su hijo pudiera seguir en la escuela a pesar de las dificultades del d\u00eda a d\u00eda. Pero, con el tiempo, empez\u00f3 a darse cuenta de algo m\u00e1s profundo. Cada vez m\u00e1s estudiantes abandonaban la escuela, y las familias de su entorno ten\u00edan dificultades para sostener la educaci\u00f3n de sus hijos e hijas. \u201cQuer\u00eda entender por qu\u00e9 estaba pasando esto\u201d, explica. \u201cPor eso decid\u00ed formar parte del Consejo de Gesti\u00f3n Escolar\u201d. Los retos a los que se enfrentan las familias En Kakuma, el acceso a la educaci\u00f3n est\u00e1 condicionado por el contexto de desplazamiento. [&hellip;]\" \/>\n<meta property=\"og:url\" content=\"https:\/\/www.entreculturas.org\/fr\/noticia\/fatuma-mberwa-la-educacion-como-esperanza-para-la-comunidad\/\" \/>\n<meta property=\"og:site_name\" content=\"Entreculturas\" \/>\n<meta property=\"article:publisher\" content=\"https:\/\/www.facebook.com\/entreculturas\" \/>\n<meta property=\"article:modified_time\" content=\"2026-04-30T10:10:42+00:00\" \/>\n<meta property=\"og:image\" content=\"https:\/\/www.entreculturas.org\/wp-content\/uploads\/2026\/04\/bannerwebreal.jpg\" \/>\n\t<meta property=\"og:image:width\" content=\"2048\" \/>\n\t<meta property=\"og:image:height\" content=\"776\" \/>\n\t<meta property=\"og:image:type\" content=\"image\/jpeg\" \/>\n<meta name=\"twitter:card\" content=\"summary_large_image\" \/>\n<meta name=\"twitter:site\" content=\"@Entreculturas\" \/>\n<script type=\"application\/ld+json\" class=\"yoast-schema-graph\">{\"@context\":\"https:\\\/\\\/schema.org\",\"@graph\":[{\"@type\":\"WebPage\",\"@id\":\"https:\\\/\\\/www.entreculturas.org\\\/fr\\\/noticia\\\/fatuma-mberwa-la-educacion-como-esperanza-para-la-comunidad\\\/\",\"url\":\"https:\\\/\\\/www.entreculturas.org\\\/fr\\\/noticia\\\/fatuma-mberwa-la-educacion-como-esperanza-para-la-comunidad\\\/\",\"name\":\"Fatuma Mberwa: la educaci\u00f3n como esperanza para la comunidad - Entreculturas\",\"isPartOf\":{\"@id\":\"https:\\\/\\\/www.entreculturas.org\\\/fr\\\/#website\"},\"primaryImageOfPage\":{\"@id\":\"https:\\\/\\\/www.entreculturas.org\\\/fr\\\/noticia\\\/fatuma-mberwa-la-educacion-como-esperanza-para-la-comunidad\\\/#primaryimage\"},\"image\":{\"@id\":\"https:\\\/\\\/www.entreculturas.org\\\/fr\\\/noticia\\\/fatuma-mberwa-la-educacion-como-esperanza-para-la-comunidad\\\/#primaryimage\"},\"thumbnailUrl\":\"https:\\\/\\\/www.entreculturas.org\\\/wp-content\\\/uploads\\\/2026\\\/04\\\/bannerwebreal.jpg\",\"datePublished\":\"2026-04-30T10:10:38+00:00\",\"dateModified\":\"2026-04-30T10:10:42+00:00\",\"breadcrumb\":{\"@id\":\"https:\\\/\\\/www.entreculturas.org\\\/fr\\\/noticia\\\/fatuma-mberwa-la-educacion-como-esperanza-para-la-comunidad\\\/#breadcrumb\"},\"inLanguage\":\"fr-FR\",\"potentialAction\":[{\"@type\":\"ReadAction\",\"target\":[\"https:\\\/\\\/www.entreculturas.org\\\/fr\\\/noticia\\\/fatuma-mberwa-la-educacion-como-esperanza-para-la-comunidad\\\/\"]}]},{\"@type\":\"ImageObject\",\"inLanguage\":\"fr-FR\",\"@id\":\"https:\\\/\\\/www.entreculturas.org\\\/fr\\\/noticia\\\/fatuma-mberwa-la-educacion-como-esperanza-para-la-comunidad\\\/#primaryimage\",\"url\":\"https:\\\/\\\/www.entreculturas.org\\\/wp-content\\\/uploads\\\/2026\\\/04\\\/bannerwebreal.jpg\",\"contentUrl\":\"https:\\\/\\\/www.entreculturas.org\\\/wp-content\\\/uploads\\\/2026\\\/04\\\/bannerwebreal.jpg\",\"width\":2048,\"height\":776,\"caption\":\"Madre e hijo en Kenia\"},{\"@type\":\"BreadcrumbList\",\"@id\":\"https:\\\/\\\/www.entreculturas.org\\\/fr\\\/noticia\\\/fatuma-mberwa-la-educacion-como-esperanza-para-la-comunidad\\\/#breadcrumb\",\"itemListElement\":[{\"@type\":\"ListItem\",\"position\":1,\"name\":\"Home\",\"item\":\"https:\\\/\\\/www.entreculturas.org\\\/fr\\\/\"},{\"@type\":\"ListItem\",\"position\":2,\"name\":\"Noticias\",\"item\":\"https:\\\/\\\/www.entreculturas.org\\\/fr\\\/noticias\\\/\"},{\"@type\":\"ListItem\",\"position\":3,\"name\":\"Fatuma Mberwa: la educaci\u00f3n como esperanza para la comunidad\"}]},{\"@type\":\"WebSite\",\"@id\":\"https:\\\/\\\/www.entreculturas.org\\\/fr\\\/#website\",\"url\":\"https:\\\/\\\/www.entreculturas.org\\\/fr\\\/\",\"name\":\"Entreculturas\",\"description\":\"\",\"publisher\":{\"@id\":\"https:\\\/\\\/www.entreculturas.org\\\/fr\\\/#organization\"},\"alternateName\":\"Entreculturas\",\"potentialAction\":[{\"@type\":\"SearchAction\",\"target\":{\"@type\":\"EntryPoint\",\"urlTemplate\":\"https:\\\/\\\/www.entreculturas.org\\\/fr\\\/?s={search_term_string}\"},\"query-input\":{\"@type\":\"PropertyValueSpecification\",\"valueRequired\":true,\"valueName\":\"search_term_string\"}}],\"inLanguage\":\"fr-FR\"},{\"@type\":\"Organization\",\"@id\":\"https:\\\/\\\/www.entreculturas.org\\\/fr\\\/#organization\",\"name\":\"Entreculturas\",\"url\":\"https:\\\/\\\/www.entreculturas.org\\\/fr\\\/\",\"logo\":{\"@type\":\"ImageObject\",\"inLanguage\":\"fr-FR\",\"@id\":\"https:\\\/\\\/www.entreculturas.org\\\/fr\\\/#\\\/schema\\\/logo\\\/image\\\/\",\"url\":\"https:\\\/\\\/www.entreculturas.org\\\/wp-content\\\/uploads\\\/2025\\\/10\\\/ESP.svg\",\"contentUrl\":\"https:\\\/\\\/www.entreculturas.org\\\/wp-content\\\/uploads\\\/2025\\\/10\\\/ESP.svg\",\"caption\":\"Entreculturas\"},\"image\":{\"@id\":\"https:\\\/\\\/www.entreculturas.org\\\/fr\\\/#\\\/schema\\\/logo\\\/image\\\/\"},\"sameAs\":[\"https:\\\/\\\/www.facebook.com\\\/entreculturas\",\"https:\\\/\\\/x.com\\\/Entreculturas\",\"https:\\\/\\\/www.instagram.com\\\/entreculturas\\\/\",\"https:\\\/\\\/www.youtube.com\\\/user\\\/entreculturasvideo\",\"https:\\\/\\\/www.linkedin.com\\\/company\\\/fundacion-entreculturas-ngdo\\\/\",\"https:\\\/\\\/www.flickr.com\\\/photos\\\/98455522@N04\\\/albums\\\/\"]}]}<\/script>\n<!-- \/ Yoast SEO Premium plugin. -->","yoast_head_json":{"title":"Fatuma Mberwa: la educaci\u00f3n como esperanza para la comunidad - Entreculturas","robots":{"index":"index","follow":"follow","max-snippet":"max-snippet:-1","max-image-preview":"max-image-preview:large","max-video-preview":"max-video-preview:-1"},"canonical":"https:\/\/www.entreculturas.org\/fr\/noticia\/fatuma-mberwa-la-educacion-como-esperanza-para-la-comunidad\/","og_locale":"fr_FR","og_type":"article","og_title":"Fatuma Mberwa: la educaci\u00f3n como esperanza para la comunidad","og_description":"\u201cLa educaci\u00f3n abre la mente de nuestros hijos e hijas. Les da esperanza. Alg\u00fan d\u00eda podr\u00e1n salir adelante y sacarnos del campo de personas refugiadas.\u201d Fatuma Mberwa es madre de un estudiante de la escuela secundaria Greenlight, en el campo de Kakuma, en Kenia. Como muchas familias del campo, su principal preocupaci\u00f3n era sencilla: asegurarse de que su hijo pudiera seguir en la escuela a pesar de las dificultades del d\u00eda a d\u00eda. Pero, con el tiempo, empez\u00f3 a darse cuenta de algo m\u00e1s profundo. Cada vez m\u00e1s estudiantes abandonaban la escuela, y las familias de su entorno ten\u00edan dificultades para sostener la educaci\u00f3n de sus hijos e hijas. \u201cQuer\u00eda entender por qu\u00e9 estaba pasando esto\u201d, explica. \u201cPor eso decid\u00ed formar parte del Consejo de Gesti\u00f3n Escolar\u201d. Los retos a los que se enfrentan las familias En Kakuma, el acceso a la educaci\u00f3n est\u00e1 condicionado por el contexto de desplazamiento. [&hellip;]","og_url":"https:\/\/www.entreculturas.org\/fr\/noticia\/fatuma-mberwa-la-educacion-como-esperanza-para-la-comunidad\/","og_site_name":"Entreculturas","article_publisher":"https:\/\/www.facebook.com\/entreculturas","article_modified_time":"2026-04-30T10:10:42+00:00","og_image":[{"width":2048,"height":776,"url":"https:\/\/www.entreculturas.org\/wp-content\/uploads\/2026\/04\/bannerwebreal.jpg","type":"image\/jpeg"}],"twitter_card":"summary_large_image","twitter_site":"@Entreculturas","schema":{"@context":"https:\/\/schema.org","@graph":[{"@type":"WebPage","@id":"https:\/\/www.entreculturas.org\/fr\/noticia\/fatuma-mberwa-la-educacion-como-esperanza-para-la-comunidad\/","url":"https:\/\/www.entreculturas.org\/fr\/noticia\/fatuma-mberwa-la-educacion-como-esperanza-para-la-comunidad\/","name":"Fatuma Mberwa: la educaci\u00f3n como esperanza para la comunidad - Entreculturas","isPartOf":{"@id":"https:\/\/www.entreculturas.org\/fr\/#website"},"primaryImageOfPage":{"@id":"https:\/\/www.entreculturas.org\/fr\/noticia\/fatuma-mberwa-la-educacion-como-esperanza-para-la-comunidad\/#primaryimage"},"image":{"@id":"https:\/\/www.entreculturas.org\/fr\/noticia\/fatuma-mberwa-la-educacion-como-esperanza-para-la-comunidad\/#primaryimage"},"thumbnailUrl":"https:\/\/www.entreculturas.org\/wp-content\/uploads\/2026\/04\/bannerwebreal.jpg","datePublished":"2026-04-30T10:10:38+00:00","dateModified":"2026-04-30T10:10:42+00:00","breadcrumb":{"@id":"https:\/\/www.entreculturas.org\/fr\/noticia\/fatuma-mberwa-la-educacion-como-esperanza-para-la-comunidad\/#breadcrumb"},"inLanguage":"fr-FR","potentialAction":[{"@type":"ReadAction","target":["https:\/\/www.entreculturas.org\/fr\/noticia\/fatuma-mberwa-la-educacion-como-esperanza-para-la-comunidad\/"]}]},{"@type":"ImageObject","inLanguage":"fr-FR","@id":"https:\/\/www.entreculturas.org\/fr\/noticia\/fatuma-mberwa-la-educacion-como-esperanza-para-la-comunidad\/#primaryimage","url":"https:\/\/www.entreculturas.org\/wp-content\/uploads\/2026\/04\/bannerwebreal.jpg","contentUrl":"https:\/\/www.entreculturas.org\/wp-content\/uploads\/2026\/04\/bannerwebreal.jpg","width":2048,"height":776,"caption":"Madre e hijo en Kenia"},{"@type":"BreadcrumbList","@id":"https:\/\/www.entreculturas.org\/fr\/noticia\/fatuma-mberwa-la-educacion-como-esperanza-para-la-comunidad\/#breadcrumb","itemListElement":[{"@type":"ListItem","position":1,"name":"Home","item":"https:\/\/www.entreculturas.org\/fr\/"},{"@type":"ListItem","position":2,"name":"Noticias","item":"https:\/\/www.entreculturas.org\/fr\/noticias\/"},{"@type":"ListItem","position":3,"name":"Fatuma Mberwa: la educaci\u00f3n como esperanza para la comunidad"}]},{"@type":"WebSite","@id":"https:\/\/www.entreculturas.org\/fr\/#website","url":"https:\/\/www.entreculturas.org\/fr\/","name":"Entreculturas","description":"","publisher":{"@id":"https:\/\/www.entreculturas.org\/fr\/#organization"},"alternateName":"Entreculturas","potentialAction":[{"@type":"SearchAction","target":{"@type":"EntryPoint","urlTemplate":"https:\/\/www.entreculturas.org\/fr\/?s={search_term_string}"},"query-input":{"@type":"PropertyValueSpecification","valueRequired":true,"valueName":"search_term_string"}}],"inLanguage":"fr-FR"},{"@type":"Organization","@id":"https:\/\/www.entreculturas.org\/fr\/#organization","name":"Entreculturas","url":"https:\/\/www.entreculturas.org\/fr\/","logo":{"@type":"ImageObject","inLanguage":"fr-FR","@id":"https:\/\/www.entreculturas.org\/fr\/#\/schema\/logo\/image\/","url":"https:\/\/www.entreculturas.org\/wp-content\/uploads\/2025\/10\/ESP.svg","contentUrl":"https:\/\/www.entreculturas.org\/wp-content\/uploads\/2025\/10\/ESP.svg","caption":"Entreculturas"},"image":{"@id":"https:\/\/www.entreculturas.org\/fr\/#\/schema\/logo\/image\/"},"sameAs":["https:\/\/www.facebook.com\/entreculturas","https:\/\/x.com\/Entreculturas","https:\/\/www.instagram.com\/entreculturas\/","https:\/\/www.youtube.com\/user\/entreculturasvideo","https:\/\/www.linkedin.com\/company\/fundacion-entreculturas-ngdo\/","https:\/\/www.flickr.com\/photos\/98455522@N04\/albums\/"]}]}},"_links":{"self":[{"href":"https:\/\/www.entreculturas.org\/fr\/wp-json\/wp\/v2\/noticia\/47967","targetHints":{"allow":["GET"]}}],"collection":[{"href":"https:\/\/www.entreculturas.org\/fr\/wp-json\/wp\/v2\/noticia"}],"about":[{"href":"https:\/\/www.entreculturas.org\/fr\/wp-json\/wp\/v2\/types\/noticia"}],"wp:featuredmedia":[{"embeddable":true,"href":"https:\/\/www.entreculturas.org\/fr\/wp-json\/wp\/v2\/media\/47969"}],"wp:attachment":[{"href":"https:\/\/www.entreculturas.org\/fr\/wp-json\/wp\/v2\/media?parent=47967"}],"wp:term":[{"taxonomy":"category","embeddable":true,"href":"https:\/\/www.entreculturas.org\/fr\/wp-json\/wp\/v2\/categories?post=47967"},{"taxonomy":"post_tag","embeddable":true,"href":"https:\/\/www.entreculturas.org\/fr\/wp-json\/wp\/v2\/tags?post=47967"},{"taxonomy":"country","embeddable":true,"href":"https:\/\/www.entreculturas.org\/fr\/wp-json\/wp\/v2\/country?post=47967"},{"taxonomy":"cause","embeddable":true,"href":"https:\/\/www.entreculturas.org\/fr\/wp-json\/wp\/v2\/cause?post=47967"}],"curies":[{"name":"wp","href":"https:\/\/api.w.org\/{rel}","templated":true}]}}