{"id":47958,"date":"2026-04-30T10:51:42","date_gmt":"2026-04-30T08:51:42","guid":{"rendered":"https:\/\/www.entreculturas.org\/?post_type=noticia&#038;p=47958"},"modified":"2026-04-30T10:56:06","modified_gmt":"2026-04-30T08:56:06","slug":"same-movilizacion-educacion-digital-emergencias","status":"publish","type":"noticia","link":"https:\/\/www.entreculturas.org\/fr\/noticia\/same-movilizacion-educacion-digital-emergencias\/","title":{"rendered":"La comunidad educativa espa\u00f1ola se moviliza por la educaci\u00f3n digital en contextos de emergencia"},"content":{"rendered":"\n<p>La educaci\u00f3n atraviesa una situaci\u00f3n cr\u00edtica en m\u00faltiples territorios del mundo. <strong>Conflictos armados, crisis clim\u00e1ticas, desplazamientos forzosos y desigualdades econ\u00f3micas<\/strong> est\u00e1n interrumpiendo el acceso al aprendizaje de millones de ni\u00f1os, ni\u00f1as y j\u00f3venes. Seg\u00fan la Campa\u00f1a Mundial por la Educaci\u00f3n (CME), <strong>al menos<a href=\"https:\/\/www.educationcannotwait.org\/the-challenge\/\"> 234 millones de estudiantes <\/a>necesitan apoyo urgente<\/strong> para continuar su educaci\u00f3n en contextos de emergencia.<br><\/p>\n\n\n\n<p>Del 27 de abril al 3 de mayo se celebra una nueva edici\u00f3n de la <strong>Semana de Acci\u00f3n Mundial por la Educaci\u00f3n (SAME)<\/strong>, una movilizaci\u00f3n global presente en m\u00e1s de 120 pa\u00edses. Este a\u00f1o, la campa\u00f1a pone el foco en la <strong>educaci\u00f3n digital<\/strong> como herramienta clave para sostener el aprendizaje cuando otros sistemas fallan.<\/p>\n\n\n\n<h3 class=\"wp-block-heading\" id=\"h-espana-se-suma-a-una-movilizacion-global\">Espa\u00f1a se suma a una movilizaci\u00f3n global<\/h3>\n\n\n\n<p>En Espa\u00f1a, la SAME se impulsa a trav\u00e9s de la coalici\u00f3n estatal de la Campa\u00f1a Mundial por la Educaci\u00f3n \u2014integrada por Ayuda en Acci\u00f3n, Educo, Entreculturas, Madre Coraje y Plan International\u2014, con acciones en m\u00e1s de siete comunidades aut\u00f3nomas. Durante estos d\u00edas, alumnado, profesorado, organizaciones sociales y ciudadan\u00eda participan en encuentros, actividades y espacios de di\u00e1logo con responsables pol\u00edticos para trasladar una demanda clara: <strong>garantizar el derecho a la educaci\u00f3n en cualquier contexto, tambi\u00e9n en situaciones de emergencia<\/strong>.<\/p>\n\n\n\n<h3 class=\"wp-block-heading\" id=\"h-educacion-digital-para-sostener-el-aprendizaje\">Educaci\u00f3n digital para sostener el aprendizaje<\/h3>\n\n\n\n<p>Cuando se produce una crisis, la educaci\u00f3n es uno de los derechos que antes se ve interrumpido. Sin embargo, tambi\u00e9n es una herramienta clave para sostener el bienestar, la protecci\u00f3n y las oportunidades de futuro de ni\u00f1os, ni\u00f1as y j\u00f3venes. La <strong>educaci\u00f3n digital<\/strong> ha demostrado ser una herramienta relevante para dar continuidad al aprendizaje. Pero su impacto depende de que existan condiciones adecuadas.<\/p>\n\n\n\n<blockquote class=\"wp-block-quote is-layout-flow wp-block-quote-is-layout-flow\">\n<p>\u201cNo podemos hablar de educaci\u00f3n sin hablar de digitalizaci\u00f3n, pero tampoco podemos permitir que esa digitalizaci\u00f3n ampl\u00ede las desigualdades existentes. Garantizar el derecho a la educaci\u00f3n hoy pasa por asegurar que todos los ni\u00f1os y ni\u00f1as, vivan donde vivan, tengan acceso a herramientas digitales, conectividad y acompa\u00f1amiento educativo, especialmente en contextos de emergencia\u201d, se\u00f1ala Mariluz Aparicio, coordinadora de la CME en Espa\u00f1a.<\/p>\n<\/blockquote>\n\n\n\n<p>Actualmente, <strong>una <a href=\"https:\/\/www.itu.int\/en\/ITU-D\/Statistics\/Pages\/facts\/default.aspx\">parte significativa de la poblaci\u00f3n mundial sigue sin acceso a internet<\/a><\/strong>, lo que limita el acceso a oportunidades educativas. En pa\u00edses de ingresos bajos, <strong><a href=\"https:\/\/www.unicef.org\/reports\/girls-education-and-digital-divide\">9 de cada 10 ni\u00f1as y mujeres j\u00f3venes<\/a> no tienen acceso a internet<\/strong>, lo que evidencia desigualdades estructurales en el acceso a la educaci\u00f3n digital. Experiencias recientes en pa\u00edses como Pakist\u00e1n, Ucrania o L\u00edbano muestran que la tecnolog\u00eda, por s\u00ed sola, no es suficiente: <strong>sin conectividad, energ\u00eda estable, formaci\u00f3n docente y contenidos adecuados<\/strong>, el derecho a la educaci\u00f3n sigue sin garantizarse.<\/p>\n\n\n\n<p>A pesar de su relevancia, la educaci\u00f3n en emergencias recibe <strong>menos del<\/strong><a href=\"https:\/\/www.educationcannotwait.org\/the-challenge\/\"><strong> 3% de la financiaci\u00f3n humanitaria global<\/strong>.<\/a> Esta falta de inversi\u00f3n, junto con los recortes en cooperaci\u00f3n internacional, amenaza con ampliar las desigualdades educativas. Adem\u00e1s, el peso de la deuda externa en muchos pa\u00edses condiciona la inversi\u00f3n p\u00fablica en educaci\u00f3n.<\/p>\n\n\n\n<h3 class=\"wp-block-heading\" id=\"h-una-movilizacion-global-por-el-derecho-a-la-educacion\">Una movilizaci\u00f3n global por el derecho a la educaci\u00f3n<\/h3>\n\n\n\n<p>A lo largo de la semana, miles de personas participar\u00e1n en talleres, acciones p\u00fablicas y encuentros institucionales para defender que la educaci\u00f3n \u2014tambi\u00e9n en su dimensi\u00f3n digital\u2014 <strong>debe estar garantizada para todas las personas, en cualquier contexto<\/strong>.<\/p>\n\n\n\n<p>La SAME forma parte del trabajo de la Campa\u00f1a Mundial por la Educaci\u00f3n, una coalici\u00f3n internacional de organizaciones sociales, sindicatos educativos y movimientos ciudadanos que impulsan el cumplimiento del derecho a una educaci\u00f3n de calidad en todo el mundo.<\/p>\n\n\n\n<p>En el marco de la SAME 2026, la Campa\u00f1a Mundial por la Educaci\u00f3n insta a las administraciones p\u00fablicas a:<\/p>\n\n\n\n<ul class=\"wp-block-list\">\n<li><strong>Garantizar financiaci\u00f3n sostenida<\/strong> para la educaci\u00f3n en contextos de emergencia.<\/li>\n\n\n\n<li><strong>Reforzar la preparaci\u00f3n<\/strong> de centros educativos y profesorado ante situaciones de crisis.<\/li>\n\n\n\n<li><strong>Asegurar el acceso universal a la conectividad<\/strong>, en l\u00ednea con la Carta de Derechos Digitales.<\/li>\n<\/ul>\n","protected":false},"excerpt":{"rendered":"<p>La educaci\u00f3n atraviesa una situaci\u00f3n cr\u00edtica en m\u00faltiples territorios del mundo. Conflictos armados, crisis clim\u00e1ticas, desplazamientos forzosos y desigualdades econ\u00f3micas est\u00e1n interrumpiendo el acceso al aprendizaje de millones de ni\u00f1os, ni\u00f1as y j\u00f3venes. Seg\u00fan la Campa\u00f1a Mundial por la Educaci\u00f3n (CME), al menos 234 millones de estudiantes necesitan apoyo urgente para continuar su educaci\u00f3n en contextos de emergencia. Del 27 de abril al 3 de mayo se celebra una nueva edici\u00f3n de la Semana de Acci\u00f3n Mundial por la Educaci\u00f3n (SAME), una movilizaci\u00f3n global presente en m\u00e1s de 120 pa\u00edses. Este a\u00f1o, la campa\u00f1a pone el foco en la educaci\u00f3n digital como herramienta clave para sostener el aprendizaje cuando otros sistemas fallan. Espa\u00f1a se suma a una movilizaci\u00f3n global En Espa\u00f1a, la SAME se impulsa a trav\u00e9s de la coalici\u00f3n estatal de la Campa\u00f1a Mundial por la Educaci\u00f3n \u2014integrada por Ayuda en Acci\u00f3n, Educo, Entreculturas, Madre Coraje y Plan International\u2014, [&hellip;]<\/p>\n","protected":false},"featured_media":47961,"template":"","meta":{"_acf_changed":false},"categories":[7],"tags":[8],"country":[120],"cause":[132],"class_list":["post-47958","noticia","type-noticia","status-publish","has-post-thumbnail","hentry","category-noticia","tag-participacion-y-ciudadania-global","country-espana","cause-participacion-y-ciudadania-global"],"acf":[],"yoast_head":"<!-- This site is optimized with the Yoast SEO Premium plugin v21.6 (Yoast SEO v27.5) - https:\/\/yoast.com\/product\/yoast-seo-premium-wordpress\/ -->\n<title>Movilizaci\u00f3n por la educaci\u00f3n digital en contextos de emergencias<\/title>\n<meta name=\"description\" content=\"La SAME moviliza a m\u00e1s de 120 pa\u00edses para defender la educaci\u00f3n digital en contextos de crisis, entre ellos Espa\u00f1a, de la que formamos parte.\" \/>\n<meta name=\"robots\" content=\"index, follow, max-snippet:-1, max-image-preview:large, max-video-preview:-1\" \/>\n<link rel=\"canonical\" href=\"https:\/\/www.entreculturas.org\/fr\/noticia\/same-movilizacion-educacion-digital-emergencias\/\" \/>\n<meta property=\"og:locale\" content=\"fr_FR\" \/>\n<meta property=\"og:type\" content=\"article\" \/>\n<meta property=\"og:title\" content=\"La comunidad educativa espa\u00f1ola se moviliza por la educaci\u00f3n digital en contextos de emergencia\" \/>\n<meta property=\"og:description\" content=\"La SAME moviliza a m\u00e1s de 120 pa\u00edses para defender la educaci\u00f3n digital en contextos de crisis, entre ellos Espa\u00f1a, de la que formamos parte.\" \/>\n<meta property=\"og:url\" content=\"https:\/\/www.entreculturas.org\/fr\/noticia\/same-movilizacion-educacion-digital-emergencias\/\" \/>\n<meta property=\"og:site_name\" content=\"Entreculturas\" \/>\n<meta property=\"article:publisher\" content=\"https:\/\/www.facebook.com\/entreculturas\" \/>\n<meta property=\"article:modified_time\" content=\"2026-04-30T08:56:06+00:00\" \/>\n<meta property=\"og:image\" content=\"https:\/\/www.entreculturas.org\/wp-content\/uploads\/2026\/04\/Slider-web-1240x580-final-2048x958-1.jpg\" \/>\n\t<meta property=\"og:image:width\" content=\"2048\" \/>\n\t<meta property=\"og:image:height\" content=\"958\" \/>\n\t<meta property=\"og:image:type\" content=\"image\/jpeg\" \/>\n<meta name=\"twitter:card\" content=\"summary_large_image\" \/>\n<meta name=\"twitter:site\" content=\"@Entreculturas\" \/>\n<script type=\"application\/ld+json\" class=\"yoast-schema-graph\">{\"@context\":\"https:\\\/\\\/schema.org\",\"@graph\":[{\"@type\":\"WebPage\",\"@id\":\"https:\\\/\\\/www.entreculturas.org\\\/fr\\\/noticia\\\/same-movilizacion-educacion-digital-emergencias\\\/\",\"url\":\"https:\\\/\\\/www.entreculturas.org\\\/fr\\\/noticia\\\/same-movilizacion-educacion-digital-emergencias\\\/\",\"name\":\"Movilizaci\u00f3n por la educaci\u00f3n digital en contextos de emergencias\",\"isPartOf\":{\"@id\":\"https:\\\/\\\/www.entreculturas.org\\\/fr\\\/#website\"},\"primaryImageOfPage\":{\"@id\":\"https:\\\/\\\/www.entreculturas.org\\\/fr\\\/noticia\\\/same-movilizacion-educacion-digital-emergencias\\\/#primaryimage\"},\"image\":{\"@id\":\"https:\\\/\\\/www.entreculturas.org\\\/fr\\\/noticia\\\/same-movilizacion-educacion-digital-emergencias\\\/#primaryimage\"},\"thumbnailUrl\":\"https:\\\/\\\/www.entreculturas.org\\\/wp-content\\\/uploads\\\/2026\\\/04\\\/Slider-web-1240x580-final-2048x958-1.jpg\",\"datePublished\":\"2026-04-30T08:51:42+00:00\",\"dateModified\":\"2026-04-30T08:56:06+00:00\",\"description\":\"La SAME moviliza a m\u00e1s de 120 pa\u00edses para defender la educaci\u00f3n digital en contextos de crisis, entre ellos Espa\u00f1a, de la que formamos parte.\",\"breadcrumb\":{\"@id\":\"https:\\\/\\\/www.entreculturas.org\\\/fr\\\/noticia\\\/same-movilizacion-educacion-digital-emergencias\\\/#breadcrumb\"},\"inLanguage\":\"fr-FR\",\"potentialAction\":[{\"@type\":\"ReadAction\",\"target\":[\"https:\\\/\\\/www.entreculturas.org\\\/fr\\\/noticia\\\/same-movilizacion-educacion-digital-emergencias\\\/\"]}]},{\"@type\":\"ImageObject\",\"inLanguage\":\"fr-FR\",\"@id\":\"https:\\\/\\\/www.entreculturas.org\\\/fr\\\/noticia\\\/same-movilizacion-educacion-digital-emergencias\\\/#primaryimage\",\"url\":\"https:\\\/\\\/www.entreculturas.org\\\/wp-content\\\/uploads\\\/2026\\\/04\\\/Slider-web-1240x580-final-2048x958-1.jpg\",\"contentUrl\":\"https:\\\/\\\/www.entreculturas.org\\\/wp-content\\\/uploads\\\/2026\\\/04\\\/Slider-web-1240x580-final-2048x958-1.jpg\",\"width\":2048,\"height\":958,\"caption\":\"SAME 2026\"},{\"@type\":\"BreadcrumbList\",\"@id\":\"https:\\\/\\\/www.entreculturas.org\\\/fr\\\/noticia\\\/same-movilizacion-educacion-digital-emergencias\\\/#breadcrumb\",\"itemListElement\":[{\"@type\":\"ListItem\",\"position\":1,\"name\":\"Home\",\"item\":\"https:\\\/\\\/www.entreculturas.org\\\/fr\\\/\"},{\"@type\":\"ListItem\",\"position\":2,\"name\":\"Noticias\",\"item\":\"https:\\\/\\\/www.entreculturas.org\\\/fr\\\/noticias\\\/\"},{\"@type\":\"ListItem\",\"position\":3,\"name\":\"La comunidad educativa espa\u00f1ola se moviliza por la educaci\u00f3n digital en contextos de emergencia\"}]},{\"@type\":\"WebSite\",\"@id\":\"https:\\\/\\\/www.entreculturas.org\\\/fr\\\/#website\",\"url\":\"https:\\\/\\\/www.entreculturas.org\\\/fr\\\/\",\"name\":\"Entreculturas\",\"description\":\"\",\"publisher\":{\"@id\":\"https:\\\/\\\/www.entreculturas.org\\\/fr\\\/#organization\"},\"alternateName\":\"Entreculturas\",\"potentialAction\":[{\"@type\":\"SearchAction\",\"target\":{\"@type\":\"EntryPoint\",\"urlTemplate\":\"https:\\\/\\\/www.entreculturas.org\\\/fr\\\/?s={search_term_string}\"},\"query-input\":{\"@type\":\"PropertyValueSpecification\",\"valueRequired\":true,\"valueName\":\"search_term_string\"}}],\"inLanguage\":\"fr-FR\"},{\"@type\":\"Organization\",\"@id\":\"https:\\\/\\\/www.entreculturas.org\\\/fr\\\/#organization\",\"name\":\"Entreculturas\",\"url\":\"https:\\\/\\\/www.entreculturas.org\\\/fr\\\/\",\"logo\":{\"@type\":\"ImageObject\",\"inLanguage\":\"fr-FR\",\"@id\":\"https:\\\/\\\/www.entreculturas.org\\\/fr\\\/#\\\/schema\\\/logo\\\/image\\\/\",\"url\":\"https:\\\/\\\/www.entreculturas.org\\\/wp-content\\\/uploads\\\/2025\\\/10\\\/ESP.svg\",\"contentUrl\":\"https:\\\/\\\/www.entreculturas.org\\\/wp-content\\\/uploads\\\/2025\\\/10\\\/ESP.svg\",\"caption\":\"Entreculturas\"},\"image\":{\"@id\":\"https:\\\/\\\/www.entreculturas.org\\\/fr\\\/#\\\/schema\\\/logo\\\/image\\\/\"},\"sameAs\":[\"https:\\\/\\\/www.facebook.com\\\/entreculturas\",\"https:\\\/\\\/x.com\\\/Entreculturas\",\"https:\\\/\\\/www.instagram.com\\\/entreculturas\\\/\",\"https:\\\/\\\/www.youtube.com\\\/user\\\/entreculturasvideo\",\"https:\\\/\\\/www.linkedin.com\\\/company\\\/fundacion-entreculturas-ngdo\\\/\",\"https:\\\/\\\/www.flickr.com\\\/photos\\\/98455522@N04\\\/albums\\\/\"]}]}<\/script>\n<!-- \/ Yoast SEO Premium plugin. -->","yoast_head_json":{"title":"Movilizaci\u00f3n por la educaci\u00f3n digital en contextos de emergencias","description":"La SAME moviliza a m\u00e1s de 120 pa\u00edses para defender la educaci\u00f3n digital en contextos de crisis, entre ellos Espa\u00f1a, de la que formamos parte.","robots":{"index":"index","follow":"follow","max-snippet":"max-snippet:-1","max-image-preview":"max-image-preview:large","max-video-preview":"max-video-preview:-1"},"canonical":"https:\/\/www.entreculturas.org\/fr\/noticia\/same-movilizacion-educacion-digital-emergencias\/","og_locale":"fr_FR","og_type":"article","og_title":"La comunidad educativa espa\u00f1ola se moviliza por la educaci\u00f3n digital en contextos de emergencia","og_description":"La SAME moviliza a m\u00e1s de 120 pa\u00edses para defender la educaci\u00f3n digital en contextos de crisis, entre ellos Espa\u00f1a, de la que formamos parte.","og_url":"https:\/\/www.entreculturas.org\/fr\/noticia\/same-movilizacion-educacion-digital-emergencias\/","og_site_name":"Entreculturas","article_publisher":"https:\/\/www.facebook.com\/entreculturas","article_modified_time":"2026-04-30T08:56:06+00:00","og_image":[{"width":2048,"height":958,"url":"https:\/\/www.entreculturas.org\/wp-content\/uploads\/2026\/04\/Slider-web-1240x580-final-2048x958-1.jpg","type":"image\/jpeg"}],"twitter_card":"summary_large_image","twitter_site":"@Entreculturas","schema":{"@context":"https:\/\/schema.org","@graph":[{"@type":"WebPage","@id":"https:\/\/www.entreculturas.org\/fr\/noticia\/same-movilizacion-educacion-digital-emergencias\/","url":"https:\/\/www.entreculturas.org\/fr\/noticia\/same-movilizacion-educacion-digital-emergencias\/","name":"Movilizaci\u00f3n por la educaci\u00f3n digital en contextos de emergencias","isPartOf":{"@id":"https:\/\/www.entreculturas.org\/fr\/#website"},"primaryImageOfPage":{"@id":"https:\/\/www.entreculturas.org\/fr\/noticia\/same-movilizacion-educacion-digital-emergencias\/#primaryimage"},"image":{"@id":"https:\/\/www.entreculturas.org\/fr\/noticia\/same-movilizacion-educacion-digital-emergencias\/#primaryimage"},"thumbnailUrl":"https:\/\/www.entreculturas.org\/wp-content\/uploads\/2026\/04\/Slider-web-1240x580-final-2048x958-1.jpg","datePublished":"2026-04-30T08:51:42+00:00","dateModified":"2026-04-30T08:56:06+00:00","description":"La SAME moviliza a m\u00e1s de 120 pa\u00edses para defender la educaci\u00f3n digital en contextos de crisis, entre ellos Espa\u00f1a, de la que formamos parte.","breadcrumb":{"@id":"https:\/\/www.entreculturas.org\/fr\/noticia\/same-movilizacion-educacion-digital-emergencias\/#breadcrumb"},"inLanguage":"fr-FR","potentialAction":[{"@type":"ReadAction","target":["https:\/\/www.entreculturas.org\/fr\/noticia\/same-movilizacion-educacion-digital-emergencias\/"]}]},{"@type":"ImageObject","inLanguage":"fr-FR","@id":"https:\/\/www.entreculturas.org\/fr\/noticia\/same-movilizacion-educacion-digital-emergencias\/#primaryimage","url":"https:\/\/www.entreculturas.org\/wp-content\/uploads\/2026\/04\/Slider-web-1240x580-final-2048x958-1.jpg","contentUrl":"https:\/\/www.entreculturas.org\/wp-content\/uploads\/2026\/04\/Slider-web-1240x580-final-2048x958-1.jpg","width":2048,"height":958,"caption":"SAME 2026"},{"@type":"BreadcrumbList","@id":"https:\/\/www.entreculturas.org\/fr\/noticia\/same-movilizacion-educacion-digital-emergencias\/#breadcrumb","itemListElement":[{"@type":"ListItem","position":1,"name":"Home","item":"https:\/\/www.entreculturas.org\/fr\/"},{"@type":"ListItem","position":2,"name":"Noticias","item":"https:\/\/www.entreculturas.org\/fr\/noticias\/"},{"@type":"ListItem","position":3,"name":"La comunidad educativa espa\u00f1ola se moviliza por la educaci\u00f3n digital en contextos de emergencia"}]},{"@type":"WebSite","@id":"https:\/\/www.entreculturas.org\/fr\/#website","url":"https:\/\/www.entreculturas.org\/fr\/","name":"Entreculturas","description":"","publisher":{"@id":"https:\/\/www.entreculturas.org\/fr\/#organization"},"alternateName":"Entreculturas","potentialAction":[{"@type":"SearchAction","target":{"@type":"EntryPoint","urlTemplate":"https:\/\/www.entreculturas.org\/fr\/?s={search_term_string}"},"query-input":{"@type":"PropertyValueSpecification","valueRequired":true,"valueName":"search_term_string"}}],"inLanguage":"fr-FR"},{"@type":"Organization","@id":"https:\/\/www.entreculturas.org\/fr\/#organization","name":"Entreculturas","url":"https:\/\/www.entreculturas.org\/fr\/","logo":{"@type":"ImageObject","inLanguage":"fr-FR","@id":"https:\/\/www.entreculturas.org\/fr\/#\/schema\/logo\/image\/","url":"https:\/\/www.entreculturas.org\/wp-content\/uploads\/2025\/10\/ESP.svg","contentUrl":"https:\/\/www.entreculturas.org\/wp-content\/uploads\/2025\/10\/ESP.svg","caption":"Entreculturas"},"image":{"@id":"https:\/\/www.entreculturas.org\/fr\/#\/schema\/logo\/image\/"},"sameAs":["https:\/\/www.facebook.com\/entreculturas","https:\/\/x.com\/Entreculturas","https:\/\/www.instagram.com\/entreculturas\/","https:\/\/www.youtube.com\/user\/entreculturasvideo","https:\/\/www.linkedin.com\/company\/fundacion-entreculturas-ngdo\/","https:\/\/www.flickr.com\/photos\/98455522@N04\/albums\/"]}]}},"_links":{"self":[{"href":"https:\/\/www.entreculturas.org\/fr\/wp-json\/wp\/v2\/noticia\/47958","targetHints":{"allow":["GET"]}}],"collection":[{"href":"https:\/\/www.entreculturas.org\/fr\/wp-json\/wp\/v2\/noticia"}],"about":[{"href":"https:\/\/www.entreculturas.org\/fr\/wp-json\/wp\/v2\/types\/noticia"}],"wp:featuredmedia":[{"embeddable":true,"href":"https:\/\/www.entreculturas.org\/fr\/wp-json\/wp\/v2\/media\/47961"}],"wp:attachment":[{"href":"https:\/\/www.entreculturas.org\/fr\/wp-json\/wp\/v2\/media?parent=47958"}],"wp:term":[{"taxonomy":"category","embeddable":true,"href":"https:\/\/www.entreculturas.org\/fr\/wp-json\/wp\/v2\/categories?post=47958"},{"taxonomy":"post_tag","embeddable":true,"href":"https:\/\/www.entreculturas.org\/fr\/wp-json\/wp\/v2\/tags?post=47958"},{"taxonomy":"country","embeddable":true,"href":"https:\/\/www.entreculturas.org\/fr\/wp-json\/wp\/v2\/country?post=47958"},{"taxonomy":"cause","embeddable":true,"href":"https:\/\/www.entreculturas.org\/fr\/wp-json\/wp\/v2\/cause?post=47958"}],"curies":[{"name":"wp","href":"https:\/\/api.w.org\/{rel}","templated":true}]}}