{"id":4674,"date":"2020-05-26T07:36:18","date_gmt":"2020-05-26T07:36:18","guid":{"rendered":"https:\/\/entreculturasi.wpenginepowered.com\/?noticias=jrs-y-entreculturas-pedimos-los-donantes-que-prioricen-las-necesidades-basicas-y-los"},"modified":"2024-03-14T14:52:46","modified_gmt":"2024-03-14T13:52:46","slug":"jrs-y-entreculturas-pedimos-los-donantes-que-prioricen-las-necesidades-basicas-y-los","status":"publish","type":"noticia","link":"https:\/\/www.entreculturas.org\/fr\/noticia\/jrs-y-entreculturas-pedimos-los-donantes-que-prioricen-las-necesidades-basicas-y-los\/","title":{"rendered":"JRS y Entreculturas pedimos a los donantes que prioricen las necesidades b\u00e1sicas y los derechos humanos de las personas refugiadas y migrantes de Venezuela"},"content":{"rendered":"<p>Ante <a href=\"https:\/\/eeas.europa.eu\/headquarters\/headquarters-homepage\/79809\/convocatoria-de-prensa-conferencia-internacional-de-donantes-en-solidaridad-con-los-refugiados_es\">la Conferencia Internacional de Donantes en solidaridad con las personas refugiadas y migrantes venezolanas<\/a> en los pa\u00edses de Am\u00e9rica Latina (que se celebra hoy,&nbsp;26 de mayo), desde <strong>el Servicio Jesuita a Refugiados (JRS) y Entreculturas hacemos un llamamiento a los donantes a priorizar la financiaci\u00f3n y la acci\u00f3n pol\u00edtica dirigida a satisfacer las necesidades b\u00e1sicas y los derechos humanos de las personas desplazadas por la crisis en Venezuela.<\/strong><br \/>&nbsp;<br \/>La pandemia de COVID-19 ha agravado la crisis humanitaria que enfrentan los refugiados y migrantes venezolanos, que enfrentan una mayor vulnerabilidad y tienen menos garant\u00edas de acceso a los derechos. La falta de protecci\u00f3n disponible en los pa\u00edses de acogida se ha vuelto m\u00e1s evidente a medida que miles de personas refugiadas y migrantes han tenido que regresar a Venezuela, dada la p\u00e9rdida de oportunidades de generaci\u00f3n de ingresos y vivienda para muchas de ellas.<br \/>&nbsp;<br \/><strong>Las personas&nbsp; migrantes y refugiadas venezolanas est\u00e1n expuestas a mayores riesgos por la propagaci\u00f3n de la pandemia,<\/strong> tanto las que permanecen en las comunidades de acogida como las que han regresado a Venezuela. Carecen de acceso a viviendas seguras o adecuadas, agua potable y materiales de higiene. Adem\u00e1s, se enfrentan a una inseguridad alimentaria severa, especialmente entre las ni\u00f1as, los ni\u00f1os y las madres embarazadas, que presentan tasas m\u00e1s altas de desnutrici\u00f3n. Hay una falta generalizada de acceso a los servicios de salud, as\u00ed como de&nbsp; informaci\u00f3n precisa sobre c\u00f3mo enfrentarse a la pandemia de COVID-19.<\/p>\n<p>&nbsp;<\/p>\n<p><strong>Los ni\u00f1os, ni\u00f1as y adolescentes representan uno de los grupos m\u00e1s vulnerables<\/strong>, especialmente en t\u00e9rminos de dificultad para acceder a la educaci\u00f3n. <strong>Una gran cantidad de menores&nbsp; venezolanos han tenido que abandonar la escuela antes de la pandemia, <\/strong>debido a la escasez de maestros, material escolar y cierre de escuelas. Asimismo, su acceso al juego, esparcimiento, cuidado y protecci\u00f3n es limitado. <strong>Las familias venezolanas viven con una sensaci\u00f3n constante de estr\u00e9s y ansiedad debido a la falta de recursos para satisfacer sus necesidades b\u00e1sicas, <\/strong>lo que repercute en la salud mental y favorece comportamientos de aislamiento, agresividad y violencia.<br \/>&nbsp;<br \/>En las \u00faltimas semanas esta situaci\u00f3n ha empeorado aceleradamente. <strong>Decenas de autobuses llegan diariamente a las ciudades fronterizas de Colombia repletas de gente con la esperanza de llegar a su pa\u00eds. Las autoridades venezolanas restringen la entrada dejando a la mayor\u00eda de estas personas, en gran proporci\u00f3n mujeres y ni\u00f1os, esperando durante d\u00edas a la intemperie, en espacios p\u00fablicos, sin la atenci\u00f3n debida y expuestos al contagio y otros riesgos, incrementados con el estigma de ser portadores del virus. <\/strong>Temerosas de ser confinados en Venezuela, en centros donde las organizaciones comunitarias no tienen acceso, muchos se ven forzados a llegar al pa\u00eds por pasos ilegales, llamados trochas, controladas por grupos al margen de la legalidad. Una vez en Venezuela, los retornados se enfrentan al rechazo de las comunidades debido al creciente temor de contagio asociado a la presencia de personas reci\u00e9n llegadas en el contexto de pandemia mundial.<br \/>&nbsp;<br \/>Debemos considerar las necesidades de las personas venezolanas que viven en los pa\u00edses de acogida, en las comunidades fronterizas y las que permanecen en Venezuela o han regresado recientemente. <strong>Alentamos a donantes e instituciones internacionales a identificar oportunidades para satisfacer&nbsp; estas&nbsp; necesidades, que incluyen&nbsp; el acceso al agua potable, alimentos, servicios de salud y educaci\u00f3n.<\/strong><br \/>&nbsp;<br \/>Desde JRS y&nbsp; Entreculturas agradecemos a la Uni\u00f3n Europea, al Gobierno de Espa\u00f1a, a la Agencia de la ONU para los Refugiados y a la Organizaci\u00f3n Internacional para las Migraciones sus esfuerzos en la coordinaci\u00f3n de este importante evento. Tanto la sociedad civil como la poblaci\u00f3n refugiada y migrante afectada deben ser incluidas en la planificaci\u00f3n de la conferencia, en el evento mismo y en el seguimiento de sus resultados. Es fundamental que se establezcan oportunidades para la coordinaci\u00f3n y comunicaci\u00f3n entre las comunidades afectadas, donantes, gobiernos anfitriones y organizaciones encargadas de la ejecuci\u00f3n.<\/p>\n","protected":false},"excerpt":{"rendered":"<p>Ante la Conferencia Internacional de Donantes en solidaridad con las personas refugiadas y migrantes venezolanas en los pa\u00edses de Am\u00e9rica Latina, hacemos un llamamiento a los donantes a priorizar la financiaci\u00f3n y la acci\u00f3n pol\u00edtica dirigida a satisfacer las necesidades b\u00e1sicas y los derechos humanos de las personas desplazadas por la crisis en Venezuela.<\/p>\n","protected":false},"featured_media":4672,"template":"single-noticia","meta":{"_acf_changed":false},"categories":[7],"tags":[10],"country":[127],"cause":[129],"class_list":["post-4674","noticia","type-noticia","status-publish","has-post-thumbnail","hentry","category-noticia","tag-migracion-y-refugio","country-venezuela","cause-migracion-y-refugio"],"acf":[],"yoast_head":"<!-- This site is optimized with the Yoast SEO Premium plugin v21.6 (Yoast SEO v27.5) - https:\/\/yoast.com\/product\/yoast-seo-premium-wordpress\/ -->\n<title>JRS y Entreculturas pedimos a los donantes que prioricen las necesidades b\u00e1sicas y los derechos humanos de las personas refugiadas y migrantes de Venezuela - Entreculturas<\/title>\n<meta name=\"robots\" content=\"index, follow, max-snippet:-1, max-image-preview:large, max-video-preview:-1\" \/>\n<link rel=\"canonical\" href=\"https:\/\/www.entreculturas.org\/fr\/noticia\/jrs-y-entreculturas-pedimos-los-donantes-que-prioricen-las-necesidades-basicas-y-los\/\" \/>\n<meta property=\"og:locale\" content=\"fr_FR\" \/>\n<meta property=\"og:type\" content=\"article\" \/>\n<meta property=\"og:title\" content=\"JRS y Entreculturas pedimos a los donantes que prioricen las necesidades b\u00e1sicas y los derechos humanos de las personas refugiadas y migrantes de Venezuela\" \/>\n<meta property=\"og:description\" content=\"Ante la Conferencia Internacional de Donantes en solidaridad con las personas refugiadas y migrantes venezolanas en los pa\u00edses de Am\u00e9rica Latina, hacemos un llamamiento a los donantes a priorizar la financiaci\u00f3n y la acci\u00f3n pol\u00edtica dirigida a satisfacer las necesidades b\u00e1sicas y los derechos humanos de las personas desplazadas por la crisis en Venezuela.\" \/>\n<meta property=\"og:url\" content=\"https:\/\/www.entreculturas.org\/fr\/noticia\/jrs-y-entreculturas-pedimos-los-donantes-que-prioricen-las-necesidades-basicas-y-los\/\" \/>\n<meta property=\"og:site_name\" content=\"Entreculturas\" \/>\n<meta property=\"article:publisher\" content=\"https:\/\/www.facebook.com\/entreculturas\" \/>\n<meta property=\"article:modified_time\" content=\"2024-03-14T13:52:46+00:00\" \/>\n<meta property=\"og:image\" content=\"https:\/\/www.entreculturas.org\/wp-content\/uploads\/2020\/05\/img_3534_web_0.jpg\" \/>\n\t<meta property=\"og:image:width\" content=\"800\" \/>\n\t<meta property=\"og:image:height\" content=\"534\" \/>\n\t<meta property=\"og:image:type\" content=\"image\/jpeg\" \/>\n<meta name=\"twitter:card\" content=\"summary_large_image\" \/>\n<meta name=\"twitter:site\" content=\"@Entreculturas\" \/>\n<script type=\"application\/ld+json\" class=\"yoast-schema-graph\">{\"@context\":\"https:\\\/\\\/schema.org\",\"@graph\":[{\"@type\":\"WebPage\",\"@id\":\"https:\\\/\\\/www.entreculturas.org\\\/fr\\\/noticia\\\/jrs-y-entreculturas-pedimos-los-donantes-que-prioricen-las-necesidades-basicas-y-los\\\/\",\"url\":\"https:\\\/\\\/www.entreculturas.org\\\/fr\\\/noticia\\\/jrs-y-entreculturas-pedimos-los-donantes-que-prioricen-las-necesidades-basicas-y-los\\\/\",\"name\":\"JRS y Entreculturas pedimos a los donantes que prioricen las necesidades b\u00e1sicas y los derechos humanos de las personas refugiadas y migrantes de Venezuela - Entreculturas\",\"isPartOf\":{\"@id\":\"https:\\\/\\\/www.entreculturas.org\\\/fr\\\/#website\"},\"primaryImageOfPage\":{\"@id\":\"https:\\\/\\\/www.entreculturas.org\\\/fr\\\/noticia\\\/jrs-y-entreculturas-pedimos-los-donantes-que-prioricen-las-necesidades-basicas-y-los\\\/#primaryimage\"},\"image\":{\"@id\":\"https:\\\/\\\/www.entreculturas.org\\\/fr\\\/noticia\\\/jrs-y-entreculturas-pedimos-los-donantes-que-prioricen-las-necesidades-basicas-y-los\\\/#primaryimage\"},\"thumbnailUrl\":\"https:\\\/\\\/www.entreculturas.org\\\/wp-content\\\/uploads\\\/2020\\\/05\\\/img_3534_web_0.jpg\",\"datePublished\":\"2020-05-26T07:36:18+00:00\",\"dateModified\":\"2024-03-14T13:52:46+00:00\",\"breadcrumb\":{\"@id\":\"https:\\\/\\\/www.entreculturas.org\\\/fr\\\/noticia\\\/jrs-y-entreculturas-pedimos-los-donantes-que-prioricen-las-necesidades-basicas-y-los\\\/#breadcrumb\"},\"inLanguage\":\"fr-FR\",\"potentialAction\":[{\"@type\":\"ReadAction\",\"target\":[\"https:\\\/\\\/www.entreculturas.org\\\/fr\\\/noticia\\\/jrs-y-entreculturas-pedimos-los-donantes-que-prioricen-las-necesidades-basicas-y-los\\\/\"]}]},{\"@type\":\"ImageObject\",\"inLanguage\":\"fr-FR\",\"@id\":\"https:\\\/\\\/www.entreculturas.org\\\/fr\\\/noticia\\\/jrs-y-entreculturas-pedimos-los-donantes-que-prioricen-las-necesidades-basicas-y-los\\\/#primaryimage\",\"url\":\"https:\\\/\\\/www.entreculturas.org\\\/wp-content\\\/uploads\\\/2020\\\/05\\\/img_3534_web_0.jpg\",\"contentUrl\":\"https:\\\/\\\/www.entreculturas.org\\\/wp-content\\\/uploads\\\/2020\\\/05\\\/img_3534_web_0.jpg\",\"width\":800,\"height\":534},{\"@type\":\"BreadcrumbList\",\"@id\":\"https:\\\/\\\/www.entreculturas.org\\\/fr\\\/noticia\\\/jrs-y-entreculturas-pedimos-los-donantes-que-prioricen-las-necesidades-basicas-y-los\\\/#breadcrumb\",\"itemListElement\":[{\"@type\":\"ListItem\",\"position\":1,\"name\":\"Home\",\"item\":\"https:\\\/\\\/www.entreculturas.org\\\/fr\\\/\"},{\"@type\":\"ListItem\",\"position\":2,\"name\":\"Noticias\",\"item\":\"https:\\\/\\\/www.entreculturas.org\\\/fr\\\/noticias\\\/\"},{\"@type\":\"ListItem\",\"position\":3,\"name\":\"JRS y Entreculturas pedimos a los donantes que prioricen las necesidades b\u00e1sicas y los derechos humanos de las personas refugiadas y migrantes de Venezuela\"}]},{\"@type\":\"WebSite\",\"@id\":\"https:\\\/\\\/www.entreculturas.org\\\/fr\\\/#website\",\"url\":\"https:\\\/\\\/www.entreculturas.org\\\/fr\\\/\",\"name\":\"Entreculturas\",\"description\":\"\",\"publisher\":{\"@id\":\"https:\\\/\\\/www.entreculturas.org\\\/fr\\\/#organization\"},\"alternateName\":\"Entreculturas\",\"potentialAction\":[{\"@type\":\"SearchAction\",\"target\":{\"@type\":\"EntryPoint\",\"urlTemplate\":\"https:\\\/\\\/www.entreculturas.org\\\/fr\\\/?s={search_term_string}\"},\"query-input\":{\"@type\":\"PropertyValueSpecification\",\"valueRequired\":true,\"valueName\":\"search_term_string\"}}],\"inLanguage\":\"fr-FR\"},{\"@type\":\"Organization\",\"@id\":\"https:\\\/\\\/www.entreculturas.org\\\/fr\\\/#organization\",\"name\":\"Entreculturas\",\"url\":\"https:\\\/\\\/www.entreculturas.org\\\/fr\\\/\",\"logo\":{\"@type\":\"ImageObject\",\"inLanguage\":\"fr-FR\",\"@id\":\"https:\\\/\\\/www.entreculturas.org\\\/fr\\\/#\\\/schema\\\/logo\\\/image\\\/\",\"url\":\"https:\\\/\\\/www.entreculturas.org\\\/wp-content\\\/uploads\\\/2025\\\/10\\\/ESP.svg\",\"contentUrl\":\"https:\\\/\\\/www.entreculturas.org\\\/wp-content\\\/uploads\\\/2025\\\/10\\\/ESP.svg\",\"caption\":\"Entreculturas\"},\"image\":{\"@id\":\"https:\\\/\\\/www.entreculturas.org\\\/fr\\\/#\\\/schema\\\/logo\\\/image\\\/\"},\"sameAs\":[\"https:\\\/\\\/www.facebook.com\\\/entreculturas\",\"https:\\\/\\\/x.com\\\/Entreculturas\",\"https:\\\/\\\/www.instagram.com\\\/entreculturas\\\/\",\"https:\\\/\\\/www.youtube.com\\\/user\\\/entreculturasvideo\",\"https:\\\/\\\/www.linkedin.com\\\/company\\\/fundacion-entreculturas-ngdo\\\/\",\"https:\\\/\\\/www.flickr.com\\\/photos\\\/98455522@N04\\\/albums\\\/\"]}]}<\/script>\n<!-- \/ Yoast SEO Premium plugin. -->","yoast_head_json":{"title":"JRS y Entreculturas pedimos a los donantes que prioricen las necesidades b\u00e1sicas y los derechos humanos de las personas refugiadas y migrantes de Venezuela - Entreculturas","robots":{"index":"index","follow":"follow","max-snippet":"max-snippet:-1","max-image-preview":"max-image-preview:large","max-video-preview":"max-video-preview:-1"},"canonical":"https:\/\/www.entreculturas.org\/fr\/noticia\/jrs-y-entreculturas-pedimos-los-donantes-que-prioricen-las-necesidades-basicas-y-los\/","og_locale":"fr_FR","og_type":"article","og_title":"JRS y Entreculturas pedimos a los donantes que prioricen las necesidades b\u00e1sicas y los derechos humanos de las personas refugiadas y migrantes de Venezuela","og_description":"Ante la Conferencia Internacional de Donantes en solidaridad con las personas refugiadas y migrantes venezolanas en los pa\u00edses de Am\u00e9rica Latina, hacemos un llamamiento a los donantes a priorizar la financiaci\u00f3n y la acci\u00f3n pol\u00edtica dirigida a satisfacer las necesidades b\u00e1sicas y los derechos humanos de las personas desplazadas por la crisis en Venezuela.","og_url":"https:\/\/www.entreculturas.org\/fr\/noticia\/jrs-y-entreculturas-pedimos-los-donantes-que-prioricen-las-necesidades-basicas-y-los\/","og_site_name":"Entreculturas","article_publisher":"https:\/\/www.facebook.com\/entreculturas","article_modified_time":"2024-03-14T13:52:46+00:00","og_image":[{"width":800,"height":534,"url":"https:\/\/www.entreculturas.org\/wp-content\/uploads\/2020\/05\/img_3534_web_0.jpg","type":"image\/jpeg"}],"twitter_card":"summary_large_image","twitter_site":"@Entreculturas","schema":{"@context":"https:\/\/schema.org","@graph":[{"@type":"WebPage","@id":"https:\/\/www.entreculturas.org\/fr\/noticia\/jrs-y-entreculturas-pedimos-los-donantes-que-prioricen-las-necesidades-basicas-y-los\/","url":"https:\/\/www.entreculturas.org\/fr\/noticia\/jrs-y-entreculturas-pedimos-los-donantes-que-prioricen-las-necesidades-basicas-y-los\/","name":"JRS y Entreculturas pedimos a los donantes que prioricen las necesidades b\u00e1sicas y los derechos humanos de las personas refugiadas y migrantes de Venezuela - Entreculturas","isPartOf":{"@id":"https:\/\/www.entreculturas.org\/fr\/#website"},"primaryImageOfPage":{"@id":"https:\/\/www.entreculturas.org\/fr\/noticia\/jrs-y-entreculturas-pedimos-los-donantes-que-prioricen-las-necesidades-basicas-y-los\/#primaryimage"},"image":{"@id":"https:\/\/www.entreculturas.org\/fr\/noticia\/jrs-y-entreculturas-pedimos-los-donantes-que-prioricen-las-necesidades-basicas-y-los\/#primaryimage"},"thumbnailUrl":"https:\/\/www.entreculturas.org\/wp-content\/uploads\/2020\/05\/img_3534_web_0.jpg","datePublished":"2020-05-26T07:36:18+00:00","dateModified":"2024-03-14T13:52:46+00:00","breadcrumb":{"@id":"https:\/\/www.entreculturas.org\/fr\/noticia\/jrs-y-entreculturas-pedimos-los-donantes-que-prioricen-las-necesidades-basicas-y-los\/#breadcrumb"},"inLanguage":"fr-FR","potentialAction":[{"@type":"ReadAction","target":["https:\/\/www.entreculturas.org\/fr\/noticia\/jrs-y-entreculturas-pedimos-los-donantes-que-prioricen-las-necesidades-basicas-y-los\/"]}]},{"@type":"ImageObject","inLanguage":"fr-FR","@id":"https:\/\/www.entreculturas.org\/fr\/noticia\/jrs-y-entreculturas-pedimos-los-donantes-que-prioricen-las-necesidades-basicas-y-los\/#primaryimage","url":"https:\/\/www.entreculturas.org\/wp-content\/uploads\/2020\/05\/img_3534_web_0.jpg","contentUrl":"https:\/\/www.entreculturas.org\/wp-content\/uploads\/2020\/05\/img_3534_web_0.jpg","width":800,"height":534},{"@type":"BreadcrumbList","@id":"https:\/\/www.entreculturas.org\/fr\/noticia\/jrs-y-entreculturas-pedimos-los-donantes-que-prioricen-las-necesidades-basicas-y-los\/#breadcrumb","itemListElement":[{"@type":"ListItem","position":1,"name":"Home","item":"https:\/\/www.entreculturas.org\/fr\/"},{"@type":"ListItem","position":2,"name":"Noticias","item":"https:\/\/www.entreculturas.org\/fr\/noticias\/"},{"@type":"ListItem","position":3,"name":"JRS y Entreculturas pedimos a los donantes que prioricen las necesidades b\u00e1sicas y los derechos humanos de las personas refugiadas y migrantes de Venezuela"}]},{"@type":"WebSite","@id":"https:\/\/www.entreculturas.org\/fr\/#website","url":"https:\/\/www.entreculturas.org\/fr\/","name":"Entreculturas","description":"","publisher":{"@id":"https:\/\/www.entreculturas.org\/fr\/#organization"},"alternateName":"Entreculturas","potentialAction":[{"@type":"SearchAction","target":{"@type":"EntryPoint","urlTemplate":"https:\/\/www.entreculturas.org\/fr\/?s={search_term_string}"},"query-input":{"@type":"PropertyValueSpecification","valueRequired":true,"valueName":"search_term_string"}}],"inLanguage":"fr-FR"},{"@type":"Organization","@id":"https:\/\/www.entreculturas.org\/fr\/#organization","name":"Entreculturas","url":"https:\/\/www.entreculturas.org\/fr\/","logo":{"@type":"ImageObject","inLanguage":"fr-FR","@id":"https:\/\/www.entreculturas.org\/fr\/#\/schema\/logo\/image\/","url":"https:\/\/www.entreculturas.org\/wp-content\/uploads\/2025\/10\/ESP.svg","contentUrl":"https:\/\/www.entreculturas.org\/wp-content\/uploads\/2025\/10\/ESP.svg","caption":"Entreculturas"},"image":{"@id":"https:\/\/www.entreculturas.org\/fr\/#\/schema\/logo\/image\/"},"sameAs":["https:\/\/www.facebook.com\/entreculturas","https:\/\/x.com\/Entreculturas","https:\/\/www.instagram.com\/entreculturas\/","https:\/\/www.youtube.com\/user\/entreculturasvideo","https:\/\/www.linkedin.com\/company\/fundacion-entreculturas-ngdo\/","https:\/\/www.flickr.com\/photos\/98455522@N04\/albums\/"]}]}},"_links":{"self":[{"href":"https:\/\/www.entreculturas.org\/fr\/wp-json\/wp\/v2\/noticia\/4674","targetHints":{"allow":["GET"]}}],"collection":[{"href":"https:\/\/www.entreculturas.org\/fr\/wp-json\/wp\/v2\/noticia"}],"about":[{"href":"https:\/\/www.entreculturas.org\/fr\/wp-json\/wp\/v2\/types\/noticia"}],"wp:featuredmedia":[{"embeddable":true,"href":"https:\/\/www.entreculturas.org\/fr\/wp-json\/wp\/v2\/media\/4672"}],"wp:attachment":[{"href":"https:\/\/www.entreculturas.org\/fr\/wp-json\/wp\/v2\/media?parent=4674"}],"wp:term":[{"taxonomy":"category","embeddable":true,"href":"https:\/\/www.entreculturas.org\/fr\/wp-json\/wp\/v2\/categories?post=4674"},{"taxonomy":"post_tag","embeddable":true,"href":"https:\/\/www.entreculturas.org\/fr\/wp-json\/wp\/v2\/tags?post=4674"},{"taxonomy":"country","embeddable":true,"href":"https:\/\/www.entreculturas.org\/fr\/wp-json\/wp\/v2\/country?post=4674"},{"taxonomy":"cause","embeddable":true,"href":"https:\/\/www.entreculturas.org\/fr\/wp-json\/wp\/v2\/cause?post=4674"}],"curies":[{"name":"wp","href":"https:\/\/api.w.org\/{rel}","templated":true}]}}