{"id":4599,"date":"2020-05-05T13:01:56","date_gmt":"2020-05-05T13:01:56","guid":{"rendered":"https:\/\/entreculturasi.wpenginepowered.com\/?noticias=entreculturas-participa-en-la-presentacion-del-informe-la-rsc-en-las-memorias-anuales-del"},"modified":"2024-03-14T14:53:37","modified_gmt":"2024-03-14T13:53:37","slug":"entreculturas-participa-en-la-presentacion-del-informe-la-rsc-en-las-memorias-anuales-del","status":"publish","type":"noticia","link":"https:\/\/www.entreculturas.org\/fr\/noticia\/entreculturas-participa-en-la-presentacion-del-informe-la-rsc-en-las-memorias-anuales-del\/","title":{"rendered":"ENTRECULTURAS PARTICIPA EN LA PRESENTACI\u00d3N DEL INFORME \u00ab\u00a0LA RSC EN LAS MEMORIAS ANUALES DEL IBEX 35"},"content":{"rendered":"<\/p>\n<p>Hoy el Observatorio de RSC ha hecho p\u00fablico su informe anual sobre las \u00ab\u00a0Memorias de Responsabilidad Social Corporativa de las empresas del Ibex 35\u00a0\u00bb correspondiente al ejercicio 2018. Desde Entreculturas, como socios del Observatorio&nbsp;desde el 2008, y parte de su Junta Directiva &#8211;&nbsp;&nbsp;donde ocupamos el cargo de Presidencia desde los \u00faltimos 3 a\u00f1os, hemos participado en dicha presentaci\u00f3n a trav\u00e9s de nuestro compa\u00f1ero y Presidente del Observatorio, Jos\u00e9 D\u00edaz de Argote.&nbsp;<\/p>\n<p>El acto ha contado tambi\u00e9n con la presencia de <strong>Maravillas Esp\u00edn, Directora General de RSC, Econom\u00eda Social y Trabajo Aut\u00f3nomo<\/strong>, dependiente del Ministerio de Trabajo y Econom\u00eda Social y con la intervenci\u00f3n de&nbsp;<strong>Orencio V\u00e1zquez, Coordinador del Obervatorio<\/strong> y encargado de explicar las principales conclusiones del Informe.<\/p>\n<p>El estudio analiza la calidad de la <strong>informaci\u00f3n no financiera reportada por las empresas del Ibex 35 en relaci\u00f3n a las siete dimensiones de la RSC:<\/strong>&nbsp;Gobierno Corporativo, Derechos Humanos, Derechos Laborales, Fiscalidad, Corrupci\u00f3n, Medio Ambiente, y, Clientes y Consumidores.&nbsp;<\/p>\n<p><img decoding=\"async\" alt=\"\" height=\"471\" src=\"https:\/\/www.entreculturas.org\/wp-content\/uploads\/2020\/05\/captura_de_pantalla_2020-05-05_a_las_12.19.56.png\" width=\"800\"><\/p>\n<p>Este an\u00e1lisis se ha llevado a cabo en el marco de la <strong>nueva Ley sobre Informaci\u00f3n no Financiera y Diversidad de 2018<\/strong>, cuya entrada en vigor, y en aras de una mayor transparencia y rendici\u00f3n de cuentas, implica la obligaci\u00f3n de los Consejos de Administraci\u00f3n de presentar un informe anual de informaci\u00f3n no financiera, que debe formar parte del informe de gesti\u00f3n aprobado por la Junta General de Accionistas. Y, por lo tanto, <strong>los consejeros y consejeras, son responsables del contenido y de las omisiones del informe mencionado.<\/strong><\/p>\n<p>En las circunstancias actuales la Responsabilidad Social Corporativa adquiere un valor fundamental, es el momento de que las empresas fortalezcan todav\u00eda m\u00e1s y mejor su compromiso con la emergencia clim\u00e1tica, las cadenas globales de suministro, la fiscalidad responsables y la protecci\u00f3n y desarrollo de los derechos laborales, en aras de promover un desarrollo integral para el mayor n\u00famero de personas, y de reducir las altas tasas de desigualdad actuales.<\/p>\n<p>El an\u00e1lisis realizado sobre la informaci\u00f3n contenida en las memorias de RSC y sostenibilidad de las empresas del IBEX 35, as\u00ed como en otros documentos elaborados por las empresas como mecanismos de informaci\u00f3n, gesti\u00f3n y rendici\u00f3n de cuentas, <strong>sit\u00faa el resultado en un nivel de informaci\u00f3n de 33,62 puntos de media en una escala de 100<\/strong>. Por lo que todav\u00eda la calidad de la informaci\u00f3n presentada es insuficiente.<\/p>\n<p>Las \u00e1reas con m\u00e1s informaci\u00f3n son Medio Ambiente, Derechos Laborales y Clientes y Consumidores, y las \u00e1reas con menos informaci\u00f3n y con mucho mayor margen de mejora son Fiscalidad, Corrupci\u00f3n y Derechos Humanos.<\/p>\n<p>&nbsp;<\/p>\n","protected":false},"excerpt":{"rendered":"<p>Hoy el Observatorio de RSC ha hecho p\u00fablico su informe anual sobre las \u00ab\u00a0Memorias de Responsabilidad Social Corporativa de las empresas del Ibex 35\u00a0\u00bb correspondiente al ejercicio 2018.<br \/>\nDesde Entreculturas, como socios del Observatorio desde el 2008, y parte de su Junta Directiva hemos participado en dicha presentaci\u00f3n.<\/p>\n","protected":false},"featured_media":4603,"template":"single-noticia","meta":{"_acf_changed":false},"categories":[7],"tags":[196],"country":[120],"cause":[],"class_list":["post-4599","noticia","type-noticia","status-publish","has-post-thumbnail","hentry","category-noticia","tag-rsc","country-espana"],"acf":[],"yoast_head":"<!-- This site is optimized with the Yoast SEO Premium plugin v21.6 (Yoast SEO v27.5) - https:\/\/yoast.com\/product\/yoast-seo-premium-wordpress\/ -->\n<title>ENTRECULTURAS PARTICIPA EN LA PRESENTACI\u00d3N DEL INFORME &quot;LA RSC EN LAS MEMORIAS ANUALES DEL IBEX 35 - Entreculturas<\/title>\n<meta name=\"robots\" content=\"index, follow, max-snippet:-1, max-image-preview:large, max-video-preview:-1\" \/>\n<link rel=\"canonical\" href=\"https:\/\/www.entreculturas.org\/fr\/noticia\/entreculturas-participa-en-la-presentacion-del-informe-la-rsc-en-las-memorias-anuales-del\/\" \/>\n<meta property=\"og:locale\" content=\"fr_FR\" \/>\n<meta property=\"og:type\" content=\"article\" \/>\n<meta property=\"og:title\" content=\"ENTRECULTURAS PARTICIPA EN LA PRESENTACI\u00d3N DEL INFORME &quot;LA RSC EN LAS MEMORIAS ANUALES DEL IBEX 35\" \/>\n<meta property=\"og:description\" content=\"Hoy el Observatorio de RSC ha hecho p\u00fablico su informe anual sobre las &quot;Memorias de Responsabilidad Social Corporativa de las empresas del Ibex 35&quot; correspondiente al ejercicio 2018. Desde Entreculturas, como socios del Observatorio desde el 2008, y parte de su Junta Directiva hemos participado en dicha presentaci\u00f3n.\" \/>\n<meta property=\"og:url\" content=\"https:\/\/www.entreculturas.org\/fr\/noticia\/entreculturas-participa-en-la-presentacion-del-informe-la-rsc-en-las-memorias-anuales-del\/\" \/>\n<meta property=\"og:site_name\" content=\"Entreculturas\" \/>\n<meta property=\"article:publisher\" content=\"https:\/\/www.facebook.com\/entreculturas\" \/>\n<meta property=\"article:modified_time\" content=\"2024-03-14T13:53:37+00:00\" \/>\n<meta property=\"og:image\" content=\"https:\/\/www.entreculturas.org\/wp-content\/uploads\/2020\/05\/captura_de_pantalla_2020-05-05_a_las_19.20.30.png\" \/>\n\t<meta property=\"og:image:width\" content=\"600\" \/>\n\t<meta property=\"og:image:height\" content=\"855\" \/>\n\t<meta property=\"og:image:type\" content=\"image\/png\" \/>\n<meta name=\"twitter:card\" content=\"summary_large_image\" \/>\n<meta name=\"twitter:site\" content=\"@Entreculturas\" \/>\n<script type=\"application\/ld+json\" class=\"yoast-schema-graph\">{\"@context\":\"https:\\\/\\\/schema.org\",\"@graph\":[{\"@type\":\"WebPage\",\"@id\":\"https:\\\/\\\/www.entreculturas.org\\\/fr\\\/noticia\\\/entreculturas-participa-en-la-presentacion-del-informe-la-rsc-en-las-memorias-anuales-del\\\/\",\"url\":\"https:\\\/\\\/www.entreculturas.org\\\/fr\\\/noticia\\\/entreculturas-participa-en-la-presentacion-del-informe-la-rsc-en-las-memorias-anuales-del\\\/\",\"name\":\"ENTRECULTURAS PARTICIPA EN LA PRESENTACI\u00d3N DEL INFORME \\\"LA RSC EN LAS MEMORIAS ANUALES DEL IBEX 35 - Entreculturas\",\"isPartOf\":{\"@id\":\"https:\\\/\\\/www.entreculturas.org\\\/fr\\\/#website\"},\"primaryImageOfPage\":{\"@id\":\"https:\\\/\\\/www.entreculturas.org\\\/fr\\\/noticia\\\/entreculturas-participa-en-la-presentacion-del-informe-la-rsc-en-las-memorias-anuales-del\\\/#primaryimage\"},\"image\":{\"@id\":\"https:\\\/\\\/www.entreculturas.org\\\/fr\\\/noticia\\\/entreculturas-participa-en-la-presentacion-del-informe-la-rsc-en-las-memorias-anuales-del\\\/#primaryimage\"},\"thumbnailUrl\":\"https:\\\/\\\/www.entreculturas.org\\\/wp-content\\\/uploads\\\/2020\\\/05\\\/captura_de_pantalla_2020-05-05_a_las_19.20.30.png\",\"datePublished\":\"2020-05-05T13:01:56+00:00\",\"dateModified\":\"2024-03-14T13:53:37+00:00\",\"breadcrumb\":{\"@id\":\"https:\\\/\\\/www.entreculturas.org\\\/fr\\\/noticia\\\/entreculturas-participa-en-la-presentacion-del-informe-la-rsc-en-las-memorias-anuales-del\\\/#breadcrumb\"},\"inLanguage\":\"fr-FR\",\"potentialAction\":[{\"@type\":\"ReadAction\",\"target\":[\"https:\\\/\\\/www.entreculturas.org\\\/fr\\\/noticia\\\/entreculturas-participa-en-la-presentacion-del-informe-la-rsc-en-las-memorias-anuales-del\\\/\"]}]},{\"@type\":\"ImageObject\",\"inLanguage\":\"fr-FR\",\"@id\":\"https:\\\/\\\/www.entreculturas.org\\\/fr\\\/noticia\\\/entreculturas-participa-en-la-presentacion-del-informe-la-rsc-en-las-memorias-anuales-del\\\/#primaryimage\",\"url\":\"https:\\\/\\\/www.entreculturas.org\\\/wp-content\\\/uploads\\\/2020\\\/05\\\/captura_de_pantalla_2020-05-05_a_las_19.20.30.png\",\"contentUrl\":\"https:\\\/\\\/www.entreculturas.org\\\/wp-content\\\/uploads\\\/2020\\\/05\\\/captura_de_pantalla_2020-05-05_a_las_19.20.30.png\",\"width\":600,\"height\":855,\"caption\":\"captura_de_pantalla_2020-05-05_a_las_19\"},{\"@type\":\"BreadcrumbList\",\"@id\":\"https:\\\/\\\/www.entreculturas.org\\\/fr\\\/noticia\\\/entreculturas-participa-en-la-presentacion-del-informe-la-rsc-en-las-memorias-anuales-del\\\/#breadcrumb\",\"itemListElement\":[{\"@type\":\"ListItem\",\"position\":1,\"name\":\"Home\",\"item\":\"https:\\\/\\\/www.entreculturas.org\\\/fr\\\/\"},{\"@type\":\"ListItem\",\"position\":2,\"name\":\"Noticias\",\"item\":\"https:\\\/\\\/www.entreculturas.org\\\/fr\\\/noticias\\\/\"},{\"@type\":\"ListItem\",\"position\":3,\"name\":\"ENTRECULTURAS PARTICIPA EN LA PRESENTACI\u00d3N DEL INFORME \u00ab\u00a0LA RSC EN LAS MEMORIAS ANUALES DEL IBEX 35\"}]},{\"@type\":\"WebSite\",\"@id\":\"https:\\\/\\\/www.entreculturas.org\\\/fr\\\/#website\",\"url\":\"https:\\\/\\\/www.entreculturas.org\\\/fr\\\/\",\"name\":\"Entreculturas\",\"description\":\"\",\"publisher\":{\"@id\":\"https:\\\/\\\/www.entreculturas.org\\\/fr\\\/#organization\"},\"alternateName\":\"Entreculturas\",\"potentialAction\":[{\"@type\":\"SearchAction\",\"target\":{\"@type\":\"EntryPoint\",\"urlTemplate\":\"https:\\\/\\\/www.entreculturas.org\\\/fr\\\/?s={search_term_string}\"},\"query-input\":{\"@type\":\"PropertyValueSpecification\",\"valueRequired\":true,\"valueName\":\"search_term_string\"}}],\"inLanguage\":\"fr-FR\"},{\"@type\":\"Organization\",\"@id\":\"https:\\\/\\\/www.entreculturas.org\\\/fr\\\/#organization\",\"name\":\"Entreculturas\",\"url\":\"https:\\\/\\\/www.entreculturas.org\\\/fr\\\/\",\"logo\":{\"@type\":\"ImageObject\",\"inLanguage\":\"fr-FR\",\"@id\":\"https:\\\/\\\/www.entreculturas.org\\\/fr\\\/#\\\/schema\\\/logo\\\/image\\\/\",\"url\":\"https:\\\/\\\/www.entreculturas.org\\\/wp-content\\\/uploads\\\/2025\\\/10\\\/ESP.svg\",\"contentUrl\":\"https:\\\/\\\/www.entreculturas.org\\\/wp-content\\\/uploads\\\/2025\\\/10\\\/ESP.svg\",\"caption\":\"Entreculturas\"},\"image\":{\"@id\":\"https:\\\/\\\/www.entreculturas.org\\\/fr\\\/#\\\/schema\\\/logo\\\/image\\\/\"},\"sameAs\":[\"https:\\\/\\\/www.facebook.com\\\/entreculturas\",\"https:\\\/\\\/x.com\\\/Entreculturas\",\"https:\\\/\\\/www.instagram.com\\\/entreculturas\\\/\",\"https:\\\/\\\/www.youtube.com\\\/user\\\/entreculturasvideo\",\"https:\\\/\\\/www.linkedin.com\\\/company\\\/fundacion-entreculturas-ngdo\\\/\",\"https:\\\/\\\/www.flickr.com\\\/photos\\\/98455522@N04\\\/albums\\\/\"]}]}<\/script>\n<!-- \/ Yoast SEO Premium plugin. -->","yoast_head_json":{"title":"ENTRECULTURAS PARTICIPA EN LA PRESENTACI\u00d3N DEL INFORME \"LA RSC EN LAS MEMORIAS ANUALES DEL IBEX 35 - Entreculturas","robots":{"index":"index","follow":"follow","max-snippet":"max-snippet:-1","max-image-preview":"max-image-preview:large","max-video-preview":"max-video-preview:-1"},"canonical":"https:\/\/www.entreculturas.org\/fr\/noticia\/entreculturas-participa-en-la-presentacion-del-informe-la-rsc-en-las-memorias-anuales-del\/","og_locale":"fr_FR","og_type":"article","og_title":"ENTRECULTURAS PARTICIPA EN LA PRESENTACI\u00d3N DEL INFORME \"LA RSC EN LAS MEMORIAS ANUALES DEL IBEX 35","og_description":"Hoy el Observatorio de RSC ha hecho p\u00fablico su informe anual sobre las \"Memorias de Responsabilidad Social Corporativa de las empresas del Ibex 35\" correspondiente al ejercicio 2018. Desde Entreculturas, como socios del Observatorio desde el 2008, y parte de su Junta Directiva hemos participado en dicha presentaci\u00f3n.","og_url":"https:\/\/www.entreculturas.org\/fr\/noticia\/entreculturas-participa-en-la-presentacion-del-informe-la-rsc-en-las-memorias-anuales-del\/","og_site_name":"Entreculturas","article_publisher":"https:\/\/www.facebook.com\/entreculturas","article_modified_time":"2024-03-14T13:53:37+00:00","og_image":[{"width":600,"height":855,"url":"https:\/\/www.entreculturas.org\/wp-content\/uploads\/2020\/05\/captura_de_pantalla_2020-05-05_a_las_19.20.30.png","type":"image\/png"}],"twitter_card":"summary_large_image","twitter_site":"@Entreculturas","schema":{"@context":"https:\/\/schema.org","@graph":[{"@type":"WebPage","@id":"https:\/\/www.entreculturas.org\/fr\/noticia\/entreculturas-participa-en-la-presentacion-del-informe-la-rsc-en-las-memorias-anuales-del\/","url":"https:\/\/www.entreculturas.org\/fr\/noticia\/entreculturas-participa-en-la-presentacion-del-informe-la-rsc-en-las-memorias-anuales-del\/","name":"ENTRECULTURAS PARTICIPA EN LA PRESENTACI\u00d3N DEL INFORME \"LA RSC EN LAS MEMORIAS ANUALES DEL IBEX 35 - Entreculturas","isPartOf":{"@id":"https:\/\/www.entreculturas.org\/fr\/#website"},"primaryImageOfPage":{"@id":"https:\/\/www.entreculturas.org\/fr\/noticia\/entreculturas-participa-en-la-presentacion-del-informe-la-rsc-en-las-memorias-anuales-del\/#primaryimage"},"image":{"@id":"https:\/\/www.entreculturas.org\/fr\/noticia\/entreculturas-participa-en-la-presentacion-del-informe-la-rsc-en-las-memorias-anuales-del\/#primaryimage"},"thumbnailUrl":"https:\/\/www.entreculturas.org\/wp-content\/uploads\/2020\/05\/captura_de_pantalla_2020-05-05_a_las_19.20.30.png","datePublished":"2020-05-05T13:01:56+00:00","dateModified":"2024-03-14T13:53:37+00:00","breadcrumb":{"@id":"https:\/\/www.entreculturas.org\/fr\/noticia\/entreculturas-participa-en-la-presentacion-del-informe-la-rsc-en-las-memorias-anuales-del\/#breadcrumb"},"inLanguage":"fr-FR","potentialAction":[{"@type":"ReadAction","target":["https:\/\/www.entreculturas.org\/fr\/noticia\/entreculturas-participa-en-la-presentacion-del-informe-la-rsc-en-las-memorias-anuales-del\/"]}]},{"@type":"ImageObject","inLanguage":"fr-FR","@id":"https:\/\/www.entreculturas.org\/fr\/noticia\/entreculturas-participa-en-la-presentacion-del-informe-la-rsc-en-las-memorias-anuales-del\/#primaryimage","url":"https:\/\/www.entreculturas.org\/wp-content\/uploads\/2020\/05\/captura_de_pantalla_2020-05-05_a_las_19.20.30.png","contentUrl":"https:\/\/www.entreculturas.org\/wp-content\/uploads\/2020\/05\/captura_de_pantalla_2020-05-05_a_las_19.20.30.png","width":600,"height":855,"caption":"captura_de_pantalla_2020-05-05_a_las_19"},{"@type":"BreadcrumbList","@id":"https:\/\/www.entreculturas.org\/fr\/noticia\/entreculturas-participa-en-la-presentacion-del-informe-la-rsc-en-las-memorias-anuales-del\/#breadcrumb","itemListElement":[{"@type":"ListItem","position":1,"name":"Home","item":"https:\/\/www.entreculturas.org\/fr\/"},{"@type":"ListItem","position":2,"name":"Noticias","item":"https:\/\/www.entreculturas.org\/fr\/noticias\/"},{"@type":"ListItem","position":3,"name":"ENTRECULTURAS PARTICIPA EN LA PRESENTACI\u00d3N DEL INFORME \u00ab\u00a0LA RSC EN LAS MEMORIAS ANUALES DEL IBEX 35"}]},{"@type":"WebSite","@id":"https:\/\/www.entreculturas.org\/fr\/#website","url":"https:\/\/www.entreculturas.org\/fr\/","name":"Entreculturas","description":"","publisher":{"@id":"https:\/\/www.entreculturas.org\/fr\/#organization"},"alternateName":"Entreculturas","potentialAction":[{"@type":"SearchAction","target":{"@type":"EntryPoint","urlTemplate":"https:\/\/www.entreculturas.org\/fr\/?s={search_term_string}"},"query-input":{"@type":"PropertyValueSpecification","valueRequired":true,"valueName":"search_term_string"}}],"inLanguage":"fr-FR"},{"@type":"Organization","@id":"https:\/\/www.entreculturas.org\/fr\/#organization","name":"Entreculturas","url":"https:\/\/www.entreculturas.org\/fr\/","logo":{"@type":"ImageObject","inLanguage":"fr-FR","@id":"https:\/\/www.entreculturas.org\/fr\/#\/schema\/logo\/image\/","url":"https:\/\/www.entreculturas.org\/wp-content\/uploads\/2025\/10\/ESP.svg","contentUrl":"https:\/\/www.entreculturas.org\/wp-content\/uploads\/2025\/10\/ESP.svg","caption":"Entreculturas"},"image":{"@id":"https:\/\/www.entreculturas.org\/fr\/#\/schema\/logo\/image\/"},"sameAs":["https:\/\/www.facebook.com\/entreculturas","https:\/\/x.com\/Entreculturas","https:\/\/www.instagram.com\/entreculturas\/","https:\/\/www.youtube.com\/user\/entreculturasvideo","https:\/\/www.linkedin.com\/company\/fundacion-entreculturas-ngdo\/","https:\/\/www.flickr.com\/photos\/98455522@N04\/albums\/"]}]}},"_links":{"self":[{"href":"https:\/\/www.entreculturas.org\/fr\/wp-json\/wp\/v2\/noticia\/4599","targetHints":{"allow":["GET"]}}],"collection":[{"href":"https:\/\/www.entreculturas.org\/fr\/wp-json\/wp\/v2\/noticia"}],"about":[{"href":"https:\/\/www.entreculturas.org\/fr\/wp-json\/wp\/v2\/types\/noticia"}],"wp:featuredmedia":[{"embeddable":true,"href":"https:\/\/www.entreculturas.org\/fr\/wp-json\/wp\/v2\/media\/4603"}],"wp:attachment":[{"href":"https:\/\/www.entreculturas.org\/fr\/wp-json\/wp\/v2\/media?parent=4599"}],"wp:term":[{"taxonomy":"category","embeddable":true,"href":"https:\/\/www.entreculturas.org\/fr\/wp-json\/wp\/v2\/categories?post=4599"},{"taxonomy":"post_tag","embeddable":true,"href":"https:\/\/www.entreculturas.org\/fr\/wp-json\/wp\/v2\/tags?post=4599"},{"taxonomy":"country","embeddable":true,"href":"https:\/\/www.entreculturas.org\/fr\/wp-json\/wp\/v2\/country?post=4599"},{"taxonomy":"cause","embeddable":true,"href":"https:\/\/www.entreculturas.org\/fr\/wp-json\/wp\/v2\/cause?post=4599"}],"curies":[{"name":"wp","href":"https:\/\/api.w.org\/{rel}","templated":true}]}}