{"id":45897,"date":"2026-01-27T16:21:41","date_gmt":"2026-01-27T15:21:41","guid":{"rendered":"https:\/\/www.entreculturas.org\/?p=45897"},"modified":"2026-01-27T16:22:56","modified_gmt":"2026-01-27T15:22:56","slug":"regularizacion-extraordinaria-de-personas-migrantes","status":"publish","type":"noticia","link":"https:\/\/www.entreculturas.org\/fr\/noticia\/regularizacion-extraordinaria-de-personas-migrantes\/","title":{"rendered":"Entreculturas celebra el inicio del proceso para la regularizaci\u00f3n extraordinaria de personas migrantes"},"content":{"rendered":"\n<p>Entreculturas celebra el anuncio del proceso de\u00a0 regularizaci\u00f3n extraordinaria de personas migrantes residentes en Espa\u00f1a y el impacto positivo que esto tendr\u00e1 no solo sobre la vida de cientos de miles de personas, sino tambi\u00e9n sobre nuestra sociedad y sobre el respeto a los derechos humanos de todas y todos.\u00a0<br><\/p>\n\n\n\n<p>Como parte de la plataforma REDES (Red de Entidades de Desarrollo Solidario), nos sumamos a CONFER, Caritas y al Departamento de Migraciones de la Conferencia Episcopal en el <a href=\"https:\/\/redes-ongd.org\/el-gobierno-escucha-a-la-ciudadania\/\">comunicado <\/a>recientemente emitido. Nos sumamos tambi\u00e9n al <a href=\"https:\/\/sjme.org\/coms\/el-servicio-jesuita-a-migrantes-acoge-con-esperanza-el-inicio-del-procedimiento-para-la-regularizacion-extraordinaria\/\">Servicio Jesuita a Migrantes<\/a>, que camina junto a quienes viven en la invisibilidad de la irregularidad administrativa y acogemos con esperanza el inicio de este procedimiento.\u00a0\u00a0<br><\/p>\n\n\n\n<p>Entreculturas fue una m\u00e1s entre las \u00a0900 entidades sociales implicadas en la promoci\u00f3n de la Iniciativa Legislativa Popular para la regularizaci\u00f3n, ampliamente respaldada por la ciudadan\u00eda, lo cual muestra el apoyo que, pese al ruido, sostiene la incorporaci\u00f3n de personas migrantes a nuestras comunidades. Agradecemos el compromiso de tantas personas y entidades que tomaron parte\u00a0 en este proceso y en los di\u00e1logos posteriores.\u00a0<br><\/p>\n\n\n\n<p>Queremos resaltar la importancia de esta regularizaci\u00f3n en la defensa de nuestros valores como sociedades democr\u00e1ticas. Mientras asistimos con consternaci\u00f3n a pol\u00edticas de persecuci\u00f3n que vulneran los derechos humanos, a discursos de odio, y a pr\u00e1cticas crueles que cre\u00edamos erradicadas, esta regularizaci\u00f3n pone de relieve que otras pol\u00edticas son posibles y positivas. Afirmamos con convencimiento que una convivencia justa y pac\u00edfica basada en la dignidad se abrir\u00e1 camino entre las voces que pretenden convencer de lo contrario.\u00a0<br><\/p>\n\n\n\n<p>Reconocemos la solidaridad de las sociedades que con menos recursos que la nuestra acogen a millones de personas refugiadas y migrantes. No olvidemos que la mayor parte de ellas se encuentran en pa\u00edses del denominado Sur Global.\u00a0<br><\/p>\n\n\n\n<p>Y ponemos de manifiesto el valor que todas las personas pueden aportar a las comunidades en las que se integran. Las personas migrantes en situaci\u00f3n irregular\u00a0 son nuestras vecinas y vecinos, compartimos problemas, desaf\u00edos e ilusiones. Es innegable el beneficio econ\u00f3mico y social que esta regularizaci\u00f3n aportar\u00e1 al conjunto.\u00a0<br><\/p>\n\n\n\n<p>Queda mucho trabajo por delante y no estar\u00e1 exento de desaf\u00edos. Hacemos un llamamiento a los medios de comunicaci\u00f3n, a las administraciones p\u00fablicas, a las organizaciones sociales, sindicales y empresariales, y a toda la ciudadan\u00eda, a trabajar juntas para que este proceso llegue a buen puerto, as\u00ed como a defender los derechos humanos y la apuesta inamovible por sociedades democr\u00e1ticas, pac\u00edficas y justas en nuestro pa\u00eds y en toda la escena internacional.&nbsp;<\/p>\n","protected":false},"excerpt":{"rendered":"<p>Entreculturas celebra el anuncio del proceso de\u00a0 regularizaci\u00f3n extraordinaria de personas migrantes residentes en Espa\u00f1a y el impacto positivo que esto tendr\u00e1 no solo sobre la vida de cientos de miles de personas, sino tambi\u00e9n sobre nuestra sociedad y sobre el respeto a los derechos humanos de todas y todos.\u00a0 Como parte de la plataforma REDES (Red de Entidades de Desarrollo Solidario), nos sumamos a CONFER, Caritas y al Departamento de Migraciones de la Conferencia Episcopal en el comunicado recientemente emitido. Nos sumamos tambi\u00e9n al Servicio Jesuita a Migrantes, que camina junto a quienes viven en la invisibilidad de la irregularidad administrativa y acogemos con esperanza el inicio de este procedimiento.\u00a0\u00a0 Entreculturas fue una m\u00e1s entre las \u00a0900 entidades sociales implicadas en la promoci\u00f3n de la Iniciativa Legislativa Popular para la regularizaci\u00f3n, ampliamente respaldada por la ciudadan\u00eda, lo cual muestra el apoyo que, pese al ruido, sostiene la incorporaci\u00f3n de [&hellip;]<\/p>\n","protected":false},"featured_media":45899,"template":"single-noticia","meta":{"_acf_changed":false},"categories":[7],"tags":[10],"country":[],"cause":[],"class_list":["post-45897","noticia","type-noticia","status-publish","has-post-thumbnail","hentry","category-noticia","tag-migracion-y-refugio"],"acf":[],"yoast_head":"<!-- This site is optimized with the Yoast SEO Premium plugin v21.6 (Yoast SEO v27.5) - https:\/\/yoast.com\/product\/yoast-seo-premium-wordpress\/ -->\n<title>Entreculturas celebra la regularizaci\u00f3n extraordinaria<\/title>\n<meta name=\"description\" content=\"Entreculturas celebra el anuncio del proceso de\u00a0regularizaci\u00f3n extraordinaria de personas migrantes residentes en Espa\u00f1a y el impacto positivo que tendr\u00e1.\" \/>\n<meta name=\"robots\" content=\"index, follow, max-snippet:-1, max-image-preview:large, max-video-preview:-1\" \/>\n<link rel=\"canonical\" href=\"https:\/\/www.entreculturas.org\/fr\/noticia\/regularizacion-extraordinaria-de-personas-migrantes\/\" \/>\n<meta property=\"og:locale\" content=\"fr_FR\" \/>\n<meta property=\"og:type\" content=\"article\" \/>\n<meta property=\"og:title\" content=\"Entreculturas celebra el inicio del proceso para la regularizaci\u00f3n extraordinaria de personas migrantes\" \/>\n<meta property=\"og:description\" content=\"Entreculturas celebra el anuncio del proceso de\u00a0regularizaci\u00f3n extraordinaria de personas migrantes residentes en Espa\u00f1a y el impacto positivo que tendr\u00e1.\" \/>\n<meta property=\"og:url\" content=\"https:\/\/www.entreculturas.org\/fr\/noticia\/regularizacion-extraordinaria-de-personas-migrantes\/\" \/>\n<meta property=\"og:site_name\" content=\"Entreculturas\" \/>\n<meta property=\"article:publisher\" content=\"https:\/\/www.facebook.com\/entreculturas\" \/>\n<meta property=\"article:modified_time\" content=\"2026-01-27T15:22:56+00:00\" \/>\n<meta property=\"og:image\" content=\"https:\/\/www.entreculturas.org\/wp-content\/uploads\/2026\/01\/212.jpg\" \/>\n\t<meta property=\"og:image:width\" content=\"1448\" \/>\n\t<meta property=\"og:image:height\" content=\"630\" \/>\n\t<meta property=\"og:image:type\" content=\"image\/jpeg\" \/>\n<meta name=\"twitter:card\" content=\"summary_large_image\" \/>\n<meta name=\"twitter:site\" content=\"@Entreculturas\" \/>\n<script type=\"application\/ld+json\" class=\"yoast-schema-graph\">{\"@context\":\"https:\\\/\\\/schema.org\",\"@graph\":[{\"@type\":\"WebPage\",\"@id\":\"https:\\\/\\\/www.entreculturas.org\\\/fr\\\/noticia\\\/regularizacion-extraordinaria-de-personas-migrantes\\\/\",\"url\":\"https:\\\/\\\/www.entreculturas.org\\\/fr\\\/noticia\\\/regularizacion-extraordinaria-de-personas-migrantes\\\/\",\"name\":\"Entreculturas celebra la regularizaci\u00f3n extraordinaria\",\"isPartOf\":{\"@id\":\"https:\\\/\\\/www.entreculturas.org\\\/fr\\\/#website\"},\"primaryImageOfPage\":{\"@id\":\"https:\\\/\\\/www.entreculturas.org\\\/fr\\\/noticia\\\/regularizacion-extraordinaria-de-personas-migrantes\\\/#primaryimage\"},\"image\":{\"@id\":\"https:\\\/\\\/www.entreculturas.org\\\/fr\\\/noticia\\\/regularizacion-extraordinaria-de-personas-migrantes\\\/#primaryimage\"},\"thumbnailUrl\":\"https:\\\/\\\/www.entreculturas.org\\\/wp-content\\\/uploads\\\/2026\\\/01\\\/212.jpg\",\"datePublished\":\"2026-01-27T15:21:41+00:00\",\"dateModified\":\"2026-01-27T15:22:56+00:00\",\"description\":\"Entreculturas celebra el anuncio del proceso de\u00a0regularizaci\u00f3n extraordinaria de personas migrantes residentes en Espa\u00f1a y el impacto positivo que tendr\u00e1.\",\"breadcrumb\":{\"@id\":\"https:\\\/\\\/www.entreculturas.org\\\/fr\\\/noticia\\\/regularizacion-extraordinaria-de-personas-migrantes\\\/#breadcrumb\"},\"inLanguage\":\"fr-FR\",\"potentialAction\":[{\"@type\":\"ReadAction\",\"target\":[\"https:\\\/\\\/www.entreculturas.org\\\/fr\\\/noticia\\\/regularizacion-extraordinaria-de-personas-migrantes\\\/\"]}]},{\"@type\":\"ImageObject\",\"inLanguage\":\"fr-FR\",\"@id\":\"https:\\\/\\\/www.entreculturas.org\\\/fr\\\/noticia\\\/regularizacion-extraordinaria-de-personas-migrantes\\\/#primaryimage\",\"url\":\"https:\\\/\\\/www.entreculturas.org\\\/wp-content\\\/uploads\\\/2026\\\/01\\\/212.jpg\",\"contentUrl\":\"https:\\\/\\\/www.entreculturas.org\\\/wp-content\\\/uploads\\\/2026\\\/01\\\/212.jpg\",\"width\":1448,\"height\":630,\"caption\":\"regularizaci\u00f3n extraordinaria de personas migrantes\"},{\"@type\":\"BreadcrumbList\",\"@id\":\"https:\\\/\\\/www.entreculturas.org\\\/fr\\\/noticia\\\/regularizacion-extraordinaria-de-personas-migrantes\\\/#breadcrumb\",\"itemListElement\":[{\"@type\":\"ListItem\",\"position\":1,\"name\":\"Home\",\"item\":\"https:\\\/\\\/www.entreculturas.org\\\/fr\\\/\"},{\"@type\":\"ListItem\",\"position\":2,\"name\":\"Noticias\",\"item\":\"https:\\\/\\\/www.entreculturas.org\\\/fr\\\/noticias\\\/\"},{\"@type\":\"ListItem\",\"position\":3,\"name\":\"Entreculturas celebra el inicio del proceso para la regularizaci\u00f3n extraordinaria de personas migrantes\"}]},{\"@type\":\"WebSite\",\"@id\":\"https:\\\/\\\/www.entreculturas.org\\\/fr\\\/#website\",\"url\":\"https:\\\/\\\/www.entreculturas.org\\\/fr\\\/\",\"name\":\"Entreculturas\",\"description\":\"\",\"publisher\":{\"@id\":\"https:\\\/\\\/www.entreculturas.org\\\/fr\\\/#organization\"},\"alternateName\":\"Entreculturas\",\"potentialAction\":[{\"@type\":\"SearchAction\",\"target\":{\"@type\":\"EntryPoint\",\"urlTemplate\":\"https:\\\/\\\/www.entreculturas.org\\\/fr\\\/?s={search_term_string}\"},\"query-input\":{\"@type\":\"PropertyValueSpecification\",\"valueRequired\":true,\"valueName\":\"search_term_string\"}}],\"inLanguage\":\"fr-FR\"},{\"@type\":\"Organization\",\"@id\":\"https:\\\/\\\/www.entreculturas.org\\\/fr\\\/#organization\",\"name\":\"Entreculturas\",\"url\":\"https:\\\/\\\/www.entreculturas.org\\\/fr\\\/\",\"logo\":{\"@type\":\"ImageObject\",\"inLanguage\":\"fr-FR\",\"@id\":\"https:\\\/\\\/www.entreculturas.org\\\/fr\\\/#\\\/schema\\\/logo\\\/image\\\/\",\"url\":\"https:\\\/\\\/www.entreculturas.org\\\/wp-content\\\/uploads\\\/2025\\\/10\\\/ESP.svg\",\"contentUrl\":\"https:\\\/\\\/www.entreculturas.org\\\/wp-content\\\/uploads\\\/2025\\\/10\\\/ESP.svg\",\"caption\":\"Entreculturas\"},\"image\":{\"@id\":\"https:\\\/\\\/www.entreculturas.org\\\/fr\\\/#\\\/schema\\\/logo\\\/image\\\/\"},\"sameAs\":[\"https:\\\/\\\/www.facebook.com\\\/entreculturas\",\"https:\\\/\\\/x.com\\\/Entreculturas\",\"https:\\\/\\\/www.instagram.com\\\/entreculturas\\\/\",\"https:\\\/\\\/www.youtube.com\\\/user\\\/entreculturasvideo\",\"https:\\\/\\\/www.linkedin.com\\\/company\\\/fundacion-entreculturas-ngdo\\\/\",\"https:\\\/\\\/www.flickr.com\\\/photos\\\/98455522@N04\\\/albums\\\/\"]}]}<\/script>\n<!-- \/ Yoast SEO Premium plugin. -->","yoast_head_json":{"title":"Entreculturas celebra la regularizaci\u00f3n extraordinaria","description":"Entreculturas celebra el anuncio del proceso de\u00a0regularizaci\u00f3n extraordinaria de personas migrantes residentes en Espa\u00f1a y el impacto positivo que tendr\u00e1.","robots":{"index":"index","follow":"follow","max-snippet":"max-snippet:-1","max-image-preview":"max-image-preview:large","max-video-preview":"max-video-preview:-1"},"canonical":"https:\/\/www.entreculturas.org\/fr\/noticia\/regularizacion-extraordinaria-de-personas-migrantes\/","og_locale":"fr_FR","og_type":"article","og_title":"Entreculturas celebra el inicio del proceso para la regularizaci\u00f3n extraordinaria de personas migrantes","og_description":"Entreculturas celebra el anuncio del proceso de\u00a0regularizaci\u00f3n extraordinaria de personas migrantes residentes en Espa\u00f1a y el impacto positivo que tendr\u00e1.","og_url":"https:\/\/www.entreculturas.org\/fr\/noticia\/regularizacion-extraordinaria-de-personas-migrantes\/","og_site_name":"Entreculturas","article_publisher":"https:\/\/www.facebook.com\/entreculturas","article_modified_time":"2026-01-27T15:22:56+00:00","og_image":[{"width":1448,"height":630,"url":"https:\/\/www.entreculturas.org\/wp-content\/uploads\/2026\/01\/212.jpg","type":"image\/jpeg"}],"twitter_card":"summary_large_image","twitter_site":"@Entreculturas","schema":{"@context":"https:\/\/schema.org","@graph":[{"@type":"WebPage","@id":"https:\/\/www.entreculturas.org\/fr\/noticia\/regularizacion-extraordinaria-de-personas-migrantes\/","url":"https:\/\/www.entreculturas.org\/fr\/noticia\/regularizacion-extraordinaria-de-personas-migrantes\/","name":"Entreculturas celebra la regularizaci\u00f3n extraordinaria","isPartOf":{"@id":"https:\/\/www.entreculturas.org\/fr\/#website"},"primaryImageOfPage":{"@id":"https:\/\/www.entreculturas.org\/fr\/noticia\/regularizacion-extraordinaria-de-personas-migrantes\/#primaryimage"},"image":{"@id":"https:\/\/www.entreculturas.org\/fr\/noticia\/regularizacion-extraordinaria-de-personas-migrantes\/#primaryimage"},"thumbnailUrl":"https:\/\/www.entreculturas.org\/wp-content\/uploads\/2026\/01\/212.jpg","datePublished":"2026-01-27T15:21:41+00:00","dateModified":"2026-01-27T15:22:56+00:00","description":"Entreculturas celebra el anuncio del proceso de\u00a0regularizaci\u00f3n extraordinaria de personas migrantes residentes en Espa\u00f1a y el impacto positivo que tendr\u00e1.","breadcrumb":{"@id":"https:\/\/www.entreculturas.org\/fr\/noticia\/regularizacion-extraordinaria-de-personas-migrantes\/#breadcrumb"},"inLanguage":"fr-FR","potentialAction":[{"@type":"ReadAction","target":["https:\/\/www.entreculturas.org\/fr\/noticia\/regularizacion-extraordinaria-de-personas-migrantes\/"]}]},{"@type":"ImageObject","inLanguage":"fr-FR","@id":"https:\/\/www.entreculturas.org\/fr\/noticia\/regularizacion-extraordinaria-de-personas-migrantes\/#primaryimage","url":"https:\/\/www.entreculturas.org\/wp-content\/uploads\/2026\/01\/212.jpg","contentUrl":"https:\/\/www.entreculturas.org\/wp-content\/uploads\/2026\/01\/212.jpg","width":1448,"height":630,"caption":"regularizaci\u00f3n extraordinaria de personas migrantes"},{"@type":"BreadcrumbList","@id":"https:\/\/www.entreculturas.org\/fr\/noticia\/regularizacion-extraordinaria-de-personas-migrantes\/#breadcrumb","itemListElement":[{"@type":"ListItem","position":1,"name":"Home","item":"https:\/\/www.entreculturas.org\/fr\/"},{"@type":"ListItem","position":2,"name":"Noticias","item":"https:\/\/www.entreculturas.org\/fr\/noticias\/"},{"@type":"ListItem","position":3,"name":"Entreculturas celebra el inicio del proceso para la regularizaci\u00f3n extraordinaria de personas migrantes"}]},{"@type":"WebSite","@id":"https:\/\/www.entreculturas.org\/fr\/#website","url":"https:\/\/www.entreculturas.org\/fr\/","name":"Entreculturas","description":"","publisher":{"@id":"https:\/\/www.entreculturas.org\/fr\/#organization"},"alternateName":"Entreculturas","potentialAction":[{"@type":"SearchAction","target":{"@type":"EntryPoint","urlTemplate":"https:\/\/www.entreculturas.org\/fr\/?s={search_term_string}"},"query-input":{"@type":"PropertyValueSpecification","valueRequired":true,"valueName":"search_term_string"}}],"inLanguage":"fr-FR"},{"@type":"Organization","@id":"https:\/\/www.entreculturas.org\/fr\/#organization","name":"Entreculturas","url":"https:\/\/www.entreculturas.org\/fr\/","logo":{"@type":"ImageObject","inLanguage":"fr-FR","@id":"https:\/\/www.entreculturas.org\/fr\/#\/schema\/logo\/image\/","url":"https:\/\/www.entreculturas.org\/wp-content\/uploads\/2025\/10\/ESP.svg","contentUrl":"https:\/\/www.entreculturas.org\/wp-content\/uploads\/2025\/10\/ESP.svg","caption":"Entreculturas"},"image":{"@id":"https:\/\/www.entreculturas.org\/fr\/#\/schema\/logo\/image\/"},"sameAs":["https:\/\/www.facebook.com\/entreculturas","https:\/\/x.com\/Entreculturas","https:\/\/www.instagram.com\/entreculturas\/","https:\/\/www.youtube.com\/user\/entreculturasvideo","https:\/\/www.linkedin.com\/company\/fundacion-entreculturas-ngdo\/","https:\/\/www.flickr.com\/photos\/98455522@N04\/albums\/"]}]}},"_links":{"self":[{"href":"https:\/\/www.entreculturas.org\/fr\/wp-json\/wp\/v2\/noticia\/45897","targetHints":{"allow":["GET"]}}],"collection":[{"href":"https:\/\/www.entreculturas.org\/fr\/wp-json\/wp\/v2\/noticia"}],"about":[{"href":"https:\/\/www.entreculturas.org\/fr\/wp-json\/wp\/v2\/types\/noticia"}],"wp:featuredmedia":[{"embeddable":true,"href":"https:\/\/www.entreculturas.org\/fr\/wp-json\/wp\/v2\/media\/45899"}],"wp:attachment":[{"href":"https:\/\/www.entreculturas.org\/fr\/wp-json\/wp\/v2\/media?parent=45897"}],"wp:term":[{"taxonomy":"category","embeddable":true,"href":"https:\/\/www.entreculturas.org\/fr\/wp-json\/wp\/v2\/categories?post=45897"},{"taxonomy":"post_tag","embeddable":true,"href":"https:\/\/www.entreculturas.org\/fr\/wp-json\/wp\/v2\/tags?post=45897"},{"taxonomy":"country","embeddable":true,"href":"https:\/\/www.entreculturas.org\/fr\/wp-json\/wp\/v2\/country?post=45897"},{"taxonomy":"cause","embeddable":true,"href":"https:\/\/www.entreculturas.org\/fr\/wp-json\/wp\/v2\/cause?post=45897"}],"curies":[{"name":"wp","href":"https:\/\/api.w.org\/{rel}","templated":true}]}}