{"id":45195,"date":"2025-12-05T17:25:01","date_gmt":"2025-12-05T16:25:01","guid":{"rendered":"https:\/\/www.entreculturas.org\/?post_type=noticia&#038;p=45195"},"modified":"2025-12-09T14:03:58","modified_gmt":"2025-12-09T13:03:58","slug":"sostenibilidad-empresarial-euro","status":"publish","type":"noticia","link":"https:\/\/www.entreculturas.org\/fr\/noticia\/sostenibilidad-empresarial-euro\/","title":{"rendered":"Mirando al futuro de la sostenibilidad empresarial en Europa: entre expectativas ciudadanas y nuevos marcos normativos"},"content":{"rendered":"\n<p>En las \u00faltimas semanas, se han publicado nuevos datos y cambios legislativos en Europa que resultan especialmente relevantes para las empresas comprometidas con la sostenibilidad. Desde Entreculturas queremos compartir una reflexi\u00f3n sobre este contexto, con el objetivo de acompa\u00f1ar a nuestras empresas colaboradoras en la interpretaci\u00f3n de estos cambios.<\/p>\n\n\n\n<h3 class=\"wp-block-heading\" id=\"h-la-ciudadania-lo-tiene-claro-quiere-empresas-mas-responsables\"><strong>La ciudadan\u00eda lo tiene claro: quiere empresas m\u00e1s responsables<\/strong><\/h3>\n\n\n\n<p>Una reciente <a href=\"https:\/\/www.ipsos.com\/es-mx\/cambio-climatico-y-normativa-europea-en-la-union-europea\">investigaci\u00f3n<\/a> difundida por la Plataforma por Empresas Responsables y Amnist\u00eda Internacional refleja un dato clave: <strong>una amplia mayor\u00eda de la ciudadan\u00eda europea demanda a las instituciones que mantengan \u2014e incluso refuercen\u2014 las normas que promueven la responsabilidad social y ambiental de las empresas<\/strong>.<\/p>\n\n\n\n<p>Este <strong>inter\u00e9s social creciente<\/strong> por la transparencia, el respeto a los derechos humanos y la protecci\u00f3n del planeta confirma algo que desde Entreculturas vemos cada d\u00eda: <strong>la sostenibilidad no es solo una tendencia, sino un valor consolidado y ampliamente compartido<\/strong>.<\/p>\n\n\n\n<h3 class=\"wp-block-heading\" id=\"h-un-contexto-regulatorio-que-evoluciona-en-otra-direccion\"><a><\/a><strong>Un contexto regulatorio que evoluciona en otra direcci\u00f3n<\/strong><\/h3>\n\n\n\n<p>En paralelo, el nuevo texto del paquete <em>\u00d3mnibus I<\/em>, analizado por el <a href=\"https:\/\/www.pactomundial.org\/noticia\/el-nuevo-texto-del-paquete-omnibus-reduce-en-un-92-las-empresas-obligadas-a-reportar\/\">Pacto Mundial<\/a>, plantea modificaciones que reducen en un 92% el n\u00famero de empresas obligadas a reportar informaci\u00f3n de sostenibilidad. Seg\u00fan esta propuesta, solo una peque\u00f1a parte de las compa\u00f1\u00edas que estaban inicialmente contempladas bajo la CSRD y CSDDD tendr\u00eda que presentar informes detallados, lo que supone una reducci\u00f3n muy significativa del alcance regulatorio, en clara contraposici\u00f3n a lo que la ciudadan\u00eda europea desea.<\/p>\n\n\n\n<p>Tambi\u00e9n se plantean ajustes en las obligaciones relacionadas con la debida diligencia y otros requisitos asociados a la transici\u00f3n clim\u00e1tica.<\/p>\n\n\n\n<h3 class=\"wp-block-heading\" id=\"h-una-brecha-que-invita-a-la-reflexion\"><a><\/a><strong>Una brecha que invita a la reflexi\u00f3n<\/strong><\/h3>\n\n\n\n<p>Este contraste, entre lo que la ciudadan\u00eda espera y lo que finalmente proponen los marcos normativos, abre un espacio interesante para la reflexi\u00f3n.<\/p>\n\n\n\n<p>Para Entreculturas, este escenario invita a pensar en varios aspectos:<\/p>\n\n\n\n<ul class=\"wp-block-list\">\n<li><strong>Las expectativas sociales seguir\u00e1n creciendo<\/strong>, independientemente de c\u00f3mo se adapte la legislaci\u00f3n.<\/li>\n\n\n\n<li><strong>Las empresas que integren la sostenibilidad de manera estrat\u00e9gica est\u00e1n mejor posicionadas y valoradas, <\/strong>generan confianza y fortalecen sus relaciones con consumidores, inversores y comunidades.\u00a0<\/li>\n\n\n\n<li><strong>La responsabilidad empresarial se est\u00e1 convirtiendo en un elemento diferenciador<\/strong>, m\u00e1s all\u00e1 del cumplimiento normativo m\u00ednimo.<\/li>\n<\/ul>\n\n\n\n<h3 class=\"wp-block-heading\" id=\"h-un-momento-para-reforzar-el-compromiso-voluntario\"><strong>Un momento para reforzar el compromiso voluntario<\/strong><\/h3>\n\n\n\n<p>En este contexto, el papel de las empresas comprometidas cobra a\u00fan m\u00e1s relevancia. Aunque los requisitos legales puedan reducirse, la sociedad sigue valorando a aquellas organizaciones que mantienen est\u00e1ndares elevados de transparencia y diligencia.<\/p>\n\n\n\n<p>Desde Entreculturas, creemos que este es un momento adecuado para:<\/p>\n\n\n\n<ul class=\"wp-block-list\">\n<li>Revisar estrategias de sostenibilidad a medio y largo plazo.<\/li>\n\n\n\n<li>Fortalecer procesos de diligencia debida en derechos humanos y medioambiente.<\/li>\n\n\n\n<li>Identificar oportunidades de impacto positivo en las cadenas de valor.<\/li>\n\n\n\n<li>Seguir generando alianzas que impulsen un desarrollo m\u00e1s justo y sostenible.<\/li>\n\n\n\n<li><strong>Reforzar la dimensi\u00f3n social de la sostenibilidad (la \u201cS\u201d de ESG)<\/strong>, apoyando iniciativas que contribuyan al bienestar de las comunidades, ya sea mediante programas propios, colaboraciones estrat\u00e9gicas o aportaciones econ\u00f3micas que permitan sostener proyectos sociales transformadores.<\/li>\n<\/ul>\n\n\n\n<h3 class=\"wp-block-heading\" id=\"h-mirar-mas-alla-del-minimo-exigido\"><a><\/a><strong>Mirar m\u00e1s all\u00e1 del m\u00ednimo exigido<\/strong><\/h3>\n\n\n\n<p>Las normas pueden cambiar, ampliarse o reducirse, pero la responsabilidad social ,como valor y como pr\u00e1ctica, sigue siendo un camino firme y necesario. Observamos con esperanza a todas las empresas que, independientemente del marco legislativo, deciden avanzar hacia modelos m\u00e1s \u00e9ticos, cuidadosos y transformadores.<\/p>\n\n\n\n<p>En Entreculturas seguiremos acompa\u00f1ando este proceso, ofreciendo espacios de di\u00e1logo, reflexi\u00f3n y aprendizaje para aquellas organizaciones que quieran profundizar en su compromiso con las personas y con el planeta.<\/p>\n\n\n\n<p><a id=\"_msocom_1\"><\/a><\/p>\n","protected":false},"excerpt":{"rendered":"<p>En las \u00faltimas semanas, se han publicado nuevos datos y cambios legislativos en Europa que resultan especialmente relevantes para las empresas comprometidas con la sostenibilidad. Desde Entreculturas queremos compartir una reflexi\u00f3n sobre este contexto, con el objetivo de acompa\u00f1ar a nuestras empresas colaboradoras en la interpretaci\u00f3n de estos cambios. La ciudadan\u00eda lo tiene claro: quiere empresas m\u00e1s responsables Una reciente investigaci\u00f3n difundida por la Plataforma por Empresas Responsables y Amnist\u00eda Internacional refleja un dato clave: una amplia mayor\u00eda de la ciudadan\u00eda europea demanda a las instituciones que mantengan \u2014e incluso refuercen\u2014 las normas que promueven la responsabilidad social y ambiental de las empresas. Este inter\u00e9s social creciente por la transparencia, el respeto a los derechos humanos y la protecci\u00f3n del planeta confirma algo que desde Entreculturas vemos cada d\u00eda: la sostenibilidad no es solo una tendencia, sino un valor consolidado y ampliamente compartido. Un contexto regulatorio que evoluciona en otra [&hellip;]<\/p>\n","protected":false},"featured_media":45197,"template":"","meta":{"_acf_changed":false},"categories":[7],"tags":[196],"country":[],"cause":[],"class_list":["post-45195","noticia","type-noticia","status-publish","has-post-thumbnail","hentry","category-noticia","tag-rsc"],"acf":[],"yoast_head":"<!-- This site is optimized with the Yoast SEO Premium plugin v21.6 (Yoast SEO v27.5) - https:\/\/yoast.com\/product\/yoast-seo-premium-wordpress\/ -->\n<title>Mirando al futuro de la sostenibilidad empresarial en Europa<\/title>\n<meta name=\"description\" content=\"Compartimos una reflexi\u00f3n sobre los nuevos datos y cambios legislativos en Europa para las empresas comprometidas con la sostenibilidad.\" \/>\n<meta name=\"robots\" content=\"index, follow, max-snippet:-1, max-image-preview:large, max-video-preview:-1\" \/>\n<link rel=\"canonical\" href=\"https:\/\/www.entreculturas.org\/fr\/noticia\/sostenibilidad-empresarial-euro\/\" \/>\n<meta property=\"og:locale\" content=\"fr_FR\" \/>\n<meta property=\"og:type\" content=\"article\" \/>\n<meta property=\"og:title\" content=\"Mirando al futuro de la sostenibilidad empresarial en Europa: entre expectativas ciudadanas y nuevos marcos normativos\" \/>\n<meta property=\"og:description\" content=\"Compartimos una reflexi\u00f3n sobre los nuevos datos y cambios legislativos en Europa para las empresas comprometidas con la sostenibilidad.\" \/>\n<meta property=\"og:url\" content=\"https:\/\/www.entreculturas.org\/fr\/noticia\/sostenibilidad-empresarial-euro\/\" \/>\n<meta property=\"og:site_name\" content=\"Entreculturas\" \/>\n<meta property=\"article:publisher\" content=\"https:\/\/www.facebook.com\/entreculturas\" \/>\n<meta property=\"article:modified_time\" content=\"2025-12-09T13:03:58+00:00\" \/>\n<meta property=\"og:image\" content=\"https:\/\/www.entreculturas.org\/wp-content\/uploads\/2025\/12\/ESG-e1764954297816.png\" \/>\n\t<meta property=\"og:image:width\" content=\"700\" \/>\n\t<meta property=\"og:image:height\" content=\"394\" \/>\n\t<meta property=\"og:image:type\" content=\"image\/png\" \/>\n<meta name=\"twitter:card\" content=\"summary_large_image\" \/>\n<meta name=\"twitter:site\" content=\"@Entreculturas\" \/>\n<script type=\"application\/ld+json\" class=\"yoast-schema-graph\">{\"@context\":\"https:\\\/\\\/schema.org\",\"@graph\":[{\"@type\":\"WebPage\",\"@id\":\"https:\\\/\\\/www.entreculturas.org\\\/fr\\\/noticia\\\/sostenibilidad-empresarial-euro\\\/\",\"url\":\"https:\\\/\\\/www.entreculturas.org\\\/fr\\\/noticia\\\/sostenibilidad-empresarial-euro\\\/\",\"name\":\"Mirando al futuro de la sostenibilidad empresarial en Europa\",\"isPartOf\":{\"@id\":\"https:\\\/\\\/www.entreculturas.org\\\/fr\\\/#website\"},\"primaryImageOfPage\":{\"@id\":\"https:\\\/\\\/www.entreculturas.org\\\/fr\\\/noticia\\\/sostenibilidad-empresarial-euro\\\/#primaryimage\"},\"image\":{\"@id\":\"https:\\\/\\\/www.entreculturas.org\\\/fr\\\/noticia\\\/sostenibilidad-empresarial-euro\\\/#primaryimage\"},\"thumbnailUrl\":\"https:\\\/\\\/www.entreculturas.org\\\/wp-content\\\/uploads\\\/2025\\\/12\\\/ESG-e1764954297816.png\",\"datePublished\":\"2025-12-05T16:25:01+00:00\",\"dateModified\":\"2025-12-09T13:03:58+00:00\",\"description\":\"Compartimos una reflexi\u00f3n sobre los nuevos datos y cambios legislativos en Europa para las empresas comprometidas con la sostenibilidad.\",\"breadcrumb\":{\"@id\":\"https:\\\/\\\/www.entreculturas.org\\\/fr\\\/noticia\\\/sostenibilidad-empresarial-euro\\\/#breadcrumb\"},\"inLanguage\":\"fr-FR\",\"potentialAction\":[{\"@type\":\"ReadAction\",\"target\":[\"https:\\\/\\\/www.entreculturas.org\\\/fr\\\/noticia\\\/sostenibilidad-empresarial-euro\\\/\"]}]},{\"@type\":\"ImageObject\",\"inLanguage\":\"fr-FR\",\"@id\":\"https:\\\/\\\/www.entreculturas.org\\\/fr\\\/noticia\\\/sostenibilidad-empresarial-euro\\\/#primaryimage\",\"url\":\"https:\\\/\\\/www.entreculturas.org\\\/wp-content\\\/uploads\\\/2025\\\/12\\\/ESG-e1764954297816.png\",\"contentUrl\":\"https:\\\/\\\/www.entreculturas.org\\\/wp-content\\\/uploads\\\/2025\\\/12\\\/ESG-e1764954297816.png\",\"width\":700,\"height\":394,\"caption\":\"sostenibilidad empresarial\"},{\"@type\":\"BreadcrumbList\",\"@id\":\"https:\\\/\\\/www.entreculturas.org\\\/fr\\\/noticia\\\/sostenibilidad-empresarial-euro\\\/#breadcrumb\",\"itemListElement\":[{\"@type\":\"ListItem\",\"position\":1,\"name\":\"Home\",\"item\":\"https:\\\/\\\/www.entreculturas.org\\\/fr\\\/\"},{\"@type\":\"ListItem\",\"position\":2,\"name\":\"Noticias\",\"item\":\"https:\\\/\\\/www.entreculturas.org\\\/fr\\\/noticias\\\/\"},{\"@type\":\"ListItem\",\"position\":3,\"name\":\"Mirando al futuro de la sostenibilidad empresarial en Europa: entre expectativas ciudadanas y nuevos marcos normativos\"}]},{\"@type\":\"WebSite\",\"@id\":\"https:\\\/\\\/www.entreculturas.org\\\/fr\\\/#website\",\"url\":\"https:\\\/\\\/www.entreculturas.org\\\/fr\\\/\",\"name\":\"Entreculturas\",\"description\":\"\",\"publisher\":{\"@id\":\"https:\\\/\\\/www.entreculturas.org\\\/fr\\\/#organization\"},\"alternateName\":\"Entreculturas\",\"potentialAction\":[{\"@type\":\"SearchAction\",\"target\":{\"@type\":\"EntryPoint\",\"urlTemplate\":\"https:\\\/\\\/www.entreculturas.org\\\/fr\\\/?s={search_term_string}\"},\"query-input\":{\"@type\":\"PropertyValueSpecification\",\"valueRequired\":true,\"valueName\":\"search_term_string\"}}],\"inLanguage\":\"fr-FR\"},{\"@type\":\"Organization\",\"@id\":\"https:\\\/\\\/www.entreculturas.org\\\/fr\\\/#organization\",\"name\":\"Entreculturas\",\"url\":\"https:\\\/\\\/www.entreculturas.org\\\/fr\\\/\",\"logo\":{\"@type\":\"ImageObject\",\"inLanguage\":\"fr-FR\",\"@id\":\"https:\\\/\\\/www.entreculturas.org\\\/fr\\\/#\\\/schema\\\/logo\\\/image\\\/\",\"url\":\"https:\\\/\\\/www.entreculturas.org\\\/wp-content\\\/uploads\\\/2025\\\/10\\\/ESP.svg\",\"contentUrl\":\"https:\\\/\\\/www.entreculturas.org\\\/wp-content\\\/uploads\\\/2025\\\/10\\\/ESP.svg\",\"caption\":\"Entreculturas\"},\"image\":{\"@id\":\"https:\\\/\\\/www.entreculturas.org\\\/fr\\\/#\\\/schema\\\/logo\\\/image\\\/\"},\"sameAs\":[\"https:\\\/\\\/www.facebook.com\\\/entreculturas\",\"https:\\\/\\\/x.com\\\/Entreculturas\",\"https:\\\/\\\/www.instagram.com\\\/entreculturas\\\/\",\"https:\\\/\\\/www.youtube.com\\\/user\\\/entreculturasvideo\",\"https:\\\/\\\/www.linkedin.com\\\/company\\\/fundacion-entreculturas-ngdo\\\/\",\"https:\\\/\\\/www.flickr.com\\\/photos\\\/98455522@N04\\\/albums\\\/\"]}]}<\/script>\n<!-- \/ Yoast SEO Premium plugin. -->","yoast_head_json":{"title":"Mirando al futuro de la sostenibilidad empresarial en Europa","description":"Compartimos una reflexi\u00f3n sobre los nuevos datos y cambios legislativos en Europa para las empresas comprometidas con la sostenibilidad.","robots":{"index":"index","follow":"follow","max-snippet":"max-snippet:-1","max-image-preview":"max-image-preview:large","max-video-preview":"max-video-preview:-1"},"canonical":"https:\/\/www.entreculturas.org\/fr\/noticia\/sostenibilidad-empresarial-euro\/","og_locale":"fr_FR","og_type":"article","og_title":"Mirando al futuro de la sostenibilidad empresarial en Europa: entre expectativas ciudadanas y nuevos marcos normativos","og_description":"Compartimos una reflexi\u00f3n sobre los nuevos datos y cambios legislativos en Europa para las empresas comprometidas con la sostenibilidad.","og_url":"https:\/\/www.entreculturas.org\/fr\/noticia\/sostenibilidad-empresarial-euro\/","og_site_name":"Entreculturas","article_publisher":"https:\/\/www.facebook.com\/entreculturas","article_modified_time":"2025-12-09T13:03:58+00:00","og_image":[{"width":700,"height":394,"url":"https:\/\/www.entreculturas.org\/wp-content\/uploads\/2025\/12\/ESG-e1764954297816.png","type":"image\/png"}],"twitter_card":"summary_large_image","twitter_site":"@Entreculturas","schema":{"@context":"https:\/\/schema.org","@graph":[{"@type":"WebPage","@id":"https:\/\/www.entreculturas.org\/fr\/noticia\/sostenibilidad-empresarial-euro\/","url":"https:\/\/www.entreculturas.org\/fr\/noticia\/sostenibilidad-empresarial-euro\/","name":"Mirando al futuro de la sostenibilidad empresarial en Europa","isPartOf":{"@id":"https:\/\/www.entreculturas.org\/fr\/#website"},"primaryImageOfPage":{"@id":"https:\/\/www.entreculturas.org\/fr\/noticia\/sostenibilidad-empresarial-euro\/#primaryimage"},"image":{"@id":"https:\/\/www.entreculturas.org\/fr\/noticia\/sostenibilidad-empresarial-euro\/#primaryimage"},"thumbnailUrl":"https:\/\/www.entreculturas.org\/wp-content\/uploads\/2025\/12\/ESG-e1764954297816.png","datePublished":"2025-12-05T16:25:01+00:00","dateModified":"2025-12-09T13:03:58+00:00","description":"Compartimos una reflexi\u00f3n sobre los nuevos datos y cambios legislativos en Europa para las empresas comprometidas con la sostenibilidad.","breadcrumb":{"@id":"https:\/\/www.entreculturas.org\/fr\/noticia\/sostenibilidad-empresarial-euro\/#breadcrumb"},"inLanguage":"fr-FR","potentialAction":[{"@type":"ReadAction","target":["https:\/\/www.entreculturas.org\/fr\/noticia\/sostenibilidad-empresarial-euro\/"]}]},{"@type":"ImageObject","inLanguage":"fr-FR","@id":"https:\/\/www.entreculturas.org\/fr\/noticia\/sostenibilidad-empresarial-euro\/#primaryimage","url":"https:\/\/www.entreculturas.org\/wp-content\/uploads\/2025\/12\/ESG-e1764954297816.png","contentUrl":"https:\/\/www.entreculturas.org\/wp-content\/uploads\/2025\/12\/ESG-e1764954297816.png","width":700,"height":394,"caption":"sostenibilidad empresarial"},{"@type":"BreadcrumbList","@id":"https:\/\/www.entreculturas.org\/fr\/noticia\/sostenibilidad-empresarial-euro\/#breadcrumb","itemListElement":[{"@type":"ListItem","position":1,"name":"Home","item":"https:\/\/www.entreculturas.org\/fr\/"},{"@type":"ListItem","position":2,"name":"Noticias","item":"https:\/\/www.entreculturas.org\/fr\/noticias\/"},{"@type":"ListItem","position":3,"name":"Mirando al futuro de la sostenibilidad empresarial en Europa: entre expectativas ciudadanas y nuevos marcos normativos"}]},{"@type":"WebSite","@id":"https:\/\/www.entreculturas.org\/fr\/#website","url":"https:\/\/www.entreculturas.org\/fr\/","name":"Entreculturas","description":"","publisher":{"@id":"https:\/\/www.entreculturas.org\/fr\/#organization"},"alternateName":"Entreculturas","potentialAction":[{"@type":"SearchAction","target":{"@type":"EntryPoint","urlTemplate":"https:\/\/www.entreculturas.org\/fr\/?s={search_term_string}"},"query-input":{"@type":"PropertyValueSpecification","valueRequired":true,"valueName":"search_term_string"}}],"inLanguage":"fr-FR"},{"@type":"Organization","@id":"https:\/\/www.entreculturas.org\/fr\/#organization","name":"Entreculturas","url":"https:\/\/www.entreculturas.org\/fr\/","logo":{"@type":"ImageObject","inLanguage":"fr-FR","@id":"https:\/\/www.entreculturas.org\/fr\/#\/schema\/logo\/image\/","url":"https:\/\/www.entreculturas.org\/wp-content\/uploads\/2025\/10\/ESP.svg","contentUrl":"https:\/\/www.entreculturas.org\/wp-content\/uploads\/2025\/10\/ESP.svg","caption":"Entreculturas"},"image":{"@id":"https:\/\/www.entreculturas.org\/fr\/#\/schema\/logo\/image\/"},"sameAs":["https:\/\/www.facebook.com\/entreculturas","https:\/\/x.com\/Entreculturas","https:\/\/www.instagram.com\/entreculturas\/","https:\/\/www.youtube.com\/user\/entreculturasvideo","https:\/\/www.linkedin.com\/company\/fundacion-entreculturas-ngdo\/","https:\/\/www.flickr.com\/photos\/98455522@N04\/albums\/"]}]}},"_links":{"self":[{"href":"https:\/\/www.entreculturas.org\/fr\/wp-json\/wp\/v2\/noticia\/45195","targetHints":{"allow":["GET"]}}],"collection":[{"href":"https:\/\/www.entreculturas.org\/fr\/wp-json\/wp\/v2\/noticia"}],"about":[{"href":"https:\/\/www.entreculturas.org\/fr\/wp-json\/wp\/v2\/types\/noticia"}],"wp:featuredmedia":[{"embeddable":true,"href":"https:\/\/www.entreculturas.org\/fr\/wp-json\/wp\/v2\/media\/45197"}],"wp:attachment":[{"href":"https:\/\/www.entreculturas.org\/fr\/wp-json\/wp\/v2\/media?parent=45195"}],"wp:term":[{"taxonomy":"category","embeddable":true,"href":"https:\/\/www.entreculturas.org\/fr\/wp-json\/wp\/v2\/categories?post=45195"},{"taxonomy":"post_tag","embeddable":true,"href":"https:\/\/www.entreculturas.org\/fr\/wp-json\/wp\/v2\/tags?post=45195"},{"taxonomy":"country","embeddable":true,"href":"https:\/\/www.entreculturas.org\/fr\/wp-json\/wp\/v2\/country?post=45195"},{"taxonomy":"cause","embeddable":true,"href":"https:\/\/www.entreculturas.org\/fr\/wp-json\/wp\/v2\/cause?post=45195"}],"curies":[{"name":"wp","href":"https:\/\/api.w.org\/{rel}","templated":true}]}}