{"id":45190,"date":"2025-12-05T17:15:23","date_gmt":"2025-12-05T16:15:23","guid":{"rendered":"https:\/\/www.entreculturas.org\/?post_type=noticia&#038;p=45190"},"modified":"2025-12-09T14:04:01","modified_gmt":"2025-12-09T13:04:01","slug":"entreculturas-atlas-copco","status":"publish","type":"noticia","link":"https:\/\/www.entreculturas.org\/fr\/noticia\/entreculturas-atlas-copco\/","title":{"rendered":"Visitamos Atlas Copco: cuando la implicaci\u00f3n empresarial se convierte en impacto real"},"content":{"rendered":"\n<p>Con motivo del 17\u00ba aniversario de <strong>Water for All<\/strong>, la iniciativa solidaria del Grupo Atlas Copco, desde <strong>Entreculturas<\/strong> tuvimos el privilegio de compartir un encuentro muy especial con empleados y socios estrat\u00e9gicos. Fue el marco id\u00f3neo para presentar el nuevo proyecto financiado \u201c<em>Garantizar el acceso sostenible a agua segura en la Unidad Educativa Juan Pablo II, en El Carmen (Manab\u00ed, Ecuador), mediante soluciones integrales de tratamiento y formaci\u00f3n comunitaria<\/em>\u201d, que este a\u00f1o se suma a los proyectos que desarrollamos juntos en Chad y Malaui. Te animamos a conocer mejor el proyecto a trav\u00e9s de<a href=\"https:\/\/drive.google.com\/file\/d\/1VNksoYiLuYB0AlXvna8jD5_g_xuxRX1T\/view?usp=drive_link\"> este v\u00eddeo<\/a>.<\/p>\n\n\n\n<p>Este espacio no solo represent\u00f3 una celebraci\u00f3n, sino tambi\u00e9n una oportunidad para poner en valor la importancia de las alianzas entre ONG y empresa. Gracias a estas colaboraciones, es posible llevar agua a comunidades que enfrentan grandes dificultades de acceso, aunando conocimiento t\u00e9cnico, recursos y un compromiso genuino que se transforma en resultados tangibles.<\/p>\n\n\n\n<p>Para Entreculturas, el acceso al agua est\u00e1 directamente ligado a nuestra misi\u00f3n de garantizar el derecho a la Educaci\u00f3n. Cuando una comunidad o una escuela dispone de agua potable y saneamiento, aumenta la asistencia escolar, mejora el rendimiento y se crean entornos m\u00e1s seguros para el aprendizaje. Invertir en agua es tambi\u00e9n invertir en oportunidades educativas y en desarrollo.<\/p>\n\n\n\n<figure class=\"wp-block-image aligncenter size-full is-resized\"><img decoding=\"async\" width=\"800\" height=\"600\" src=\"https:\/\/www.entreculturas.org\/wp-content\/uploads\/2025\/12\/Atlas-Copco-2.jpg\" alt=\"Visitamos Atlas Copco 2\" class=\"wp-image-45193\" style=\"aspect-ratio:1.7777777777777777;object-fit:cover;width:748px;height:auto\" srcset=\"https:\/\/www.entreculturas.org\/wp-content\/uploads\/2025\/12\/Atlas-Copco-2.jpg 800w, https:\/\/www.entreculturas.org\/wp-content\/uploads\/2025\/12\/Atlas-Copco-2-300x225.jpg 300w, https:\/\/www.entreculturas.org\/wp-content\/uploads\/2025\/12\/Atlas-Copco-2-768x576.jpg 768w\" sizes=\"(max-width: 800px) 100vw, 800px\" \/><\/figure>\n\n\n\n<p><br>La experiencia de trabajo con empresas como Atlas Copco nos demuestra que la colaboraci\u00f3n estrat\u00e9gica multiplica el impacto. La implicaci\u00f3n activa de las y los empleados, el respaldo corporativo y la visi\u00f3n compartida permiten que cada proyecto gane alcance, sostenibilidad y eficiencia.<\/p>\n\n\n\n<p>Adem\u00e1s de los efectos directos sobre las comunidades, estas iniciativas fortalecen la cultura corporativa, alimentan el sentido de pertenencia, promueven la solidaridad interna y consolidan la responsabilidad social empresarial. Son alianzas que muestran c\u00f3mo el compromiso social puede proyectarse desde el interior de una organizaci\u00f3n hacia su entorno.<\/p>\n\n\n\n<p>Agradecemos profundamente a todos los empleados y empleadas y personas socias que hacen posible este camino compartido. Cada iniciativa, cada gesto de compromiso y cada aportaci\u00f3n nos acerca a un futuro en el que el acceso al agua \u2014y, con \u00e9l, el acceso a una educaci\u00f3n digna\u2014 sea un derecho garantizado para todas las personas.<\/p>\n\n\n\n<p><\/p>\n","protected":false},"excerpt":{"rendered":"<p>Con motivo del 17\u00ba aniversario de Water for All, la iniciativa solidaria del Grupo Atlas Copco, desde Entreculturas tuvimos el privilegio de compartir un encuentro muy especial con empleados y socios estrat\u00e9gicos. Fue el marco id\u00f3neo para presentar el nuevo proyecto financiado \u201cGarantizar el acceso sostenible a agua segura en la Unidad Educativa Juan Pablo II, en El Carmen (Manab\u00ed, Ecuador), mediante soluciones integrales de tratamiento y formaci\u00f3n comunitaria\u201d, que este a\u00f1o se suma a los proyectos que desarrollamos juntos en Chad y Malaui. Te animamos a conocer mejor el proyecto a trav\u00e9s de este v\u00eddeo. Este espacio no solo represent\u00f3 una celebraci\u00f3n, sino tambi\u00e9n una oportunidad para poner en valor la importancia de las alianzas entre ONG y empresa. Gracias a estas colaboraciones, es posible llevar agua a comunidades que enfrentan grandes dificultades de acceso, aunando conocimiento t\u00e9cnico, recursos y un compromiso genuino que se transforma en resultados tangibles. [&hellip;]<\/p>\n","protected":false},"featured_media":45192,"template":"","meta":{"_acf_changed":false},"categories":[7],"tags":[196],"country":[120],"cause":[131],"class_list":["post-45190","noticia","type-noticia","status-publish","has-post-thumbnail","hentry","category-noticia","tag-rsc","country-espana","cause-justicia-medioambiental"],"acf":[],"yoast_head":"<!-- This site is optimized with the Yoast SEO Premium plugin v21.6 (Yoast SEO v27.5) - https:\/\/yoast.com\/product\/yoast-seo-premium-wordpress\/ -->\n<title>Entreculturas visita Atlas Copco<\/title>\n<meta name=\"description\" content=\"Con motivo del 17\u00ba aniversario de Water for All, la iniciativa solidaria del Grupo Atlas Copco, nos encontramos con empleados y socios.\" \/>\n<meta name=\"robots\" content=\"index, follow, max-snippet:-1, max-image-preview:large, max-video-preview:-1\" \/>\n<link rel=\"canonical\" href=\"https:\/\/www.entreculturas.org\/fr\/noticia\/entreculturas-atlas-copco\/\" \/>\n<meta property=\"og:locale\" content=\"fr_FR\" \/>\n<meta property=\"og:type\" content=\"article\" \/>\n<meta property=\"og:title\" content=\"Visitamos Atlas Copco: cuando la implicaci\u00f3n empresarial se convierte en impacto real\" \/>\n<meta property=\"og:description\" content=\"Con motivo del 17\u00ba aniversario de Water for All, la iniciativa solidaria del Grupo Atlas Copco, nos encontramos con empleados y socios.\" \/>\n<meta property=\"og:url\" content=\"https:\/\/www.entreculturas.org\/fr\/noticia\/entreculturas-atlas-copco\/\" \/>\n<meta property=\"og:site_name\" content=\"Entreculturas\" \/>\n<meta property=\"article:publisher\" content=\"https:\/\/www.facebook.com\/entreculturas\" \/>\n<meta property=\"article:modified_time\" content=\"2025-12-09T13:04:01+00:00\" \/>\n<meta property=\"og:image\" content=\"https:\/\/www.entreculturas.org\/wp-content\/uploads\/2025\/12\/Atlas-Copco-1.jpg\" \/>\n\t<meta property=\"og:image:width\" content=\"800\" \/>\n\t<meta property=\"og:image:height\" content=\"533\" \/>\n\t<meta property=\"og:image:type\" content=\"image\/jpeg\" \/>\n<meta name=\"twitter:card\" content=\"summary_large_image\" \/>\n<meta name=\"twitter:site\" content=\"@Entreculturas\" \/>\n<script type=\"application\/ld+json\" class=\"yoast-schema-graph\">{\"@context\":\"https:\\\/\\\/schema.org\",\"@graph\":[{\"@type\":\"WebPage\",\"@id\":\"https:\\\/\\\/www.entreculturas.org\\\/fr\\\/noticia\\\/entreculturas-atlas-copco\\\/\",\"url\":\"https:\\\/\\\/www.entreculturas.org\\\/fr\\\/noticia\\\/entreculturas-atlas-copco\\\/\",\"name\":\"Entreculturas visita Atlas Copco\",\"isPartOf\":{\"@id\":\"https:\\\/\\\/www.entreculturas.org\\\/fr\\\/#website\"},\"primaryImageOfPage\":{\"@id\":\"https:\\\/\\\/www.entreculturas.org\\\/fr\\\/noticia\\\/entreculturas-atlas-copco\\\/#primaryimage\"},\"image\":{\"@id\":\"https:\\\/\\\/www.entreculturas.org\\\/fr\\\/noticia\\\/entreculturas-atlas-copco\\\/#primaryimage\"},\"thumbnailUrl\":\"https:\\\/\\\/www.entreculturas.org\\\/wp-content\\\/uploads\\\/2025\\\/12\\\/Atlas-Copco-1.jpg\",\"datePublished\":\"2025-12-05T16:15:23+00:00\",\"dateModified\":\"2025-12-09T13:04:01+00:00\",\"description\":\"Con motivo del 17\u00ba aniversario de Water for All, la iniciativa solidaria del Grupo Atlas Copco, nos encontramos con empleados y socios.\",\"breadcrumb\":{\"@id\":\"https:\\\/\\\/www.entreculturas.org\\\/fr\\\/noticia\\\/entreculturas-atlas-copco\\\/#breadcrumb\"},\"inLanguage\":\"fr-FR\",\"potentialAction\":[{\"@type\":\"ReadAction\",\"target\":[\"https:\\\/\\\/www.entreculturas.org\\\/fr\\\/noticia\\\/entreculturas-atlas-copco\\\/\"]}]},{\"@type\":\"ImageObject\",\"inLanguage\":\"fr-FR\",\"@id\":\"https:\\\/\\\/www.entreculturas.org\\\/fr\\\/noticia\\\/entreculturas-atlas-copco\\\/#primaryimage\",\"url\":\"https:\\\/\\\/www.entreculturas.org\\\/wp-content\\\/uploads\\\/2025\\\/12\\\/Atlas-Copco-1.jpg\",\"contentUrl\":\"https:\\\/\\\/www.entreculturas.org\\\/wp-content\\\/uploads\\\/2025\\\/12\\\/Atlas-Copco-1.jpg\",\"width\":800,\"height\":533,\"caption\":\"Visitamos Atlas Copco\"},{\"@type\":\"BreadcrumbList\",\"@id\":\"https:\\\/\\\/www.entreculturas.org\\\/fr\\\/noticia\\\/entreculturas-atlas-copco\\\/#breadcrumb\",\"itemListElement\":[{\"@type\":\"ListItem\",\"position\":1,\"name\":\"Home\",\"item\":\"https:\\\/\\\/www.entreculturas.org\\\/fr\\\/\"},{\"@type\":\"ListItem\",\"position\":2,\"name\":\"Noticias\",\"item\":\"https:\\\/\\\/www.entreculturas.org\\\/fr\\\/noticias\\\/\"},{\"@type\":\"ListItem\",\"position\":3,\"name\":\"Visitamos Atlas Copco: cuando la implicaci\u00f3n empresarial se convierte en impacto real\"}]},{\"@type\":\"WebSite\",\"@id\":\"https:\\\/\\\/www.entreculturas.org\\\/fr\\\/#website\",\"url\":\"https:\\\/\\\/www.entreculturas.org\\\/fr\\\/\",\"name\":\"Entreculturas\",\"description\":\"\",\"publisher\":{\"@id\":\"https:\\\/\\\/www.entreculturas.org\\\/fr\\\/#organization\"},\"alternateName\":\"Entreculturas\",\"potentialAction\":[{\"@type\":\"SearchAction\",\"target\":{\"@type\":\"EntryPoint\",\"urlTemplate\":\"https:\\\/\\\/www.entreculturas.org\\\/fr\\\/?s={search_term_string}\"},\"query-input\":{\"@type\":\"PropertyValueSpecification\",\"valueRequired\":true,\"valueName\":\"search_term_string\"}}],\"inLanguage\":\"fr-FR\"},{\"@type\":\"Organization\",\"@id\":\"https:\\\/\\\/www.entreculturas.org\\\/fr\\\/#organization\",\"name\":\"Entreculturas\",\"url\":\"https:\\\/\\\/www.entreculturas.org\\\/fr\\\/\",\"logo\":{\"@type\":\"ImageObject\",\"inLanguage\":\"fr-FR\",\"@id\":\"https:\\\/\\\/www.entreculturas.org\\\/fr\\\/#\\\/schema\\\/logo\\\/image\\\/\",\"url\":\"https:\\\/\\\/www.entreculturas.org\\\/wp-content\\\/uploads\\\/2025\\\/10\\\/ESP.svg\",\"contentUrl\":\"https:\\\/\\\/www.entreculturas.org\\\/wp-content\\\/uploads\\\/2025\\\/10\\\/ESP.svg\",\"caption\":\"Entreculturas\"},\"image\":{\"@id\":\"https:\\\/\\\/www.entreculturas.org\\\/fr\\\/#\\\/schema\\\/logo\\\/image\\\/\"},\"sameAs\":[\"https:\\\/\\\/www.facebook.com\\\/entreculturas\",\"https:\\\/\\\/x.com\\\/Entreculturas\",\"https:\\\/\\\/www.instagram.com\\\/entreculturas\\\/\",\"https:\\\/\\\/www.youtube.com\\\/user\\\/entreculturasvideo\",\"https:\\\/\\\/www.linkedin.com\\\/company\\\/fundacion-entreculturas-ngdo\\\/\",\"https:\\\/\\\/www.flickr.com\\\/photos\\\/98455522@N04\\\/albums\\\/\"]}]}<\/script>\n<!-- \/ Yoast SEO Premium plugin. -->","yoast_head_json":{"title":"Entreculturas visita Atlas Copco","description":"Con motivo del 17\u00ba aniversario de Water for All, la iniciativa solidaria del Grupo Atlas Copco, nos encontramos con empleados y socios.","robots":{"index":"index","follow":"follow","max-snippet":"max-snippet:-1","max-image-preview":"max-image-preview:large","max-video-preview":"max-video-preview:-1"},"canonical":"https:\/\/www.entreculturas.org\/fr\/noticia\/entreculturas-atlas-copco\/","og_locale":"fr_FR","og_type":"article","og_title":"Visitamos Atlas Copco: cuando la implicaci\u00f3n empresarial se convierte en impacto real","og_description":"Con motivo del 17\u00ba aniversario de Water for All, la iniciativa solidaria del Grupo Atlas Copco, nos encontramos con empleados y socios.","og_url":"https:\/\/www.entreculturas.org\/fr\/noticia\/entreculturas-atlas-copco\/","og_site_name":"Entreculturas","article_publisher":"https:\/\/www.facebook.com\/entreculturas","article_modified_time":"2025-12-09T13:04:01+00:00","og_image":[{"width":800,"height":533,"url":"https:\/\/www.entreculturas.org\/wp-content\/uploads\/2025\/12\/Atlas-Copco-1.jpg","type":"image\/jpeg"}],"twitter_card":"summary_large_image","twitter_site":"@Entreculturas","schema":{"@context":"https:\/\/schema.org","@graph":[{"@type":"WebPage","@id":"https:\/\/www.entreculturas.org\/fr\/noticia\/entreculturas-atlas-copco\/","url":"https:\/\/www.entreculturas.org\/fr\/noticia\/entreculturas-atlas-copco\/","name":"Entreculturas visita Atlas Copco","isPartOf":{"@id":"https:\/\/www.entreculturas.org\/fr\/#website"},"primaryImageOfPage":{"@id":"https:\/\/www.entreculturas.org\/fr\/noticia\/entreculturas-atlas-copco\/#primaryimage"},"image":{"@id":"https:\/\/www.entreculturas.org\/fr\/noticia\/entreculturas-atlas-copco\/#primaryimage"},"thumbnailUrl":"https:\/\/www.entreculturas.org\/wp-content\/uploads\/2025\/12\/Atlas-Copco-1.jpg","datePublished":"2025-12-05T16:15:23+00:00","dateModified":"2025-12-09T13:04:01+00:00","description":"Con motivo del 17\u00ba aniversario de Water for All, la iniciativa solidaria del Grupo Atlas Copco, nos encontramos con empleados y socios.","breadcrumb":{"@id":"https:\/\/www.entreculturas.org\/fr\/noticia\/entreculturas-atlas-copco\/#breadcrumb"},"inLanguage":"fr-FR","potentialAction":[{"@type":"ReadAction","target":["https:\/\/www.entreculturas.org\/fr\/noticia\/entreculturas-atlas-copco\/"]}]},{"@type":"ImageObject","inLanguage":"fr-FR","@id":"https:\/\/www.entreculturas.org\/fr\/noticia\/entreculturas-atlas-copco\/#primaryimage","url":"https:\/\/www.entreculturas.org\/wp-content\/uploads\/2025\/12\/Atlas-Copco-1.jpg","contentUrl":"https:\/\/www.entreculturas.org\/wp-content\/uploads\/2025\/12\/Atlas-Copco-1.jpg","width":800,"height":533,"caption":"Visitamos Atlas Copco"},{"@type":"BreadcrumbList","@id":"https:\/\/www.entreculturas.org\/fr\/noticia\/entreculturas-atlas-copco\/#breadcrumb","itemListElement":[{"@type":"ListItem","position":1,"name":"Home","item":"https:\/\/www.entreculturas.org\/fr\/"},{"@type":"ListItem","position":2,"name":"Noticias","item":"https:\/\/www.entreculturas.org\/fr\/noticias\/"},{"@type":"ListItem","position":3,"name":"Visitamos Atlas Copco: cuando la implicaci\u00f3n empresarial se convierte en impacto real"}]},{"@type":"WebSite","@id":"https:\/\/www.entreculturas.org\/fr\/#website","url":"https:\/\/www.entreculturas.org\/fr\/","name":"Entreculturas","description":"","publisher":{"@id":"https:\/\/www.entreculturas.org\/fr\/#organization"},"alternateName":"Entreculturas","potentialAction":[{"@type":"SearchAction","target":{"@type":"EntryPoint","urlTemplate":"https:\/\/www.entreculturas.org\/fr\/?s={search_term_string}"},"query-input":{"@type":"PropertyValueSpecification","valueRequired":true,"valueName":"search_term_string"}}],"inLanguage":"fr-FR"},{"@type":"Organization","@id":"https:\/\/www.entreculturas.org\/fr\/#organization","name":"Entreculturas","url":"https:\/\/www.entreculturas.org\/fr\/","logo":{"@type":"ImageObject","inLanguage":"fr-FR","@id":"https:\/\/www.entreculturas.org\/fr\/#\/schema\/logo\/image\/","url":"https:\/\/www.entreculturas.org\/wp-content\/uploads\/2025\/10\/ESP.svg","contentUrl":"https:\/\/www.entreculturas.org\/wp-content\/uploads\/2025\/10\/ESP.svg","caption":"Entreculturas"},"image":{"@id":"https:\/\/www.entreculturas.org\/fr\/#\/schema\/logo\/image\/"},"sameAs":["https:\/\/www.facebook.com\/entreculturas","https:\/\/x.com\/Entreculturas","https:\/\/www.instagram.com\/entreculturas\/","https:\/\/www.youtube.com\/user\/entreculturasvideo","https:\/\/www.linkedin.com\/company\/fundacion-entreculturas-ngdo\/","https:\/\/www.flickr.com\/photos\/98455522@N04\/albums\/"]}]}},"_links":{"self":[{"href":"https:\/\/www.entreculturas.org\/fr\/wp-json\/wp\/v2\/noticia\/45190","targetHints":{"allow":["GET"]}}],"collection":[{"href":"https:\/\/www.entreculturas.org\/fr\/wp-json\/wp\/v2\/noticia"}],"about":[{"href":"https:\/\/www.entreculturas.org\/fr\/wp-json\/wp\/v2\/types\/noticia"}],"wp:featuredmedia":[{"embeddable":true,"href":"https:\/\/www.entreculturas.org\/fr\/wp-json\/wp\/v2\/media\/45192"}],"wp:attachment":[{"href":"https:\/\/www.entreculturas.org\/fr\/wp-json\/wp\/v2\/media?parent=45190"}],"wp:term":[{"taxonomy":"category","embeddable":true,"href":"https:\/\/www.entreculturas.org\/fr\/wp-json\/wp\/v2\/categories?post=45190"},{"taxonomy":"post_tag","embeddable":true,"href":"https:\/\/www.entreculturas.org\/fr\/wp-json\/wp\/v2\/tags?post=45190"},{"taxonomy":"country","embeddable":true,"href":"https:\/\/www.entreculturas.org\/fr\/wp-json\/wp\/v2\/country?post=45190"},{"taxonomy":"cause","embeddable":true,"href":"https:\/\/www.entreculturas.org\/fr\/wp-json\/wp\/v2\/cause?post=45190"}],"curies":[{"name":"wp","href":"https:\/\/api.w.org\/{rel}","templated":true}]}}