{"id":45158,"date":"2025-12-05T11:39:51","date_gmt":"2025-12-05T10:39:51","guid":{"rendered":"https:\/\/www.entreculturas.org\/?post_type=noticia&#038;p=45158"},"modified":"2025-12-05T11:42:05","modified_gmt":"2025-12-05T10:42:05","slug":"educacion-y-resiliencia-en-haiti-voces-desde-fe-y-alegria","status":"publish","type":"noticia","link":"https:\/\/www.entreculturas.org\/fr\/noticia\/educacion-y-resiliencia-en-haiti-voces-desde-fe-y-alegria\/","title":{"rendered":"Educaci\u00f3n y resiliencia en Hait\u00ed: voces desde Fe y Alegr\u00eda"},"content":{"rendered":"\n<p>Hait\u00ed atraviesa una situaci\u00f3n profundamente compleja marcada por la inseguridad, la violencia armada y la inestabilidad pol\u00edtica. Esta realidad afecta de manera directa a la vida cotidiana: desplazamientos forzados, limitaciones en la movilidad, interrupciones de los servicios y un clima de incertidumbre que influye en todos los \u00e1mbitos, incluida la educaci\u00f3n. Sin embargo, junto a estas dificultades conviven la resistencia de las comunidades, el esfuerzo por mantener la vida y la b\u00fasqueda cotidiana de esperanza.<\/p>\n\n\n\n<p>En este escenario, la presencia educativa y comunitaria de Fe y Alegr\u00eda desde 2004 se convierte en un punto de apoyo fundamental para miles de familias. Para comprender mejor la situaci\u00f3n que atraviesa el pa\u00eds, conversamos con <strong>Mar\u00e9us Touss\u00e9liat, S.J.<\/strong>, Director de Fe y Alegr\u00eda Hait\u00ed, y con <strong>Stanley Charles, S.J.<\/strong>, Superior de los jesuitas en el pa\u00eds, quienes nos cuentan c\u00f3mo se sostiene la educaci\u00f3n en medio de esta coyuntura.<\/p>\n\n\n\n<h2 class=\"wp-block-heading\" id=\"h-la-vida-cotidiana-en-un-pais-que-resiste\"><strong>La vida cotidiana en un pa\u00eds que resiste<\/strong><\/h2>\n\n\n\n<p>La crisis que vive Hait\u00ed afecta de manera distinta seg\u00fan el territorio, pero su impacto se siente en todo el pa\u00eds. Stanley Charles, S.J., resume la situaci\u00f3n de forma directa: \u201c<strong>La poblaci\u00f3n est\u00e1 viviendo una situaci\u00f3n muy dif\u00edcil<\/strong>\u201d. Entre los aspectos m\u00e1s cr\u00edticos, se\u00f1ala la imposibilidad de desplazarse sin riesgo: \u201c<strong>Las rutas est\u00e1n bloqueadas por los bandidos\u2026 no pueden circular libremente en el pa\u00eds<\/strong>\u201d.<\/p>\n\n\n\n<p>Mar\u00e9us Touss\u00e9liat, S.J., coincide en que los hechos de Puerto Pr\u00edncipe marcan el ritmo de la vida en los dem\u00e1s departamentos: \u201c<strong>Puerto Pr\u00edncipe tiene su impacto sobre los otros departamentos\u2026 es la realidad<\/strong>\u201d. Aun as\u00ed, subraya que no todo se reduce a la violencia: \u201c<strong>Siempre tenemos la esperanza\u2026 debemos ir m\u00e1s adelante<\/strong>\u201d .<\/p>\n\n\n\n<p>Sus palabras permiten entender que, pese a la dureza del momento, la vida cotidiana sigue adelante gracias al compromiso de las comunidades, que contin\u00faan trabajando, organiz\u00e1ndose y sosteniendo espacios de convivencia.<\/p>\n\n\n\n<h2 class=\"wp-block-heading\" id=\"h-la-educacion-como-refugio-y-posibilidad\"><strong>La educaci\u00f3n como refugio y posibilidad<\/strong><\/h2>\n\n\n\n<p>En este contexto, la misi\u00f3n educativa de Fe y Alegr\u00eda adquiere un valor particular. Sus escuelas funcionan como lugares de estabilidad y relaci\u00f3n, donde el alumnado puede aprender, convivir y sentirse protegido. Como explica Stanley Charles, S.J.: \u201c<strong>En medio del caos, la escuela sigue siendo uno de los pocos lugares donde la vida puede organizarse y dignificarse<\/strong>\u201d .<\/p>\n\n\n\n<figure class=\"wp-block-image aligncenter size-large is-resized\"><img decoding=\"async\" width=\"1024\" height=\"616\" src=\"https:\/\/www.entreculturas.org\/wp-content\/uploads\/2025\/12\/C0003.MP4.23_10_53_17-1024x616.jpg\" alt=\"Educaci\u00f3n y resiliencia en Hait\u00ed 3\" class=\"wp-image-45167\" style=\"aspect-ratio:1.7777777777777777;object-fit:cover;width:850px;height:auto\" srcset=\"https:\/\/www.entreculturas.org\/wp-content\/uploads\/2025\/12\/C0003.MP4.23_10_53_17-1024x616.jpg 1024w, https:\/\/www.entreculturas.org\/wp-content\/uploads\/2025\/12\/C0003.MP4.23_10_53_17-300x180.jpg 300w, https:\/\/www.entreculturas.org\/wp-content\/uploads\/2025\/12\/C0003.MP4.23_10_53_17-768x462.jpg 768w, https:\/\/www.entreculturas.org\/wp-content\/uploads\/2025\/12\/C0003.MP4.23_10_53_17.jpg 1186w\" sizes=\"(max-width: 1024px) 100vw, 1024px\" \/><figcaption class=\"wp-element-caption\"> <strong>Stanley Charles, S.J.<\/strong>, Superior de los jesuitas en el pa\u00eds<\/figcaption><\/figure>\n\n\n\n<p>Fe y Alegr\u00eda acompa\u00f1a actualmente a \u201c<strong>16 escuelas y un centro de formaci\u00f3n t\u00e9cnica<\/strong>\u201d , ubicados en zonas rurales y periurbanas que dependen casi por completo de estos espacios educativos. La labor incluye \u201c<strong>acompa\u00f1ar al nivel pedag\u00f3gico, t\u00e9cnico y formativo<\/strong>\u201d, as\u00ed como fortalecer la gesti\u00f3n educativa y la relaci\u00f3n con las familias.<\/p>\n\n\n\n<p>Esta tarea se convierte en una garant\u00eda para la continuidad educativa en un pa\u00eds donde el acceso a la escuela puede verse interrumpido de un d\u00eda para otro. Para muchos ni\u00f1os, ni\u00f1as y j\u00f3venes, asistir a clase no solo significa aprender, sino mantener un espacio seguro y previsible en un entorno altamente incierto.<\/p>\n\n\n\n<h2 class=\"wp-block-heading\" id=\"h-una-esperanza-que-se-mantiene-viva\"><strong>Una esperanza que se mantiene viva<\/strong><\/h2>\n\n\n\n<p>Pese a la adversidad, las voces de quienes acompa\u00f1an estos procesos coinciden en se\u00f1alar la fuerza del pueblo haitiano. \u201c<strong>El alma que lucha es un buen luchador<\/strong>\u201d, afirma Mar\u00e9us Touss\u00e9liat, S.J. , una frase que refleja el esp\u00edritu de resiliencia que caracteriza a las comunidades. Tambi\u00e9n reconoce un deseo profundo de reconstrucci\u00f3n: \u201c<strong>Se ve en la cara de la gente ese deseo de volver y construir alg\u00fan d\u00eda<\/strong>\u201d.<\/p>\n\n\n\n<figure class=\"wp-block-image aligncenter size-large is-resized\"><img decoding=\"async\" width=\"1024\" height=\"683\" src=\"https:\/\/www.entreculturas.org\/wp-content\/uploads\/2025\/12\/DSC03703.JPG-1024x683.jpg\" alt=\"Educaci\u00f3n y resiliencia en Hait\u00ed 2\" class=\"wp-image-45160\" style=\"aspect-ratio:1.7777777777777777;object-fit:cover;width:843px;height:auto\" srcset=\"https:\/\/www.entreculturas.org\/wp-content\/uploads\/2025\/12\/DSC03703.JPG-1024x683.jpg 1024w, https:\/\/www.entreculturas.org\/wp-content\/uploads\/2025\/12\/DSC03703.JPG-300x200.jpg 300w, https:\/\/www.entreculturas.org\/wp-content\/uploads\/2025\/12\/DSC03703.JPG-768x512.jpg 768w, https:\/\/www.entreculturas.org\/wp-content\/uploads\/2025\/12\/DSC03703.JPG.jpg 1500w\" sizes=\"(max-width: 1024px) 100vw, 1024px\" \/><figcaption class=\"wp-element-caption\"><strong>Mar\u00e9us Touss\u00e9liat, S.J.<\/strong>, Director de Fe y Alegr\u00eda Hait\u00ed<\/figcaption><\/figure>\n\n\n\n<p>Por su parte, Stanley Charles, S.J., subraya que esta esperanza no es ingenua, sino un motor social: \u201c<strong>El pueblo haitiano siempre tiene esperanza en un futuro mejor<\/strong>\u201d. En medio de la incertidumbre, estos testimonios revelan una convicci\u00f3n compartida: la educaci\u00f3n sigue siendo un camino posible hacia la estabilidad y el futuro.<\/p>\n\n\n\n<h2 class=\"wp-block-heading\" id=\"h-un-trabajo-en-red-que-se-fortalece-desde-entreculturas\"><strong>Un trabajo en red que se fortalece desde Entreculturas<\/strong><\/h2>\n\n\n\n<p>La labor educativa en Hait\u00ed se sostiene gracias al trabajo conjunto entre Fe y Alegr\u00eda y organizaciones aliadas. Stanley Charles, S.J., lo expresa con claridad: \u201c<strong>Fe y Alegr\u00eda Hait\u00ed y Entreculturas en Espa\u00f1a son dos aliados muy importantes, el trabajo que hace Entreculturas es muy valioso<\/strong>\u201d .<\/p>\n\n\n\n<p>Desde Entreculturas, apoyamos estos procesos fortaleciendo la labor pedag\u00f3gica, promoviendo entornos de protecci\u00f3n y acompa\u00f1ando la continuidad educativa en un contexto especialmente desafiante. Nuestro compromiso es seguir impulsando espacios donde los ni\u00f1os, ni\u00f1as y j\u00f3venes puedan aprender, crecer y construir sus proyectos de vida, incluso en medio de la adversidad.<\/p>\n","protected":false},"excerpt":{"rendered":"<p>Hait\u00ed atraviesa una situaci\u00f3n profundamente compleja marcada por la inseguridad, la violencia armada y la inestabilidad pol\u00edtica. Esta realidad afecta de manera directa a la vida cotidiana: desplazamientos forzados, limitaciones en la movilidad, interrupciones de los servicios y un clima de incertidumbre que influye en todos los \u00e1mbitos, incluida la educaci\u00f3n. Sin embargo, junto a estas dificultades conviven la resistencia de las comunidades, el esfuerzo por mantener la vida y la b\u00fasqueda cotidiana de esperanza. En este escenario, la presencia educativa y comunitaria de Fe y Alegr\u00eda desde 2004 se convierte en un punto de apoyo fundamental para miles de familias. Para comprender mejor la situaci\u00f3n que atraviesa el pa\u00eds, conversamos con Mar\u00e9us Touss\u00e9liat, S.J., Director de Fe y Alegr\u00eda Hait\u00ed, y con Stanley Charles, S.J., Superior de los jesuitas en el pa\u00eds, quienes nos cuentan c\u00f3mo se sostiene la educaci\u00f3n en medio de esta coyuntura. La vida cotidiana en [&hellip;]<\/p>\n","protected":false},"featured_media":45171,"template":"","meta":{"_acf_changed":false},"categories":[7],"tags":[289],"country":[],"cause":[128],"class_list":["post-45158","noticia","type-noticia","status-publish","has-post-thumbnail","hentry","category-noticia","tag-educacion","cause-educacion"],"acf":[],"yoast_head":"<!-- This site is optimized with the Yoast SEO Premium plugin v21.6 (Yoast SEO v27.5) - https:\/\/yoast.com\/product\/yoast-seo-premium-wordpress\/ -->\n<title>Educaci\u00f3n y resiliencia en Hait\u00ed: voces desde Fe y Alegr\u00eda - Entreculturas<\/title>\n<meta name=\"description\" content=\"Fe y Alegr\u00eda Hait\u00ed mantiene su misi\u00f3n educativa en un pa\u00eds en crisis. Voces locales explican c\u00f3mo la escuela sigue siendo un espacio de esperanza.\" \/>\n<meta name=\"robots\" content=\"index, follow, max-snippet:-1, max-image-preview:large, max-video-preview:-1\" \/>\n<link rel=\"canonical\" href=\"https:\/\/www.entreculturas.org\/fr\/noticia\/educacion-y-resiliencia-en-haiti-voces-desde-fe-y-alegria\/\" \/>\n<meta property=\"og:locale\" content=\"fr_FR\" \/>\n<meta property=\"og:type\" content=\"article\" \/>\n<meta property=\"og:title\" content=\"Educaci\u00f3n y resiliencia en Hait\u00ed: voces desde Fe y Alegr\u00eda\" \/>\n<meta property=\"og:description\" content=\"Fe y Alegr\u00eda Hait\u00ed mantiene su misi\u00f3n educativa en un pa\u00eds en crisis. Voces locales explican c\u00f3mo la escuela sigue siendo un espacio de esperanza.\" \/>\n<meta property=\"og:url\" content=\"https:\/\/www.entreculturas.org\/fr\/noticia\/educacion-y-resiliencia-en-haiti-voces-desde-fe-y-alegria\/\" \/>\n<meta property=\"og:site_name\" content=\"Entreculturas\" \/>\n<meta property=\"article:publisher\" content=\"https:\/\/www.facebook.com\/entreculturas\" \/>\n<meta property=\"article:modified_time\" content=\"2025-12-05T10:42:05+00:00\" \/>\n<meta property=\"og:image\" content=\"https:\/\/www.entreculturas.org\/wp-content\/uploads\/2025\/12\/IMG_2949.JPG.jpg\" \/>\n\t<meta property=\"og:image:width\" content=\"1551\" \/>\n\t<meta property=\"og:image:height\" content=\"675\" \/>\n\t<meta property=\"og:image:type\" content=\"image\/jpeg\" \/>\n<meta name=\"twitter:card\" content=\"summary_large_image\" \/>\n<meta name=\"twitter:site\" content=\"@Entreculturas\" \/>\n<script type=\"application\/ld+json\" class=\"yoast-schema-graph\">{\"@context\":\"https:\\\/\\\/schema.org\",\"@graph\":[{\"@type\":\"WebPage\",\"@id\":\"https:\\\/\\\/www.entreculturas.org\\\/fr\\\/noticia\\\/educacion-y-resiliencia-en-haiti-voces-desde-fe-y-alegria\\\/\",\"url\":\"https:\\\/\\\/www.entreculturas.org\\\/fr\\\/noticia\\\/educacion-y-resiliencia-en-haiti-voces-desde-fe-y-alegria\\\/\",\"name\":\"Educaci\u00f3n y resiliencia en Hait\u00ed: voces desde Fe y Alegr\u00eda - Entreculturas\",\"isPartOf\":{\"@id\":\"https:\\\/\\\/www.entreculturas.org\\\/fr\\\/#website\"},\"primaryImageOfPage\":{\"@id\":\"https:\\\/\\\/www.entreculturas.org\\\/fr\\\/noticia\\\/educacion-y-resiliencia-en-haiti-voces-desde-fe-y-alegria\\\/#primaryimage\"},\"image\":{\"@id\":\"https:\\\/\\\/www.entreculturas.org\\\/fr\\\/noticia\\\/educacion-y-resiliencia-en-haiti-voces-desde-fe-y-alegria\\\/#primaryimage\"},\"thumbnailUrl\":\"https:\\\/\\\/www.entreculturas.org\\\/wp-content\\\/uploads\\\/2025\\\/12\\\/IMG_2949.JPG.jpg\",\"datePublished\":\"2025-12-05T10:39:51+00:00\",\"dateModified\":\"2025-12-05T10:42:05+00:00\",\"description\":\"Fe y Alegr\u00eda Hait\u00ed mantiene su misi\u00f3n educativa en un pa\u00eds en crisis. Voces locales explican c\u00f3mo la escuela sigue siendo un espacio de esperanza.\",\"breadcrumb\":{\"@id\":\"https:\\\/\\\/www.entreculturas.org\\\/fr\\\/noticia\\\/educacion-y-resiliencia-en-haiti-voces-desde-fe-y-alegria\\\/#breadcrumb\"},\"inLanguage\":\"fr-FR\",\"potentialAction\":[{\"@type\":\"ReadAction\",\"target\":[\"https:\\\/\\\/www.entreculturas.org\\\/fr\\\/noticia\\\/educacion-y-resiliencia-en-haiti-voces-desde-fe-y-alegria\\\/\"]}]},{\"@type\":\"ImageObject\",\"inLanguage\":\"fr-FR\",\"@id\":\"https:\\\/\\\/www.entreculturas.org\\\/fr\\\/noticia\\\/educacion-y-resiliencia-en-haiti-voces-desde-fe-y-alegria\\\/#primaryimage\",\"url\":\"https:\\\/\\\/www.entreculturas.org\\\/wp-content\\\/uploads\\\/2025\\\/12\\\/IMG_2949.JPG.jpg\",\"contentUrl\":\"https:\\\/\\\/www.entreculturas.org\\\/wp-content\\\/uploads\\\/2025\\\/12\\\/IMG_2949.JPG.jpg\",\"width\":1551,\"height\":675,\"caption\":\"Educaci\u00f3n y resiliencia en Hait\u00ed\"},{\"@type\":\"BreadcrumbList\",\"@id\":\"https:\\\/\\\/www.entreculturas.org\\\/fr\\\/noticia\\\/educacion-y-resiliencia-en-haiti-voces-desde-fe-y-alegria\\\/#breadcrumb\",\"itemListElement\":[{\"@type\":\"ListItem\",\"position\":1,\"name\":\"Home\",\"item\":\"https:\\\/\\\/www.entreculturas.org\\\/fr\\\/\"},{\"@type\":\"ListItem\",\"position\":2,\"name\":\"Noticias\",\"item\":\"https:\\\/\\\/www.entreculturas.org\\\/fr\\\/noticias\\\/\"},{\"@type\":\"ListItem\",\"position\":3,\"name\":\"Educaci\u00f3n y resiliencia en Hait\u00ed: voces desde Fe y Alegr\u00eda\"}]},{\"@type\":\"WebSite\",\"@id\":\"https:\\\/\\\/www.entreculturas.org\\\/fr\\\/#website\",\"url\":\"https:\\\/\\\/www.entreculturas.org\\\/fr\\\/\",\"name\":\"Entreculturas\",\"description\":\"\",\"publisher\":{\"@id\":\"https:\\\/\\\/www.entreculturas.org\\\/fr\\\/#organization\"},\"alternateName\":\"Entreculturas\",\"potentialAction\":[{\"@type\":\"SearchAction\",\"target\":{\"@type\":\"EntryPoint\",\"urlTemplate\":\"https:\\\/\\\/www.entreculturas.org\\\/fr\\\/?s={search_term_string}\"},\"query-input\":{\"@type\":\"PropertyValueSpecification\",\"valueRequired\":true,\"valueName\":\"search_term_string\"}}],\"inLanguage\":\"fr-FR\"},{\"@type\":\"Organization\",\"@id\":\"https:\\\/\\\/www.entreculturas.org\\\/fr\\\/#organization\",\"name\":\"Entreculturas\",\"url\":\"https:\\\/\\\/www.entreculturas.org\\\/fr\\\/\",\"logo\":{\"@type\":\"ImageObject\",\"inLanguage\":\"fr-FR\",\"@id\":\"https:\\\/\\\/www.entreculturas.org\\\/fr\\\/#\\\/schema\\\/logo\\\/image\\\/\",\"url\":\"https:\\\/\\\/www.entreculturas.org\\\/wp-content\\\/uploads\\\/2025\\\/10\\\/ESP.svg\",\"contentUrl\":\"https:\\\/\\\/www.entreculturas.org\\\/wp-content\\\/uploads\\\/2025\\\/10\\\/ESP.svg\",\"caption\":\"Entreculturas\"},\"image\":{\"@id\":\"https:\\\/\\\/www.entreculturas.org\\\/fr\\\/#\\\/schema\\\/logo\\\/image\\\/\"},\"sameAs\":[\"https:\\\/\\\/www.facebook.com\\\/entreculturas\",\"https:\\\/\\\/x.com\\\/Entreculturas\",\"https:\\\/\\\/www.instagram.com\\\/entreculturas\\\/\",\"https:\\\/\\\/www.youtube.com\\\/user\\\/entreculturasvideo\",\"https:\\\/\\\/www.linkedin.com\\\/company\\\/fundacion-entreculturas-ngdo\\\/\",\"https:\\\/\\\/www.flickr.com\\\/photos\\\/98455522@N04\\\/albums\\\/\"]}]}<\/script>\n<!-- \/ Yoast SEO Premium plugin. -->","yoast_head_json":{"title":"Educaci\u00f3n y resiliencia en Hait\u00ed: voces desde Fe y Alegr\u00eda - Entreculturas","description":"Fe y Alegr\u00eda Hait\u00ed mantiene su misi\u00f3n educativa en un pa\u00eds en crisis. Voces locales explican c\u00f3mo la escuela sigue siendo un espacio de esperanza.","robots":{"index":"index","follow":"follow","max-snippet":"max-snippet:-1","max-image-preview":"max-image-preview:large","max-video-preview":"max-video-preview:-1"},"canonical":"https:\/\/www.entreculturas.org\/fr\/noticia\/educacion-y-resiliencia-en-haiti-voces-desde-fe-y-alegria\/","og_locale":"fr_FR","og_type":"article","og_title":"Educaci\u00f3n y resiliencia en Hait\u00ed: voces desde Fe y Alegr\u00eda","og_description":"Fe y Alegr\u00eda Hait\u00ed mantiene su misi\u00f3n educativa en un pa\u00eds en crisis. Voces locales explican c\u00f3mo la escuela sigue siendo un espacio de esperanza.","og_url":"https:\/\/www.entreculturas.org\/fr\/noticia\/educacion-y-resiliencia-en-haiti-voces-desde-fe-y-alegria\/","og_site_name":"Entreculturas","article_publisher":"https:\/\/www.facebook.com\/entreculturas","article_modified_time":"2025-12-05T10:42:05+00:00","og_image":[{"width":1551,"height":675,"url":"https:\/\/www.entreculturas.org\/wp-content\/uploads\/2025\/12\/IMG_2949.JPG.jpg","type":"image\/jpeg"}],"twitter_card":"summary_large_image","twitter_site":"@Entreculturas","schema":{"@context":"https:\/\/schema.org","@graph":[{"@type":"WebPage","@id":"https:\/\/www.entreculturas.org\/fr\/noticia\/educacion-y-resiliencia-en-haiti-voces-desde-fe-y-alegria\/","url":"https:\/\/www.entreculturas.org\/fr\/noticia\/educacion-y-resiliencia-en-haiti-voces-desde-fe-y-alegria\/","name":"Educaci\u00f3n y resiliencia en Hait\u00ed: voces desde Fe y Alegr\u00eda - Entreculturas","isPartOf":{"@id":"https:\/\/www.entreculturas.org\/fr\/#website"},"primaryImageOfPage":{"@id":"https:\/\/www.entreculturas.org\/fr\/noticia\/educacion-y-resiliencia-en-haiti-voces-desde-fe-y-alegria\/#primaryimage"},"image":{"@id":"https:\/\/www.entreculturas.org\/fr\/noticia\/educacion-y-resiliencia-en-haiti-voces-desde-fe-y-alegria\/#primaryimage"},"thumbnailUrl":"https:\/\/www.entreculturas.org\/wp-content\/uploads\/2025\/12\/IMG_2949.JPG.jpg","datePublished":"2025-12-05T10:39:51+00:00","dateModified":"2025-12-05T10:42:05+00:00","description":"Fe y Alegr\u00eda Hait\u00ed mantiene su misi\u00f3n educativa en un pa\u00eds en crisis. Voces locales explican c\u00f3mo la escuela sigue siendo un espacio de esperanza.","breadcrumb":{"@id":"https:\/\/www.entreculturas.org\/fr\/noticia\/educacion-y-resiliencia-en-haiti-voces-desde-fe-y-alegria\/#breadcrumb"},"inLanguage":"fr-FR","potentialAction":[{"@type":"ReadAction","target":["https:\/\/www.entreculturas.org\/fr\/noticia\/educacion-y-resiliencia-en-haiti-voces-desde-fe-y-alegria\/"]}]},{"@type":"ImageObject","inLanguage":"fr-FR","@id":"https:\/\/www.entreculturas.org\/fr\/noticia\/educacion-y-resiliencia-en-haiti-voces-desde-fe-y-alegria\/#primaryimage","url":"https:\/\/www.entreculturas.org\/wp-content\/uploads\/2025\/12\/IMG_2949.JPG.jpg","contentUrl":"https:\/\/www.entreculturas.org\/wp-content\/uploads\/2025\/12\/IMG_2949.JPG.jpg","width":1551,"height":675,"caption":"Educaci\u00f3n y resiliencia en Hait\u00ed"},{"@type":"BreadcrumbList","@id":"https:\/\/www.entreculturas.org\/fr\/noticia\/educacion-y-resiliencia-en-haiti-voces-desde-fe-y-alegria\/#breadcrumb","itemListElement":[{"@type":"ListItem","position":1,"name":"Home","item":"https:\/\/www.entreculturas.org\/fr\/"},{"@type":"ListItem","position":2,"name":"Noticias","item":"https:\/\/www.entreculturas.org\/fr\/noticias\/"},{"@type":"ListItem","position":3,"name":"Educaci\u00f3n y resiliencia en Hait\u00ed: voces desde Fe y Alegr\u00eda"}]},{"@type":"WebSite","@id":"https:\/\/www.entreculturas.org\/fr\/#website","url":"https:\/\/www.entreculturas.org\/fr\/","name":"Entreculturas","description":"","publisher":{"@id":"https:\/\/www.entreculturas.org\/fr\/#organization"},"alternateName":"Entreculturas","potentialAction":[{"@type":"SearchAction","target":{"@type":"EntryPoint","urlTemplate":"https:\/\/www.entreculturas.org\/fr\/?s={search_term_string}"},"query-input":{"@type":"PropertyValueSpecification","valueRequired":true,"valueName":"search_term_string"}}],"inLanguage":"fr-FR"},{"@type":"Organization","@id":"https:\/\/www.entreculturas.org\/fr\/#organization","name":"Entreculturas","url":"https:\/\/www.entreculturas.org\/fr\/","logo":{"@type":"ImageObject","inLanguage":"fr-FR","@id":"https:\/\/www.entreculturas.org\/fr\/#\/schema\/logo\/image\/","url":"https:\/\/www.entreculturas.org\/wp-content\/uploads\/2025\/10\/ESP.svg","contentUrl":"https:\/\/www.entreculturas.org\/wp-content\/uploads\/2025\/10\/ESP.svg","caption":"Entreculturas"},"image":{"@id":"https:\/\/www.entreculturas.org\/fr\/#\/schema\/logo\/image\/"},"sameAs":["https:\/\/www.facebook.com\/entreculturas","https:\/\/x.com\/Entreculturas","https:\/\/www.instagram.com\/entreculturas\/","https:\/\/www.youtube.com\/user\/entreculturasvideo","https:\/\/www.linkedin.com\/company\/fundacion-entreculturas-ngdo\/","https:\/\/www.flickr.com\/photos\/98455522@N04\/albums\/"]}]}},"_links":{"self":[{"href":"https:\/\/www.entreculturas.org\/fr\/wp-json\/wp\/v2\/noticia\/45158","targetHints":{"allow":["GET"]}}],"collection":[{"href":"https:\/\/www.entreculturas.org\/fr\/wp-json\/wp\/v2\/noticia"}],"about":[{"href":"https:\/\/www.entreculturas.org\/fr\/wp-json\/wp\/v2\/types\/noticia"}],"wp:featuredmedia":[{"embeddable":true,"href":"https:\/\/www.entreculturas.org\/fr\/wp-json\/wp\/v2\/media\/45171"}],"wp:attachment":[{"href":"https:\/\/www.entreculturas.org\/fr\/wp-json\/wp\/v2\/media?parent=45158"}],"wp:term":[{"taxonomy":"category","embeddable":true,"href":"https:\/\/www.entreculturas.org\/fr\/wp-json\/wp\/v2\/categories?post=45158"},{"taxonomy":"post_tag","embeddable":true,"href":"https:\/\/www.entreculturas.org\/fr\/wp-json\/wp\/v2\/tags?post=45158"},{"taxonomy":"country","embeddable":true,"href":"https:\/\/www.entreculturas.org\/fr\/wp-json\/wp\/v2\/country?post=45158"},{"taxonomy":"cause","embeddable":true,"href":"https:\/\/www.entreculturas.org\/fr\/wp-json\/wp\/v2\/cause?post=45158"}],"curies":[{"name":"wp","href":"https:\/\/api.w.org\/{rel}","templated":true}]}}