{"id":4507,"date":"2020-04-20T09:50:50","date_gmt":"2020-04-20T09:50:50","guid":{"rendered":"https:\/\/entreculturasi.wpenginepowered.com\/?noticias=ante-la-crisis-global-del-covid-19-cooperacion-mundial-y-cuidado-del-medio-ambiente"},"modified":"2024-03-06T15:41:31","modified_gmt":"2024-03-06T14:41:31","slug":"ante-la-crisis-global-del-covid-19-cooperacion-mundial-y-cuidado-del-medio-ambiente","status":"publish","type":"noticia","link":"https:\/\/www.entreculturas.org\/fr\/noticia\/ante-la-crisis-global-del-covid-19-cooperacion-mundial-y-cuidado-del-medio-ambiente\/","title":{"rendered":"Ante la crisis global del Covid-19: cooperaci\u00f3n mundial y cuidado del medio ambiente"},"content":{"rendered":"<p>La pandemia del coronavirus ha hecho que seamos m\u00e1s conscientes de la fragilidad y vulnerabilidad humanas. En estos momentos de crisis, las instituciones que integramos \u201cEnl\u00e1zate por la Justicia\u201d <strong>transmitimos nuestro aliento a las familias que han sufrido la p\u00e9rdida de seres queridos y todas aquellas que a\u00fan se encuentran luchando en los hospitales<\/strong> y nos solidarizamos con su dolor. Agradecemos a todos los profesionales y voluntarios que trabajan para salir de esta situaci\u00f3n, a los que garantizan los servicios esenciales y a todas las personas que hoy, a\u00fan en estado de alarma, permanecen de manera responsable en sus casas.<\/p>\n<p><strong>Nos parec\u00eda estar a salvo de todas las noticias negativas:<\/strong> guerras, hambre, cat\u00e1strofes naturales, incluso las epidemias, las sufr\u00edan siempre otras personas gracias a unos medios econ\u00f3micos y t\u00e9cnicos que nos ayudaban a resolver todos los problemas. Tal y como nos ha recordado el Papa recientemente \u201cno nos hemos despertado ante guerras e injusticias del mundo, no hemos escuchado el grito de los pobres y de nuestro planeta gravemente enfermo. Hemos continuado imperturbables, pensando en mantenernos siempre sanos en un mundo enfermo\u201d.&nbsp;<\/p>\n<p><strong>Esta crisis ha acentuado el valor de la vida humana<\/strong>, estremeci\u00e9ndonos ante cada cifra de fallecidos y <strong>haci\u00e9ndonos conscientes del cuidado que necesitan aquellas personas que son m\u00e1s vulnerables<\/strong>. Intuimos que un sentimiento de hermanamiento universal ha recorrido todo el planeta y deseamos que este confinamiento temporal haya supuesto un verdadero cambio en nuestras vidas y en nuestra percepci\u00f3n del mundo y que por fin seamos conscientes de que somos una \u00fanica familia humana conviviendo en un \u00fanico planeta.<br \/>Esta pandemia universal ha hecho que resuene en nosotros con m\u00e1s fuerza que nunca el mensaje de Laudato si\u00b4 y de Querida Amazon\u00eda \u201cTodo est\u00e1 conectado\u201d: As\u00ed como los distintos componentes del planeta \u2013f\u00edsicos, qu\u00edmicos y biol\u00f3gicos\u2013 est\u00e1n relacionados entre s\u00ed, tambi\u00e9n las especies vivas conforman una red que nunca terminamos de reconocer y comprender (LS 138).&nbsp;<\/p>\n<\/p>\n<p>Estamos experimentando en esta crisis nuestra <strong>fragilidad, interconexi\u00f3n e interdependencia<\/strong>. El sufrimiento que hoy nos afecta a unas personas, ma\u00f1ana afectar\u00e1 a otras y, por ello, tambi\u00e9n debemos compartir los conocimientos, recursos y medios para reforzar los lazos de cooperaci\u00f3n universal que manifiestan la fortaleza de nuestra conexi\u00f3n. El resurgimiento de unos pa\u00edses debe ser esperanza futura para otros si ejercemos la solidaridad.<\/p>\n<p><span style=\"color:#FF0000\"><strong>Vulneraci\u00f3n de derechos<\/strong><\/span><br \/>Ante nuestros hospitales saturados, podemos experimentar vagamente lo que en otros pa\u00edses se vive a diario: morir de enfermedades por no tener m\u00e9dicos, medicinas o condiciones higi\u00e9nicas suficientes. Cuando hemos temido no encontrar alimento en los supermercados, hemos podido intuir la situaci\u00f3n de otras personas que diariamente no tienen el alimento necesario.<\/p>\n<p><strong>Necesitamos promover el estado de derecho, instituciones eficaces y transparentes y proteger las libertades fundamentales para salir con bien de la crisis del COVID-19<\/strong>. Por eso denunciamos que las medidas adoptadas por los Estados en la atenci\u00f3n y contenci\u00f3n del virus generan situaciones propicias a los gobiernos para vulnerar derechos y libertades sociales e individuales fundamentales y eludir la necesaria transparencia y rendici\u00f3n de cuentas.&nbsp;<\/p>\n<p><strong>Nos preocupa la gesti\u00f3n de la emergencia en numerosos pa\u00edses<\/strong> para garantizar el confinamiento, que al mismo tiempo est\u00e1 sirviendo para la represi\u00f3n y el control del territorio. Nos preocupa la <strong>inseguridad y violaci\u00f3n de los derechos humanos de las personas migrantes<\/strong> sometidos a una mayor contenci\u00f3n migratoria y el rechazo provocado por el miedo al contagio, la falta de garant\u00eda de una seguridad alimentaria, la falta de control sobre la especulaci\u00f3n con los precios de los alimentos b\u00e1sicos y el desabastecimiento, as\u00ed como la violencia social que provocar\u00e1 la incapacidad del confinamiento de los sectores que necesitan un ingreso diario.<\/p>\n<p>No queremos que nuestra propia experiencia del COVID-19 nos impida mirar y trabajar contra los estragos que la pandemia ya est\u00e1 causando en los pa\u00edses empobrecidos, que viven en \u201cestado de alarma\u201d casi permanente. <strong>La crisis del coronavirus pone de manifiesto las desigualdades entre pa\u00edses<\/strong> y hoy m\u00e1s que nunca somos conscientes de que hay cosas que no se pueden someter a la l\u00f3gica del mercado: el valor de la vida humana, la protecci\u00f3n de todo ser humano, la universalidad de la sanidad y el cuidado de las personas m\u00e1s vulnerables y del planeta.<\/p>\n<p><span style=\"color:#FF0000\"><strong>Cooperaci\u00f3n y medio ambiente<\/strong><\/span><br \/><strong>Desde \u201cEnl\u00e1zate por la Justicia\u201d no queremos que esta crisis y estado de alarma pongan en segundo plano la Emergencia Clim\u00e1tica que vivimos <\/strong>y que se retroceda en los t\u00edmidos pasos que gobiernos e instituciones nacionales e internacionales estaban dando para proteger el planeta de su deterioro y su efecto en las personas. Un da\u00f1o causado, casi siempre, por modos injustos e insostenibles de comprender la econom\u00eda, el bienestar y el crecimiento.&nbsp;&nbsp;<\/p>\n<p>Debemos seguir apostando por una <strong>ecolog\u00eda integral<\/strong>, que entiende la preservaci\u00f3n del planeta como parte intr\u00ednseca de nuestra condici\u00f3n humana. Necesitamos perseverar en la defensa del planeta y las iniciativas puestas en marcha por la Uni\u00f3n Europea como el<strong> Green Deal <\/strong>o a nivel estatal con la pr\u00f3xima <strong>Ley de Cambio Clim\u00e1tico y Transici\u00f3n Energ\u00e9tica<\/strong>.<br \/>Tenemos que intensificar nuestros esfuerzos individuales y comunitarios, nacionales e internacionales, para lograr un desarrollo sostenible cuidando no dejar a nadie atr\u00e1s y perseverar en alcanzar los objetivos de desarrollo sostenible de la agenda 2030.&nbsp;<\/p>\n<p>Desde \u201cEnl\u00e1zate por la Justicia\u201d nos unimos al papa Francisco para solicitar a los gobernantes de la Uni\u00f3n Europea y del resto del mundo soluciones creativas ante esta crisis; como la <strong>condonaci\u00f3n de la Deuda Externa<\/strong> de los pa\u00edses empobrecidos altamente endeudados, el <strong>cese de los conflictos armados <\/strong>y del comercio de armas y la propuesta del <strong>salario universal.<\/strong><br \/>Las organizaciones que formamos esta alianza y desarrollamos la campa\u00f1a \u201cSi cuidas el planeta, combates la pobreza\u201d, renovamos nuestro compromiso por trabajar con m\u00e1s ah\u00ednco en la justicia universal, en la atenci\u00f3n a las personas m\u00e1s vulnerables, en la cooperaci\u00f3n mundial, en la defensa de los derechos humanos, en el desarrollo sostenible y en el cuidado de nuestro planeta para afrontar la crisis del sistema que nos ha planteado el Covid-19.<\/p>\n<p>&nbsp;<\/p>\n","protected":false},"excerpt":{"rendered":"<p>Desde la campa\u00f1a \u201cSi cuidas el planeta, combates la pobreza\u201d, renovamos nuestro compromiso por trabajar con m\u00e1s ah\u00ednco en la justicia universal, en la atenci\u00f3n a las personas m\u00e1s vulnerables, en la cooperaci\u00f3n mundial, en la defensa de los derechos humanos, en el desarrollo sostenible y en el cuidado de nuestro planeta para afrontar la crisis del sistema que nos ha planteado el Covid-19.<\/p>\n","protected":false},"featured_media":4505,"template":"single-noticia","meta":{"_acf_changed":false},"categories":[7],"tags":[256],"country":[],"cause":[131],"class_list":["post-4507","noticia","type-noticia","status-publish","has-post-thumbnail","hentry","category-noticia","tag-justicia-socioambiental","cause-justicia-medioambiental"],"acf":[],"yoast_head":"<!-- This site is optimized with the Yoast SEO Premium plugin v21.6 (Yoast SEO v27.5) - https:\/\/yoast.com\/product\/yoast-seo-premium-wordpress\/ -->\n<title>Ante la crisis global del Covid-19: cooperaci\u00f3n mundial y cuidado del medio ambiente - Entreculturas<\/title>\n<meta name=\"robots\" content=\"index, follow, max-snippet:-1, max-image-preview:large, max-video-preview:-1\" \/>\n<link rel=\"canonical\" href=\"https:\/\/www.entreculturas.org\/fr\/noticia\/ante-la-crisis-global-del-covid-19-cooperacion-mundial-y-cuidado-del-medio-ambiente\/\" \/>\n<meta property=\"og:locale\" content=\"fr_FR\" \/>\n<meta property=\"og:type\" content=\"article\" \/>\n<meta property=\"og:title\" content=\"Ante la crisis global del Covid-19: cooperaci\u00f3n mundial y cuidado del medio ambiente\" \/>\n<meta property=\"og:description\" content=\"Desde la campa\u00f1a \u201cSi cuidas el planeta, combates la pobreza\u201d, renovamos nuestro compromiso por trabajar con m\u00e1s ah\u00ednco en la justicia universal, en la atenci\u00f3n a las personas m\u00e1s vulnerables, en la cooperaci\u00f3n mundial, en la defensa de los derechos humanos, en el desarrollo sostenible y en el cuidado de nuestro planeta para afrontar la crisis del sistema que nos ha planteado el Covid-19.\" \/>\n<meta property=\"og:url\" content=\"https:\/\/www.entreculturas.org\/fr\/noticia\/ante-la-crisis-global-del-covid-19-cooperacion-mundial-y-cuidado-del-medio-ambiente\/\" \/>\n<meta property=\"og:site_name\" content=\"Entreculturas\" \/>\n<meta property=\"article:publisher\" content=\"https:\/\/www.facebook.com\/entreculturas\" \/>\n<meta property=\"article:modified_time\" content=\"2024-03-06T14:41:31+00:00\" \/>\n<meta property=\"og:image\" content=\"https:\/\/www.entreculturas.org\/wp-content\/uploads\/2020\/04\/etiopia-segi-naturaleza-tierra.jpg\" \/>\n\t<meta property=\"og:image:width\" content=\"800\" \/>\n\t<meta property=\"og:image:height\" content=\"800\" \/>\n\t<meta property=\"og:image:type\" content=\"image\/jpeg\" \/>\n<meta name=\"twitter:card\" content=\"summary_large_image\" \/>\n<meta name=\"twitter:site\" content=\"@Entreculturas\" \/>\n<script type=\"application\/ld+json\" class=\"yoast-schema-graph\">{\"@context\":\"https:\\\/\\\/schema.org\",\"@graph\":[{\"@type\":\"WebPage\",\"@id\":\"https:\\\/\\\/www.entreculturas.org\\\/fr\\\/noticia\\\/ante-la-crisis-global-del-covid-19-cooperacion-mundial-y-cuidado-del-medio-ambiente\\\/\",\"url\":\"https:\\\/\\\/www.entreculturas.org\\\/fr\\\/noticia\\\/ante-la-crisis-global-del-covid-19-cooperacion-mundial-y-cuidado-del-medio-ambiente\\\/\",\"name\":\"Ante la crisis global del Covid-19: cooperaci\u00f3n mundial y cuidado del medio ambiente - Entreculturas\",\"isPartOf\":{\"@id\":\"https:\\\/\\\/www.entreculturas.org\\\/fr\\\/#website\"},\"primaryImageOfPage\":{\"@id\":\"https:\\\/\\\/www.entreculturas.org\\\/fr\\\/noticia\\\/ante-la-crisis-global-del-covid-19-cooperacion-mundial-y-cuidado-del-medio-ambiente\\\/#primaryimage\"},\"image\":{\"@id\":\"https:\\\/\\\/www.entreculturas.org\\\/fr\\\/noticia\\\/ante-la-crisis-global-del-covid-19-cooperacion-mundial-y-cuidado-del-medio-ambiente\\\/#primaryimage\"},\"thumbnailUrl\":\"https:\\\/\\\/www.entreculturas.org\\\/wp-content\\\/uploads\\\/2020\\\/04\\\/etiopia-segi-naturaleza-tierra.jpg\",\"datePublished\":\"2020-04-20T09:50:50+00:00\",\"dateModified\":\"2024-03-06T14:41:31+00:00\",\"breadcrumb\":{\"@id\":\"https:\\\/\\\/www.entreculturas.org\\\/fr\\\/noticia\\\/ante-la-crisis-global-del-covid-19-cooperacion-mundial-y-cuidado-del-medio-ambiente\\\/#breadcrumb\"},\"inLanguage\":\"fr-FR\",\"potentialAction\":[{\"@type\":\"ReadAction\",\"target\":[\"https:\\\/\\\/www.entreculturas.org\\\/fr\\\/noticia\\\/ante-la-crisis-global-del-covid-19-cooperacion-mundial-y-cuidado-del-medio-ambiente\\\/\"]}]},{\"@type\":\"ImageObject\",\"inLanguage\":\"fr-FR\",\"@id\":\"https:\\\/\\\/www.entreculturas.org\\\/fr\\\/noticia\\\/ante-la-crisis-global-del-covid-19-cooperacion-mundial-y-cuidado-del-medio-ambiente\\\/#primaryimage\",\"url\":\"https:\\\/\\\/www.entreculturas.org\\\/wp-content\\\/uploads\\\/2020\\\/04\\\/etiopia-segi-naturaleza-tierra.jpg\",\"contentUrl\":\"https:\\\/\\\/www.entreculturas.org\\\/wp-content\\\/uploads\\\/2020\\\/04\\\/etiopia-segi-naturaleza-tierra.jpg\",\"width\":800,\"height\":800},{\"@type\":\"BreadcrumbList\",\"@id\":\"https:\\\/\\\/www.entreculturas.org\\\/fr\\\/noticia\\\/ante-la-crisis-global-del-covid-19-cooperacion-mundial-y-cuidado-del-medio-ambiente\\\/#breadcrumb\",\"itemListElement\":[{\"@type\":\"ListItem\",\"position\":1,\"name\":\"Home\",\"item\":\"https:\\\/\\\/www.entreculturas.org\\\/fr\\\/\"},{\"@type\":\"ListItem\",\"position\":2,\"name\":\"Noticias\",\"item\":\"https:\\\/\\\/www.entreculturas.org\\\/fr\\\/noticias\\\/\"},{\"@type\":\"ListItem\",\"position\":3,\"name\":\"Ante la crisis global del Covid-19: cooperaci\u00f3n mundial y cuidado del medio ambiente\"}]},{\"@type\":\"WebSite\",\"@id\":\"https:\\\/\\\/www.entreculturas.org\\\/fr\\\/#website\",\"url\":\"https:\\\/\\\/www.entreculturas.org\\\/fr\\\/\",\"name\":\"Entreculturas\",\"description\":\"\",\"publisher\":{\"@id\":\"https:\\\/\\\/www.entreculturas.org\\\/fr\\\/#organization\"},\"alternateName\":\"Entreculturas\",\"potentialAction\":[{\"@type\":\"SearchAction\",\"target\":{\"@type\":\"EntryPoint\",\"urlTemplate\":\"https:\\\/\\\/www.entreculturas.org\\\/fr\\\/?s={search_term_string}\"},\"query-input\":{\"@type\":\"PropertyValueSpecification\",\"valueRequired\":true,\"valueName\":\"search_term_string\"}}],\"inLanguage\":\"fr-FR\"},{\"@type\":\"Organization\",\"@id\":\"https:\\\/\\\/www.entreculturas.org\\\/fr\\\/#organization\",\"name\":\"Entreculturas\",\"url\":\"https:\\\/\\\/www.entreculturas.org\\\/fr\\\/\",\"logo\":{\"@type\":\"ImageObject\",\"inLanguage\":\"fr-FR\",\"@id\":\"https:\\\/\\\/www.entreculturas.org\\\/fr\\\/#\\\/schema\\\/logo\\\/image\\\/\",\"url\":\"https:\\\/\\\/www.entreculturas.org\\\/wp-content\\\/uploads\\\/2025\\\/10\\\/ESP.svg\",\"contentUrl\":\"https:\\\/\\\/www.entreculturas.org\\\/wp-content\\\/uploads\\\/2025\\\/10\\\/ESP.svg\",\"caption\":\"Entreculturas\"},\"image\":{\"@id\":\"https:\\\/\\\/www.entreculturas.org\\\/fr\\\/#\\\/schema\\\/logo\\\/image\\\/\"},\"sameAs\":[\"https:\\\/\\\/www.facebook.com\\\/entreculturas\",\"https:\\\/\\\/x.com\\\/Entreculturas\",\"https:\\\/\\\/www.instagram.com\\\/entreculturas\\\/\",\"https:\\\/\\\/www.youtube.com\\\/user\\\/entreculturasvideo\",\"https:\\\/\\\/www.linkedin.com\\\/company\\\/fundacion-entreculturas-ngdo\\\/\",\"https:\\\/\\\/www.flickr.com\\\/photos\\\/98455522@N04\\\/albums\\\/\"]}]}<\/script>\n<!-- \/ Yoast SEO Premium plugin. -->","yoast_head_json":{"title":"Ante la crisis global del Covid-19: cooperaci\u00f3n mundial y cuidado del medio ambiente - Entreculturas","robots":{"index":"index","follow":"follow","max-snippet":"max-snippet:-1","max-image-preview":"max-image-preview:large","max-video-preview":"max-video-preview:-1"},"canonical":"https:\/\/www.entreculturas.org\/fr\/noticia\/ante-la-crisis-global-del-covid-19-cooperacion-mundial-y-cuidado-del-medio-ambiente\/","og_locale":"fr_FR","og_type":"article","og_title":"Ante la crisis global del Covid-19: cooperaci\u00f3n mundial y cuidado del medio ambiente","og_description":"Desde la campa\u00f1a \u201cSi cuidas el planeta, combates la pobreza\u201d, renovamos nuestro compromiso por trabajar con m\u00e1s ah\u00ednco en la justicia universal, en la atenci\u00f3n a las personas m\u00e1s vulnerables, en la cooperaci\u00f3n mundial, en la defensa de los derechos humanos, en el desarrollo sostenible y en el cuidado de nuestro planeta para afrontar la crisis del sistema que nos ha planteado el Covid-19.","og_url":"https:\/\/www.entreculturas.org\/fr\/noticia\/ante-la-crisis-global-del-covid-19-cooperacion-mundial-y-cuidado-del-medio-ambiente\/","og_site_name":"Entreculturas","article_publisher":"https:\/\/www.facebook.com\/entreculturas","article_modified_time":"2024-03-06T14:41:31+00:00","og_image":[{"width":800,"height":800,"url":"https:\/\/www.entreculturas.org\/wp-content\/uploads\/2020\/04\/etiopia-segi-naturaleza-tierra.jpg","type":"image\/jpeg"}],"twitter_card":"summary_large_image","twitter_site":"@Entreculturas","schema":{"@context":"https:\/\/schema.org","@graph":[{"@type":"WebPage","@id":"https:\/\/www.entreculturas.org\/fr\/noticia\/ante-la-crisis-global-del-covid-19-cooperacion-mundial-y-cuidado-del-medio-ambiente\/","url":"https:\/\/www.entreculturas.org\/fr\/noticia\/ante-la-crisis-global-del-covid-19-cooperacion-mundial-y-cuidado-del-medio-ambiente\/","name":"Ante la crisis global del Covid-19: cooperaci\u00f3n mundial y cuidado del medio ambiente - Entreculturas","isPartOf":{"@id":"https:\/\/www.entreculturas.org\/fr\/#website"},"primaryImageOfPage":{"@id":"https:\/\/www.entreculturas.org\/fr\/noticia\/ante-la-crisis-global-del-covid-19-cooperacion-mundial-y-cuidado-del-medio-ambiente\/#primaryimage"},"image":{"@id":"https:\/\/www.entreculturas.org\/fr\/noticia\/ante-la-crisis-global-del-covid-19-cooperacion-mundial-y-cuidado-del-medio-ambiente\/#primaryimage"},"thumbnailUrl":"https:\/\/www.entreculturas.org\/wp-content\/uploads\/2020\/04\/etiopia-segi-naturaleza-tierra.jpg","datePublished":"2020-04-20T09:50:50+00:00","dateModified":"2024-03-06T14:41:31+00:00","breadcrumb":{"@id":"https:\/\/www.entreculturas.org\/fr\/noticia\/ante-la-crisis-global-del-covid-19-cooperacion-mundial-y-cuidado-del-medio-ambiente\/#breadcrumb"},"inLanguage":"fr-FR","potentialAction":[{"@type":"ReadAction","target":["https:\/\/www.entreculturas.org\/fr\/noticia\/ante-la-crisis-global-del-covid-19-cooperacion-mundial-y-cuidado-del-medio-ambiente\/"]}]},{"@type":"ImageObject","inLanguage":"fr-FR","@id":"https:\/\/www.entreculturas.org\/fr\/noticia\/ante-la-crisis-global-del-covid-19-cooperacion-mundial-y-cuidado-del-medio-ambiente\/#primaryimage","url":"https:\/\/www.entreculturas.org\/wp-content\/uploads\/2020\/04\/etiopia-segi-naturaleza-tierra.jpg","contentUrl":"https:\/\/www.entreculturas.org\/wp-content\/uploads\/2020\/04\/etiopia-segi-naturaleza-tierra.jpg","width":800,"height":800},{"@type":"BreadcrumbList","@id":"https:\/\/www.entreculturas.org\/fr\/noticia\/ante-la-crisis-global-del-covid-19-cooperacion-mundial-y-cuidado-del-medio-ambiente\/#breadcrumb","itemListElement":[{"@type":"ListItem","position":1,"name":"Home","item":"https:\/\/www.entreculturas.org\/fr\/"},{"@type":"ListItem","position":2,"name":"Noticias","item":"https:\/\/www.entreculturas.org\/fr\/noticias\/"},{"@type":"ListItem","position":3,"name":"Ante la crisis global del Covid-19: cooperaci\u00f3n mundial y cuidado del medio ambiente"}]},{"@type":"WebSite","@id":"https:\/\/www.entreculturas.org\/fr\/#website","url":"https:\/\/www.entreculturas.org\/fr\/","name":"Entreculturas","description":"","publisher":{"@id":"https:\/\/www.entreculturas.org\/fr\/#organization"},"alternateName":"Entreculturas","potentialAction":[{"@type":"SearchAction","target":{"@type":"EntryPoint","urlTemplate":"https:\/\/www.entreculturas.org\/fr\/?s={search_term_string}"},"query-input":{"@type":"PropertyValueSpecification","valueRequired":true,"valueName":"search_term_string"}}],"inLanguage":"fr-FR"},{"@type":"Organization","@id":"https:\/\/www.entreculturas.org\/fr\/#organization","name":"Entreculturas","url":"https:\/\/www.entreculturas.org\/fr\/","logo":{"@type":"ImageObject","inLanguage":"fr-FR","@id":"https:\/\/www.entreculturas.org\/fr\/#\/schema\/logo\/image\/","url":"https:\/\/www.entreculturas.org\/wp-content\/uploads\/2025\/10\/ESP.svg","contentUrl":"https:\/\/www.entreculturas.org\/wp-content\/uploads\/2025\/10\/ESP.svg","caption":"Entreculturas"},"image":{"@id":"https:\/\/www.entreculturas.org\/fr\/#\/schema\/logo\/image\/"},"sameAs":["https:\/\/www.facebook.com\/entreculturas","https:\/\/x.com\/Entreculturas","https:\/\/www.instagram.com\/entreculturas\/","https:\/\/www.youtube.com\/user\/entreculturasvideo","https:\/\/www.linkedin.com\/company\/fundacion-entreculturas-ngdo\/","https:\/\/www.flickr.com\/photos\/98455522@N04\/albums\/"]}]}},"_links":{"self":[{"href":"https:\/\/www.entreculturas.org\/fr\/wp-json\/wp\/v2\/noticia\/4507","targetHints":{"allow":["GET"]}}],"collection":[{"href":"https:\/\/www.entreculturas.org\/fr\/wp-json\/wp\/v2\/noticia"}],"about":[{"href":"https:\/\/www.entreculturas.org\/fr\/wp-json\/wp\/v2\/types\/noticia"}],"wp:featuredmedia":[{"embeddable":true,"href":"https:\/\/www.entreculturas.org\/fr\/wp-json\/wp\/v2\/media\/4505"}],"wp:attachment":[{"href":"https:\/\/www.entreculturas.org\/fr\/wp-json\/wp\/v2\/media?parent=4507"}],"wp:term":[{"taxonomy":"category","embeddable":true,"href":"https:\/\/www.entreculturas.org\/fr\/wp-json\/wp\/v2\/categories?post=4507"},{"taxonomy":"post_tag","embeddable":true,"href":"https:\/\/www.entreculturas.org\/fr\/wp-json\/wp\/v2\/tags?post=4507"},{"taxonomy":"country","embeddable":true,"href":"https:\/\/www.entreculturas.org\/fr\/wp-json\/wp\/v2\/country?post=4507"},{"taxonomy":"cause","embeddable":true,"href":"https:\/\/www.entreculturas.org\/fr\/wp-json\/wp\/v2\/cause?post=4507"}],"curies":[{"name":"wp","href":"https:\/\/api.w.org\/{rel}","templated":true}]}}