{"id":4428,"date":"2020-03-25T09:52:46","date_gmt":"2020-03-25T09:52:46","guid":{"rendered":"https:\/\/entreculturasi.wpenginepowered.com\/?noticias=ana-digna-lider-de-la-red-juvenil-de-fe-y-alegria-dominicana"},"modified":"2024-03-14T15:14:11","modified_gmt":"2024-03-14T14:14:11","slug":"ana-digna-lider-de-la-red-juvenil-de-fe-y-alegria-dominicana","status":"publish","type":"noticia","link":"https:\/\/www.entreculturas.org\/fr\/noticia\/ana-digna-lider-de-la-red-juvenil-de-fe-y-alegria-dominicana\/","title":{"rendered":"Ana Digna. L\u00edder de la Red Juvenil de Fe y Alegr\u00eda Dominicana"},"content":{"rendered":"<p dir=\"ltr\" style=\"margin-top: 0pt;margin-bottom: 10pt;line-height: 1.38;text-align: justify\">\n<p dir=\"ltr\" style=\"margin-top: 0pt;margin-bottom: 10pt;line-height: 1.38;text-align: justify\"><strong>Mi nombre es&nbsp; Ana Digna Castillo. Tengo 15 a\u00f1os, soy de la Rep\u00fablica Dominicana y actualmente soy l\u00edder de la Red juvenil de Fe y Alegr\u00eda Dominicana.&nbsp;<\/strong>Al ingresar al centro educativo donde estoy actualmente, de Fe y Alegr\u00eda, me propusieron ser parte de esta Red. Me contaron en qu\u00e9 consiste y me encant\u00f3 la idea de que una joven pueda decidir sobre las problem\u00e1ticas que afectan a su comunidad.<\/p>\n<p dir=\"ltr\" style=\"margin-top: 0pt;margin-bottom: 10pt;line-height: 1.38;text-align: justify\">Otra de las cosas que me motiv\u00f3 para entrar a formar parte de esta Red es la idea de que yo, como joven, pueda cambiar mi contexto.&nbsp;<strong>Formar parte de la Red me ha ayudado sobre todo en el \u00e1mbito personal,<\/strong>&nbsp;ya que me desarrolla como persona y, m\u00e1s que eso, me ayuda a ser una&nbsp; l\u00edder y una referencia para poder motivar a otros j\u00f3venes y ayudar a incidir en las problem\u00e1ticas que les afectan.<\/p>\n<p dir=\"ltr\" style=\"margin-top: 0pt;margin-bottom: 10pt;line-height: 1.38;text-align: justify\">Los principales problemas que actualmente est\u00e1n afectando a mi comunidad son la desigualdad de g\u00e9nero y el cuidado y respeto por el medio ambiente. Como joven estoy situada en un lugar vulnerable, puesto que en mi pa\u00eds ocurren muchos feminicidios. Y en ello estamos trabajando, creando conciencia entre los y las j\u00f3venes.<\/p>\n<p dir=\"ltr\" style=\"margin-top: 0pt;margin-bottom: 10pt;line-height: 1.38;text-align: justify\"><strong>De todo este proceso he aprendido que podemos transformar nuestras realidades a trav\u00e9s de la Red primero form\u00e1ndonos, moviliz\u00e1ndonos y luego sensibilizando a la comunidad.<\/strong>&nbsp; Les recomiendo a los otros j\u00f3venes que, aunque sientan que lo que hacen no est\u00e1 dando resultado, no se desanimen. Porque al igual que ellos y ellas, hay otros j\u00f3venes que est\u00e1n pasando por situaciones similares y se est\u00e1n movilizando para hacer lo que ellos hacen y, con el tiempo, van a comenzar a ver los resultados<\/p>\n","protected":false},"excerpt":{"rendered":"<p>\u00ab\u00a0Mi nombre es  Ana Digna Castillo. Tengo 15 a\u00f1os, soy de la Rep\u00fablica Dominicana y actualmente soy l\u00edder de la Red juvenil de Fe y Alegr\u00eda Dominicana. Formar parte de la Red me ha ayudado sobre todo en el \u00e1mbito personal, ya que me desarrolla como persona y, m\u00e1s que eso, me ayuda a ser una  l\u00edder y una referencia para poder motivar a otros j\u00f3venes y ayudar a incidir en las problem\u00e1ticas que les afectan\u00a0\u00bb.<\/p>\n","protected":false},"featured_media":4425,"template":"single-noticia","meta":{"_acf_changed":false},"categories":[7],"tags":[8],"country":[143],"cause":[132],"class_list":["post-4428","noticia","type-noticia","status-publish","has-post-thumbnail","hentry","category-noticia","tag-participacion-y-ciudadania-global","country-republica-dominicana","cause-participacion-y-ciudadania-global"],"acf":[],"yoast_head":"<!-- This site is optimized with the Yoast SEO Premium plugin v21.6 (Yoast SEO v27.5) - https:\/\/yoast.com\/product\/yoast-seo-premium-wordpress\/ -->\n<title>Ana Digna. L\u00edder de la Red Juvenil de Fe y Alegr\u00eda Dominicana - Entreculturas<\/title>\n<meta name=\"robots\" content=\"index, follow, max-snippet:-1, max-image-preview:large, max-video-preview:-1\" \/>\n<link rel=\"canonical\" href=\"https:\/\/www.entreculturas.org\/fr\/noticia\/ana-digna-lider-de-la-red-juvenil-de-fe-y-alegria-dominicana\/\" \/>\n<meta property=\"og:locale\" content=\"fr_FR\" \/>\n<meta property=\"og:type\" content=\"article\" \/>\n<meta property=\"og:title\" content=\"Ana Digna. L\u00edder de la Red Juvenil de Fe y Alegr\u00eda Dominicana\" \/>\n<meta property=\"og:description\" content=\"&quot;Mi nombre es Ana Digna Castillo. Tengo 15 a\u00f1os, soy de la Rep\u00fablica Dominicana y actualmente soy l\u00edder de la Red juvenil de Fe y Alegr\u00eda Dominicana. Formar parte de la Red me ha ayudado sobre todo en el \u00e1mbito personal, ya que me desarrolla como persona y, m\u00e1s que eso, me ayuda a ser una l\u00edder y una referencia para poder motivar a otros j\u00f3venes y ayudar a incidir en las problem\u00e1ticas que les afectan&quot;.\" \/>\n<meta property=\"og:url\" content=\"https:\/\/www.entreculturas.org\/fr\/noticia\/ana-digna-lider-de-la-red-juvenil-de-fe-y-alegria-dominicana\/\" \/>\n<meta property=\"og:site_name\" content=\"Entreculturas\" \/>\n<meta property=\"article:publisher\" content=\"https:\/\/www.facebook.com\/entreculturas\" \/>\n<meta property=\"article:modified_time\" content=\"2024-03-14T14:14:11+00:00\" \/>\n<meta property=\"og:image\" content=\"https:\/\/www.entreculturas.org\/wp-content\/uploads\/2020\/03\/captura_de_pantalla_2020-03-25_a_las_10.44.35.png\" \/>\n\t<meta property=\"og:image:width\" content=\"680\" \/>\n\t<meta property=\"og:image:height\" content=\"460\" \/>\n\t<meta property=\"og:image:type\" content=\"image\/png\" \/>\n<meta name=\"twitter:card\" content=\"summary_large_image\" \/>\n<meta name=\"twitter:site\" content=\"@Entreculturas\" \/>\n<script type=\"application\/ld+json\" class=\"yoast-schema-graph\">{\"@context\":\"https:\\\/\\\/schema.org\",\"@graph\":[{\"@type\":\"WebPage\",\"@id\":\"https:\\\/\\\/www.entreculturas.org\\\/fr\\\/noticia\\\/ana-digna-lider-de-la-red-juvenil-de-fe-y-alegria-dominicana\\\/\",\"url\":\"https:\\\/\\\/www.entreculturas.org\\\/fr\\\/noticia\\\/ana-digna-lider-de-la-red-juvenil-de-fe-y-alegria-dominicana\\\/\",\"name\":\"Ana Digna. L\u00edder de la Red Juvenil de Fe y Alegr\u00eda Dominicana - Entreculturas\",\"isPartOf\":{\"@id\":\"https:\\\/\\\/www.entreculturas.org\\\/fr\\\/#website\"},\"primaryImageOfPage\":{\"@id\":\"https:\\\/\\\/www.entreculturas.org\\\/fr\\\/noticia\\\/ana-digna-lider-de-la-red-juvenil-de-fe-y-alegria-dominicana\\\/#primaryimage\"},\"image\":{\"@id\":\"https:\\\/\\\/www.entreculturas.org\\\/fr\\\/noticia\\\/ana-digna-lider-de-la-red-juvenil-de-fe-y-alegria-dominicana\\\/#primaryimage\"},\"thumbnailUrl\":\"https:\\\/\\\/www.entreculturas.org\\\/wp-content\\\/uploads\\\/2020\\\/03\\\/captura_de_pantalla_2020-03-25_a_las_10.44.35.png\",\"datePublished\":\"2020-03-25T09:52:46+00:00\",\"dateModified\":\"2024-03-14T14:14:11+00:00\",\"breadcrumb\":{\"@id\":\"https:\\\/\\\/www.entreculturas.org\\\/fr\\\/noticia\\\/ana-digna-lider-de-la-red-juvenil-de-fe-y-alegria-dominicana\\\/#breadcrumb\"},\"inLanguage\":\"fr-FR\",\"potentialAction\":[{\"@type\":\"ReadAction\",\"target\":[\"https:\\\/\\\/www.entreculturas.org\\\/fr\\\/noticia\\\/ana-digna-lider-de-la-red-juvenil-de-fe-y-alegria-dominicana\\\/\"]}]},{\"@type\":\"ImageObject\",\"inLanguage\":\"fr-FR\",\"@id\":\"https:\\\/\\\/www.entreculturas.org\\\/fr\\\/noticia\\\/ana-digna-lider-de-la-red-juvenil-de-fe-y-alegria-dominicana\\\/#primaryimage\",\"url\":\"https:\\\/\\\/www.entreculturas.org\\\/wp-content\\\/uploads\\\/2020\\\/03\\\/captura_de_pantalla_2020-03-25_a_las_10.44.35.png\",\"contentUrl\":\"https:\\\/\\\/www.entreculturas.org\\\/wp-content\\\/uploads\\\/2020\\\/03\\\/captura_de_pantalla_2020-03-25_a_las_10.44.35.png\",\"width\":680,\"height\":460},{\"@type\":\"BreadcrumbList\",\"@id\":\"https:\\\/\\\/www.entreculturas.org\\\/fr\\\/noticia\\\/ana-digna-lider-de-la-red-juvenil-de-fe-y-alegria-dominicana\\\/#breadcrumb\",\"itemListElement\":[{\"@type\":\"ListItem\",\"position\":1,\"name\":\"Home\",\"item\":\"https:\\\/\\\/www.entreculturas.org\\\/fr\\\/\"},{\"@type\":\"ListItem\",\"position\":2,\"name\":\"Noticias\",\"item\":\"https:\\\/\\\/www.entreculturas.org\\\/fr\\\/noticias\\\/\"},{\"@type\":\"ListItem\",\"position\":3,\"name\":\"Ana Digna. L\u00edder de la Red Juvenil de Fe y Alegr\u00eda Dominicana\"}]},{\"@type\":\"WebSite\",\"@id\":\"https:\\\/\\\/www.entreculturas.org\\\/fr\\\/#website\",\"url\":\"https:\\\/\\\/www.entreculturas.org\\\/fr\\\/\",\"name\":\"Entreculturas\",\"description\":\"\",\"publisher\":{\"@id\":\"https:\\\/\\\/www.entreculturas.org\\\/fr\\\/#organization\"},\"alternateName\":\"Entreculturas\",\"potentialAction\":[{\"@type\":\"SearchAction\",\"target\":{\"@type\":\"EntryPoint\",\"urlTemplate\":\"https:\\\/\\\/www.entreculturas.org\\\/fr\\\/?s={search_term_string}\"},\"query-input\":{\"@type\":\"PropertyValueSpecification\",\"valueRequired\":true,\"valueName\":\"search_term_string\"}}],\"inLanguage\":\"fr-FR\"},{\"@type\":\"Organization\",\"@id\":\"https:\\\/\\\/www.entreculturas.org\\\/fr\\\/#organization\",\"name\":\"Entreculturas\",\"url\":\"https:\\\/\\\/www.entreculturas.org\\\/fr\\\/\",\"logo\":{\"@type\":\"ImageObject\",\"inLanguage\":\"fr-FR\",\"@id\":\"https:\\\/\\\/www.entreculturas.org\\\/fr\\\/#\\\/schema\\\/logo\\\/image\\\/\",\"url\":\"https:\\\/\\\/www.entreculturas.org\\\/wp-content\\\/uploads\\\/2025\\\/10\\\/ESP.svg\",\"contentUrl\":\"https:\\\/\\\/www.entreculturas.org\\\/wp-content\\\/uploads\\\/2025\\\/10\\\/ESP.svg\",\"caption\":\"Entreculturas\"},\"image\":{\"@id\":\"https:\\\/\\\/www.entreculturas.org\\\/fr\\\/#\\\/schema\\\/logo\\\/image\\\/\"},\"sameAs\":[\"https:\\\/\\\/www.facebook.com\\\/entreculturas\",\"https:\\\/\\\/x.com\\\/Entreculturas\",\"https:\\\/\\\/www.instagram.com\\\/entreculturas\\\/\",\"https:\\\/\\\/www.youtube.com\\\/user\\\/entreculturasvideo\",\"https:\\\/\\\/www.linkedin.com\\\/company\\\/fundacion-entreculturas-ngdo\\\/\",\"https:\\\/\\\/www.flickr.com\\\/photos\\\/98455522@N04\\\/albums\\\/\"]}]}<\/script>\n<!-- \/ Yoast SEO Premium plugin. -->","yoast_head_json":{"title":"Ana Digna. L\u00edder de la Red Juvenil de Fe y Alegr\u00eda Dominicana - Entreculturas","robots":{"index":"index","follow":"follow","max-snippet":"max-snippet:-1","max-image-preview":"max-image-preview:large","max-video-preview":"max-video-preview:-1"},"canonical":"https:\/\/www.entreculturas.org\/fr\/noticia\/ana-digna-lider-de-la-red-juvenil-de-fe-y-alegria-dominicana\/","og_locale":"fr_FR","og_type":"article","og_title":"Ana Digna. L\u00edder de la Red Juvenil de Fe y Alegr\u00eda Dominicana","og_description":"\"Mi nombre es Ana Digna Castillo. Tengo 15 a\u00f1os, soy de la Rep\u00fablica Dominicana y actualmente soy l\u00edder de la Red juvenil de Fe y Alegr\u00eda Dominicana. Formar parte de la Red me ha ayudado sobre todo en el \u00e1mbito personal, ya que me desarrolla como persona y, m\u00e1s que eso, me ayuda a ser una l\u00edder y una referencia para poder motivar a otros j\u00f3venes y ayudar a incidir en las problem\u00e1ticas que les afectan\".","og_url":"https:\/\/www.entreculturas.org\/fr\/noticia\/ana-digna-lider-de-la-red-juvenil-de-fe-y-alegria-dominicana\/","og_site_name":"Entreculturas","article_publisher":"https:\/\/www.facebook.com\/entreculturas","article_modified_time":"2024-03-14T14:14:11+00:00","og_image":[{"width":680,"height":460,"url":"https:\/\/www.entreculturas.org\/wp-content\/uploads\/2020\/03\/captura_de_pantalla_2020-03-25_a_las_10.44.35.png","type":"image\/png"}],"twitter_card":"summary_large_image","twitter_site":"@Entreculturas","schema":{"@context":"https:\/\/schema.org","@graph":[{"@type":"WebPage","@id":"https:\/\/www.entreculturas.org\/fr\/noticia\/ana-digna-lider-de-la-red-juvenil-de-fe-y-alegria-dominicana\/","url":"https:\/\/www.entreculturas.org\/fr\/noticia\/ana-digna-lider-de-la-red-juvenil-de-fe-y-alegria-dominicana\/","name":"Ana Digna. L\u00edder de la Red Juvenil de Fe y Alegr\u00eda Dominicana - Entreculturas","isPartOf":{"@id":"https:\/\/www.entreculturas.org\/fr\/#website"},"primaryImageOfPage":{"@id":"https:\/\/www.entreculturas.org\/fr\/noticia\/ana-digna-lider-de-la-red-juvenil-de-fe-y-alegria-dominicana\/#primaryimage"},"image":{"@id":"https:\/\/www.entreculturas.org\/fr\/noticia\/ana-digna-lider-de-la-red-juvenil-de-fe-y-alegria-dominicana\/#primaryimage"},"thumbnailUrl":"https:\/\/www.entreculturas.org\/wp-content\/uploads\/2020\/03\/captura_de_pantalla_2020-03-25_a_las_10.44.35.png","datePublished":"2020-03-25T09:52:46+00:00","dateModified":"2024-03-14T14:14:11+00:00","breadcrumb":{"@id":"https:\/\/www.entreculturas.org\/fr\/noticia\/ana-digna-lider-de-la-red-juvenil-de-fe-y-alegria-dominicana\/#breadcrumb"},"inLanguage":"fr-FR","potentialAction":[{"@type":"ReadAction","target":["https:\/\/www.entreculturas.org\/fr\/noticia\/ana-digna-lider-de-la-red-juvenil-de-fe-y-alegria-dominicana\/"]}]},{"@type":"ImageObject","inLanguage":"fr-FR","@id":"https:\/\/www.entreculturas.org\/fr\/noticia\/ana-digna-lider-de-la-red-juvenil-de-fe-y-alegria-dominicana\/#primaryimage","url":"https:\/\/www.entreculturas.org\/wp-content\/uploads\/2020\/03\/captura_de_pantalla_2020-03-25_a_las_10.44.35.png","contentUrl":"https:\/\/www.entreculturas.org\/wp-content\/uploads\/2020\/03\/captura_de_pantalla_2020-03-25_a_las_10.44.35.png","width":680,"height":460},{"@type":"BreadcrumbList","@id":"https:\/\/www.entreculturas.org\/fr\/noticia\/ana-digna-lider-de-la-red-juvenil-de-fe-y-alegria-dominicana\/#breadcrumb","itemListElement":[{"@type":"ListItem","position":1,"name":"Home","item":"https:\/\/www.entreculturas.org\/fr\/"},{"@type":"ListItem","position":2,"name":"Noticias","item":"https:\/\/www.entreculturas.org\/fr\/noticias\/"},{"@type":"ListItem","position":3,"name":"Ana Digna. L\u00edder de la Red Juvenil de Fe y Alegr\u00eda Dominicana"}]},{"@type":"WebSite","@id":"https:\/\/www.entreculturas.org\/fr\/#website","url":"https:\/\/www.entreculturas.org\/fr\/","name":"Entreculturas","description":"","publisher":{"@id":"https:\/\/www.entreculturas.org\/fr\/#organization"},"alternateName":"Entreculturas","potentialAction":[{"@type":"SearchAction","target":{"@type":"EntryPoint","urlTemplate":"https:\/\/www.entreculturas.org\/fr\/?s={search_term_string}"},"query-input":{"@type":"PropertyValueSpecification","valueRequired":true,"valueName":"search_term_string"}}],"inLanguage":"fr-FR"},{"@type":"Organization","@id":"https:\/\/www.entreculturas.org\/fr\/#organization","name":"Entreculturas","url":"https:\/\/www.entreculturas.org\/fr\/","logo":{"@type":"ImageObject","inLanguage":"fr-FR","@id":"https:\/\/www.entreculturas.org\/fr\/#\/schema\/logo\/image\/","url":"https:\/\/www.entreculturas.org\/wp-content\/uploads\/2025\/10\/ESP.svg","contentUrl":"https:\/\/www.entreculturas.org\/wp-content\/uploads\/2025\/10\/ESP.svg","caption":"Entreculturas"},"image":{"@id":"https:\/\/www.entreculturas.org\/fr\/#\/schema\/logo\/image\/"},"sameAs":["https:\/\/www.facebook.com\/entreculturas","https:\/\/x.com\/Entreculturas","https:\/\/www.instagram.com\/entreculturas\/","https:\/\/www.youtube.com\/user\/entreculturasvideo","https:\/\/www.linkedin.com\/company\/fundacion-entreculturas-ngdo\/","https:\/\/www.flickr.com\/photos\/98455522@N04\/albums\/"]}]}},"_links":{"self":[{"href":"https:\/\/www.entreculturas.org\/fr\/wp-json\/wp\/v2\/noticia\/4428","targetHints":{"allow":["GET"]}}],"collection":[{"href":"https:\/\/www.entreculturas.org\/fr\/wp-json\/wp\/v2\/noticia"}],"about":[{"href":"https:\/\/www.entreculturas.org\/fr\/wp-json\/wp\/v2\/types\/noticia"}],"wp:featuredmedia":[{"embeddable":true,"href":"https:\/\/www.entreculturas.org\/fr\/wp-json\/wp\/v2\/media\/4425"}],"wp:attachment":[{"href":"https:\/\/www.entreculturas.org\/fr\/wp-json\/wp\/v2\/media?parent=4428"}],"wp:term":[{"taxonomy":"category","embeddable":true,"href":"https:\/\/www.entreculturas.org\/fr\/wp-json\/wp\/v2\/categories?post=4428"},{"taxonomy":"post_tag","embeddable":true,"href":"https:\/\/www.entreculturas.org\/fr\/wp-json\/wp\/v2\/tags?post=4428"},{"taxonomy":"country","embeddable":true,"href":"https:\/\/www.entreculturas.org\/fr\/wp-json\/wp\/v2\/country?post=4428"},{"taxonomy":"cause","embeddable":true,"href":"https:\/\/www.entreculturas.org\/fr\/wp-json\/wp\/v2\/cause?post=4428"}],"curies":[{"name":"wp","href":"https:\/\/api.w.org\/{rel}","templated":true}]}}