{"id":4320,"date":"2020-02-20T13:52:41","date_gmt":"2020-02-20T13:52:41","guid":{"rendered":"https:\/\/entreculturasi.wpenginepowered.com\/?noticias=se-celebra-con-exito-el-vii-encuentro-global-de-la-red-solidaria-de-jovenes-incidimos-por"},"modified":"2024-03-14T14:59:25","modified_gmt":"2024-03-14T13:59:25","slug":"se-celebra-con-exito-el-vii-encuentro-global-de-la-red-solidaria-de-jovenes-incidimos-por","status":"publish","type":"noticia","link":"https:\/\/www.entreculturas.org\/fr\/noticia\/se-celebra-con-exito-el-vii-encuentro-global-de-la-red-solidaria-de-jovenes-incidimos-por\/","title":{"rendered":"Se celebra con \u00e9xito el VII Encuentro Global de la Red Solidaria de J\u00f3venes: incidimos por un mundo en igualdad"},"content":{"rendered":"<p>Del 13 al 16 de febrero, un total de <strong>285 personas, entre j\u00f3venes, educadoras y educadores, organizaciones invitadas y voluntariado<\/strong>, han participado en el VII Encuentro Global de la Red Solidaria de J\u00f3venes de Entreculturas bajo el lema <strong>\u201cLa igualdad est\u00e1 en tus manos\u201d.<\/strong> Este Encuentro con dimensi\u00f3n internacional se celebra cada dos a\u00f1os para ofrecer una experiencia de participaci\u00f3n y ciudadan\u00eda global a las y los j\u00f3venes, para seguir<strong> incidiendo en la consecuci\u00f3n de un mundo m\u00e1s justo, sostenible e igualitario.&nbsp;<\/strong>Este VII Encuentro ha sido un momento clave para impulsar que los y las j\u00f3venes se sientan parte de una juventud interconectada y global que atesora el suficiente poder para transformar las desigualdades globales que les movilizan. <strong>Jessica Garc\u00eda, Responsable del Departamento de Educaci\u00f3n no formal y Movilizaci\u00f3n de Entreculturas, se\u00f1al\u00f3 que \u201clas y los j\u00f3venes tienen que participar en los espacios de toma de decisiones, las pol\u00edticas les afectan y la mejor forma de aprender a participar es fomentando espacios donde los y las j\u00f3venes puedan organizarse y pasar a la acci\u00f3n\u201d.<\/strong> En todos los momentos de trabajo colectivo, intercambio de experiencias y aprendizaje que se realizaron durante el Encuentro Global, tanto j\u00f3venes como docentes estuvieron participando activamente como agentes de cambio, fortaleciendo sus capacidades para movilizarse e incidir, y construyendo propuestas concretas de incidencia pol\u00edtica y transformaci\u00f3n social.&nbsp;<\/p>\n<p><span style=\"color:#FF0000\"><strong>Una red juvenil que incide en m\u00e1s de 21 pa\u00edses<\/strong><\/span><br \/>En el Encuentro tuvo una fuerte presencia <strong>la Red Generaci\u00f3n 21+<\/strong>, red global de participaci\u00f3n juvenil que articula a m\u00e1s de 21 pa\u00edses, de la cual las y los j\u00f3venes de la Red Solidaria espa\u00f1ola forman parte. Desde el jueves 13 se encontraron j\u00f3venes y docentes de 10 pa\u00edses distintos pertenecientes a esta red global, para seguir fortaleciendo la misi\u00f3n que les define: <strong><em>incidir para transformar.<\/em><\/strong> \u201cEste objetivo es una parte muy importante del Encuentro, y yo creo que<strong> lo hemos logrado, porque incidir es pedir que las estructuras cambien, y creo que si os vais con esa herramienta y sois capaces de llevarla a vuestros sitios, este Encuentro habr\u00e1 cumplido su objetivo\u201d,<\/strong> compart\u00eda Jessica en el Acto de Clausura.&nbsp;<\/p>\n<p><strong>Daniel Villanueva<\/strong>, Vicepresidente Ejecutivo de Entreculturas, explic\u00f3 la apuesta de Entreculturas por la juventud que, con la Red Solidaria de J\u00f3venes, lleva 19 a\u00f1os enlazando a j\u00f3venes y docentes de todo el mundo con el objetivo de crear redes de trabajo para la construcci\u00f3n de una ciudadan\u00eda global y con el objetivo de responder, mediante la acci\u00f3n movilizadora y de incidencia, a los retos de la agenda internacional. \u201cLa verdad es que estar aqu\u00ed hoy con vosotras y con vosotros es como \u201cenchufarse\u201d a una energ\u00eda que te hace <strong>confiar en que realmente la transformaci\u00f3n de este mundo en un lugar m\u00e1s justo, m\u00e1s humano, m\u00e1s solidario, m\u00e1s sostenible, es posible\u201d<\/strong>, se\u00f1al\u00f3 Daniel.&nbsp;<br \/><img decoding=\"async\" alt=\"\" src=\"https:\/\/www.entreculturas.org\/wp-content\/uploads\/2020\/02\/p2150367.jpg\" style=\"width: 900px;height: 675px;border-width: 0px;border-style: solid;margin: 10px\"><span style=\"color:#FF0000\"><strong>Simulando un Foro Mundial de Territorios y Naciones Reunidas<\/strong><\/span><br \/>El Encuentro, que se ha podido seguir a trav\u00e9s del hashtag #7EncuentroGlobal,<strong> simul\u00f3 la celebraci\u00f3n de un Foro Mundial de Territorios y Naciones Reunidas, en el que j\u00f3venes expertas y expertos hab\u00edan sido invitados a abordar las desigualdades y desaf\u00edos globales <\/strong>que vive el Planeta, con la urgencia de saber que nos quedan 10 a\u00f1os para alcanzar la Agenda por la Igualdad y el Desarrollo Sostenible 2030 (poniendo foco en desaf\u00edos como la crisis clim\u00e1tica, desigualdad de g\u00e9nero, migraciones forzosas, derecho a la educaci\u00f3n, desigualdades sociales, violencia y cultura de paz, defensa de los derechos humanos, etc.).&nbsp;<\/p>\n<p>Las y los j\u00f3venes de la Red Solidaria fueron invitados a este Foro para representar a la juventud en este espacio pero, al llegar, se encontraron con que el Foro estaba estructurado de forma que la juventud no pod\u00eda participar realmente, no hab\u00eda en la agenda espacios para escuchar sus voces. Por lo tanto, las y los participantes decidieron, durante el acto de inauguraci\u00f3n de la velada del viernes, tomar de forma pac\u00edfica y propositiva el foro y <strong>convertirlo en un Foro de Juventudes Reunidas para demostrar que la juventud mundial tiene mucho que decir y hacer<\/strong> ante las problem\u00e1ticas globales que les afectan y preocupan, y que quieren participar de forma activa en los espacios de propuestas y de toma de decisiones.&nbsp;<\/p>\n<p><strong>\u201cNuestra participaci\u00f3n debe ser plena. Las decisiones que se van a tomar nos afectan, afectan a nuestro futuro<\/strong>. Tenemos que estar involucradas en ellas y decidir tambi\u00e9n. Nuestra contribuci\u00f3n es igual de importante y necesaria. <strong>Tenemos mucho que decir acerca de c\u00f3mo abordar problemas como la injusticia y la desigualdad en nuestros entornos y en el mundo.<\/strong> Por ello queremos una participaci\u00f3n pol\u00edtica activa y real\u201d, reivindic\u00f3 <strong>Erika Torrescusa<\/strong>, joven participante de la Red Solidaria en Extremadura.&nbsp;<br \/><img decoding=\"async\" alt=\"\" src=\"https:\/\/www.entreculturas.org\/wp-content\/uploads\/2020\/02\/img_20200214_224729-scaled-1.jpg\" style=\"width: 900px;height: 506px;border-width: 0px;border-style: solid;margin: 10px\">Este Encuentro ha sido un ejemplo de participaci\u00f3n significativa para demostrar a los y las j\u00f3venes el poder que tienen para organizarse y generar transformaciones sociales de manera articulada. Durante los talleres de formaci\u00f3n del s\u00e1bado, las y los m\u00e1s de 200 j\u00f3venes elaboraron conjuntamente <strong><a href=\"https:\/\/www.entreculturas.org\/wp-content\/uploads\/2020\/02\/manifiesto_2020_red_generacion21_0.pdf\">un Manifiesto de incidencia desde su posicionamiento como Red Generaci\u00f3n 21+<\/a><\/strong>. \u00c9ste se ha convertido en un documento oficial dirigido a la ciudadan\u00eda e instituciones pol\u00edticas, que recoge todas las propuestas de transformaci\u00f3n social que, seg\u00fan su criterio, tienen que darse para alcanzar un mundo igualitario, justo y sostenible. \u201c<strong>Aqu\u00ed en este Encuentro, se alzan nuestras voces para ser escuchadas. La esperanza nunca se acaba, por eso hoy, proclamamos nuestro Manifiesto\u201d<\/strong> explic\u00f3 Ana Digna, joven de Rep\u00fablica Dominicana participante de la Red Generaci\u00f3n 21+ antes de leer el Manifiesto.&nbsp;<\/p>\n<p><strong>\u201cLos objetivos son importantes, las luchas son importantes, pero no hay nada m\u00e1s importante que nosotros.<\/strong> S\u00ed, nosotros. Yo no s\u00e9 ustedes, pero cuando yo llego aqu\u00ed, me siento bien, me siento feliz, como si nada malo existiera ah\u00ed fuera, como si realmente pudi\u00e9ramos cambiar el mundo\u201d recordaba Erika, joven de Extremadura, durante la lectura del Manifiesto. Desde este posicionamiento y mensaje que lanzan a las instituciones y a la ciudadan\u00eda global, la juventud de la Red Generaci\u00f3n 21+ reivindicaba su portavoc\u00eda y agencia trasladando los siguientes compromisos:<strong> \u201cno conformarnos con las injusticias que les rodean, ser agentes de cambio, movilizarnos desde lo local para incidir en el \u00e1mbito internacional, y empoderar a otras y otros j\u00f3venes\u201d.&nbsp;<\/strong><br \/><img decoding=\"async\" alt=\"\" src=\"https:\/\/www.entreculturas.org\/wp-content\/uploads\/2020\/02\/whatsapp_image_2020-02-20_at_14.44.13.jpeg\" style=\"width: 900px;height: 675px;border-width: 0px;border-style: solid;margin: 10px\">Durante el cierre del Encuentro, Jessica Garc\u00eda anim\u00f3 a las y los j\u00f3venes y al profesorado participante, a seguir encontr\u00e1ndose con el mundo para poder transformarlo. \u201cSe aprende a participar participando. Reuniros, pensar en conjunto, alinear discurso y preocupaciones, indignaciones, pero tambi\u00e9n propuestas. <strong>El mundo necesita de vuestra participaci\u00f3n real, de vuestra implicaci\u00f3n, pasi\u00f3n, convicci\u00f3n, y Entreculturas quiere impulsar vuestra participaci\u00f3n y motivaci\u00f3n para que podamos serviros de trampol\u00edn\u201d.<\/strong><\/p>\n<p><img decoding=\"async\" alt=\"\" src=\"https:\/\/www.entreculturas.org\/wp-content\/uploads\/2020\/02\/p2150708.jpg\" style=\"width: 900px;height: 675px;border-width: 0px;border-style: solid;margin: 10px\"><strong>La implicaci\u00f3n y compromiso activo del profesorado en este Encuentro tambi\u00e9n ha sido un \u00e9xito, demostrando una vez m\u00e1s que su papel de acompa\u00f1ar, inspirar e impulsar el movimiento juvenil es un pilar esencial para hacerlo posible. <\/strong>El mensaje que lanz\u00f3 Ana Segura, docente de la Red Solidaria Valenciana, reivindic\u00f3 que como educadoras y educadores quieren acompa\u00f1ar y participar activamente en las propuestas de la juventud: \u201csabemos que sois totalmente capaces de lograr lo que os propon\u00e9is. <strong>En este Encuentro lo demostr\u00e1is y hac\u00e9is que los educadores nos sintamos muy orgullosos de vosotros. Nos dais esperanza de que el mundo todav\u00eda se puede cambiar\u201d.<\/strong> Al igual que las y los j\u00f3venes, Ana nos record\u00f3 que \u201ceste Manifiesto no puede quedarse aqu\u00ed. El Encuentro no puede quedarse aqu\u00ed. <strong>Tenemos la labor como educadores de empujar esto. De este encuentro nos llevamos compromisos, agendas, que hay que trabajarlas<\/strong>. Tampoco podemos quedarnos solo en la escuela. Nos llevamos muchas personas en el coraz\u00f3n, pero tambi\u00e9n nos llevamos la obligaci\u00f3n de sacar esto adelante. <strong>Somos la red Generaci\u00f3n 21+ y tenemos que hacernos m\u00e1s visibles.<\/strong>\u201d<br \/><img decoding=\"async\" alt=\"\" src=\"https:\/\/www.entreculturas.org\/wp-content\/uploads\/2020\/02\/p1050405-scaled-1.jpg\" style=\"width: 900px;height: 600px;border-width: 0px;border-style: solid;margin: 10px\">Cerrando este emocionante y transformador VII Encuentro Global, <strong>Juan Pablo Rayo<\/strong>, coordinador de la Red Generaci\u00f3n 21+, tambi\u00e9n quiso trasladar a las y los j\u00f3venes un mensaje de esperanza y un sentimiento de pertenencia a una red transformadora: <strong>\u201cLa ciudadan\u00eda no es m\u00e1s que la invitaci\u00f3n a hacernos cargo de la realidad, de esta realidad que nos ha tocado. Se construye y se recrea del encuentro, en el di\u00e1logo constructivo, en la acci\u00f3n comprometida.<\/strong> Somos caminantes, porque somos potencia transformadora. Cuando estamos juntos, cuando nos conformamos como colectivo capaz de sentir, pensar, actuar, organizar y comunicar, comunicar esas otras alternativas.\u201d<\/p>\n<p>El Encuentro finaliz\u00f3 con un <strong>llamamiento a que las y los j\u00f3venes sigan tomando la igualdad en sus manos, ya que el poder que tienen como portavoces y agentes de cambio ya est\u00e1 teniendo un alcance e impacto real<\/strong> en muchos pa\u00edses y regiones del mundo, transformando los desaf\u00edos que les indignan e interpelan. Adem\u00e1s, como <strong>Erika Torrescusa<\/strong> record\u00f3 a la audiencia en la celebraci\u00f3n final del Encuentro,<strong> \u201cesta experiencia no puede quedarse aqu\u00ed, tenemos que seguir luchando con las mismas ganas cuando volvamos a nuestros centros o a donde quiera que vayamos\u201d.<\/strong><\/p>\n<p><img decoding=\"async\" alt=\"\" src=\"https:\/\/www.entreculturas.org\/wp-content\/uploads\/2020\/02\/p2150240.jpg\" style=\"width: 900px;height: 675px;border-width: 0px;border-style: solid;margin: 10px\"><br \/><span style=\"color:#FF0000\"><strong>La Red Solidaria de J\u00f3venes de Entreculturas<\/strong><\/span><br \/>En sus 19 a\u00f1os de andadura desde su nacimiento en 2001, la Red Solidaria ha acompa\u00f1ado a m\u00e1s de 7.000 j\u00f3venes. Actualmente, participan en el programa 2.750 chicos y chicas y 217 docentes de 112 centros educativos de 9 Comunidades Aut\u00f3nomas espa\u00f1olas, enlazados con otros grupos de j\u00f3venes y docentes de distintos pa\u00edses latinoamericanos y africanos. <strong>\u00bfCu\u00e1les son los objetivos del programa?<\/strong><\/p>\n<ul>\n<li>Saber m\u00e1s, y con mayor capacidad cr\u00edtica, sobre pobreza y exclusi\u00f3n, globalizaci\u00f3n, derechos humanos, conflictos y emergencias, movilidad humana, convivencia intercultural y participaci\u00f3n sociopol\u00edtica.<\/li>\n<li>Desarrollar una escala de valores y tomar decisiones morales. Nuestros valores son la solidaridad, la justicia, la libertad responsable, la igualdad, la convivencia en la diversidad y la trascendencia.<\/li>\n<li>Aprender a relacionarnos democr\u00e1ticamente y participar en la sociedad para mejorarla: trabajo en equipo, di\u00e1logo y escucha, an\u00e1lisis de problemas sociales y planteamiento de alternativas; planificaci\u00f3n y realizaci\u00f3n de acciones de servicio comunitario, educativo y de sensibilizaci\u00f3n social.<\/li>\n<li>Promover nuestra participaci\u00f3n portavoc\u00eda en espacios de toma de decisiones, promoviendo nuestro papel como agentes de cambio que se movilizan e inciden de manera sociopol\u00edtica.<br \/>&nbsp;<\/li>\n<\/ul>\n<p><em>* Este Encuentro es posible gracias al apoyo de la Cooperaci\u00f3n Espa\u00f1ola (AECID) y otros donantes comprometidos con la Educaci\u00f3n para la Ciudadan\u00eda Global.<\/em><\/p>\n<p>&nbsp;<\/p>\n<p>&nbsp;<\/p>\n<p>&nbsp;<\/p>\n<p>&nbsp;<\/p>\n","protected":false},"excerpt":{"rendered":"<p>Del 13 al 16 de febrero, un total de 285 personas, entre j\u00f3venes, educadoras y educadores, organizaciones invitadas y voluntariado, han participado en el VII Encuentro Global de la Red Solidaria de J\u00f3venes de Entreculturas bajo el lema \u201cLa igualdad est\u00e1 en tus manos\u201d. Este Encuentro con dimensi\u00f3n internacional se celebra cada dos a\u00f1os para ofrecer una experiencia de participaci\u00f3n y ciudadan\u00eda global a las y los j\u00f3venes, para seguir incidiendo en la consecuci\u00f3n de un mundo m\u00e1s justo, sostenible e igualitario.&nbsp;Este VII Encuentro ha sido un momento clave para impulsar que los y las j\u00f3venes se sientan parte de una juventud interconectada y global que atesora el suficiente poder para transformar las desigualdades globales que les movilizan. Jessica Garc\u00eda, Responsable del Departamento de Educaci\u00f3n no formal y Movilizaci\u00f3n de Entreculturas, se\u00f1al\u00f3 que \u201clas y los j\u00f3venes tienen que participar en los espacios de toma de decisiones, las pol\u00edticas les [&hellip;]<\/p>\n","protected":false},"featured_media":4301,"template":"single-noticia","meta":{"_acf_changed":false},"categories":[7],"tags":[8],"country":[],"cause":[132],"class_list":["post-4320","noticia","type-noticia","status-publish","has-post-thumbnail","hentry","category-noticia","tag-participacion-y-ciudadania-global","cause-participacion-y-ciudadania-global"],"acf":[],"yoast_head":"<!-- This site is optimized with the Yoast SEO Premium plugin v21.6 (Yoast SEO v27.5) - https:\/\/yoast.com\/product\/yoast-seo-premium-wordpress\/ -->\n<title>Se celebra con \u00e9xito el VII Encuentro Global de la Red Solidaria de J\u00f3venes: incidimos por un mundo en igualdad - Entreculturas<\/title>\n<meta name=\"robots\" content=\"index, follow, max-snippet:-1, max-image-preview:large, max-video-preview:-1\" \/>\n<link rel=\"canonical\" href=\"https:\/\/www.entreculturas.org\/fr\/noticia\/se-celebra-con-exito-el-vii-encuentro-global-de-la-red-solidaria-de-jovenes-incidimos-por\/\" \/>\n<meta property=\"og:locale\" content=\"fr_FR\" \/>\n<meta property=\"og:type\" content=\"article\" \/>\n<meta property=\"og:title\" content=\"Se celebra con \u00e9xito el VII Encuentro Global de la Red Solidaria de J\u00f3venes: incidimos por un mundo en igualdad\" \/>\n<meta property=\"og:description\" content=\"Del 13 al 16 de febrero, un total de 285 personas, entre j\u00f3venes, educadoras y educadores, organizaciones invitadas y voluntariado, han participado en el VII Encuentro Global de la Red Solidaria de J\u00f3venes de Entreculturas bajo el lema \u201cLa igualdad est\u00e1 en tus manos\u201d. Este Encuentro con dimensi\u00f3n internacional se celebra cada dos a\u00f1os para ofrecer una experiencia de participaci\u00f3n y ciudadan\u00eda global a las y los j\u00f3venes, para seguir incidiendo en la consecuci\u00f3n de un mundo m\u00e1s justo, sostenible e igualitario.&nbsp;Este VII Encuentro ha sido un momento clave para impulsar que los y las j\u00f3venes se sientan parte de una juventud interconectada y global que atesora el suficiente poder para transformar las desigualdades globales que les movilizan. Jessica Garc\u00eda, Responsable del Departamento de Educaci\u00f3n no formal y Movilizaci\u00f3n de Entreculturas, se\u00f1al\u00f3 que \u201clas y los j\u00f3venes tienen que participar en los espacios de toma de decisiones, las pol\u00edticas les [&hellip;]\" \/>\n<meta property=\"og:url\" content=\"https:\/\/www.entreculturas.org\/fr\/noticia\/se-celebra-con-exito-el-vii-encuentro-global-de-la-red-solidaria-de-jovenes-incidimos-por\/\" \/>\n<meta property=\"og:site_name\" content=\"Entreculturas\" \/>\n<meta property=\"article:publisher\" content=\"https:\/\/www.facebook.com\/entreculturas\" \/>\n<meta property=\"article:modified_time\" content=\"2024-03-14T13:59:25+00:00\" \/>\n<meta property=\"og:image\" content=\"https:\/\/www.entreculturas.org\/wp-content\/uploads\/2020\/02\/p2150676.jpg\" \/>\n\t<meta property=\"og:image:width\" content=\"1106\" \/>\n\t<meta property=\"og:image:height\" content=\"829\" \/>\n\t<meta property=\"og:image:type\" content=\"image\/jpeg\" \/>\n<meta name=\"twitter:card\" content=\"summary_large_image\" \/>\n<meta name=\"twitter:site\" content=\"@Entreculturas\" \/>\n<script type=\"application\/ld+json\" class=\"yoast-schema-graph\">{\"@context\":\"https:\\\/\\\/schema.org\",\"@graph\":[{\"@type\":\"WebPage\",\"@id\":\"https:\\\/\\\/www.entreculturas.org\\\/fr\\\/noticia\\\/se-celebra-con-exito-el-vii-encuentro-global-de-la-red-solidaria-de-jovenes-incidimos-por\\\/\",\"url\":\"https:\\\/\\\/www.entreculturas.org\\\/fr\\\/noticia\\\/se-celebra-con-exito-el-vii-encuentro-global-de-la-red-solidaria-de-jovenes-incidimos-por\\\/\",\"name\":\"Se celebra con \u00e9xito el VII Encuentro Global de la Red Solidaria de J\u00f3venes: incidimos por un mundo en igualdad - Entreculturas\",\"isPartOf\":{\"@id\":\"https:\\\/\\\/www.entreculturas.org\\\/fr\\\/#website\"},\"primaryImageOfPage\":{\"@id\":\"https:\\\/\\\/www.entreculturas.org\\\/fr\\\/noticia\\\/se-celebra-con-exito-el-vii-encuentro-global-de-la-red-solidaria-de-jovenes-incidimos-por\\\/#primaryimage\"},\"image\":{\"@id\":\"https:\\\/\\\/www.entreculturas.org\\\/fr\\\/noticia\\\/se-celebra-con-exito-el-vii-encuentro-global-de-la-red-solidaria-de-jovenes-incidimos-por\\\/#primaryimage\"},\"thumbnailUrl\":\"https:\\\/\\\/www.entreculturas.org\\\/wp-content\\\/uploads\\\/2020\\\/02\\\/p2150676.jpg\",\"datePublished\":\"2020-02-20T13:52:41+00:00\",\"dateModified\":\"2024-03-14T13:59:25+00:00\",\"breadcrumb\":{\"@id\":\"https:\\\/\\\/www.entreculturas.org\\\/fr\\\/noticia\\\/se-celebra-con-exito-el-vii-encuentro-global-de-la-red-solidaria-de-jovenes-incidimos-por\\\/#breadcrumb\"},\"inLanguage\":\"fr-FR\",\"potentialAction\":[{\"@type\":\"ReadAction\",\"target\":[\"https:\\\/\\\/www.entreculturas.org\\\/fr\\\/noticia\\\/se-celebra-con-exito-el-vii-encuentro-global-de-la-red-solidaria-de-jovenes-incidimos-por\\\/\"]}]},{\"@type\":\"ImageObject\",\"inLanguage\":\"fr-FR\",\"@id\":\"https:\\\/\\\/www.entreculturas.org\\\/fr\\\/noticia\\\/se-celebra-con-exito-el-vii-encuentro-global-de-la-red-solidaria-de-jovenes-incidimos-por\\\/#primaryimage\",\"url\":\"https:\\\/\\\/www.entreculturas.org\\\/wp-content\\\/uploads\\\/2020\\\/02\\\/p2150676.jpg\",\"contentUrl\":\"https:\\\/\\\/www.entreculturas.org\\\/wp-content\\\/uploads\\\/2020\\\/02\\\/p2150676.jpg\",\"width\":1106,\"height\":829},{\"@type\":\"BreadcrumbList\",\"@id\":\"https:\\\/\\\/www.entreculturas.org\\\/fr\\\/noticia\\\/se-celebra-con-exito-el-vii-encuentro-global-de-la-red-solidaria-de-jovenes-incidimos-por\\\/#breadcrumb\",\"itemListElement\":[{\"@type\":\"ListItem\",\"position\":1,\"name\":\"Home\",\"item\":\"https:\\\/\\\/www.entreculturas.org\\\/fr\\\/\"},{\"@type\":\"ListItem\",\"position\":2,\"name\":\"Noticias\",\"item\":\"https:\\\/\\\/www.entreculturas.org\\\/fr\\\/noticias\\\/\"},{\"@type\":\"ListItem\",\"position\":3,\"name\":\"Se celebra con \u00e9xito el VII Encuentro Global de la Red Solidaria de J\u00f3venes: incidimos por un mundo en igualdad\"}]},{\"@type\":\"WebSite\",\"@id\":\"https:\\\/\\\/www.entreculturas.org\\\/fr\\\/#website\",\"url\":\"https:\\\/\\\/www.entreculturas.org\\\/fr\\\/\",\"name\":\"Entreculturas\",\"description\":\"\",\"publisher\":{\"@id\":\"https:\\\/\\\/www.entreculturas.org\\\/fr\\\/#organization\"},\"alternateName\":\"Entreculturas\",\"potentialAction\":[{\"@type\":\"SearchAction\",\"target\":{\"@type\":\"EntryPoint\",\"urlTemplate\":\"https:\\\/\\\/www.entreculturas.org\\\/fr\\\/?s={search_term_string}\"},\"query-input\":{\"@type\":\"PropertyValueSpecification\",\"valueRequired\":true,\"valueName\":\"search_term_string\"}}],\"inLanguage\":\"fr-FR\"},{\"@type\":\"Organization\",\"@id\":\"https:\\\/\\\/www.entreculturas.org\\\/fr\\\/#organization\",\"name\":\"Entreculturas\",\"url\":\"https:\\\/\\\/www.entreculturas.org\\\/fr\\\/\",\"logo\":{\"@type\":\"ImageObject\",\"inLanguage\":\"fr-FR\",\"@id\":\"https:\\\/\\\/www.entreculturas.org\\\/fr\\\/#\\\/schema\\\/logo\\\/image\\\/\",\"url\":\"https:\\\/\\\/www.entreculturas.org\\\/wp-content\\\/uploads\\\/2025\\\/10\\\/ESP.svg\",\"contentUrl\":\"https:\\\/\\\/www.entreculturas.org\\\/wp-content\\\/uploads\\\/2025\\\/10\\\/ESP.svg\",\"caption\":\"Entreculturas\"},\"image\":{\"@id\":\"https:\\\/\\\/www.entreculturas.org\\\/fr\\\/#\\\/schema\\\/logo\\\/image\\\/\"},\"sameAs\":[\"https:\\\/\\\/www.facebook.com\\\/entreculturas\",\"https:\\\/\\\/x.com\\\/Entreculturas\",\"https:\\\/\\\/www.instagram.com\\\/entreculturas\\\/\",\"https:\\\/\\\/www.youtube.com\\\/user\\\/entreculturasvideo\",\"https:\\\/\\\/www.linkedin.com\\\/company\\\/fundacion-entreculturas-ngdo\\\/\",\"https:\\\/\\\/www.flickr.com\\\/photos\\\/98455522@N04\\\/albums\\\/\"]}]}<\/script>\n<!-- \/ Yoast SEO Premium plugin. -->","yoast_head_json":{"title":"Se celebra con \u00e9xito el VII Encuentro Global de la Red Solidaria de J\u00f3venes: incidimos por un mundo en igualdad - Entreculturas","robots":{"index":"index","follow":"follow","max-snippet":"max-snippet:-1","max-image-preview":"max-image-preview:large","max-video-preview":"max-video-preview:-1"},"canonical":"https:\/\/www.entreculturas.org\/fr\/noticia\/se-celebra-con-exito-el-vii-encuentro-global-de-la-red-solidaria-de-jovenes-incidimos-por\/","og_locale":"fr_FR","og_type":"article","og_title":"Se celebra con \u00e9xito el VII Encuentro Global de la Red Solidaria de J\u00f3venes: incidimos por un mundo en igualdad","og_description":"Del 13 al 16 de febrero, un total de 285 personas, entre j\u00f3venes, educadoras y educadores, organizaciones invitadas y voluntariado, han participado en el VII Encuentro Global de la Red Solidaria de J\u00f3venes de Entreculturas bajo el lema \u201cLa igualdad est\u00e1 en tus manos\u201d. Este Encuentro con dimensi\u00f3n internacional se celebra cada dos a\u00f1os para ofrecer una experiencia de participaci\u00f3n y ciudadan\u00eda global a las y los j\u00f3venes, para seguir incidiendo en la consecuci\u00f3n de un mundo m\u00e1s justo, sostenible e igualitario.&nbsp;Este VII Encuentro ha sido un momento clave para impulsar que los y las j\u00f3venes se sientan parte de una juventud interconectada y global que atesora el suficiente poder para transformar las desigualdades globales que les movilizan. Jessica Garc\u00eda, Responsable del Departamento de Educaci\u00f3n no formal y Movilizaci\u00f3n de Entreculturas, se\u00f1al\u00f3 que \u201clas y los j\u00f3venes tienen que participar en los espacios de toma de decisiones, las pol\u00edticas les [&hellip;]","og_url":"https:\/\/www.entreculturas.org\/fr\/noticia\/se-celebra-con-exito-el-vii-encuentro-global-de-la-red-solidaria-de-jovenes-incidimos-por\/","og_site_name":"Entreculturas","article_publisher":"https:\/\/www.facebook.com\/entreculturas","article_modified_time":"2024-03-14T13:59:25+00:00","og_image":[{"width":1106,"height":829,"url":"https:\/\/www.entreculturas.org\/wp-content\/uploads\/2020\/02\/p2150676.jpg","type":"image\/jpeg"}],"twitter_card":"summary_large_image","twitter_site":"@Entreculturas","schema":{"@context":"https:\/\/schema.org","@graph":[{"@type":"WebPage","@id":"https:\/\/www.entreculturas.org\/fr\/noticia\/se-celebra-con-exito-el-vii-encuentro-global-de-la-red-solidaria-de-jovenes-incidimos-por\/","url":"https:\/\/www.entreculturas.org\/fr\/noticia\/se-celebra-con-exito-el-vii-encuentro-global-de-la-red-solidaria-de-jovenes-incidimos-por\/","name":"Se celebra con \u00e9xito el VII Encuentro Global de la Red Solidaria de J\u00f3venes: incidimos por un mundo en igualdad - Entreculturas","isPartOf":{"@id":"https:\/\/www.entreculturas.org\/fr\/#website"},"primaryImageOfPage":{"@id":"https:\/\/www.entreculturas.org\/fr\/noticia\/se-celebra-con-exito-el-vii-encuentro-global-de-la-red-solidaria-de-jovenes-incidimos-por\/#primaryimage"},"image":{"@id":"https:\/\/www.entreculturas.org\/fr\/noticia\/se-celebra-con-exito-el-vii-encuentro-global-de-la-red-solidaria-de-jovenes-incidimos-por\/#primaryimage"},"thumbnailUrl":"https:\/\/www.entreculturas.org\/wp-content\/uploads\/2020\/02\/p2150676.jpg","datePublished":"2020-02-20T13:52:41+00:00","dateModified":"2024-03-14T13:59:25+00:00","breadcrumb":{"@id":"https:\/\/www.entreculturas.org\/fr\/noticia\/se-celebra-con-exito-el-vii-encuentro-global-de-la-red-solidaria-de-jovenes-incidimos-por\/#breadcrumb"},"inLanguage":"fr-FR","potentialAction":[{"@type":"ReadAction","target":["https:\/\/www.entreculturas.org\/fr\/noticia\/se-celebra-con-exito-el-vii-encuentro-global-de-la-red-solidaria-de-jovenes-incidimos-por\/"]}]},{"@type":"ImageObject","inLanguage":"fr-FR","@id":"https:\/\/www.entreculturas.org\/fr\/noticia\/se-celebra-con-exito-el-vii-encuentro-global-de-la-red-solidaria-de-jovenes-incidimos-por\/#primaryimage","url":"https:\/\/www.entreculturas.org\/wp-content\/uploads\/2020\/02\/p2150676.jpg","contentUrl":"https:\/\/www.entreculturas.org\/wp-content\/uploads\/2020\/02\/p2150676.jpg","width":1106,"height":829},{"@type":"BreadcrumbList","@id":"https:\/\/www.entreculturas.org\/fr\/noticia\/se-celebra-con-exito-el-vii-encuentro-global-de-la-red-solidaria-de-jovenes-incidimos-por\/#breadcrumb","itemListElement":[{"@type":"ListItem","position":1,"name":"Home","item":"https:\/\/www.entreculturas.org\/fr\/"},{"@type":"ListItem","position":2,"name":"Noticias","item":"https:\/\/www.entreculturas.org\/fr\/noticias\/"},{"@type":"ListItem","position":3,"name":"Se celebra con \u00e9xito el VII Encuentro Global de la Red Solidaria de J\u00f3venes: incidimos por un mundo en igualdad"}]},{"@type":"WebSite","@id":"https:\/\/www.entreculturas.org\/fr\/#website","url":"https:\/\/www.entreculturas.org\/fr\/","name":"Entreculturas","description":"","publisher":{"@id":"https:\/\/www.entreculturas.org\/fr\/#organization"},"alternateName":"Entreculturas","potentialAction":[{"@type":"SearchAction","target":{"@type":"EntryPoint","urlTemplate":"https:\/\/www.entreculturas.org\/fr\/?s={search_term_string}"},"query-input":{"@type":"PropertyValueSpecification","valueRequired":true,"valueName":"search_term_string"}}],"inLanguage":"fr-FR"},{"@type":"Organization","@id":"https:\/\/www.entreculturas.org\/fr\/#organization","name":"Entreculturas","url":"https:\/\/www.entreculturas.org\/fr\/","logo":{"@type":"ImageObject","inLanguage":"fr-FR","@id":"https:\/\/www.entreculturas.org\/fr\/#\/schema\/logo\/image\/","url":"https:\/\/www.entreculturas.org\/wp-content\/uploads\/2025\/10\/ESP.svg","contentUrl":"https:\/\/www.entreculturas.org\/wp-content\/uploads\/2025\/10\/ESP.svg","caption":"Entreculturas"},"image":{"@id":"https:\/\/www.entreculturas.org\/fr\/#\/schema\/logo\/image\/"},"sameAs":["https:\/\/www.facebook.com\/entreculturas","https:\/\/x.com\/Entreculturas","https:\/\/www.instagram.com\/entreculturas\/","https:\/\/www.youtube.com\/user\/entreculturasvideo","https:\/\/www.linkedin.com\/company\/fundacion-entreculturas-ngdo\/","https:\/\/www.flickr.com\/photos\/98455522@N04\/albums\/"]}]}},"_links":{"self":[{"href":"https:\/\/www.entreculturas.org\/fr\/wp-json\/wp\/v2\/noticia\/4320","targetHints":{"allow":["GET"]}}],"collection":[{"href":"https:\/\/www.entreculturas.org\/fr\/wp-json\/wp\/v2\/noticia"}],"about":[{"href":"https:\/\/www.entreculturas.org\/fr\/wp-json\/wp\/v2\/types\/noticia"}],"wp:featuredmedia":[{"embeddable":true,"href":"https:\/\/www.entreculturas.org\/fr\/wp-json\/wp\/v2\/media\/4301"}],"wp:attachment":[{"href":"https:\/\/www.entreculturas.org\/fr\/wp-json\/wp\/v2\/media?parent=4320"}],"wp:term":[{"taxonomy":"category","embeddable":true,"href":"https:\/\/www.entreculturas.org\/fr\/wp-json\/wp\/v2\/categories?post=4320"},{"taxonomy":"post_tag","embeddable":true,"href":"https:\/\/www.entreculturas.org\/fr\/wp-json\/wp\/v2\/tags?post=4320"},{"taxonomy":"country","embeddable":true,"href":"https:\/\/www.entreculturas.org\/fr\/wp-json\/wp\/v2\/country?post=4320"},{"taxonomy":"cause","embeddable":true,"href":"https:\/\/www.entreculturas.org\/fr\/wp-json\/wp\/v2\/cause?post=4320"}],"curies":[{"name":"wp","href":"https:\/\/api.w.org\/{rel}","templated":true}]}}