{"id":4298,"date":"2020-02-19T09:00:51","date_gmt":"2020-02-19T09:00:51","guid":{"rendered":"https:\/\/entreculturasi.wpenginepowered.com\/?noticias=lo-que-pone-en-marcha-la-gente-ahora-no-es-ese-sueno-americano-sino-el-hecho-de-que-no"},"modified":"2024-03-14T14:59:07","modified_gmt":"2024-03-14T13:59:07","slug":"lo-que-pone-en-marcha-la-gente-ahora-no-es-ese-sueno-americano-sino-el-hecho-de-que-no","status":"publish","type":"noticia","link":"https:\/\/www.entreculturas.org\/fr\/noticia\/lo-que-pone-en-marcha-la-gente-ahora-no-es-ese-sueno-americano-sino-el-hecho-de-que-no\/","title":{"rendered":"\u201cLo que pone en marcha a la gente ahora no es ese sue\u00f1o americano, sino el hecho de que no pueden seguir en sus lugares de origen porque su vida corre peligro\u201d"},"content":{"rendered":"<p><em>Con motivo del D\u00eda Mundial de la Justicia Social, charlamos con Alejandro Mendiz\u00e1bal, responsable de los proyectos de Entreculturas en M\u00e9xico, pa\u00eds que acaba de visitar, sobre estos flujos migratorios y las situaciones a la cuales se ven sometidas esas personas a lo largo del trayecto.&nbsp;<\/em><\/p>\n<p><strong>Cada vez m\u00e1s grupos migratorios transitan M\u00e9xico en \u00ab\u00a0caravana\u00a0\u00bb con un mismo objetivo: alejarse de las injusticias sociales y la violencia<\/strong> a la que se enfrentan en sus pa\u00edses de origen y conseguir un futuro mejor para ellos, ellas y sus familias. La poblaci\u00f3n m\u00e1s vulnerabilizada de los pa\u00edses del tri\u00e1ngulo norte centroamericano &#8211; Honduras, Guatemala y El Salvador- se moviliza forzosamente con la finalidad de llegar a los Estados Unidos. En los \u00faltimos tiempos, adem\u00e1s, la situaci\u00f3n pol\u00edtica y econ\u00f3mica que atraviesa Nicaragua ha provocado que tambi\u00e9n sus ciudadanos y ciudadanas se sumen a las \u2018caravanas\u2019 en busca del norte.<\/p>\n<p>Al llegar a M\u00e9xico, la situaci\u00f3n se ve agravada por la presi\u00f3n de la Administraci\u00f3n estadounidense a <strong>endurecer sus pol\u00edticas migratorias para frenar la movilidad humana<\/strong>. Con motivo del <strong>D\u00eda Mundial de la Justicia Social, charlamos con Alejandro Mendiz\u00e1bal, responsable de los proyectos de Entreculturas en M\u00e9xico<\/strong>, pa\u00eds que acaba de visitar, sobre estos flujos migratorios y las situaciones a la cuales se ven sometidas esas personas a lo largo del trayecto.&nbsp;<\/p>\n<p><em>Foto:&nbsp;Colectivo de Observaci\u00f3n y Monitoreo de Derechos Humanos en el Sureste<\/em><\/p>\n<p><span style=\"color:#FF0000\"><strong>\u00bfC\u00f3mo ha cambiado la migraci\u00f3n en M\u00e9xico con el paso de los a\u00f1os?<\/strong><\/span><br \/>Anteriormente <strong>la migraci\u00f3n trataba de hacerse de la forma m\u00e1s discreta posible<\/strong>, intentando atravesar M\u00e9xico sin ser descubiertos. Pero, con los a\u00f1os, ha habido dos hechos que han cambiado esta din\u00e1mica. Por un lado, el tr\u00e1nsito por M\u00e9xico cada vez es m\u00e1s peligroso, tanto por la presencia del crimen organizado como por la presi\u00f3n de las autoridades mexicanas deteniendo y deportando cada vez m\u00e1s. Y, por otro lado, s<strong>e ha producido un cambio en el perfil de las personas que migran<\/strong>: han pasado de ser casi exclusivamente j\u00f3venes varones, a ser un flujo mucho m\u00e1s variado que incluye mujeres, familias y menores no acompa\u00f1ados, para los cuales el tr\u00e1nsito irregular por M\u00e9xico es m\u00e1s peligroso.&nbsp;<\/p>\n<p><span style=\"color:#FF0000\"><strong>\u00bfC\u00f3mo se agrupan esos grupos migratorios de la frontera mexicana? \u00bfPueden caer en manos de grupos criminales?<\/strong><\/span><br \/>Ya sea por las redes sociales o por la prensa, <strong>la gente empieza a agruparse de forma completamente espont\u00e1nea<\/strong>. Hay que pensar que existe una masa muy grande de personas que est\u00e1n en movimiento en centroam\u00e9rica tratando de entrar en M\u00e9xico. Entonces, las caravanas act\u00faan como llamada y se agrupa gente que en realidad ya estaba en movimiento. La idea de migraci\u00f3n en caravana es precisamente poder<strong> defenderse o crear unas condiciones de una mayor seguridad frente al crimen organizado<\/strong>. Las primeras tuvieron \u00e9xito porque pudieron atravesar M\u00e9xico con cierta seguridad, pero las autoridades mexicanas son cada vez m\u00e1s hostiles a la migraci\u00f3n y dificultan el trayecto con detenciones y deportaciones.<\/p>\n<p><span style=\"color:#FF0000\"><strong>\u00bfC\u00f3mo se mueve la caravana de migrantes? <\/strong><\/span><br \/>En esta \u00faltima caravana pr\u00e1cticamente no han podido moverse de la frontera. Las autoridades mexicanas dejaban pasar a grupos peque\u00f1os, pero las personas que pasaban eran inmediatamente detenidas y se iniciaba un proceso de deportaci\u00f3n. Un grupo consigui\u00f3 pasar la semana pasada y lograron avanzar a pie unos kil\u00f3metros por la carretera, pero tambi\u00e9n fueron reprimidos y detenidos por la polic\u00eda. Normalmente son<strong> largos trayectos a pie o medios de transporte un poco precarios que encuentran por el camino<\/strong>, lo cual tampoco est\u00e1 exento de peligro. Se sabe que de las primeras caravanas ha habido <strong>varios grupos que subieron en trailers y han desaparecido; no se ha vuelto a tener noticias de ellos.<\/strong><\/p>\n<p><span style=\"color:#FF0000\"><strong>Los flujos migratorios m\u00e1s importantes de Am\u00e9rica Latina son los que provienen del Tri\u00e1ngulo Norte. \u00bfC\u00f3mo se mueve la caravana desde Honduras, Guatemala y El Salvador? <\/strong><\/span><br \/>En tr\u00e1nsito por Centroam\u00e9rica, como no est\u00e1n en situaci\u00f3n irregular, pueden transitar libremente por los distintos pa\u00edses. <strong>M\u00e9xico est\u00e1 comenzando a tapar su frontera<\/strong> e impedir que los centroamericanos\/as pasen, lo cual genera al otro lado de la frontera, en Guatemala, un n\u00famero muy grande de personas en situaci\u00f3n de calle tratando de entrar.&nbsp;<\/p>\n<p><strong>Existe un fen\u00f3meno nuevo para el que pr\u00e1cticamente no hay ning\u00fan dispositivo de atenci\u00f3n<\/strong>. En Brasil, sobre todo coincidiendo con los eventos deportivos de la Olimpiada y del Mundial,&nbsp; hubo trabajo y alguna posibilidad de vida. Muchos africanos y haitianos fueron all\u00ed a trabajar y ahora tambi\u00e9n se est\u00e1n moviendo hacia el norte. Los trayectos son tan largos que incluso algunos grupos familiares han tenido varios hijos durante el desplazamiento. Hay familias africanas que tienen hijos con pasaporte brasile\u00f1o y que ahora pueden tener hijos con nacionalidad mexicana. <strong>Muchos atraviesan por el Dari\u00e9n, un espacio de selva en la frontera entre Panam\u00e1 y Colombia<\/strong>, es el \u00fanico tramo en que no est\u00e1 constru\u00edda la Panamericana que va desde Alaska a tierra de Fuego. Ah\u00ed no hay ninguna comunicaci\u00f3n terrestre posible que no sea caminar por la selva, evidentemente expuesto a grupos delincuemciales y abusos por parte de la polic\u00eda o el ej\u00e9rcito.&nbsp;<\/p>\n<p><img decoding=\"async\" alt=\"\" height=\"600\" src=\"https:\/\/www.entreculturas.org\/wp-content\/uploads\/2020\/02\/img_20200122_115320434_hdr.jpg\" width=\"800\"><em>Foto: Alejandro Mendiz\u00e1bal.<\/em><\/p>\n<p><span style=\"color:#FF0000\"><strong>\u00bfHacia d\u00f3nde se dirigen esas personas? \u00bfCu\u00e1l es su motivaci\u00f3n? <\/strong><\/span><br \/>Era gente que ten\u00eda el sue\u00f1o americano y que quer\u00eda llegar a los Estados Unidos. Pero<strong> lo que pone en marcha a la gente ahora no es ese sue\u00f1o, sino el hecho de que no pueden seguir en sus lugares de origen porque su vida corre peligro<\/strong>. En muchos casos huyen de situaciones de violencia extrema; en otros, son personas cuya situaci\u00f3n era insostenible en sus pa\u00edses. Por eso <strong>M\u00e9xico, cada vez m\u00e1s, es un destino para ellos.&nbsp;<\/strong><\/p>\n<p><span style=\"color:#FF0000\"><strong>Y, dentro de esa poblaci\u00f3n, \u00bfcu\u00e1l crees que es la m\u00e1s vulnerable? <\/strong><\/span><br \/><strong>Todos est\u00e1n en situaci\u00f3n de vulnerabilidad<\/strong>, en el sentido de que es gente de escasos recursos. Cuando llegan a M\u00e9xico se encuentran en situaci\u00f3n irregular y todos\/as son susceptibles de detenci\u00f3n y deportaci\u00f3n. <strong>Pero, claramente, mujeres, grupos familiares, menores no acompa\u00f1ados y personas del colectivo LGTBI son, con diferencia, los m\u00e1s vulnerables.<\/strong><\/p>\n<p><span style=\"color:#FF0000\"><strong>Cuando llegan a M\u00e9xico, \u00bfqu\u00e9 asistencias sociales precisan cubrir? <\/strong><\/span><br \/>Las personas que llegan a M\u00e9xico y piden refugio se enfrentan a un tr\u00e1mite largo e incierto porque no siempre lo consiguen. Adem\u00e1s, por condiciones del proceso, les mantienen confinados en el lugar donde lo solicitan. Por esa raz\u00f3n, sobre todo en Tapachula, donde est\u00e1 trabajando el Servicio Jesuita a Refugiados, hay un n\u00famero muy alto de mujeres y grupos familiares que deben <strong>esperar durante meses el desarrollo de su tr\u00e1mite en condiciones de extrema precariedad.<\/strong><\/p>\n<p><span style=\"color:#FF0000\"><strong>\u00bfCu\u00e1l es la labor de Entreculturas en M\u00e9xico en este contexto?<\/strong><\/span><br \/>En M\u00e9xico estamos trabajando en la frontera sur con el Servicio Jesuita a Migrantes (SJM) y el Servicio Jesuita a Refugiados (JRS). El trabajo que hace JRS en Tapachula es, sobre todo, de <strong>acogida y apoyo psicosocial<\/strong> a las personas que van a iniciar un ese tr\u00e1mite de refugio. <strong>Muchos llegan en estado de shock despu\u00e9s de vivencias muy duras de las que huyen<\/strong>. Paralelamente hay un trabajo de inserci\u00f3n local con encuentros con grupos de confianza que permiten empezar a sanar esos traumas y a crear una red de acompa\u00f1amiento mutuo.<\/p>\n<p>&nbsp;<\/p>\n<p>&nbsp;<\/p><\/p>\n","protected":false},"excerpt":{"rendered":"<p>Con motivo del D\u00eda Mundial de la Justicia Social, charlamos con Alejandro Mendiz\u00e1bal, responsable de los proyectos de Entreculturas en M\u00e9xico, pa\u00eds que acaba de visitar, sobre estos flujos migratorios y las situaciones a la cuales se ven sometidas esas personas a lo largo del trayecto. <\/p>\n","protected":false},"featured_media":4299,"template":"single-noticia","meta":{"_acf_changed":false},"categories":[7],"tags":[10],"country":[],"cause":[129],"class_list":["post-4298","noticia","type-noticia","status-publish","has-post-thumbnail","hentry","category-noticia","tag-migracion-y-refugio","cause-migracion-y-refugio"],"acf":[],"yoast_head":"<!-- This site is optimized with the Yoast SEO Premium plugin v21.6 (Yoast SEO v27.5) - https:\/\/yoast.com\/product\/yoast-seo-premium-wordpress\/ -->\n<title>\u201cLo que pone en marcha a la gente ahora no es ese sue\u00f1o americano, sino el hecho de que no pueden seguir en sus lugares de origen porque su vida corre peligro\u201d - Entreculturas<\/title>\n<meta name=\"robots\" content=\"index, follow, max-snippet:-1, max-image-preview:large, max-video-preview:-1\" \/>\n<link rel=\"canonical\" href=\"https:\/\/www.entreculturas.org\/fr\/noticia\/lo-que-pone-en-marcha-la-gente-ahora-no-es-ese-sueno-americano-sino-el-hecho-de-que-no\/\" \/>\n<meta property=\"og:locale\" content=\"fr_FR\" \/>\n<meta property=\"og:type\" content=\"article\" \/>\n<meta property=\"og:title\" content=\"\u201cLo que pone en marcha a la gente ahora no es ese sue\u00f1o americano, sino el hecho de que no pueden seguir en sus lugares de origen porque su vida corre peligro\u201d\" \/>\n<meta property=\"og:description\" content=\"Con motivo del D\u00eda Mundial de la Justicia Social, charlamos con Alejandro Mendiz\u00e1bal, responsable de los proyectos de Entreculturas en M\u00e9xico, pa\u00eds que acaba de visitar, sobre estos flujos migratorios y las situaciones a la cuales se ven sometidas esas personas a lo largo del trayecto.\" \/>\n<meta property=\"og:url\" content=\"https:\/\/www.entreculturas.org\/fr\/noticia\/lo-que-pone-en-marcha-la-gente-ahora-no-es-ese-sueno-americano-sino-el-hecho-de-que-no\/\" \/>\n<meta property=\"og:site_name\" content=\"Entreculturas\" \/>\n<meta property=\"article:publisher\" content=\"https:\/\/www.facebook.com\/entreculturas\" \/>\n<meta property=\"article:modified_time\" content=\"2024-03-14T13:59:07+00:00\" \/>\n<meta property=\"og:image\" content=\"https:\/\/www.entreculturas.org\/wp-content\/uploads\/2020\/02\/p1050397.jpg\" \/>\n\t<meta property=\"og:image:width\" content=\"800\" \/>\n\t<meta property=\"og:image:height\" content=\"533\" \/>\n\t<meta property=\"og:image:type\" content=\"image\/jpeg\" \/>\n<meta name=\"twitter:card\" content=\"summary_large_image\" \/>\n<meta name=\"twitter:site\" content=\"@Entreculturas\" \/>\n<script type=\"application\/ld+json\" class=\"yoast-schema-graph\">{\"@context\":\"https:\\\/\\\/schema.org\",\"@graph\":[{\"@type\":\"WebPage\",\"@id\":\"https:\\\/\\\/www.entreculturas.org\\\/fr\\\/noticia\\\/lo-que-pone-en-marcha-la-gente-ahora-no-es-ese-sueno-americano-sino-el-hecho-de-que-no\\\/\",\"url\":\"https:\\\/\\\/www.entreculturas.org\\\/fr\\\/noticia\\\/lo-que-pone-en-marcha-la-gente-ahora-no-es-ese-sueno-americano-sino-el-hecho-de-que-no\\\/\",\"name\":\"\u201cLo que pone en marcha a la gente ahora no es ese sue\u00f1o americano, sino el hecho de que no pueden seguir en sus lugares de origen porque su vida corre peligro\u201d - Entreculturas\",\"isPartOf\":{\"@id\":\"https:\\\/\\\/www.entreculturas.org\\\/fr\\\/#website\"},\"primaryImageOfPage\":{\"@id\":\"https:\\\/\\\/www.entreculturas.org\\\/fr\\\/noticia\\\/lo-que-pone-en-marcha-la-gente-ahora-no-es-ese-sueno-americano-sino-el-hecho-de-que-no\\\/#primaryimage\"},\"image\":{\"@id\":\"https:\\\/\\\/www.entreculturas.org\\\/fr\\\/noticia\\\/lo-que-pone-en-marcha-la-gente-ahora-no-es-ese-sueno-americano-sino-el-hecho-de-que-no\\\/#primaryimage\"},\"thumbnailUrl\":\"https:\\\/\\\/www.entreculturas.org\\\/wp-content\\\/uploads\\\/2020\\\/02\\\/p1050397.jpg\",\"datePublished\":\"2020-02-19T09:00:51+00:00\",\"dateModified\":\"2024-03-14T13:59:07+00:00\",\"breadcrumb\":{\"@id\":\"https:\\\/\\\/www.entreculturas.org\\\/fr\\\/noticia\\\/lo-que-pone-en-marcha-la-gente-ahora-no-es-ese-sueno-americano-sino-el-hecho-de-que-no\\\/#breadcrumb\"},\"inLanguage\":\"fr-FR\",\"potentialAction\":[{\"@type\":\"ReadAction\",\"target\":[\"https:\\\/\\\/www.entreculturas.org\\\/fr\\\/noticia\\\/lo-que-pone-en-marcha-la-gente-ahora-no-es-ese-sueno-americano-sino-el-hecho-de-que-no\\\/\"]}]},{\"@type\":\"ImageObject\",\"inLanguage\":\"fr-FR\",\"@id\":\"https:\\\/\\\/www.entreculturas.org\\\/fr\\\/noticia\\\/lo-que-pone-en-marcha-la-gente-ahora-no-es-ese-sueno-americano-sino-el-hecho-de-que-no\\\/#primaryimage\",\"url\":\"https:\\\/\\\/www.entreculturas.org\\\/wp-content\\\/uploads\\\/2020\\\/02\\\/p1050397.jpg\",\"contentUrl\":\"https:\\\/\\\/www.entreculturas.org\\\/wp-content\\\/uploads\\\/2020\\\/02\\\/p1050397.jpg\",\"width\":800,\"height\":533,\"caption\":\"p1050397\"},{\"@type\":\"BreadcrumbList\",\"@id\":\"https:\\\/\\\/www.entreculturas.org\\\/fr\\\/noticia\\\/lo-que-pone-en-marcha-la-gente-ahora-no-es-ese-sueno-americano-sino-el-hecho-de-que-no\\\/#breadcrumb\",\"itemListElement\":[{\"@type\":\"ListItem\",\"position\":1,\"name\":\"Home\",\"item\":\"https:\\\/\\\/www.entreculturas.org\\\/fr\\\/\"},{\"@type\":\"ListItem\",\"position\":2,\"name\":\"Noticias\",\"item\":\"https:\\\/\\\/www.entreculturas.org\\\/fr\\\/noticias\\\/\"},{\"@type\":\"ListItem\",\"position\":3,\"name\":\"\u201cLo que pone en marcha a la gente ahora no es ese sue\u00f1o americano, sino el hecho de que no pueden seguir en sus lugares de origen porque su vida corre peligro\u201d\"}]},{\"@type\":\"WebSite\",\"@id\":\"https:\\\/\\\/www.entreculturas.org\\\/fr\\\/#website\",\"url\":\"https:\\\/\\\/www.entreculturas.org\\\/fr\\\/\",\"name\":\"Entreculturas\",\"description\":\"\",\"publisher\":{\"@id\":\"https:\\\/\\\/www.entreculturas.org\\\/fr\\\/#organization\"},\"alternateName\":\"Entreculturas\",\"potentialAction\":[{\"@type\":\"SearchAction\",\"target\":{\"@type\":\"EntryPoint\",\"urlTemplate\":\"https:\\\/\\\/www.entreculturas.org\\\/fr\\\/?s={search_term_string}\"},\"query-input\":{\"@type\":\"PropertyValueSpecification\",\"valueRequired\":true,\"valueName\":\"search_term_string\"}}],\"inLanguage\":\"fr-FR\"},{\"@type\":\"Organization\",\"@id\":\"https:\\\/\\\/www.entreculturas.org\\\/fr\\\/#organization\",\"name\":\"Entreculturas\",\"url\":\"https:\\\/\\\/www.entreculturas.org\\\/fr\\\/\",\"logo\":{\"@type\":\"ImageObject\",\"inLanguage\":\"fr-FR\",\"@id\":\"https:\\\/\\\/www.entreculturas.org\\\/fr\\\/#\\\/schema\\\/logo\\\/image\\\/\",\"url\":\"https:\\\/\\\/www.entreculturas.org\\\/wp-content\\\/uploads\\\/2025\\\/10\\\/ESP.svg\",\"contentUrl\":\"https:\\\/\\\/www.entreculturas.org\\\/wp-content\\\/uploads\\\/2025\\\/10\\\/ESP.svg\",\"caption\":\"Entreculturas\"},\"image\":{\"@id\":\"https:\\\/\\\/www.entreculturas.org\\\/fr\\\/#\\\/schema\\\/logo\\\/image\\\/\"},\"sameAs\":[\"https:\\\/\\\/www.facebook.com\\\/entreculturas\",\"https:\\\/\\\/x.com\\\/Entreculturas\",\"https:\\\/\\\/www.instagram.com\\\/entreculturas\\\/\",\"https:\\\/\\\/www.youtube.com\\\/user\\\/entreculturasvideo\",\"https:\\\/\\\/www.linkedin.com\\\/company\\\/fundacion-entreculturas-ngdo\\\/\",\"https:\\\/\\\/www.flickr.com\\\/photos\\\/98455522@N04\\\/albums\\\/\"]}]}<\/script>\n<!-- \/ Yoast SEO Premium plugin. -->","yoast_head_json":{"title":"\u201cLo que pone en marcha a la gente ahora no es ese sue\u00f1o americano, sino el hecho de que no pueden seguir en sus lugares de origen porque su vida corre peligro\u201d - Entreculturas","robots":{"index":"index","follow":"follow","max-snippet":"max-snippet:-1","max-image-preview":"max-image-preview:large","max-video-preview":"max-video-preview:-1"},"canonical":"https:\/\/www.entreculturas.org\/fr\/noticia\/lo-que-pone-en-marcha-la-gente-ahora-no-es-ese-sueno-americano-sino-el-hecho-de-que-no\/","og_locale":"fr_FR","og_type":"article","og_title":"\u201cLo que pone en marcha a la gente ahora no es ese sue\u00f1o americano, sino el hecho de que no pueden seguir en sus lugares de origen porque su vida corre peligro\u201d","og_description":"Con motivo del D\u00eda Mundial de la Justicia Social, charlamos con Alejandro Mendiz\u00e1bal, responsable de los proyectos de Entreculturas en M\u00e9xico, pa\u00eds que acaba de visitar, sobre estos flujos migratorios y las situaciones a la cuales se ven sometidas esas personas a lo largo del trayecto.","og_url":"https:\/\/www.entreculturas.org\/fr\/noticia\/lo-que-pone-en-marcha-la-gente-ahora-no-es-ese-sueno-americano-sino-el-hecho-de-que-no\/","og_site_name":"Entreculturas","article_publisher":"https:\/\/www.facebook.com\/entreculturas","article_modified_time":"2024-03-14T13:59:07+00:00","og_image":[{"width":800,"height":533,"url":"https:\/\/www.entreculturas.org\/wp-content\/uploads\/2020\/02\/p1050397.jpg","type":"image\/jpeg"}],"twitter_card":"summary_large_image","twitter_site":"@Entreculturas","schema":{"@context":"https:\/\/schema.org","@graph":[{"@type":"WebPage","@id":"https:\/\/www.entreculturas.org\/fr\/noticia\/lo-que-pone-en-marcha-la-gente-ahora-no-es-ese-sueno-americano-sino-el-hecho-de-que-no\/","url":"https:\/\/www.entreculturas.org\/fr\/noticia\/lo-que-pone-en-marcha-la-gente-ahora-no-es-ese-sueno-americano-sino-el-hecho-de-que-no\/","name":"\u201cLo que pone en marcha a la gente ahora no es ese sue\u00f1o americano, sino el hecho de que no pueden seguir en sus lugares de origen porque su vida corre peligro\u201d - Entreculturas","isPartOf":{"@id":"https:\/\/www.entreculturas.org\/fr\/#website"},"primaryImageOfPage":{"@id":"https:\/\/www.entreculturas.org\/fr\/noticia\/lo-que-pone-en-marcha-la-gente-ahora-no-es-ese-sueno-americano-sino-el-hecho-de-que-no\/#primaryimage"},"image":{"@id":"https:\/\/www.entreculturas.org\/fr\/noticia\/lo-que-pone-en-marcha-la-gente-ahora-no-es-ese-sueno-americano-sino-el-hecho-de-que-no\/#primaryimage"},"thumbnailUrl":"https:\/\/www.entreculturas.org\/wp-content\/uploads\/2020\/02\/p1050397.jpg","datePublished":"2020-02-19T09:00:51+00:00","dateModified":"2024-03-14T13:59:07+00:00","breadcrumb":{"@id":"https:\/\/www.entreculturas.org\/fr\/noticia\/lo-que-pone-en-marcha-la-gente-ahora-no-es-ese-sueno-americano-sino-el-hecho-de-que-no\/#breadcrumb"},"inLanguage":"fr-FR","potentialAction":[{"@type":"ReadAction","target":["https:\/\/www.entreculturas.org\/fr\/noticia\/lo-que-pone-en-marcha-la-gente-ahora-no-es-ese-sueno-americano-sino-el-hecho-de-que-no\/"]}]},{"@type":"ImageObject","inLanguage":"fr-FR","@id":"https:\/\/www.entreculturas.org\/fr\/noticia\/lo-que-pone-en-marcha-la-gente-ahora-no-es-ese-sueno-americano-sino-el-hecho-de-que-no\/#primaryimage","url":"https:\/\/www.entreculturas.org\/wp-content\/uploads\/2020\/02\/p1050397.jpg","contentUrl":"https:\/\/www.entreculturas.org\/wp-content\/uploads\/2020\/02\/p1050397.jpg","width":800,"height":533,"caption":"p1050397"},{"@type":"BreadcrumbList","@id":"https:\/\/www.entreculturas.org\/fr\/noticia\/lo-que-pone-en-marcha-la-gente-ahora-no-es-ese-sueno-americano-sino-el-hecho-de-que-no\/#breadcrumb","itemListElement":[{"@type":"ListItem","position":1,"name":"Home","item":"https:\/\/www.entreculturas.org\/fr\/"},{"@type":"ListItem","position":2,"name":"Noticias","item":"https:\/\/www.entreculturas.org\/fr\/noticias\/"},{"@type":"ListItem","position":3,"name":"\u201cLo que pone en marcha a la gente ahora no es ese sue\u00f1o americano, sino el hecho de que no pueden seguir en sus lugares de origen porque su vida corre peligro\u201d"}]},{"@type":"WebSite","@id":"https:\/\/www.entreculturas.org\/fr\/#website","url":"https:\/\/www.entreculturas.org\/fr\/","name":"Entreculturas","description":"","publisher":{"@id":"https:\/\/www.entreculturas.org\/fr\/#organization"},"alternateName":"Entreculturas","potentialAction":[{"@type":"SearchAction","target":{"@type":"EntryPoint","urlTemplate":"https:\/\/www.entreculturas.org\/fr\/?s={search_term_string}"},"query-input":{"@type":"PropertyValueSpecification","valueRequired":true,"valueName":"search_term_string"}}],"inLanguage":"fr-FR"},{"@type":"Organization","@id":"https:\/\/www.entreculturas.org\/fr\/#organization","name":"Entreculturas","url":"https:\/\/www.entreculturas.org\/fr\/","logo":{"@type":"ImageObject","inLanguage":"fr-FR","@id":"https:\/\/www.entreculturas.org\/fr\/#\/schema\/logo\/image\/","url":"https:\/\/www.entreculturas.org\/wp-content\/uploads\/2025\/10\/ESP.svg","contentUrl":"https:\/\/www.entreculturas.org\/wp-content\/uploads\/2025\/10\/ESP.svg","caption":"Entreculturas"},"image":{"@id":"https:\/\/www.entreculturas.org\/fr\/#\/schema\/logo\/image\/"},"sameAs":["https:\/\/www.facebook.com\/entreculturas","https:\/\/x.com\/Entreculturas","https:\/\/www.instagram.com\/entreculturas\/","https:\/\/www.youtube.com\/user\/entreculturasvideo","https:\/\/www.linkedin.com\/company\/fundacion-entreculturas-ngdo\/","https:\/\/www.flickr.com\/photos\/98455522@N04\/albums\/"]}]}},"_links":{"self":[{"href":"https:\/\/www.entreculturas.org\/fr\/wp-json\/wp\/v2\/noticia\/4298","targetHints":{"allow":["GET"]}}],"collection":[{"href":"https:\/\/www.entreculturas.org\/fr\/wp-json\/wp\/v2\/noticia"}],"about":[{"href":"https:\/\/www.entreculturas.org\/fr\/wp-json\/wp\/v2\/types\/noticia"}],"wp:featuredmedia":[{"embeddable":true,"href":"https:\/\/www.entreculturas.org\/fr\/wp-json\/wp\/v2\/media\/4299"}],"wp:attachment":[{"href":"https:\/\/www.entreculturas.org\/fr\/wp-json\/wp\/v2\/media?parent=4298"}],"wp:term":[{"taxonomy":"category","embeddable":true,"href":"https:\/\/www.entreculturas.org\/fr\/wp-json\/wp\/v2\/categories?post=4298"},{"taxonomy":"post_tag","embeddable":true,"href":"https:\/\/www.entreculturas.org\/fr\/wp-json\/wp\/v2\/tags?post=4298"},{"taxonomy":"country","embeddable":true,"href":"https:\/\/www.entreculturas.org\/fr\/wp-json\/wp\/v2\/country?post=4298"},{"taxonomy":"cause","embeddable":true,"href":"https:\/\/www.entreculturas.org\/fr\/wp-json\/wp\/v2\/cause?post=4298"}],"curies":[{"name":"wp","href":"https:\/\/api.w.org\/{rel}","templated":true}]}}