{"id":42570,"date":"2025-10-01T14:01:48","date_gmt":"2025-10-01T12:01:48","guid":{"rendered":"https:\/\/www.entreculturas.org\/?post_type=noticia&#038;p=42570"},"modified":"2025-10-01T16:13:36","modified_gmt":"2025-10-01T14:13:36","slug":"la-plataforma-por-empresas-responsables-tiene-nueva-webla-plataforma-por-empresas-responsables-tiene-nueva-webla-plataforma-por-empresas-responsables-tiene-nueva-web","status":"publish","type":"noticia","link":"https:\/\/www.entreculturas.org\/fr\/noticia\/la-plataforma-por-empresas-responsables-tiene-nueva-webla-plataforma-por-empresas-responsables-tiene-nueva-webla-plataforma-por-empresas-responsables-tiene-nueva-web\/","title":{"rendered":"La Plataforma por Empresas Responsables tiene nueva web"},"content":{"rendered":"\n<p>La <strong>Plataforma por Empresas Responsables (PER)<\/strong>, de la que desde Entreculturas formamos parte, ha lanzado su nueva p\u00e1gina web:<a href=\"https:\/\/empresasresponsables.org\/\"> www.empresasresponsables.org<\/a>.<\/p>\n\n\n\n<p>La PER es una coalici\u00f3n formada por organizaciones de la sociedad civil, sindicatos y entidades de cooperaci\u00f3n que trabajamos conjuntamente para impulsar en Espa\u00f1a una legislaci\u00f3n que garantice que las empresas respeten los derechos humanos y el medio ambiente en todas sus operaciones y cadenas de valor. Entre sus miembros se encuentran ONGs como Alboan, Amnist\u00eda Internacional, Greenpeace, Oxfam Interm\u00f3n o Alianza por la Solidaridad, adem\u00e1s de sindicatos y otras plataformas sociales.<\/p>\n\n\n\n<p>El nuevo portal ofrece informaci\u00f3n actualizada sobre la actividad de la Plataforma, recursos y documentos clave sobre la Directiva europea sobre diligencia debida de las empresas en materia de sostenibilidad (CSDDD, por sus siglas en ingl\u00e9s), el proceso \u00d3mnibus y la trasposici\u00f3n.<\/p>\n\n\n\n<p>Con este espacio digital, la Plataforma busca acercar su labor a la ciudadan\u00eda, a las instituciones y al mundo empresarial, promoviendo un entorno econ\u00f3mico m\u00e1s justo, responsable y sostenible.<\/p>\n\n\n\n<div class=\"wp-block-columns is-layout-flex wp-container-core-columns-is-layout-c6a03c77 wp-block-columns-is-layout-flex\" style=\"padding-right:var(--wp--preset--spacing--80);padding-left:var(--wp--preset--spacing--80)\">\n<div class=\"wp-block-column is-layout-flow wp-block-column-is-layout-flow\" style=\"flex-basis:100%\"><\/div>\n<\/div>\n","protected":false},"excerpt":{"rendered":"<p>La Plataforma por Empresas Responsables (PER), de la que desde Entreculturas formamos parte, ha lanzado su nueva p\u00e1gina web: www.empresasresponsables.org. La PER es una coalici\u00f3n formada por organizaciones de la sociedad civil, sindicatos y entidades de cooperaci\u00f3n que trabajamos conjuntamente para impulsar en Espa\u00f1a una legislaci\u00f3n que garantice que las empresas respeten los derechos humanos y el medio ambiente en todas sus operaciones y cadenas de valor. Entre sus miembros se encuentran ONGs como Alboan, Amnist\u00eda Internacional, Greenpeace, Oxfam Interm\u00f3n o Alianza por la Solidaridad, adem\u00e1s de sindicatos y otras plataformas sociales. El nuevo portal ofrece informaci\u00f3n actualizada sobre la actividad de la Plataforma, recursos y documentos clave sobre la Directiva europea sobre diligencia debida de las empresas en materia de sostenibilidad (CSDDD, por sus siglas en ingl\u00e9s), el proceso \u00d3mnibus y la trasposici\u00f3n. Con este espacio digital, la Plataforma busca acercar su labor a la ciudadan\u00eda, a las instituciones [&hellip;]<\/p>\n","protected":false},"featured_media":42573,"template":"","meta":{"_acf_changed":false},"categories":[7],"tags":[196],"country":[120],"cause":[],"class_list":["post-42570","noticia","type-noticia","status-publish","has-post-thumbnail","hentry","category-noticia","tag-rsc","country-espana"],"acf":[],"yoast_head":"<!-- This site is optimized with the Yoast SEO Premium plugin v21.6 (Yoast SEO v27.5) - https:\/\/yoast.com\/product\/yoast-seo-premium-wordpress\/ -->\n<title>La Plataforma por Empresas Responsables tiene nueva web - Entreculturas<\/title>\n<meta name=\"description\" content=\"La Plataforma por Empresas Responsables (PER), de la que desde Entreculturas formamos parte, ha lanzado su nueva p\u00e1gina web:\" \/>\n<meta name=\"robots\" content=\"index, follow, max-snippet:-1, max-image-preview:large, max-video-preview:-1\" \/>\n<link rel=\"canonical\" href=\"https:\/\/www.entreculturas.org\/fr\/noticia\/la-plataforma-por-empresas-responsables-tiene-nueva-webla-plataforma-por-empresas-responsables-tiene-nueva-webla-plataforma-por-empresas-responsables-tiene-nueva-web\/\" \/>\n<meta property=\"og:locale\" content=\"fr_FR\" \/>\n<meta property=\"og:type\" content=\"article\" \/>\n<meta property=\"og:title\" content=\"La Plataforma por Empresas Responsables tiene nueva web\" \/>\n<meta property=\"og:description\" content=\"La Plataforma por Empresas Responsables (PER), de la que desde Entreculturas formamos parte, ha lanzado su nueva p\u00e1gina web:\" \/>\n<meta property=\"og:url\" content=\"https:\/\/www.entreculturas.org\/fr\/noticia\/la-plataforma-por-empresas-responsables-tiene-nueva-webla-plataforma-por-empresas-responsables-tiene-nueva-webla-plataforma-por-empresas-responsables-tiene-nueva-web\/\" \/>\n<meta property=\"og:site_name\" content=\"Entreculturas\" \/>\n<meta property=\"article:publisher\" content=\"https:\/\/www.facebook.com\/entreculturas\" \/>\n<meta property=\"article:modified_time\" content=\"2025-10-01T14:13:36+00:00\" \/>\n<meta property=\"og:image\" content=\"https:\/\/www.entreculturas.org\/wp-content\/uploads\/2025\/10\/foto-carrera-empresa-2-1.jpg\" \/>\n\t<meta property=\"og:image:width\" content=\"2376\" \/>\n\t<meta property=\"og:image:height\" content=\"900\" \/>\n\t<meta property=\"og:image:type\" content=\"image\/jpeg\" \/>\n<meta name=\"twitter:card\" content=\"summary_large_image\" \/>\n<meta name=\"twitter:site\" content=\"@Entreculturas\" \/>\n<script type=\"application\/ld+json\" class=\"yoast-schema-graph\">{\"@context\":\"https:\\\/\\\/schema.org\",\"@graph\":[{\"@type\":\"WebPage\",\"@id\":\"https:\\\/\\\/www.entreculturas.org\\\/fr\\\/noticia\\\/la-plataforma-por-empresas-responsables-tiene-nueva-webla-plataforma-por-empresas-responsables-tiene-nueva-webla-plataforma-por-empresas-responsables-tiene-nueva-web\\\/\",\"url\":\"https:\\\/\\\/www.entreculturas.org\\\/fr\\\/noticia\\\/la-plataforma-por-empresas-responsables-tiene-nueva-webla-plataforma-por-empresas-responsables-tiene-nueva-webla-plataforma-por-empresas-responsables-tiene-nueva-web\\\/\",\"name\":\"La Plataforma por Empresas Responsables tiene nueva web - Entreculturas\",\"isPartOf\":{\"@id\":\"https:\\\/\\\/www.entreculturas.org\\\/fr\\\/#website\"},\"primaryImageOfPage\":{\"@id\":\"https:\\\/\\\/www.entreculturas.org\\\/fr\\\/noticia\\\/la-plataforma-por-empresas-responsables-tiene-nueva-webla-plataforma-por-empresas-responsables-tiene-nueva-webla-plataforma-por-empresas-responsables-tiene-nueva-web\\\/#primaryimage\"},\"image\":{\"@id\":\"https:\\\/\\\/www.entreculturas.org\\\/fr\\\/noticia\\\/la-plataforma-por-empresas-responsables-tiene-nueva-webla-plataforma-por-empresas-responsables-tiene-nueva-webla-plataforma-por-empresas-responsables-tiene-nueva-web\\\/#primaryimage\"},\"thumbnailUrl\":\"https:\\\/\\\/www.entreculturas.org\\\/wp-content\\\/uploads\\\/2025\\\/10\\\/foto-carrera-empresa-2-1.jpg\",\"datePublished\":\"2025-10-01T12:01:48+00:00\",\"dateModified\":\"2025-10-01T14:13:36+00:00\",\"description\":\"La Plataforma por Empresas Responsables (PER), de la que desde Entreculturas formamos parte, ha lanzado su nueva p\u00e1gina web:\",\"breadcrumb\":{\"@id\":\"https:\\\/\\\/www.entreculturas.org\\\/fr\\\/noticia\\\/la-plataforma-por-empresas-responsables-tiene-nueva-webla-plataforma-por-empresas-responsables-tiene-nueva-webla-plataforma-por-empresas-responsables-tiene-nueva-web\\\/#breadcrumb\"},\"inLanguage\":\"fr-FR\",\"potentialAction\":[{\"@type\":\"ReadAction\",\"target\":[\"https:\\\/\\\/www.entreculturas.org\\\/fr\\\/noticia\\\/la-plataforma-por-empresas-responsables-tiene-nueva-webla-plataforma-por-empresas-responsables-tiene-nueva-webla-plataforma-por-empresas-responsables-tiene-nueva-web\\\/\"]}]},{\"@type\":\"ImageObject\",\"inLanguage\":\"fr-FR\",\"@id\":\"https:\\\/\\\/www.entreculturas.org\\\/fr\\\/noticia\\\/la-plataforma-por-empresas-responsables-tiene-nueva-webla-plataforma-por-empresas-responsables-tiene-nueva-webla-plataforma-por-empresas-responsables-tiene-nueva-web\\\/#primaryimage\",\"url\":\"https:\\\/\\\/www.entreculturas.org\\\/wp-content\\\/uploads\\\/2025\\\/10\\\/foto-carrera-empresa-2-1.jpg\",\"contentUrl\":\"https:\\\/\\\/www.entreculturas.org\\\/wp-content\\\/uploads\\\/2025\\\/10\\\/foto-carrera-empresa-2-1.jpg\",\"width\":2376,\"height\":900,\"caption\":\"La Plataforma por Empresas Responsables tiene nueva web\"},{\"@type\":\"BreadcrumbList\",\"@id\":\"https:\\\/\\\/www.entreculturas.org\\\/fr\\\/noticia\\\/la-plataforma-por-empresas-responsables-tiene-nueva-webla-plataforma-por-empresas-responsables-tiene-nueva-webla-plataforma-por-empresas-responsables-tiene-nueva-web\\\/#breadcrumb\",\"itemListElement\":[{\"@type\":\"ListItem\",\"position\":1,\"name\":\"Home\",\"item\":\"https:\\\/\\\/www.entreculturas.org\\\/fr\\\/\"},{\"@type\":\"ListItem\",\"position\":2,\"name\":\"Noticias\",\"item\":\"https:\\\/\\\/www.entreculturas.org\\\/fr\\\/noticias\\\/\"},{\"@type\":\"ListItem\",\"position\":3,\"name\":\"La Plataforma por Empresas Responsables tiene nueva web\"}]},{\"@type\":\"WebSite\",\"@id\":\"https:\\\/\\\/www.entreculturas.org\\\/fr\\\/#website\",\"url\":\"https:\\\/\\\/www.entreculturas.org\\\/fr\\\/\",\"name\":\"Entreculturas\",\"description\":\"\",\"publisher\":{\"@id\":\"https:\\\/\\\/www.entreculturas.org\\\/fr\\\/#organization\"},\"alternateName\":\"Entreculturas\",\"potentialAction\":[{\"@type\":\"SearchAction\",\"target\":{\"@type\":\"EntryPoint\",\"urlTemplate\":\"https:\\\/\\\/www.entreculturas.org\\\/fr\\\/?s={search_term_string}\"},\"query-input\":{\"@type\":\"PropertyValueSpecification\",\"valueRequired\":true,\"valueName\":\"search_term_string\"}}],\"inLanguage\":\"fr-FR\"},{\"@type\":\"Organization\",\"@id\":\"https:\\\/\\\/www.entreculturas.org\\\/fr\\\/#organization\",\"name\":\"Entreculturas\",\"url\":\"https:\\\/\\\/www.entreculturas.org\\\/fr\\\/\",\"logo\":{\"@type\":\"ImageObject\",\"inLanguage\":\"fr-FR\",\"@id\":\"https:\\\/\\\/www.entreculturas.org\\\/fr\\\/#\\\/schema\\\/logo\\\/image\\\/\",\"url\":\"https:\\\/\\\/www.entreculturas.org\\\/wp-content\\\/uploads\\\/2025\\\/10\\\/ESP.svg\",\"contentUrl\":\"https:\\\/\\\/www.entreculturas.org\\\/wp-content\\\/uploads\\\/2025\\\/10\\\/ESP.svg\",\"caption\":\"Entreculturas\"},\"image\":{\"@id\":\"https:\\\/\\\/www.entreculturas.org\\\/fr\\\/#\\\/schema\\\/logo\\\/image\\\/\"},\"sameAs\":[\"https:\\\/\\\/www.facebook.com\\\/entreculturas\",\"https:\\\/\\\/x.com\\\/Entreculturas\",\"https:\\\/\\\/www.instagram.com\\\/entreculturas\\\/\",\"https:\\\/\\\/www.youtube.com\\\/user\\\/entreculturasvideo\",\"https:\\\/\\\/www.linkedin.com\\\/company\\\/fundacion-entreculturas-ngdo\\\/\",\"https:\\\/\\\/www.flickr.com\\\/photos\\\/98455522@N04\\\/albums\\\/\"]}]}<\/script>\n<!-- \/ Yoast SEO Premium plugin. -->","yoast_head_json":{"title":"La Plataforma por Empresas Responsables tiene nueva web - Entreculturas","description":"La Plataforma por Empresas Responsables (PER), de la que desde Entreculturas formamos parte, ha lanzado su nueva p\u00e1gina web:","robots":{"index":"index","follow":"follow","max-snippet":"max-snippet:-1","max-image-preview":"max-image-preview:large","max-video-preview":"max-video-preview:-1"},"canonical":"https:\/\/www.entreculturas.org\/fr\/noticia\/la-plataforma-por-empresas-responsables-tiene-nueva-webla-plataforma-por-empresas-responsables-tiene-nueva-webla-plataforma-por-empresas-responsables-tiene-nueva-web\/","og_locale":"fr_FR","og_type":"article","og_title":"La Plataforma por Empresas Responsables tiene nueva web","og_description":"La Plataforma por Empresas Responsables (PER), de la que desde Entreculturas formamos parte, ha lanzado su nueva p\u00e1gina web:","og_url":"https:\/\/www.entreculturas.org\/fr\/noticia\/la-plataforma-por-empresas-responsables-tiene-nueva-webla-plataforma-por-empresas-responsables-tiene-nueva-webla-plataforma-por-empresas-responsables-tiene-nueva-web\/","og_site_name":"Entreculturas","article_publisher":"https:\/\/www.facebook.com\/entreculturas","article_modified_time":"2025-10-01T14:13:36+00:00","og_image":[{"width":2376,"height":900,"url":"https:\/\/www.entreculturas.org\/wp-content\/uploads\/2025\/10\/foto-carrera-empresa-2-1.jpg","type":"image\/jpeg"}],"twitter_card":"summary_large_image","twitter_site":"@Entreculturas","schema":{"@context":"https:\/\/schema.org","@graph":[{"@type":"WebPage","@id":"https:\/\/www.entreculturas.org\/fr\/noticia\/la-plataforma-por-empresas-responsables-tiene-nueva-webla-plataforma-por-empresas-responsables-tiene-nueva-webla-plataforma-por-empresas-responsables-tiene-nueva-web\/","url":"https:\/\/www.entreculturas.org\/fr\/noticia\/la-plataforma-por-empresas-responsables-tiene-nueva-webla-plataforma-por-empresas-responsables-tiene-nueva-webla-plataforma-por-empresas-responsables-tiene-nueva-web\/","name":"La Plataforma por Empresas Responsables tiene nueva web - Entreculturas","isPartOf":{"@id":"https:\/\/www.entreculturas.org\/fr\/#website"},"primaryImageOfPage":{"@id":"https:\/\/www.entreculturas.org\/fr\/noticia\/la-plataforma-por-empresas-responsables-tiene-nueva-webla-plataforma-por-empresas-responsables-tiene-nueva-webla-plataforma-por-empresas-responsables-tiene-nueva-web\/#primaryimage"},"image":{"@id":"https:\/\/www.entreculturas.org\/fr\/noticia\/la-plataforma-por-empresas-responsables-tiene-nueva-webla-plataforma-por-empresas-responsables-tiene-nueva-webla-plataforma-por-empresas-responsables-tiene-nueva-web\/#primaryimage"},"thumbnailUrl":"https:\/\/www.entreculturas.org\/wp-content\/uploads\/2025\/10\/foto-carrera-empresa-2-1.jpg","datePublished":"2025-10-01T12:01:48+00:00","dateModified":"2025-10-01T14:13:36+00:00","description":"La Plataforma por Empresas Responsables (PER), de la que desde Entreculturas formamos parte, ha lanzado su nueva p\u00e1gina web:","breadcrumb":{"@id":"https:\/\/www.entreculturas.org\/fr\/noticia\/la-plataforma-por-empresas-responsables-tiene-nueva-webla-plataforma-por-empresas-responsables-tiene-nueva-webla-plataforma-por-empresas-responsables-tiene-nueva-web\/#breadcrumb"},"inLanguage":"fr-FR","potentialAction":[{"@type":"ReadAction","target":["https:\/\/www.entreculturas.org\/fr\/noticia\/la-plataforma-por-empresas-responsables-tiene-nueva-webla-plataforma-por-empresas-responsables-tiene-nueva-webla-plataforma-por-empresas-responsables-tiene-nueva-web\/"]}]},{"@type":"ImageObject","inLanguage":"fr-FR","@id":"https:\/\/www.entreculturas.org\/fr\/noticia\/la-plataforma-por-empresas-responsables-tiene-nueva-webla-plataforma-por-empresas-responsables-tiene-nueva-webla-plataforma-por-empresas-responsables-tiene-nueva-web\/#primaryimage","url":"https:\/\/www.entreculturas.org\/wp-content\/uploads\/2025\/10\/foto-carrera-empresa-2-1.jpg","contentUrl":"https:\/\/www.entreculturas.org\/wp-content\/uploads\/2025\/10\/foto-carrera-empresa-2-1.jpg","width":2376,"height":900,"caption":"La Plataforma por Empresas Responsables tiene nueva web"},{"@type":"BreadcrumbList","@id":"https:\/\/www.entreculturas.org\/fr\/noticia\/la-plataforma-por-empresas-responsables-tiene-nueva-webla-plataforma-por-empresas-responsables-tiene-nueva-webla-plataforma-por-empresas-responsables-tiene-nueva-web\/#breadcrumb","itemListElement":[{"@type":"ListItem","position":1,"name":"Home","item":"https:\/\/www.entreculturas.org\/fr\/"},{"@type":"ListItem","position":2,"name":"Noticias","item":"https:\/\/www.entreculturas.org\/fr\/noticias\/"},{"@type":"ListItem","position":3,"name":"La Plataforma por Empresas Responsables tiene nueva web"}]},{"@type":"WebSite","@id":"https:\/\/www.entreculturas.org\/fr\/#website","url":"https:\/\/www.entreculturas.org\/fr\/","name":"Entreculturas","description":"","publisher":{"@id":"https:\/\/www.entreculturas.org\/fr\/#organization"},"alternateName":"Entreculturas","potentialAction":[{"@type":"SearchAction","target":{"@type":"EntryPoint","urlTemplate":"https:\/\/www.entreculturas.org\/fr\/?s={search_term_string}"},"query-input":{"@type":"PropertyValueSpecification","valueRequired":true,"valueName":"search_term_string"}}],"inLanguage":"fr-FR"},{"@type":"Organization","@id":"https:\/\/www.entreculturas.org\/fr\/#organization","name":"Entreculturas","url":"https:\/\/www.entreculturas.org\/fr\/","logo":{"@type":"ImageObject","inLanguage":"fr-FR","@id":"https:\/\/www.entreculturas.org\/fr\/#\/schema\/logo\/image\/","url":"https:\/\/www.entreculturas.org\/wp-content\/uploads\/2025\/10\/ESP.svg","contentUrl":"https:\/\/www.entreculturas.org\/wp-content\/uploads\/2025\/10\/ESP.svg","caption":"Entreculturas"},"image":{"@id":"https:\/\/www.entreculturas.org\/fr\/#\/schema\/logo\/image\/"},"sameAs":["https:\/\/www.facebook.com\/entreculturas","https:\/\/x.com\/Entreculturas","https:\/\/www.instagram.com\/entreculturas\/","https:\/\/www.youtube.com\/user\/entreculturasvideo","https:\/\/www.linkedin.com\/company\/fundacion-entreculturas-ngdo\/","https:\/\/www.flickr.com\/photos\/98455522@N04\/albums\/"]}]}},"_links":{"self":[{"href":"https:\/\/www.entreculturas.org\/fr\/wp-json\/wp\/v2\/noticia\/42570","targetHints":{"allow":["GET"]}}],"collection":[{"href":"https:\/\/www.entreculturas.org\/fr\/wp-json\/wp\/v2\/noticia"}],"about":[{"href":"https:\/\/www.entreculturas.org\/fr\/wp-json\/wp\/v2\/types\/noticia"}],"wp:featuredmedia":[{"embeddable":true,"href":"https:\/\/www.entreculturas.org\/fr\/wp-json\/wp\/v2\/media\/42573"}],"wp:attachment":[{"href":"https:\/\/www.entreculturas.org\/fr\/wp-json\/wp\/v2\/media?parent=42570"}],"wp:term":[{"taxonomy":"category","embeddable":true,"href":"https:\/\/www.entreculturas.org\/fr\/wp-json\/wp\/v2\/categories?post=42570"},{"taxonomy":"post_tag","embeddable":true,"href":"https:\/\/www.entreculturas.org\/fr\/wp-json\/wp\/v2\/tags?post=42570"},{"taxonomy":"country","embeddable":true,"href":"https:\/\/www.entreculturas.org\/fr\/wp-json\/wp\/v2\/country?post=42570"},{"taxonomy":"cause","embeddable":true,"href":"https:\/\/www.entreculturas.org\/fr\/wp-json\/wp\/v2\/cause?post=42570"}],"curies":[{"name":"wp","href":"https:\/\/api.w.org\/{rel}","templated":true}]}}