{"id":4246,"date":"2020-02-09T23:00:00","date_gmt":"2020-02-09T23:00:00","guid":{"rendered":"https:\/\/entreculturasi.wpenginepowered.com\/?noticias=musica-para-luchar-contra-el-uso-de-menores-soldados"},"modified":"2024-03-14T15:09:02","modified_gmt":"2024-03-14T14:09:02","slug":"musica-para-luchar-contra-el-uso-de-menores-soldados","status":"publish","type":"noticia","link":"https:\/\/www.entreculturas.org\/fr\/noticia\/musica-para-luchar-contra-el-uso-de-menores-soldados\/","title":{"rendered":"M\u00fasica para luchar contra el uso de menores soldados"},"content":{"rendered":"<p>Con motivo del D\u00eda Internacional contra el uso de menores soldados, que se conmemora el 12 de febrero, la delegaci\u00f3n de Salamanca celebr\u00f3 el pasado 8 de febrero un emocionante concierto de Vocalis, un coro de m\u00fasica \u2018a capella\u2019 que cuenta con centenares de conciertos a sus espaldas.<\/p>\n<p>M\u00e1s de 200 personas asistieron a esta cita en la Capilla de las Vidrieras del Paseo de San Antonio, que se convirti\u00f3 en el perfecto canalizador de las emociones que despierta la realidad sufrida por miles de menores soldado.<\/p>\n<\/p>\n<p>\u201cUna de nuestras principales convicciones es que s\u00f3lo mediante la educaci\u00f3n podemos promover el cambio. Estamos aqu\u00ed para acercarnos a una realidad desgarradora que cuenta con nuestro compromiso para ser abolida\u201d, fueron las palabras del delegada&nbsp;de Salamanca, Sandra Marcos,&nbsp;en la apertura del concierto.&nbsp;&nbsp;<\/p>\n<p>M\u00e1s de 240 millones de menores viven en regiones afectadas por alguno de los 30 conflictos armados que contin\u00faan activos en la actualidad. Se calcula que unos 300.000 ni\u00f1os y ni\u00f1as han sido reclutados por los ej\u00e9rcitos, sustentando la actividad militar.<\/p>\n<p>\u201cNi\u00f1as, ni\u00f1os y j\u00f3venes que han sido forzados a abandonar sus hogares, entrenados para el crimen, desprotegidos y vulnerables; muy lejos de las aulas. Un ser humano obligado a abandonar toda propuesta educativa, se ve avocado a la manipulaci\u00f3n\u201d, dijo Sandra Marcos.&nbsp;<\/p>\n<p>La m\u00fasica se convirti\u00f3 en un icono de esperanza.<\/p>\n<p>&nbsp;<\/p>\n","protected":false},"excerpt":{"rendered":"<p>Con motivo del D\u00eda Internacional contra el uso de menores soldados, que se conmemora el 12 de febrero, la delegaci\u00f3n de Salamanca celebr\u00f3 el pasado 8 de febrero un emocionante concierto de Vocalis, un coro de m\u00fasica \u2018a capella\u2019 que cuenta con centenares de conciertos a sus espaldas. M\u00e1s de 200 personas asistieron a esta cita en la Capilla de las Vidrieras del Paseo de San Antonio, que se convirti\u00f3 en el perfecto canalizador de las emociones que despierta la realidad sufrida por miles de menores soldado. \u201cUna de nuestras principales convicciones es que s\u00f3lo mediante la educaci\u00f3n podemos promover el cambio. Estamos aqu\u00ed para acercarnos a una realidad desgarradora que cuenta con nuestro compromiso para ser abolida\u201d, fueron las palabras del delegada&nbsp;de Salamanca, Sandra Marcos,&nbsp;en la apertura del concierto.&nbsp;&nbsp; M\u00e1s de 240 millones de menores viven en regiones afectadas por alguno de los 30 conflictos armados que contin\u00faan activos [&hellip;]<\/p>\n","protected":false},"featured_media":4248,"template":"single-noticia","meta":{"_acf_changed":false},"categories":[7],"tags":[10],"country":[],"cause":[129],"class_list":["post-4246","noticia","type-noticia","status-publish","has-post-thumbnail","hentry","category-noticia","tag-migracion-y-refugio","cause-migracion-y-refugio"],"acf":[],"yoast_head":"<!-- This site is optimized with the Yoast SEO Premium plugin v21.6 (Yoast SEO v27.5) - https:\/\/yoast.com\/product\/yoast-seo-premium-wordpress\/ -->\n<title>M\u00fasica para luchar contra el uso de menores soldados - Entreculturas<\/title>\n<meta name=\"robots\" content=\"index, follow, max-snippet:-1, max-image-preview:large, max-video-preview:-1\" \/>\n<link rel=\"canonical\" href=\"https:\/\/www.entreculturas.org\/fr\/noticia\/musica-para-luchar-contra-el-uso-de-menores-soldados\/\" \/>\n<meta property=\"og:locale\" content=\"fr_FR\" \/>\n<meta property=\"og:type\" content=\"article\" \/>\n<meta property=\"og:title\" content=\"M\u00fasica para luchar contra el uso de menores soldados\" \/>\n<meta property=\"og:description\" content=\"Con motivo del D\u00eda Internacional contra el uso de menores soldados, que se conmemora el 12 de febrero, la delegaci\u00f3n de Salamanca celebr\u00f3 el pasado 8 de febrero un emocionante concierto de Vocalis, un coro de m\u00fasica \u2018a capella\u2019 que cuenta con centenares de conciertos a sus espaldas. M\u00e1s de 200 personas asistieron a esta cita en la Capilla de las Vidrieras del Paseo de San Antonio, que se convirti\u00f3 en el perfecto canalizador de las emociones que despierta la realidad sufrida por miles de menores soldado. \u201cUna de nuestras principales convicciones es que s\u00f3lo mediante la educaci\u00f3n podemos promover el cambio. Estamos aqu\u00ed para acercarnos a una realidad desgarradora que cuenta con nuestro compromiso para ser abolida\u201d, fueron las palabras del delegada&nbsp;de Salamanca, Sandra Marcos,&nbsp;en la apertura del concierto.&nbsp;&nbsp; M\u00e1s de 240 millones de menores viven en regiones afectadas por alguno de los 30 conflictos armados que contin\u00faan activos [&hellip;]\" \/>\n<meta property=\"og:url\" content=\"https:\/\/www.entreculturas.org\/fr\/noticia\/musica-para-luchar-contra-el-uso-de-menores-soldados\/\" \/>\n<meta property=\"og:site_name\" content=\"Entreculturas\" \/>\n<meta property=\"article:publisher\" content=\"https:\/\/www.facebook.com\/entreculturas\" \/>\n<meta property=\"article:modified_time\" content=\"2024-03-14T14:09:02+00:00\" \/>\n<meta property=\"og:image\" content=\"https:\/\/www.entreculturas.org\/wp-content\/uploads\/2020\/02\/dsc0554_0.jpg\" \/>\n\t<meta property=\"og:image:width\" content=\"787\" \/>\n\t<meta property=\"og:image:height\" content=\"665\" \/>\n\t<meta property=\"og:image:type\" content=\"image\/jpeg\" \/>\n<meta name=\"twitter:card\" content=\"summary_large_image\" \/>\n<meta name=\"twitter:site\" content=\"@Entreculturas\" \/>\n<script type=\"application\/ld+json\" class=\"yoast-schema-graph\">{\"@context\":\"https:\\\/\\\/schema.org\",\"@graph\":[{\"@type\":\"WebPage\",\"@id\":\"https:\\\/\\\/www.entreculturas.org\\\/fr\\\/noticia\\\/musica-para-luchar-contra-el-uso-de-menores-soldados\\\/\",\"url\":\"https:\\\/\\\/www.entreculturas.org\\\/fr\\\/noticia\\\/musica-para-luchar-contra-el-uso-de-menores-soldados\\\/\",\"name\":\"M\u00fasica para luchar contra el uso de menores soldados - Entreculturas\",\"isPartOf\":{\"@id\":\"https:\\\/\\\/www.entreculturas.org\\\/fr\\\/#website\"},\"primaryImageOfPage\":{\"@id\":\"https:\\\/\\\/www.entreculturas.org\\\/fr\\\/noticia\\\/musica-para-luchar-contra-el-uso-de-menores-soldados\\\/#primaryimage\"},\"image\":{\"@id\":\"https:\\\/\\\/www.entreculturas.org\\\/fr\\\/noticia\\\/musica-para-luchar-contra-el-uso-de-menores-soldados\\\/#primaryimage\"},\"thumbnailUrl\":\"https:\\\/\\\/www.entreculturas.org\\\/wp-content\\\/uploads\\\/2020\\\/02\\\/dsc0554_0.jpg\",\"datePublished\":\"2020-02-09T23:00:00+00:00\",\"dateModified\":\"2024-03-14T14:09:02+00:00\",\"breadcrumb\":{\"@id\":\"https:\\\/\\\/www.entreculturas.org\\\/fr\\\/noticia\\\/musica-para-luchar-contra-el-uso-de-menores-soldados\\\/#breadcrumb\"},\"inLanguage\":\"fr-FR\",\"potentialAction\":[{\"@type\":\"ReadAction\",\"target\":[\"https:\\\/\\\/www.entreculturas.org\\\/fr\\\/noticia\\\/musica-para-luchar-contra-el-uso-de-menores-soldados\\\/\"]}]},{\"@type\":\"ImageObject\",\"inLanguage\":\"fr-FR\",\"@id\":\"https:\\\/\\\/www.entreculturas.org\\\/fr\\\/noticia\\\/musica-para-luchar-contra-el-uso-de-menores-soldados\\\/#primaryimage\",\"url\":\"https:\\\/\\\/www.entreculturas.org\\\/wp-content\\\/uploads\\\/2020\\\/02\\\/dsc0554_0.jpg\",\"contentUrl\":\"https:\\\/\\\/www.entreculturas.org\\\/wp-content\\\/uploads\\\/2020\\\/02\\\/dsc0554_0.jpg\",\"width\":787,\"height\":665,\"caption\":\"_dsc0554\"},{\"@type\":\"BreadcrumbList\",\"@id\":\"https:\\\/\\\/www.entreculturas.org\\\/fr\\\/noticia\\\/musica-para-luchar-contra-el-uso-de-menores-soldados\\\/#breadcrumb\",\"itemListElement\":[{\"@type\":\"ListItem\",\"position\":1,\"name\":\"Home\",\"item\":\"https:\\\/\\\/www.entreculturas.org\\\/fr\\\/\"},{\"@type\":\"ListItem\",\"position\":2,\"name\":\"Noticias\",\"item\":\"https:\\\/\\\/www.entreculturas.org\\\/fr\\\/noticias\\\/\"},{\"@type\":\"ListItem\",\"position\":3,\"name\":\"M\u00fasica para luchar contra el uso de menores soldados\"}]},{\"@type\":\"WebSite\",\"@id\":\"https:\\\/\\\/www.entreculturas.org\\\/fr\\\/#website\",\"url\":\"https:\\\/\\\/www.entreculturas.org\\\/fr\\\/\",\"name\":\"Entreculturas\",\"description\":\"\",\"publisher\":{\"@id\":\"https:\\\/\\\/www.entreculturas.org\\\/fr\\\/#organization\"},\"alternateName\":\"Entreculturas\",\"potentialAction\":[{\"@type\":\"SearchAction\",\"target\":{\"@type\":\"EntryPoint\",\"urlTemplate\":\"https:\\\/\\\/www.entreculturas.org\\\/fr\\\/?s={search_term_string}\"},\"query-input\":{\"@type\":\"PropertyValueSpecification\",\"valueRequired\":true,\"valueName\":\"search_term_string\"}}],\"inLanguage\":\"fr-FR\"},{\"@type\":\"Organization\",\"@id\":\"https:\\\/\\\/www.entreculturas.org\\\/fr\\\/#organization\",\"name\":\"Entreculturas\",\"url\":\"https:\\\/\\\/www.entreculturas.org\\\/fr\\\/\",\"logo\":{\"@type\":\"ImageObject\",\"inLanguage\":\"fr-FR\",\"@id\":\"https:\\\/\\\/www.entreculturas.org\\\/fr\\\/#\\\/schema\\\/logo\\\/image\\\/\",\"url\":\"https:\\\/\\\/www.entreculturas.org\\\/wp-content\\\/uploads\\\/2025\\\/10\\\/ESP.svg\",\"contentUrl\":\"https:\\\/\\\/www.entreculturas.org\\\/wp-content\\\/uploads\\\/2025\\\/10\\\/ESP.svg\",\"caption\":\"Entreculturas\"},\"image\":{\"@id\":\"https:\\\/\\\/www.entreculturas.org\\\/fr\\\/#\\\/schema\\\/logo\\\/image\\\/\"},\"sameAs\":[\"https:\\\/\\\/www.facebook.com\\\/entreculturas\",\"https:\\\/\\\/x.com\\\/Entreculturas\",\"https:\\\/\\\/www.instagram.com\\\/entreculturas\\\/\",\"https:\\\/\\\/www.youtube.com\\\/user\\\/entreculturasvideo\",\"https:\\\/\\\/www.linkedin.com\\\/company\\\/fundacion-entreculturas-ngdo\\\/\",\"https:\\\/\\\/www.flickr.com\\\/photos\\\/98455522@N04\\\/albums\\\/\"]}]}<\/script>\n<!-- \/ Yoast SEO Premium plugin. -->","yoast_head_json":{"title":"M\u00fasica para luchar contra el uso de menores soldados - Entreculturas","robots":{"index":"index","follow":"follow","max-snippet":"max-snippet:-1","max-image-preview":"max-image-preview:large","max-video-preview":"max-video-preview:-1"},"canonical":"https:\/\/www.entreculturas.org\/fr\/noticia\/musica-para-luchar-contra-el-uso-de-menores-soldados\/","og_locale":"fr_FR","og_type":"article","og_title":"M\u00fasica para luchar contra el uso de menores soldados","og_description":"Con motivo del D\u00eda Internacional contra el uso de menores soldados, que se conmemora el 12 de febrero, la delegaci\u00f3n de Salamanca celebr\u00f3 el pasado 8 de febrero un emocionante concierto de Vocalis, un coro de m\u00fasica \u2018a capella\u2019 que cuenta con centenares de conciertos a sus espaldas. M\u00e1s de 200 personas asistieron a esta cita en la Capilla de las Vidrieras del Paseo de San Antonio, que se convirti\u00f3 en el perfecto canalizador de las emociones que despierta la realidad sufrida por miles de menores soldado. \u201cUna de nuestras principales convicciones es que s\u00f3lo mediante la educaci\u00f3n podemos promover el cambio. Estamos aqu\u00ed para acercarnos a una realidad desgarradora que cuenta con nuestro compromiso para ser abolida\u201d, fueron las palabras del delegada&nbsp;de Salamanca, Sandra Marcos,&nbsp;en la apertura del concierto.&nbsp;&nbsp; M\u00e1s de 240 millones de menores viven en regiones afectadas por alguno de los 30 conflictos armados que contin\u00faan activos [&hellip;]","og_url":"https:\/\/www.entreculturas.org\/fr\/noticia\/musica-para-luchar-contra-el-uso-de-menores-soldados\/","og_site_name":"Entreculturas","article_publisher":"https:\/\/www.facebook.com\/entreculturas","article_modified_time":"2024-03-14T14:09:02+00:00","og_image":[{"width":787,"height":665,"url":"https:\/\/www.entreculturas.org\/wp-content\/uploads\/2020\/02\/dsc0554_0.jpg","type":"image\/jpeg"}],"twitter_card":"summary_large_image","twitter_site":"@Entreculturas","schema":{"@context":"https:\/\/schema.org","@graph":[{"@type":"WebPage","@id":"https:\/\/www.entreculturas.org\/fr\/noticia\/musica-para-luchar-contra-el-uso-de-menores-soldados\/","url":"https:\/\/www.entreculturas.org\/fr\/noticia\/musica-para-luchar-contra-el-uso-de-menores-soldados\/","name":"M\u00fasica para luchar contra el uso de menores soldados - Entreculturas","isPartOf":{"@id":"https:\/\/www.entreculturas.org\/fr\/#website"},"primaryImageOfPage":{"@id":"https:\/\/www.entreculturas.org\/fr\/noticia\/musica-para-luchar-contra-el-uso-de-menores-soldados\/#primaryimage"},"image":{"@id":"https:\/\/www.entreculturas.org\/fr\/noticia\/musica-para-luchar-contra-el-uso-de-menores-soldados\/#primaryimage"},"thumbnailUrl":"https:\/\/www.entreculturas.org\/wp-content\/uploads\/2020\/02\/dsc0554_0.jpg","datePublished":"2020-02-09T23:00:00+00:00","dateModified":"2024-03-14T14:09:02+00:00","breadcrumb":{"@id":"https:\/\/www.entreculturas.org\/fr\/noticia\/musica-para-luchar-contra-el-uso-de-menores-soldados\/#breadcrumb"},"inLanguage":"fr-FR","potentialAction":[{"@type":"ReadAction","target":["https:\/\/www.entreculturas.org\/fr\/noticia\/musica-para-luchar-contra-el-uso-de-menores-soldados\/"]}]},{"@type":"ImageObject","inLanguage":"fr-FR","@id":"https:\/\/www.entreculturas.org\/fr\/noticia\/musica-para-luchar-contra-el-uso-de-menores-soldados\/#primaryimage","url":"https:\/\/www.entreculturas.org\/wp-content\/uploads\/2020\/02\/dsc0554_0.jpg","contentUrl":"https:\/\/www.entreculturas.org\/wp-content\/uploads\/2020\/02\/dsc0554_0.jpg","width":787,"height":665,"caption":"_dsc0554"},{"@type":"BreadcrumbList","@id":"https:\/\/www.entreculturas.org\/fr\/noticia\/musica-para-luchar-contra-el-uso-de-menores-soldados\/#breadcrumb","itemListElement":[{"@type":"ListItem","position":1,"name":"Home","item":"https:\/\/www.entreculturas.org\/fr\/"},{"@type":"ListItem","position":2,"name":"Noticias","item":"https:\/\/www.entreculturas.org\/fr\/noticias\/"},{"@type":"ListItem","position":3,"name":"M\u00fasica para luchar contra el uso de menores soldados"}]},{"@type":"WebSite","@id":"https:\/\/www.entreculturas.org\/fr\/#website","url":"https:\/\/www.entreculturas.org\/fr\/","name":"Entreculturas","description":"","publisher":{"@id":"https:\/\/www.entreculturas.org\/fr\/#organization"},"alternateName":"Entreculturas","potentialAction":[{"@type":"SearchAction","target":{"@type":"EntryPoint","urlTemplate":"https:\/\/www.entreculturas.org\/fr\/?s={search_term_string}"},"query-input":{"@type":"PropertyValueSpecification","valueRequired":true,"valueName":"search_term_string"}}],"inLanguage":"fr-FR"},{"@type":"Organization","@id":"https:\/\/www.entreculturas.org\/fr\/#organization","name":"Entreculturas","url":"https:\/\/www.entreculturas.org\/fr\/","logo":{"@type":"ImageObject","inLanguage":"fr-FR","@id":"https:\/\/www.entreculturas.org\/fr\/#\/schema\/logo\/image\/","url":"https:\/\/www.entreculturas.org\/wp-content\/uploads\/2025\/10\/ESP.svg","contentUrl":"https:\/\/www.entreculturas.org\/wp-content\/uploads\/2025\/10\/ESP.svg","caption":"Entreculturas"},"image":{"@id":"https:\/\/www.entreculturas.org\/fr\/#\/schema\/logo\/image\/"},"sameAs":["https:\/\/www.facebook.com\/entreculturas","https:\/\/x.com\/Entreculturas","https:\/\/www.instagram.com\/entreculturas\/","https:\/\/www.youtube.com\/user\/entreculturasvideo","https:\/\/www.linkedin.com\/company\/fundacion-entreculturas-ngdo\/","https:\/\/www.flickr.com\/photos\/98455522@N04\/albums\/"]}]}},"_links":{"self":[{"href":"https:\/\/www.entreculturas.org\/fr\/wp-json\/wp\/v2\/noticia\/4246","targetHints":{"allow":["GET"]}}],"collection":[{"href":"https:\/\/www.entreculturas.org\/fr\/wp-json\/wp\/v2\/noticia"}],"about":[{"href":"https:\/\/www.entreculturas.org\/fr\/wp-json\/wp\/v2\/types\/noticia"}],"wp:featuredmedia":[{"embeddable":true,"href":"https:\/\/www.entreculturas.org\/fr\/wp-json\/wp\/v2\/media\/4248"}],"wp:attachment":[{"href":"https:\/\/www.entreculturas.org\/fr\/wp-json\/wp\/v2\/media?parent=4246"}],"wp:term":[{"taxonomy":"category","embeddable":true,"href":"https:\/\/www.entreculturas.org\/fr\/wp-json\/wp\/v2\/categories?post=4246"},{"taxonomy":"post_tag","embeddable":true,"href":"https:\/\/www.entreculturas.org\/fr\/wp-json\/wp\/v2\/tags?post=4246"},{"taxonomy":"country","embeddable":true,"href":"https:\/\/www.entreculturas.org\/fr\/wp-json\/wp\/v2\/country?post=4246"},{"taxonomy":"cause","embeddable":true,"href":"https:\/\/www.entreculturas.org\/fr\/wp-json\/wp\/v2\/cause?post=4246"}],"curies":[{"name":"wp","href":"https:\/\/api.w.org\/{rel}","templated":true}]}}