{"id":4233,"date":"2020-01-30T09:34:58","date_gmt":"2020-01-30T09:34:58","guid":{"rendered":"https:\/\/entreculturasi.wpenginepowered.com\/?noticias=jovenes-que-construyen-cultura-de-paz-desde-el-encuentro-en-diversidad"},"modified":"2024-03-14T15:08:02","modified_gmt":"2024-03-14T14:08:02","slug":"jovenes-que-construyen-cultura-de-paz-desde-el-encuentro-en-diversidad","status":"publish","type":"noticia","link":"https:\/\/www.entreculturas.org\/fr\/noticia\/jovenes-que-construyen-cultura-de-paz-desde-el-encuentro-en-diversidad\/","title":{"rendered":"J\u00f3venes que construyen cultura de paz desde el encuentro en diversidad"},"content":{"rendered":"<p>Cada 30 de enero, el d\u00eda Escolar de la No Violencia y la Paz, nos recuerda a la ciudadan\u00eda global que<strong> la juventud ha sido y sigue siendo imprescindible en la lucha para construir sociedades pac\u00edficas<\/strong>, a lo largo de la historia y en latitudes diversas del planeta. Esta lucha no la realizan en solitario \u00fanicamente: desde el encuentro, el compartir y la acci\u00f3n colectiva entre j\u00f3venes de pa\u00edses y contextos diversos, vemos que ni\u00f1as, ni\u00f1os y adolescentes est\u00e1n liderando acciones en conjunto para promover convivencia en sus escuelas, barrios y ciudades; a la vez que impulsan <strong>movimientos ciudadanos para revertir discriminaciones sociales<\/strong>, ponen la igualdad de g\u00e9nero en el centro de las agendas y desde aqu\u00ed contribuyen a transformar las violencias que siguen afectando a millones de personas en el mundo.<\/p>\n<p>Desde Entreculturas creemos que el encuentro en diversidad es la clave para que j\u00f3venes de distintas regiones y pa\u00edses del mundo sigan impulsando y recordando al resto de la ciudadan\u00eda e instituciones la responsabilidad que tenemos de construir <strong>un mundo pac\u00edfico, inclusivo, igualitario y defensor de los derechos humanos<\/strong>. Es precisamente en el encuentro con personas y realidades diversas que nos transformamos como seres humanos y como sociedad, y donde encontramos el impulso para construir entornos de convivencia pac\u00edfica entre todas y todos.<\/p>\n<p><\/p>\n<p><em>\u201cLos j\u00f3venes somos los que tenemos el mando para cambiar nuestro futuro, somos los hombres y las mujeres del ma\u00f1ana, pero<strong> ahora es nuestro tiempo para empezar cambiar ese futuro que nos espera<\/strong> de por vida\u201d<\/em> nos comenta Deleanny, joven de la Red Generaci\u00f3n 21+ de Rep\u00fablica Dominicana.&nbsp;<br \/>&nbsp;<br \/>Por ello, bajo el lema \u201cLa igualdad est\u00e1 en tus manos\u201d del 13 al 16 de Febrero se reunir\u00e1n en Madrid m\u00e1s de 200 j\u00f3venes y docentes de ocho pa\u00edses de Am\u00e9rica Latina, \u00c1frica y Europa en el<a href=\"https:\/\/www.redec.es\/es\/noticias\/vii-encuentro-global-de-la-red-solidaria-de-jovenes-la-igualdad-esta-en-tus-manos\" target=\"_blank\" rel=\"noopener\"> VII Encuentro Global de la Red Solidaria de J\u00f3venes de Entreculturas<\/a>. Este programa lleva 19 a\u00f1os enlazando a j\u00f3venes y docentes de todo el mundo, con el objetivo de crear redes de trabajo para la construcci\u00f3n de una ciudadan\u00eda global que responde mediante la acci\u00f3n movilizadora y de incidencia a los retos de la agenda internacional, entre ellos la desigualdad social y de g\u00e9nero, y las violencias que nos afectan alrededor del planeta.&nbsp;<\/p>\n<p><em>\u201c<strong>El paso principal para el cambio es la educaci\u00f3n<\/strong>, si nosotros recibimos una mala educaci\u00f3n no podemos aportar con grandes ideas, ni impulsar los cambios que queramos\u201d<\/em>, comenta Olga Dorlhey, joven de la Red Generaci\u00f3n 21+, al hilo de su participaci\u00f3n en el pasado Encuentro Global de la Red Solidaria de J\u00f3venes, en 2018.<\/p>\n<p><em>\u201cHemos visto c\u00f3mo adolescentes y j\u00f3venes de todo el mundo y cualquier lugar de residencia, de distintas culturas y contextos socioecon\u00f3micos, a menudo separados por <strong>muros invisibles infranqueables<\/strong>, tardan diez minutos en relacionarse y sentirse como si fueran amigos y amigas de toda la vida\u201d<\/em>, nos comenta Irene Ortega, Coordinadora del \u00c1rea de Ciudadan\u00eda de Entreculturas.<\/p>\n<p><img decoding=\"async\" alt=\"\" height=\"467\" src=\"https:\/\/www.entreculturas.org\/wp-content\/uploads\/2020\/01\/paz-ojo.png\" width=\"665\"><\/p>\n<p>Y es que el encuentro entre j\u00f3venes de realidades diversas, y la <strong>oportunidad de construir de la mano alternativas para revertir las violencias y desigualdade<\/strong>s que viven en sus entornos, es una experiencia transformadora en s\u00ed. La pedagog\u00eda del encuentro, la convivencia en diversidad, el compartir intercultural, y la puesta en marcha de proyectos transformadores en conjunto, nos recuerda que pertenecemos a una ciudadan\u00eda activa y comprometida que es global: desde nuestras distintas localidades en el mundo, trabajamos en red como agentes de cambio.&nbsp;<\/p>\n<p>Esta es la propuesta que impulsa el VII Encuentro bianual de esta Red, una oportunidad \u00fanica para continuar avanzando en la construcci\u00f3n de una ciudadan\u00eda global, comprometida y articulada en la transformaci\u00f3n de sus entornos y en la construcci\u00f3n de un mundo pac\u00edfico, libre de discriminaciones, desigualdades y violencias. En concreto, este a\u00f1o el Encuentro Global hace un llamado a la juventud y a la ciudadan\u00eda participante a tomar la igualdad en sus manos, ya que es solamente desde un mundo equitativo e inclusivo que podemos revertir los c\u00edrculos de violencia, y alcanzar una cultura de paz en todos nuestros entornos.<\/p>\n<p>El Encuentro se enmarcar\u00e1 en un Foro Mundial de Territorios y Naciones Reunidas, en el que se re\u00fanen j\u00f3venes expertas y expertos invitados a abordar las desigualdades y desaf\u00edos globales que estamos viviendo (crisis clim\u00e1tica, desigualdad de g\u00e9nero, migraciones forzosas, derecho a la educaci\u00f3n, desigualdades sociales, violencia y cultura de paz, defensa de los derechos humanos, etc.). Este Foro tendr\u00e1 car\u00e1cter de urgencia:<strong> las consecuencias de los retos y desaf\u00edos globales se est\u00e1n recrudeciendo<\/strong>, y estamos al l\u00edmite para dar respuestas a temas como la crisis clim\u00e1tica, la violencia y discriminaci\u00f3n social, la igualdad de g\u00e9nero y la desigualdad a nivel global.&nbsp;<\/p>\n<p>En el Encuentro, tendr\u00e1 tambi\u00e9n una fuerte presencia la Red Generaci\u00f3n 21+, de la que j\u00f3venes de la Red Solidaria espa\u00f1ola forman parte y que aglutina a participantes de los pa\u00edses donde Fe y Alegr\u00eda est\u00e1 presente (en Am\u00e9rica Latina y \u00c1frica). Desde este espacio de encuentro movilizador, j\u00f3venes y docentes procedentes de pa\u00edses como Chad, Rep\u00fablica Dominicana, Guatemala, Ecuador, Argentina, Colombia y Nicaragua, compartir\u00e1n adem\u00e1s, las iniciativas y proyectos en los que participan desde sus pa\u00edses y comunidades, dise\u00f1ando estrategias para enlazar sus agendas y trabajar juntos y juntas como parte de una ciudadan\u00eda global comprometida con la construcci\u00f3n de un mundo m\u00e1s pac\u00edfico, justo e igualitario.&nbsp;<\/p>\n<p>&nbsp;<br \/>&nbsp;<\/p>\n","protected":false},"excerpt":{"rendered":"<p>Cada 30 de enero, el d\u00eda Escolar de la No Violencia y la Paz, nos recuerda a la ciudadan\u00eda global que la juventud ha sido y sigue siendo imprescindible en la lucha para construir sociedades pac\u00edficas, a lo largo de la historia y en latitudes diversas del planeta. Desde Entreculturas creemos que el encuentro en diversidad es la clave para que los y las j\u00f3venes sigan construyendo un mundo pac\u00edfico, inclusivo, igualitario y defensor de los derechos humanos. <\/p>\n","protected":false},"featured_media":4231,"template":"single-noticia","meta":{"_acf_changed":false},"categories":[7],"tags":[8],"country":[],"cause":[132],"class_list":["post-4233","noticia","type-noticia","status-publish","has-post-thumbnail","hentry","category-noticia","tag-participacion-y-ciudadania-global","cause-participacion-y-ciudadania-global"],"acf":[],"yoast_head":"<!-- This site is optimized with the Yoast SEO Premium plugin v21.6 (Yoast SEO v27.5) - https:\/\/yoast.com\/product\/yoast-seo-premium-wordpress\/ -->\n<title>J\u00f3venes que construyen cultura de paz desde el encuentro en diversidad - Entreculturas<\/title>\n<meta name=\"robots\" content=\"index, follow, max-snippet:-1, max-image-preview:large, max-video-preview:-1\" \/>\n<link rel=\"canonical\" href=\"https:\/\/www.entreculturas.org\/fr\/noticia\/jovenes-que-construyen-cultura-de-paz-desde-el-encuentro-en-diversidad\/\" \/>\n<meta property=\"og:locale\" content=\"fr_FR\" \/>\n<meta property=\"og:type\" content=\"article\" \/>\n<meta property=\"og:title\" content=\"J\u00f3venes que construyen cultura de paz desde el encuentro en diversidad\" \/>\n<meta property=\"og:description\" content=\"Cada 30 de enero, el d\u00eda Escolar de la No Violencia y la Paz, nos recuerda a la ciudadan\u00eda global que la juventud ha sido y sigue siendo imprescindible en la lucha para construir sociedades pac\u00edficas, a lo largo de la historia y en latitudes diversas del planeta. Desde Entreculturas creemos que el encuentro en diversidad es la clave para que los y las j\u00f3venes sigan construyendo un mundo pac\u00edfico, inclusivo, igualitario y defensor de los derechos humanos.\" \/>\n<meta property=\"og:url\" content=\"https:\/\/www.entreculturas.org\/fr\/noticia\/jovenes-que-construyen-cultura-de-paz-desde-el-encuentro-en-diversidad\/\" \/>\n<meta property=\"og:site_name\" content=\"Entreculturas\" \/>\n<meta property=\"article:publisher\" content=\"https:\/\/www.facebook.com\/entreculturas\" \/>\n<meta property=\"article:modified_time\" content=\"2024-03-14T14:08:02+00:00\" \/>\n<meta property=\"og:image\" content=\"https:\/\/www.entreculturas.org\/wp-content\/uploads\/2020\/01\/paz-noticia.jpg\" \/>\n\t<meta property=\"og:image:width\" content=\"800\" \/>\n\t<meta property=\"og:image:height\" content=\"532\" \/>\n\t<meta property=\"og:image:type\" content=\"image\/jpeg\" \/>\n<meta name=\"twitter:card\" content=\"summary_large_image\" \/>\n<meta name=\"twitter:site\" content=\"@Entreculturas\" \/>\n<script type=\"application\/ld+json\" class=\"yoast-schema-graph\">{\"@context\":\"https:\\\/\\\/schema.org\",\"@graph\":[{\"@type\":\"WebPage\",\"@id\":\"https:\\\/\\\/www.entreculturas.org\\\/fr\\\/noticia\\\/jovenes-que-construyen-cultura-de-paz-desde-el-encuentro-en-diversidad\\\/\",\"url\":\"https:\\\/\\\/www.entreculturas.org\\\/fr\\\/noticia\\\/jovenes-que-construyen-cultura-de-paz-desde-el-encuentro-en-diversidad\\\/\",\"name\":\"J\u00f3venes que construyen cultura de paz desde el encuentro en diversidad - Entreculturas\",\"isPartOf\":{\"@id\":\"https:\\\/\\\/www.entreculturas.org\\\/fr\\\/#website\"},\"primaryImageOfPage\":{\"@id\":\"https:\\\/\\\/www.entreculturas.org\\\/fr\\\/noticia\\\/jovenes-que-construyen-cultura-de-paz-desde-el-encuentro-en-diversidad\\\/#primaryimage\"},\"image\":{\"@id\":\"https:\\\/\\\/www.entreculturas.org\\\/fr\\\/noticia\\\/jovenes-que-construyen-cultura-de-paz-desde-el-encuentro-en-diversidad\\\/#primaryimage\"},\"thumbnailUrl\":\"https:\\\/\\\/www.entreculturas.org\\\/wp-content\\\/uploads\\\/2020\\\/01\\\/paz-noticia.jpg\",\"datePublished\":\"2020-01-30T09:34:58+00:00\",\"dateModified\":\"2024-03-14T14:08:02+00:00\",\"breadcrumb\":{\"@id\":\"https:\\\/\\\/www.entreculturas.org\\\/fr\\\/noticia\\\/jovenes-que-construyen-cultura-de-paz-desde-el-encuentro-en-diversidad\\\/#breadcrumb\"},\"inLanguage\":\"fr-FR\",\"potentialAction\":[{\"@type\":\"ReadAction\",\"target\":[\"https:\\\/\\\/www.entreculturas.org\\\/fr\\\/noticia\\\/jovenes-que-construyen-cultura-de-paz-desde-el-encuentro-en-diversidad\\\/\"]}]},{\"@type\":\"ImageObject\",\"inLanguage\":\"fr-FR\",\"@id\":\"https:\\\/\\\/www.entreculturas.org\\\/fr\\\/noticia\\\/jovenes-que-construyen-cultura-de-paz-desde-el-encuentro-en-diversidad\\\/#primaryimage\",\"url\":\"https:\\\/\\\/www.entreculturas.org\\\/wp-content\\\/uploads\\\/2020\\\/01\\\/paz-noticia.jpg\",\"contentUrl\":\"https:\\\/\\\/www.entreculturas.org\\\/wp-content\\\/uploads\\\/2020\\\/01\\\/paz-noticia.jpg\",\"width\":800,\"height\":532},{\"@type\":\"BreadcrumbList\",\"@id\":\"https:\\\/\\\/www.entreculturas.org\\\/fr\\\/noticia\\\/jovenes-que-construyen-cultura-de-paz-desde-el-encuentro-en-diversidad\\\/#breadcrumb\",\"itemListElement\":[{\"@type\":\"ListItem\",\"position\":1,\"name\":\"Home\",\"item\":\"https:\\\/\\\/www.entreculturas.org\\\/fr\\\/\"},{\"@type\":\"ListItem\",\"position\":2,\"name\":\"Noticias\",\"item\":\"https:\\\/\\\/www.entreculturas.org\\\/fr\\\/noticias\\\/\"},{\"@type\":\"ListItem\",\"position\":3,\"name\":\"J\u00f3venes que construyen cultura de paz desde el encuentro en diversidad\"}]},{\"@type\":\"WebSite\",\"@id\":\"https:\\\/\\\/www.entreculturas.org\\\/fr\\\/#website\",\"url\":\"https:\\\/\\\/www.entreculturas.org\\\/fr\\\/\",\"name\":\"Entreculturas\",\"description\":\"\",\"publisher\":{\"@id\":\"https:\\\/\\\/www.entreculturas.org\\\/fr\\\/#organization\"},\"alternateName\":\"Entreculturas\",\"potentialAction\":[{\"@type\":\"SearchAction\",\"target\":{\"@type\":\"EntryPoint\",\"urlTemplate\":\"https:\\\/\\\/www.entreculturas.org\\\/fr\\\/?s={search_term_string}\"},\"query-input\":{\"@type\":\"PropertyValueSpecification\",\"valueRequired\":true,\"valueName\":\"search_term_string\"}}],\"inLanguage\":\"fr-FR\"},{\"@type\":\"Organization\",\"@id\":\"https:\\\/\\\/www.entreculturas.org\\\/fr\\\/#organization\",\"name\":\"Entreculturas\",\"url\":\"https:\\\/\\\/www.entreculturas.org\\\/fr\\\/\",\"logo\":{\"@type\":\"ImageObject\",\"inLanguage\":\"fr-FR\",\"@id\":\"https:\\\/\\\/www.entreculturas.org\\\/fr\\\/#\\\/schema\\\/logo\\\/image\\\/\",\"url\":\"https:\\\/\\\/www.entreculturas.org\\\/wp-content\\\/uploads\\\/2025\\\/10\\\/ESP.svg\",\"contentUrl\":\"https:\\\/\\\/www.entreculturas.org\\\/wp-content\\\/uploads\\\/2025\\\/10\\\/ESP.svg\",\"caption\":\"Entreculturas\"},\"image\":{\"@id\":\"https:\\\/\\\/www.entreculturas.org\\\/fr\\\/#\\\/schema\\\/logo\\\/image\\\/\"},\"sameAs\":[\"https:\\\/\\\/www.facebook.com\\\/entreculturas\",\"https:\\\/\\\/x.com\\\/Entreculturas\",\"https:\\\/\\\/www.instagram.com\\\/entreculturas\\\/\",\"https:\\\/\\\/www.youtube.com\\\/user\\\/entreculturasvideo\",\"https:\\\/\\\/www.linkedin.com\\\/company\\\/fundacion-entreculturas-ngdo\\\/\",\"https:\\\/\\\/www.flickr.com\\\/photos\\\/98455522@N04\\\/albums\\\/\"]}]}<\/script>\n<!-- \/ Yoast SEO Premium plugin. -->","yoast_head_json":{"title":"J\u00f3venes que construyen cultura de paz desde el encuentro en diversidad - Entreculturas","robots":{"index":"index","follow":"follow","max-snippet":"max-snippet:-1","max-image-preview":"max-image-preview:large","max-video-preview":"max-video-preview:-1"},"canonical":"https:\/\/www.entreculturas.org\/fr\/noticia\/jovenes-que-construyen-cultura-de-paz-desde-el-encuentro-en-diversidad\/","og_locale":"fr_FR","og_type":"article","og_title":"J\u00f3venes que construyen cultura de paz desde el encuentro en diversidad","og_description":"Cada 30 de enero, el d\u00eda Escolar de la No Violencia y la Paz, nos recuerda a la ciudadan\u00eda global que la juventud ha sido y sigue siendo imprescindible en la lucha para construir sociedades pac\u00edficas, a lo largo de la historia y en latitudes diversas del planeta. Desde Entreculturas creemos que el encuentro en diversidad es la clave para que los y las j\u00f3venes sigan construyendo un mundo pac\u00edfico, inclusivo, igualitario y defensor de los derechos humanos.","og_url":"https:\/\/www.entreculturas.org\/fr\/noticia\/jovenes-que-construyen-cultura-de-paz-desde-el-encuentro-en-diversidad\/","og_site_name":"Entreculturas","article_publisher":"https:\/\/www.facebook.com\/entreculturas","article_modified_time":"2024-03-14T14:08:02+00:00","og_image":[{"width":800,"height":532,"url":"https:\/\/www.entreculturas.org\/wp-content\/uploads\/2020\/01\/paz-noticia.jpg","type":"image\/jpeg"}],"twitter_card":"summary_large_image","twitter_site":"@Entreculturas","schema":{"@context":"https:\/\/schema.org","@graph":[{"@type":"WebPage","@id":"https:\/\/www.entreculturas.org\/fr\/noticia\/jovenes-que-construyen-cultura-de-paz-desde-el-encuentro-en-diversidad\/","url":"https:\/\/www.entreculturas.org\/fr\/noticia\/jovenes-que-construyen-cultura-de-paz-desde-el-encuentro-en-diversidad\/","name":"J\u00f3venes que construyen cultura de paz desde el encuentro en diversidad - Entreculturas","isPartOf":{"@id":"https:\/\/www.entreculturas.org\/fr\/#website"},"primaryImageOfPage":{"@id":"https:\/\/www.entreculturas.org\/fr\/noticia\/jovenes-que-construyen-cultura-de-paz-desde-el-encuentro-en-diversidad\/#primaryimage"},"image":{"@id":"https:\/\/www.entreculturas.org\/fr\/noticia\/jovenes-que-construyen-cultura-de-paz-desde-el-encuentro-en-diversidad\/#primaryimage"},"thumbnailUrl":"https:\/\/www.entreculturas.org\/wp-content\/uploads\/2020\/01\/paz-noticia.jpg","datePublished":"2020-01-30T09:34:58+00:00","dateModified":"2024-03-14T14:08:02+00:00","breadcrumb":{"@id":"https:\/\/www.entreculturas.org\/fr\/noticia\/jovenes-que-construyen-cultura-de-paz-desde-el-encuentro-en-diversidad\/#breadcrumb"},"inLanguage":"fr-FR","potentialAction":[{"@type":"ReadAction","target":["https:\/\/www.entreculturas.org\/fr\/noticia\/jovenes-que-construyen-cultura-de-paz-desde-el-encuentro-en-diversidad\/"]}]},{"@type":"ImageObject","inLanguage":"fr-FR","@id":"https:\/\/www.entreculturas.org\/fr\/noticia\/jovenes-que-construyen-cultura-de-paz-desde-el-encuentro-en-diversidad\/#primaryimage","url":"https:\/\/www.entreculturas.org\/wp-content\/uploads\/2020\/01\/paz-noticia.jpg","contentUrl":"https:\/\/www.entreculturas.org\/wp-content\/uploads\/2020\/01\/paz-noticia.jpg","width":800,"height":532},{"@type":"BreadcrumbList","@id":"https:\/\/www.entreculturas.org\/fr\/noticia\/jovenes-que-construyen-cultura-de-paz-desde-el-encuentro-en-diversidad\/#breadcrumb","itemListElement":[{"@type":"ListItem","position":1,"name":"Home","item":"https:\/\/www.entreculturas.org\/fr\/"},{"@type":"ListItem","position":2,"name":"Noticias","item":"https:\/\/www.entreculturas.org\/fr\/noticias\/"},{"@type":"ListItem","position":3,"name":"J\u00f3venes que construyen cultura de paz desde el encuentro en diversidad"}]},{"@type":"WebSite","@id":"https:\/\/www.entreculturas.org\/fr\/#website","url":"https:\/\/www.entreculturas.org\/fr\/","name":"Entreculturas","description":"","publisher":{"@id":"https:\/\/www.entreculturas.org\/fr\/#organization"},"alternateName":"Entreculturas","potentialAction":[{"@type":"SearchAction","target":{"@type":"EntryPoint","urlTemplate":"https:\/\/www.entreculturas.org\/fr\/?s={search_term_string}"},"query-input":{"@type":"PropertyValueSpecification","valueRequired":true,"valueName":"search_term_string"}}],"inLanguage":"fr-FR"},{"@type":"Organization","@id":"https:\/\/www.entreculturas.org\/fr\/#organization","name":"Entreculturas","url":"https:\/\/www.entreculturas.org\/fr\/","logo":{"@type":"ImageObject","inLanguage":"fr-FR","@id":"https:\/\/www.entreculturas.org\/fr\/#\/schema\/logo\/image\/","url":"https:\/\/www.entreculturas.org\/wp-content\/uploads\/2025\/10\/ESP.svg","contentUrl":"https:\/\/www.entreculturas.org\/wp-content\/uploads\/2025\/10\/ESP.svg","caption":"Entreculturas"},"image":{"@id":"https:\/\/www.entreculturas.org\/fr\/#\/schema\/logo\/image\/"},"sameAs":["https:\/\/www.facebook.com\/entreculturas","https:\/\/x.com\/Entreculturas","https:\/\/www.instagram.com\/entreculturas\/","https:\/\/www.youtube.com\/user\/entreculturasvideo","https:\/\/www.linkedin.com\/company\/fundacion-entreculturas-ngdo\/","https:\/\/www.flickr.com\/photos\/98455522@N04\/albums\/"]}]}},"_links":{"self":[{"href":"https:\/\/www.entreculturas.org\/fr\/wp-json\/wp\/v2\/noticia\/4233","targetHints":{"allow":["GET"]}}],"collection":[{"href":"https:\/\/www.entreculturas.org\/fr\/wp-json\/wp\/v2\/noticia"}],"about":[{"href":"https:\/\/www.entreculturas.org\/fr\/wp-json\/wp\/v2\/types\/noticia"}],"wp:featuredmedia":[{"embeddable":true,"href":"https:\/\/www.entreculturas.org\/fr\/wp-json\/wp\/v2\/media\/4231"}],"wp:attachment":[{"href":"https:\/\/www.entreculturas.org\/fr\/wp-json\/wp\/v2\/media?parent=4233"}],"wp:term":[{"taxonomy":"category","embeddable":true,"href":"https:\/\/www.entreculturas.org\/fr\/wp-json\/wp\/v2\/categories?post=4233"},{"taxonomy":"post_tag","embeddable":true,"href":"https:\/\/www.entreculturas.org\/fr\/wp-json\/wp\/v2\/tags?post=4233"},{"taxonomy":"country","embeddable":true,"href":"https:\/\/www.entreculturas.org\/fr\/wp-json\/wp\/v2\/country?post=4233"},{"taxonomy":"cause","embeddable":true,"href":"https:\/\/www.entreculturas.org\/fr\/wp-json\/wp\/v2\/cause?post=4233"}],"curies":[{"name":"wp","href":"https:\/\/api.w.org\/{rel}","templated":true}]}}