{"id":42051,"date":"2025-09-05T14:12:23","date_gmt":"2025-09-05T12:12:23","guid":{"rendered":"https:\/\/www.entreculturas.org\/?post_type=noticia&#038;p=42051"},"modified":"2025-09-17T09:17:40","modified_gmt":"2025-09-17T07:17:40","slug":"la-silla-roja-cinco-anos-para-cumplir-lo-prometido-con-el-derecho-a-la-educacion","status":"publish","type":"noticia","link":"https:\/\/www.entreculturas.org\/fr\/noticia\/la-silla-roja-cinco-anos-para-cumplir-lo-prometido-con-el-derecho-a-la-educacion\/","title":{"rendered":"La Silla Roja: cinco a\u00f1os para cumplir lo prometido con el derecho a la educaci\u00f3n"},"content":{"rendered":"\n<p>Cada mes de septiembre, millones de ni\u00f1os, ni\u00f1as y adolescentes regresan a las aulas. Pero no toda la infancia lo hace en las mismas condiciones: mientras unos retoman su rutina escolar, otros siguen esperando poder ejercer su derecho a aprender. A solo cinco a\u00f1os del plazo marcado por la Agenda 2030, la promesa de garantizar educaci\u00f3n para todas las personas sigue sin cumplirse y la exclusi\u00f3n educativa amenaza con dejar atr\u00e1s a millones de personas.&nbsp;<\/p>\n\n\n\n<p>Desde Entreculturas lanzamos la campa\u00f1a <a href=\"https:\/\/www.entreculturas.org\/la-silla-roja\/\" target=\"_blank\" rel=\"noreferrer noopener\">La Silla Roja<\/a>, bajo el lema \u201cNo podemos retroceder: la educaci\u00f3n es futuro\u201d, para visibilizar esta realidad y exigir que la educaci\u00f3n sea una prioridad pol\u00edtica y social en el camino hacia 2030. Con la campa\u00f1a queremos poner el foco en la necesidad de inversi\u00f3n y en el fortalecimiento de los sistemas p\u00fablicos para asegurar una educaci\u00f3n inclusiva y de calidad en cualquier contexto.<\/p>\n\n\n\n<p>As\u00ed lo subraya tambi\u00e9n nuestro informe \u201c<a href=\"https:\/\/bit.ly\/LaEducacionEsFuturo\" target=\"_blank\" rel=\"noreferrer noopener\">Lo prometido es deuda. Cinco a\u00f1os para cumplir los compromisos con el derecho al aprendizaje<\/a>\u201d, que advierte que, si no se produce un cambio urgente, en 2030 millones de ni\u00f1os y ni\u00f1as seguir\u00e1n fuera de la escuela.<\/p>\n\n\n\n<h2 class=\"wp-block-heading\" id=\"h-una-campana-con-voz-global\"><strong>Una campa\u00f1a con voz global<\/strong><\/h2>\n\n\n\n<p>La campa\u00f1a y su informe se presentar\u00e1n oficialmente en <strong>Madrid, el mi\u00e9rcoles 10 de septiembre<\/strong>, con una rueda de prensa en nuestra sede central que se podr\u00e1 seguir tambi\u00e9n de forma virtual. Este acto dar\u00e1 inicio a una semana de actividades que, entre el 10 y el 17 de septiembre, recorrer\u00e1n distintas ciudades espa\u00f1olas con espacios para el di\u00e1logo y la reflexi\u00f3n en torno al derecho a la educaci\u00f3n.&nbsp;<\/p>\n\n\n\n<p>En ellos participar\u00e1n representantes de <strong>Fe y Alegr\u00eda Honduras<\/strong> y <strong>Fe y Alegr\u00eda Chad<\/strong>, que compartir\u00e1n su experiencia directa desde comunidades que siguen luchando por hacer efectivo el derecho a aprender.&nbsp;<\/p>\n\n\n\n<p>A continuaci\u00f3n, os compartimos las fechas y lugares de los eventos p\u00fablicos de presentaci\u00f3n de la campa\u00f1a y el informe:<\/p>\n\n\n\n<ul class=\"wp-block-list\">\n<li><strong>Madrid<\/strong> \u2013 Mi\u00e9rcoles 10\/9\/25 \u2013 10:30 \u2013 <em>&nbsp;<\/em>Sede Central Entreculturas (Calle de Maldonado, 1) -Tambi\u00e9n se puede seguir por <a href=\"http:\/\/entreculturas.tv\">entreculturas.tv<\/a><\/li>\n\n\n\n<li><strong>Valladolid<\/strong> \u2013 Mi\u00e9rcoles 10\/9\/25 \u2013 19:00 \u2013 Colegio Mayor Men\u00e9ndez Pelayo (C\/ Ruiz Hern\u00e1ndez, 3)<\/li>\n\n\n\n<li><strong>Le\u00f3n<\/strong> &#8211; <em> <\/em>Jueves 11\/9\/25 &#8211; 19:45 &#8211; Entreculturas Le\u00f3n (C\/ de los Jesuitas, 13)<\/li>\n\n\n\n<li><strong>Valencia<\/strong> \u2013 Jueves 11\/9\/25 \u2013 17:30 \u2013 Centro Arrupe (Gran V\u00eda de Fernando el Cat\u00f3lico, 78)<\/li>\n\n\n\n<li><strong>Murcia<\/strong> \u2013 S\u00e1bado 13\/9\/25 \u2013 18:00 \u2013 Centro Loyola&nbsp; (Arco de Santo Domingo, Edificio Fontanar, 2)&nbsp;<\/li>\n\n\n\n<li><strong>Valencia<\/strong>&#8211;&nbsp;Lunes 15\/9\/25 \u2013 12:30 &#8211; Centro Arrupe, Aula 1 (Gran V\u00eda de Fernando el Cat\u00f3lico, 78)<\/li>\n\n\n\n<li><strong>Barcelona<\/strong> \u2013 Martes 16\/9\/25 \u2013 19:00 \u2013 Delegaci\u00f3n\u00a0 de Barcelona (Carrer Roger de Ll\u00faria 13)<\/li>\n\n\n\n<li><strong>C\u00f3rdoba<\/strong> &#8211; Jueves 18\/9\/25 &#8211; 17:30 &#8211; Delegaci\u00f3n de C\u00f3rdoba (Bulevar Gran Capit\u00e1n, 5 &#8211; Centro Cultural San Hip\u00f3lito)<br><\/li>\n<\/ul>\n","protected":false},"excerpt":{"rendered":"<p>Cada mes de septiembre, millones de ni\u00f1os, ni\u00f1as y adolescentes regresan a las aulas. Pero no toda la infancia lo hace en las mismas condiciones: mientras unos retoman su rutina escolar, otros siguen esperando poder ejercer su derecho a aprender. A solo cinco a\u00f1os del plazo marcado por la Agenda 2030, la promesa de garantizar educaci\u00f3n para todas las personas sigue sin cumplirse y la exclusi\u00f3n educativa amenaza con dejar atr\u00e1s a millones de personas.&nbsp; Desde Entreculturas lanzamos la campa\u00f1a La Silla Roja, bajo el lema \u201cNo podemos retroceder: la educaci\u00f3n es futuro\u201d, para visibilizar esta realidad y exigir que la educaci\u00f3n sea una prioridad pol\u00edtica y social en el camino hacia 2030. Con la campa\u00f1a queremos poner el foco en la necesidad de inversi\u00f3n y en el fortalecimiento de los sistemas p\u00fablicos para asegurar una educaci\u00f3n inclusiva y de calidad en cualquier contexto. As\u00ed lo subraya tambi\u00e9n nuestro informe [&hellip;]<\/p>\n","protected":false},"featured_media":42134,"template":"","meta":{"_acf_changed":false},"categories":[7],"tags":[580],"country":[],"cause":[],"class_list":["post-42051","noticia","type-noticia","status-publish","has-post-thumbnail","hentry","category-noticia","tag-noticias-la-silla-roja"],"acf":[],"yoast_head":"<!-- This site is optimized with the Yoast SEO Premium plugin v21.6 (Yoast SEO v27.5) - https:\/\/yoast.com\/product\/yoast-seo-premium-wordpress\/ -->\n<title>La Silla Roja: cinco a\u00f1os para cumplir lo prometido con el derecho a la educaci\u00f3n - Entreculturas<\/title>\n<meta name=\"description\" content=\"A cinco a\u00f1os de 2030, lanzamos la campa\u00f1a La Silla Roja para exigir que el derecho a la educaci\u00f3n deje de ser una promesa incumplida.\" \/>\n<meta name=\"robots\" content=\"index, follow, max-snippet:-1, max-image-preview:large, max-video-preview:-1\" \/>\n<link rel=\"canonical\" href=\"https:\/\/www.entreculturas.org\/fr\/noticia\/la-silla-roja-cinco-anos-para-cumplir-lo-prometido-con-el-derecho-a-la-educacion\/\" \/>\n<meta property=\"og:locale\" content=\"fr_FR\" \/>\n<meta property=\"og:type\" content=\"article\" \/>\n<meta property=\"og:title\" content=\"La Silla Roja: cinco a\u00f1os para cumplir lo prometido con el derecho a la educaci\u00f3n\" \/>\n<meta property=\"og:description\" content=\"A cinco a\u00f1os de 2030, lanzamos la campa\u00f1a La Silla Roja para exigir que el derecho a la educaci\u00f3n deje de ser una promesa incumplida.\" \/>\n<meta property=\"og:url\" content=\"https:\/\/www.entreculturas.org\/fr\/noticia\/la-silla-roja-cinco-anos-para-cumplir-lo-prometido-con-el-derecho-a-la-educacion\/\" \/>\n<meta property=\"og:site_name\" content=\"Entreculturas\" \/>\n<meta property=\"article:publisher\" content=\"https:\/\/www.facebook.com\/entreculturas\" \/>\n<meta property=\"article:modified_time\" content=\"2025-09-17T07:17:40+00:00\" \/>\n<meta property=\"og:image\" content=\"https:\/\/www.entreculturas.org\/wp-content\/uploads\/2025\/09\/La-silla-roja-2025_Noticia_2048-x-776.jpg\" \/>\n\t<meta property=\"og:image:width\" content=\"1024\" \/>\n\t<meta property=\"og:image:height\" content=\"388\" \/>\n\t<meta property=\"og:image:type\" content=\"image\/jpeg\" \/>\n<meta name=\"twitter:card\" content=\"summary_large_image\" \/>\n<meta name=\"twitter:site\" content=\"@Entreculturas\" \/>\n<script type=\"application\/ld+json\" class=\"yoast-schema-graph\">{\"@context\":\"https:\\\/\\\/schema.org\",\"@graph\":[{\"@type\":\"WebPage\",\"@id\":\"https:\\\/\\\/www.entreculturas.org\\\/fr\\\/noticia\\\/la-silla-roja-cinco-anos-para-cumplir-lo-prometido-con-el-derecho-a-la-educacion\\\/\",\"url\":\"https:\\\/\\\/www.entreculturas.org\\\/fr\\\/noticia\\\/la-silla-roja-cinco-anos-para-cumplir-lo-prometido-con-el-derecho-a-la-educacion\\\/\",\"name\":\"La Silla Roja: cinco a\u00f1os para cumplir lo prometido con el derecho a la educaci\u00f3n - Entreculturas\",\"isPartOf\":{\"@id\":\"https:\\\/\\\/www.entreculturas.org\\\/fr\\\/#website\"},\"primaryImageOfPage\":{\"@id\":\"https:\\\/\\\/www.entreculturas.org\\\/fr\\\/noticia\\\/la-silla-roja-cinco-anos-para-cumplir-lo-prometido-con-el-derecho-a-la-educacion\\\/#primaryimage\"},\"image\":{\"@id\":\"https:\\\/\\\/www.entreculturas.org\\\/fr\\\/noticia\\\/la-silla-roja-cinco-anos-para-cumplir-lo-prometido-con-el-derecho-a-la-educacion\\\/#primaryimage\"},\"thumbnailUrl\":\"https:\\\/\\\/www.entreculturas.org\\\/wp-content\\\/uploads\\\/2025\\\/09\\\/La-silla-roja-2025_Noticia_2048-x-776.jpg\",\"datePublished\":\"2025-09-05T12:12:23+00:00\",\"dateModified\":\"2025-09-17T07:17:40+00:00\",\"description\":\"A cinco a\u00f1os de 2030, lanzamos la campa\u00f1a La Silla Roja para exigir que el derecho a la educaci\u00f3n deje de ser una promesa incumplida.\",\"breadcrumb\":{\"@id\":\"https:\\\/\\\/www.entreculturas.org\\\/fr\\\/noticia\\\/la-silla-roja-cinco-anos-para-cumplir-lo-prometido-con-el-derecho-a-la-educacion\\\/#breadcrumb\"},\"inLanguage\":\"fr-FR\",\"potentialAction\":[{\"@type\":\"ReadAction\",\"target\":[\"https:\\\/\\\/www.entreculturas.org\\\/fr\\\/noticia\\\/la-silla-roja-cinco-anos-para-cumplir-lo-prometido-con-el-derecho-a-la-educacion\\\/\"]}]},{\"@type\":\"ImageObject\",\"inLanguage\":\"fr-FR\",\"@id\":\"https:\\\/\\\/www.entreculturas.org\\\/fr\\\/noticia\\\/la-silla-roja-cinco-anos-para-cumplir-lo-prometido-con-el-derecho-a-la-educacion\\\/#primaryimage\",\"url\":\"https:\\\/\\\/www.entreculturas.org\\\/wp-content\\\/uploads\\\/2025\\\/09\\\/La-silla-roja-2025_Noticia_2048-x-776.jpg\",\"contentUrl\":\"https:\\\/\\\/www.entreculturas.org\\\/wp-content\\\/uploads\\\/2025\\\/09\\\/La-silla-roja-2025_Noticia_2048-x-776.jpg\",\"width\":1024,\"height\":388,\"caption\":\"La Silla Roja noticia\"},{\"@type\":\"BreadcrumbList\",\"@id\":\"https:\\\/\\\/www.entreculturas.org\\\/fr\\\/noticia\\\/la-silla-roja-cinco-anos-para-cumplir-lo-prometido-con-el-derecho-a-la-educacion\\\/#breadcrumb\",\"itemListElement\":[{\"@type\":\"ListItem\",\"position\":1,\"name\":\"Home\",\"item\":\"https:\\\/\\\/www.entreculturas.org\\\/fr\\\/\"},{\"@type\":\"ListItem\",\"position\":2,\"name\":\"Noticias\",\"item\":\"https:\\\/\\\/www.entreculturas.org\\\/fr\\\/noticias\\\/\"},{\"@type\":\"ListItem\",\"position\":3,\"name\":\"La Silla Roja: cinco a\u00f1os para cumplir lo prometido con el derecho a la educaci\u00f3n\"}]},{\"@type\":\"WebSite\",\"@id\":\"https:\\\/\\\/www.entreculturas.org\\\/fr\\\/#website\",\"url\":\"https:\\\/\\\/www.entreculturas.org\\\/fr\\\/\",\"name\":\"Entreculturas\",\"description\":\"\",\"publisher\":{\"@id\":\"https:\\\/\\\/www.entreculturas.org\\\/fr\\\/#organization\"},\"alternateName\":\"Entreculturas\",\"potentialAction\":[{\"@type\":\"SearchAction\",\"target\":{\"@type\":\"EntryPoint\",\"urlTemplate\":\"https:\\\/\\\/www.entreculturas.org\\\/fr\\\/?s={search_term_string}\"},\"query-input\":{\"@type\":\"PropertyValueSpecification\",\"valueRequired\":true,\"valueName\":\"search_term_string\"}}],\"inLanguage\":\"fr-FR\"},{\"@type\":\"Organization\",\"@id\":\"https:\\\/\\\/www.entreculturas.org\\\/fr\\\/#organization\",\"name\":\"Entreculturas\",\"url\":\"https:\\\/\\\/www.entreculturas.org\\\/fr\\\/\",\"logo\":{\"@type\":\"ImageObject\",\"inLanguage\":\"fr-FR\",\"@id\":\"https:\\\/\\\/www.entreculturas.org\\\/fr\\\/#\\\/schema\\\/logo\\\/image\\\/\",\"url\":\"https:\\\/\\\/www.entreculturas.org\\\/wp-content\\\/uploads\\\/2025\\\/10\\\/ESP.svg\",\"contentUrl\":\"https:\\\/\\\/www.entreculturas.org\\\/wp-content\\\/uploads\\\/2025\\\/10\\\/ESP.svg\",\"caption\":\"Entreculturas\"},\"image\":{\"@id\":\"https:\\\/\\\/www.entreculturas.org\\\/fr\\\/#\\\/schema\\\/logo\\\/image\\\/\"},\"sameAs\":[\"https:\\\/\\\/www.facebook.com\\\/entreculturas\",\"https:\\\/\\\/x.com\\\/Entreculturas\",\"https:\\\/\\\/www.instagram.com\\\/entreculturas\\\/\",\"https:\\\/\\\/www.youtube.com\\\/user\\\/entreculturasvideo\",\"https:\\\/\\\/www.linkedin.com\\\/company\\\/fundacion-entreculturas-ngdo\\\/\",\"https:\\\/\\\/www.flickr.com\\\/photos\\\/98455522@N04\\\/albums\\\/\"]}]}<\/script>\n<!-- \/ Yoast SEO Premium plugin. -->","yoast_head_json":{"title":"La Silla Roja: cinco a\u00f1os para cumplir lo prometido con el derecho a la educaci\u00f3n - Entreculturas","description":"A cinco a\u00f1os de 2030, lanzamos la campa\u00f1a La Silla Roja para exigir que el derecho a la educaci\u00f3n deje de ser una promesa incumplida.","robots":{"index":"index","follow":"follow","max-snippet":"max-snippet:-1","max-image-preview":"max-image-preview:large","max-video-preview":"max-video-preview:-1"},"canonical":"https:\/\/www.entreculturas.org\/fr\/noticia\/la-silla-roja-cinco-anos-para-cumplir-lo-prometido-con-el-derecho-a-la-educacion\/","og_locale":"fr_FR","og_type":"article","og_title":"La Silla Roja: cinco a\u00f1os para cumplir lo prometido con el derecho a la educaci\u00f3n","og_description":"A cinco a\u00f1os de 2030, lanzamos la campa\u00f1a La Silla Roja para exigir que el derecho a la educaci\u00f3n deje de ser una promesa incumplida.","og_url":"https:\/\/www.entreculturas.org\/fr\/noticia\/la-silla-roja-cinco-anos-para-cumplir-lo-prometido-con-el-derecho-a-la-educacion\/","og_site_name":"Entreculturas","article_publisher":"https:\/\/www.facebook.com\/entreculturas","article_modified_time":"2025-09-17T07:17:40+00:00","og_image":[{"width":1024,"height":388,"url":"https:\/\/www.entreculturas.org\/wp-content\/uploads\/2025\/09\/La-silla-roja-2025_Noticia_2048-x-776.jpg","type":"image\/jpeg"}],"twitter_card":"summary_large_image","twitter_site":"@Entreculturas","schema":{"@context":"https:\/\/schema.org","@graph":[{"@type":"WebPage","@id":"https:\/\/www.entreculturas.org\/fr\/noticia\/la-silla-roja-cinco-anos-para-cumplir-lo-prometido-con-el-derecho-a-la-educacion\/","url":"https:\/\/www.entreculturas.org\/fr\/noticia\/la-silla-roja-cinco-anos-para-cumplir-lo-prometido-con-el-derecho-a-la-educacion\/","name":"La Silla Roja: cinco a\u00f1os para cumplir lo prometido con el derecho a la educaci\u00f3n - Entreculturas","isPartOf":{"@id":"https:\/\/www.entreculturas.org\/fr\/#website"},"primaryImageOfPage":{"@id":"https:\/\/www.entreculturas.org\/fr\/noticia\/la-silla-roja-cinco-anos-para-cumplir-lo-prometido-con-el-derecho-a-la-educacion\/#primaryimage"},"image":{"@id":"https:\/\/www.entreculturas.org\/fr\/noticia\/la-silla-roja-cinco-anos-para-cumplir-lo-prometido-con-el-derecho-a-la-educacion\/#primaryimage"},"thumbnailUrl":"https:\/\/www.entreculturas.org\/wp-content\/uploads\/2025\/09\/La-silla-roja-2025_Noticia_2048-x-776.jpg","datePublished":"2025-09-05T12:12:23+00:00","dateModified":"2025-09-17T07:17:40+00:00","description":"A cinco a\u00f1os de 2030, lanzamos la campa\u00f1a La Silla Roja para exigir que el derecho a la educaci\u00f3n deje de ser una promesa incumplida.","breadcrumb":{"@id":"https:\/\/www.entreculturas.org\/fr\/noticia\/la-silla-roja-cinco-anos-para-cumplir-lo-prometido-con-el-derecho-a-la-educacion\/#breadcrumb"},"inLanguage":"fr-FR","potentialAction":[{"@type":"ReadAction","target":["https:\/\/www.entreculturas.org\/fr\/noticia\/la-silla-roja-cinco-anos-para-cumplir-lo-prometido-con-el-derecho-a-la-educacion\/"]}]},{"@type":"ImageObject","inLanguage":"fr-FR","@id":"https:\/\/www.entreculturas.org\/fr\/noticia\/la-silla-roja-cinco-anos-para-cumplir-lo-prometido-con-el-derecho-a-la-educacion\/#primaryimage","url":"https:\/\/www.entreculturas.org\/wp-content\/uploads\/2025\/09\/La-silla-roja-2025_Noticia_2048-x-776.jpg","contentUrl":"https:\/\/www.entreculturas.org\/wp-content\/uploads\/2025\/09\/La-silla-roja-2025_Noticia_2048-x-776.jpg","width":1024,"height":388,"caption":"La Silla Roja noticia"},{"@type":"BreadcrumbList","@id":"https:\/\/www.entreculturas.org\/fr\/noticia\/la-silla-roja-cinco-anos-para-cumplir-lo-prometido-con-el-derecho-a-la-educacion\/#breadcrumb","itemListElement":[{"@type":"ListItem","position":1,"name":"Home","item":"https:\/\/www.entreculturas.org\/fr\/"},{"@type":"ListItem","position":2,"name":"Noticias","item":"https:\/\/www.entreculturas.org\/fr\/noticias\/"},{"@type":"ListItem","position":3,"name":"La Silla Roja: cinco a\u00f1os para cumplir lo prometido con el derecho a la educaci\u00f3n"}]},{"@type":"WebSite","@id":"https:\/\/www.entreculturas.org\/fr\/#website","url":"https:\/\/www.entreculturas.org\/fr\/","name":"Entreculturas","description":"","publisher":{"@id":"https:\/\/www.entreculturas.org\/fr\/#organization"},"alternateName":"Entreculturas","potentialAction":[{"@type":"SearchAction","target":{"@type":"EntryPoint","urlTemplate":"https:\/\/www.entreculturas.org\/fr\/?s={search_term_string}"},"query-input":{"@type":"PropertyValueSpecification","valueRequired":true,"valueName":"search_term_string"}}],"inLanguage":"fr-FR"},{"@type":"Organization","@id":"https:\/\/www.entreculturas.org\/fr\/#organization","name":"Entreculturas","url":"https:\/\/www.entreculturas.org\/fr\/","logo":{"@type":"ImageObject","inLanguage":"fr-FR","@id":"https:\/\/www.entreculturas.org\/fr\/#\/schema\/logo\/image\/","url":"https:\/\/www.entreculturas.org\/wp-content\/uploads\/2025\/10\/ESP.svg","contentUrl":"https:\/\/www.entreculturas.org\/wp-content\/uploads\/2025\/10\/ESP.svg","caption":"Entreculturas"},"image":{"@id":"https:\/\/www.entreculturas.org\/fr\/#\/schema\/logo\/image\/"},"sameAs":["https:\/\/www.facebook.com\/entreculturas","https:\/\/x.com\/Entreculturas","https:\/\/www.instagram.com\/entreculturas\/","https:\/\/www.youtube.com\/user\/entreculturasvideo","https:\/\/www.linkedin.com\/company\/fundacion-entreculturas-ngdo\/","https:\/\/www.flickr.com\/photos\/98455522@N04\/albums\/"]}]}},"_links":{"self":[{"href":"https:\/\/www.entreculturas.org\/fr\/wp-json\/wp\/v2\/noticia\/42051","targetHints":{"allow":["GET"]}}],"collection":[{"href":"https:\/\/www.entreculturas.org\/fr\/wp-json\/wp\/v2\/noticia"}],"about":[{"href":"https:\/\/www.entreculturas.org\/fr\/wp-json\/wp\/v2\/types\/noticia"}],"wp:featuredmedia":[{"embeddable":true,"href":"https:\/\/www.entreculturas.org\/fr\/wp-json\/wp\/v2\/media\/42134"}],"wp:attachment":[{"href":"https:\/\/www.entreculturas.org\/fr\/wp-json\/wp\/v2\/media?parent=42051"}],"wp:term":[{"taxonomy":"category","embeddable":true,"href":"https:\/\/www.entreculturas.org\/fr\/wp-json\/wp\/v2\/categories?post=42051"},{"taxonomy":"post_tag","embeddable":true,"href":"https:\/\/www.entreculturas.org\/fr\/wp-json\/wp\/v2\/tags?post=42051"},{"taxonomy":"country","embeddable":true,"href":"https:\/\/www.entreculturas.org\/fr\/wp-json\/wp\/v2\/country?post=42051"},{"taxonomy":"cause","embeddable":true,"href":"https:\/\/www.entreculturas.org\/fr\/wp-json\/wp\/v2\/cause?post=42051"}],"curies":[{"name":"wp","href":"https:\/\/api.w.org\/{rel}","templated":true}]}}