{"id":4193,"date":"2019-12-19T15:53:39","date_gmt":"2019-12-19T15:53:39","guid":{"rendered":"https:\/\/entreculturasi.wpenginepowered.com\/?noticias=apoyamos-el-documental-cholitas-una-historia-de-superacion-y-empoderamiento"},"modified":"2024-03-14T15:05:55","modified_gmt":"2024-03-14T14:05:55","slug":"apoyamos-el-documental-cholitas-una-historia-de-superacion-y-empoderamiento","status":"publish","type":"noticia","link":"https:\/\/www.entreculturas.org\/fr\/noticia\/apoyamos-el-documental-cholitas-una-historia-de-superacion-y-empoderamiento\/","title":{"rendered":"Apoyamos el documental \u2018Cholitas\u2019: una historia de superaci\u00f3n y empoderamiento"},"content":{"rendered":"<\/p>\n<p>Dora, Lydia, Cecilia, Elena y Liita son cinco mujeres ind\u00edgenas aymaras que protagonizan una expedici\u00f3n \u00fanica: escalar la monta\u00f1a m\u00e1s alta de Am\u00e9rica. Vestidas con su falda tradicional, ascienden al Aconcagua en la regi\u00f3n m\u00e1s inh\u00f3spita de Bolivia, una traves\u00eda que les llevar\u00e1 a realizar un viaje interior, escudri\u00f1ando en sus fortalezas, determinaci\u00f3n y a encontrar en la monta\u00f1a un lugar donde sentirse <strong>libres, felices y vivas.&nbsp;<\/strong><\/p>\n<p>El documental <strong>\u2018Cholitas\u2019,<\/strong> dirigido por Jaime Murciego y Pablo Iraburu de la mano de Arena Producciones, y que hemos apoyado desde Entreculturas junto con Alboan y Oxfam Interm\u00f3n, es <strong>una historia de liberaci\u00f3n y empoderamiento de la mujer<\/strong>, en un pa\u00eds donde la brecha de igualdad de g\u00e9nero es muy grande.&nbsp; &nbsp;<\/p>\n<p>Cansadas de \u201cbajar la cabeza\u201d y de que les digan que su lugar est\u00e1 en la casa, estas cinco mujeres quisieron demostrarse a s\u00ed mismas y al mundo que no solo pueden alcanzar una cima que s\u00f3lo estaba contemplada para los hombres, quieren demostrar que pueden <strong>romper estereotipos<\/strong>, relacionarse con la naturaleza a trav\u00e9s de la monta\u00f1a y reivindicar el respeto a las diferentes culturas poniendo en valor su propia identidad ind\u00edgena.<br \/>&nbsp;<br \/>\u201c<strong>A nosotras se nos discrimina por ser Aymaras, mujeres ind\u00edgenas y yo dec\u00eda por qu\u00e9\u2026<\/strong> Siempre ten\u00eda esa curiosidad de subir a la cumbre, de \u2018hacer cima\u2019 \u00bfPor qu\u00e9 no lo podemos hacer nosotras las mujeres, por qu\u00e9 no podemos escalar?\u201d, contaba&nbsp; Lidia Huayllas a las c\u00e1maras que documentaron su viaje junto a las otras cuatro escaladoras, afirmando al final de su recorrido que \u201cPoder hacerlo es <strong>un sue\u00f1o hecho realidad<\/strong>, poder enfrentar el Aconcagua, la m\u00e1s alta de Am\u00e9rica. Hoy me siento libre de poder hacer lo que yo quiero\u201d.<\/p>\n<p><img decoding=\"async\" alt=\"\" src=\"https:\/\/www.entreculturas.org\/wp-content\/uploads\/2019\/12\/cholitas.jpg\" style=\"width: 560px;height: 800px\"><\/p>\n<p>El documental se adentra en un relato de expedici\u00f3n cl\u00e1sico, narrando los preparativos de la aventura de Dora, Lydia, Cecilia, Elena y Liita , la aproximaci\u00f3n a la monta\u00f1a y ese viaje hacia una cima que funciona tambi\u00e9n como un lugar simb\u00f3lico. \u201cHemos contado esta historia porque sent\u00edamos que ten\u00edamos la obligaci\u00f3n de hacerlo. El mundo necesita referentes como las mujeres que protagonizan nuestra pel\u00edcula. Mujeres valientes que rompen estereotipos, que siguen su pasi\u00f3n, que son libres y poderosas\u201d, han comentado los directores.&nbsp;<\/p>\n[video:https:\/\/www.youtube.com\/watch?v=_21ygA8CXNY align:center]\n<p>El estreno mundial de \u2018Cholitas\u2019 ha tenido lugar en el mes de diciembre en el Mendi Film Festival &#8211; un festival bilba\u00edno de cine de monta\u00f1a, aventura y naturaleza &#8211; donde ha tenido una gran acogida del p\u00fablico, cr\u00edticos y expertos cinematogr\u00e1ficos. Tanto es as\u00ed, que ha ganado el Premio del Jurado. \u201cEsta gran historia, que mezcla temas que dif\u00edcilmente salen a la luz, muestra gestos de superaci\u00f3n y est\u00e1 basada en un reto \u00e9pico\u201d, ha explicado el jurado.<\/p>\n<p>\u2018Cholitas\u2019, la \u00f3pera prima documental de Jaime Murciego y Pablo Iraburu, continuar\u00e1 su recorrido por importantes festivales internacionales y muy pronto ser\u00e1 estrenada en las salas de cine del pa\u00eds.&nbsp;&nbsp;<\/p>\n","protected":false},"excerpt":{"rendered":"<p>Dora, Lydia, Cecilia, Elena y Liita son cinco mujeres ind\u00edgenas aymaras que protagonizan una expedici\u00f3n \u00fanica: escalar la monta\u00f1a m\u00e1s alta de Am\u00e9rica. Vestidas con su falda tradicional, ascienden al Aconcagua en la regi\u00f3n m\u00e1s inh\u00f3spita de Bolivia, una traves\u00eda que les llevar\u00e1 a realizar un viaje interior, escudri\u00f1ando en sus fortalezas, determinaci\u00f3n y a encontrar en la monta\u00f1a un lugar donde sentirse libres, felices y vivas. <\/p>\n","protected":false},"featured_media":4194,"template":"single-noticia","meta":{"_acf_changed":false},"categories":[7],"tags":[293],"country":[],"cause":[130],"class_list":["post-4193","noticia","type-noticia","status-publish","has-post-thumbnail","hentry","category-noticia","tag-genero","cause-genero"],"acf":[],"yoast_head":"<!-- This site is optimized with the Yoast SEO Premium plugin v21.6 (Yoast SEO v27.5) - https:\/\/yoast.com\/product\/yoast-seo-premium-wordpress\/ -->\n<title>Apoyamos el documental \u2018Cholitas\u2019: una historia de superaci\u00f3n y empoderamiento - Entreculturas<\/title>\n<meta name=\"robots\" content=\"index, follow, max-snippet:-1, max-image-preview:large, max-video-preview:-1\" \/>\n<link rel=\"canonical\" href=\"https:\/\/www.entreculturas.org\/fr\/noticia\/apoyamos-el-documental-cholitas-una-historia-de-superacion-y-empoderamiento\/\" \/>\n<meta property=\"og:locale\" content=\"fr_FR\" \/>\n<meta property=\"og:type\" content=\"article\" \/>\n<meta property=\"og:title\" content=\"Apoyamos el documental \u2018Cholitas\u2019: una historia de superaci\u00f3n y empoderamiento\" \/>\n<meta property=\"og:description\" content=\"Dora, Lydia, Cecilia, Elena y Liita son cinco mujeres ind\u00edgenas aymaras que protagonizan una expedici\u00f3n \u00fanica: escalar la monta\u00f1a m\u00e1s alta de Am\u00e9rica. Vestidas con su falda tradicional, ascienden al Aconcagua en la regi\u00f3n m\u00e1s inh\u00f3spita de Bolivia, una traves\u00eda que les llevar\u00e1 a realizar un viaje interior, escudri\u00f1ando en sus fortalezas, determinaci\u00f3n y a encontrar en la monta\u00f1a un lugar donde sentirse libres, felices y vivas.\" \/>\n<meta property=\"og:url\" content=\"https:\/\/www.entreculturas.org\/fr\/noticia\/apoyamos-el-documental-cholitas-una-historia-de-superacion-y-empoderamiento\/\" \/>\n<meta property=\"og:site_name\" content=\"Entreculturas\" \/>\n<meta property=\"article:publisher\" content=\"https:\/\/www.facebook.com\/entreculturas\" \/>\n<meta property=\"article:modified_time\" content=\"2024-03-14T14:05:55+00:00\" \/>\n<meta property=\"og:image\" content=\"https:\/\/www.entreculturas.org\/wp-content\/uploads\/2019\/12\/cholitas_entreculturas_cine_documental.jpg\" \/>\n\t<meta property=\"og:image:width\" content=\"1920\" \/>\n\t<meta property=\"og:image:height\" content=\"1080\" \/>\n\t<meta property=\"og:image:type\" content=\"image\/jpeg\" \/>\n<meta name=\"twitter:card\" content=\"summary_large_image\" \/>\n<meta name=\"twitter:site\" content=\"@Entreculturas\" \/>\n<script type=\"application\/ld+json\" class=\"yoast-schema-graph\">{\"@context\":\"https:\\\/\\\/schema.org\",\"@graph\":[{\"@type\":\"WebPage\",\"@id\":\"https:\\\/\\\/www.entreculturas.org\\\/fr\\\/noticia\\\/apoyamos-el-documental-cholitas-una-historia-de-superacion-y-empoderamiento\\\/\",\"url\":\"https:\\\/\\\/www.entreculturas.org\\\/fr\\\/noticia\\\/apoyamos-el-documental-cholitas-una-historia-de-superacion-y-empoderamiento\\\/\",\"name\":\"Apoyamos el documental \u2018Cholitas\u2019: una historia de superaci\u00f3n y empoderamiento - Entreculturas\",\"isPartOf\":{\"@id\":\"https:\\\/\\\/www.entreculturas.org\\\/fr\\\/#website\"},\"primaryImageOfPage\":{\"@id\":\"https:\\\/\\\/www.entreculturas.org\\\/fr\\\/noticia\\\/apoyamos-el-documental-cholitas-una-historia-de-superacion-y-empoderamiento\\\/#primaryimage\"},\"image\":{\"@id\":\"https:\\\/\\\/www.entreculturas.org\\\/fr\\\/noticia\\\/apoyamos-el-documental-cholitas-una-historia-de-superacion-y-empoderamiento\\\/#primaryimage\"},\"thumbnailUrl\":\"https:\\\/\\\/www.entreculturas.org\\\/wp-content\\\/uploads\\\/2019\\\/12\\\/cholitas_entreculturas_cine_documental.jpg\",\"datePublished\":\"2019-12-19T15:53:39+00:00\",\"dateModified\":\"2024-03-14T14:05:55+00:00\",\"breadcrumb\":{\"@id\":\"https:\\\/\\\/www.entreculturas.org\\\/fr\\\/noticia\\\/apoyamos-el-documental-cholitas-una-historia-de-superacion-y-empoderamiento\\\/#breadcrumb\"},\"inLanguage\":\"fr-FR\",\"potentialAction\":[{\"@type\":\"ReadAction\",\"target\":[\"https:\\\/\\\/www.entreculturas.org\\\/fr\\\/noticia\\\/apoyamos-el-documental-cholitas-una-historia-de-superacion-y-empoderamiento\\\/\"]}]},{\"@type\":\"ImageObject\",\"inLanguage\":\"fr-FR\",\"@id\":\"https:\\\/\\\/www.entreculturas.org\\\/fr\\\/noticia\\\/apoyamos-el-documental-cholitas-una-historia-de-superacion-y-empoderamiento\\\/#primaryimage\",\"url\":\"https:\\\/\\\/www.entreculturas.org\\\/wp-content\\\/uploads\\\/2019\\\/12\\\/cholitas_entreculturas_cine_documental.jpg\",\"contentUrl\":\"https:\\\/\\\/www.entreculturas.org\\\/wp-content\\\/uploads\\\/2019\\\/12\\\/cholitas_entreculturas_cine_documental.jpg\",\"width\":1920,\"height\":1080,\"caption\":\"cholitas_entreculturas_cine_documental\"},{\"@type\":\"BreadcrumbList\",\"@id\":\"https:\\\/\\\/www.entreculturas.org\\\/fr\\\/noticia\\\/apoyamos-el-documental-cholitas-una-historia-de-superacion-y-empoderamiento\\\/#breadcrumb\",\"itemListElement\":[{\"@type\":\"ListItem\",\"position\":1,\"name\":\"Home\",\"item\":\"https:\\\/\\\/www.entreculturas.org\\\/fr\\\/\"},{\"@type\":\"ListItem\",\"position\":2,\"name\":\"Noticias\",\"item\":\"https:\\\/\\\/www.entreculturas.org\\\/fr\\\/noticias\\\/\"},{\"@type\":\"ListItem\",\"position\":3,\"name\":\"Apoyamos el documental \u2018Cholitas\u2019: una historia de superaci\u00f3n y empoderamiento\"}]},{\"@type\":\"WebSite\",\"@id\":\"https:\\\/\\\/www.entreculturas.org\\\/fr\\\/#website\",\"url\":\"https:\\\/\\\/www.entreculturas.org\\\/fr\\\/\",\"name\":\"Entreculturas\",\"description\":\"\",\"publisher\":{\"@id\":\"https:\\\/\\\/www.entreculturas.org\\\/fr\\\/#organization\"},\"alternateName\":\"Entreculturas\",\"potentialAction\":[{\"@type\":\"SearchAction\",\"target\":{\"@type\":\"EntryPoint\",\"urlTemplate\":\"https:\\\/\\\/www.entreculturas.org\\\/fr\\\/?s={search_term_string}\"},\"query-input\":{\"@type\":\"PropertyValueSpecification\",\"valueRequired\":true,\"valueName\":\"search_term_string\"}}],\"inLanguage\":\"fr-FR\"},{\"@type\":\"Organization\",\"@id\":\"https:\\\/\\\/www.entreculturas.org\\\/fr\\\/#organization\",\"name\":\"Entreculturas\",\"url\":\"https:\\\/\\\/www.entreculturas.org\\\/fr\\\/\",\"logo\":{\"@type\":\"ImageObject\",\"inLanguage\":\"fr-FR\",\"@id\":\"https:\\\/\\\/www.entreculturas.org\\\/fr\\\/#\\\/schema\\\/logo\\\/image\\\/\",\"url\":\"https:\\\/\\\/www.entreculturas.org\\\/wp-content\\\/uploads\\\/2025\\\/10\\\/ESP.svg\",\"contentUrl\":\"https:\\\/\\\/www.entreculturas.org\\\/wp-content\\\/uploads\\\/2025\\\/10\\\/ESP.svg\",\"caption\":\"Entreculturas\"},\"image\":{\"@id\":\"https:\\\/\\\/www.entreculturas.org\\\/fr\\\/#\\\/schema\\\/logo\\\/image\\\/\"},\"sameAs\":[\"https:\\\/\\\/www.facebook.com\\\/entreculturas\",\"https:\\\/\\\/x.com\\\/Entreculturas\",\"https:\\\/\\\/www.instagram.com\\\/entreculturas\\\/\",\"https:\\\/\\\/www.youtube.com\\\/user\\\/entreculturasvideo\",\"https:\\\/\\\/www.linkedin.com\\\/company\\\/fundacion-entreculturas-ngdo\\\/\",\"https:\\\/\\\/www.flickr.com\\\/photos\\\/98455522@N04\\\/albums\\\/\"]}]}<\/script>\n<!-- \/ Yoast SEO Premium plugin. -->","yoast_head_json":{"title":"Apoyamos el documental \u2018Cholitas\u2019: una historia de superaci\u00f3n y empoderamiento - Entreculturas","robots":{"index":"index","follow":"follow","max-snippet":"max-snippet:-1","max-image-preview":"max-image-preview:large","max-video-preview":"max-video-preview:-1"},"canonical":"https:\/\/www.entreculturas.org\/fr\/noticia\/apoyamos-el-documental-cholitas-una-historia-de-superacion-y-empoderamiento\/","og_locale":"fr_FR","og_type":"article","og_title":"Apoyamos el documental \u2018Cholitas\u2019: una historia de superaci\u00f3n y empoderamiento","og_description":"Dora, Lydia, Cecilia, Elena y Liita son cinco mujeres ind\u00edgenas aymaras que protagonizan una expedici\u00f3n \u00fanica: escalar la monta\u00f1a m\u00e1s alta de Am\u00e9rica. Vestidas con su falda tradicional, ascienden al Aconcagua en la regi\u00f3n m\u00e1s inh\u00f3spita de Bolivia, una traves\u00eda que les llevar\u00e1 a realizar un viaje interior, escudri\u00f1ando en sus fortalezas, determinaci\u00f3n y a encontrar en la monta\u00f1a un lugar donde sentirse libres, felices y vivas.","og_url":"https:\/\/www.entreculturas.org\/fr\/noticia\/apoyamos-el-documental-cholitas-una-historia-de-superacion-y-empoderamiento\/","og_site_name":"Entreculturas","article_publisher":"https:\/\/www.facebook.com\/entreculturas","article_modified_time":"2024-03-14T14:05:55+00:00","og_image":[{"width":1920,"height":1080,"url":"https:\/\/www.entreculturas.org\/wp-content\/uploads\/2019\/12\/cholitas_entreculturas_cine_documental.jpg","type":"image\/jpeg"}],"twitter_card":"summary_large_image","twitter_site":"@Entreculturas","schema":{"@context":"https:\/\/schema.org","@graph":[{"@type":"WebPage","@id":"https:\/\/www.entreculturas.org\/fr\/noticia\/apoyamos-el-documental-cholitas-una-historia-de-superacion-y-empoderamiento\/","url":"https:\/\/www.entreculturas.org\/fr\/noticia\/apoyamos-el-documental-cholitas-una-historia-de-superacion-y-empoderamiento\/","name":"Apoyamos el documental \u2018Cholitas\u2019: una historia de superaci\u00f3n y empoderamiento - Entreculturas","isPartOf":{"@id":"https:\/\/www.entreculturas.org\/fr\/#website"},"primaryImageOfPage":{"@id":"https:\/\/www.entreculturas.org\/fr\/noticia\/apoyamos-el-documental-cholitas-una-historia-de-superacion-y-empoderamiento\/#primaryimage"},"image":{"@id":"https:\/\/www.entreculturas.org\/fr\/noticia\/apoyamos-el-documental-cholitas-una-historia-de-superacion-y-empoderamiento\/#primaryimage"},"thumbnailUrl":"https:\/\/www.entreculturas.org\/wp-content\/uploads\/2019\/12\/cholitas_entreculturas_cine_documental.jpg","datePublished":"2019-12-19T15:53:39+00:00","dateModified":"2024-03-14T14:05:55+00:00","breadcrumb":{"@id":"https:\/\/www.entreculturas.org\/fr\/noticia\/apoyamos-el-documental-cholitas-una-historia-de-superacion-y-empoderamiento\/#breadcrumb"},"inLanguage":"fr-FR","potentialAction":[{"@type":"ReadAction","target":["https:\/\/www.entreculturas.org\/fr\/noticia\/apoyamos-el-documental-cholitas-una-historia-de-superacion-y-empoderamiento\/"]}]},{"@type":"ImageObject","inLanguage":"fr-FR","@id":"https:\/\/www.entreculturas.org\/fr\/noticia\/apoyamos-el-documental-cholitas-una-historia-de-superacion-y-empoderamiento\/#primaryimage","url":"https:\/\/www.entreculturas.org\/wp-content\/uploads\/2019\/12\/cholitas_entreculturas_cine_documental.jpg","contentUrl":"https:\/\/www.entreculturas.org\/wp-content\/uploads\/2019\/12\/cholitas_entreculturas_cine_documental.jpg","width":1920,"height":1080,"caption":"cholitas_entreculturas_cine_documental"},{"@type":"BreadcrumbList","@id":"https:\/\/www.entreculturas.org\/fr\/noticia\/apoyamos-el-documental-cholitas-una-historia-de-superacion-y-empoderamiento\/#breadcrumb","itemListElement":[{"@type":"ListItem","position":1,"name":"Home","item":"https:\/\/www.entreculturas.org\/fr\/"},{"@type":"ListItem","position":2,"name":"Noticias","item":"https:\/\/www.entreculturas.org\/fr\/noticias\/"},{"@type":"ListItem","position":3,"name":"Apoyamos el documental \u2018Cholitas\u2019: una historia de superaci\u00f3n y empoderamiento"}]},{"@type":"WebSite","@id":"https:\/\/www.entreculturas.org\/fr\/#website","url":"https:\/\/www.entreculturas.org\/fr\/","name":"Entreculturas","description":"","publisher":{"@id":"https:\/\/www.entreculturas.org\/fr\/#organization"},"alternateName":"Entreculturas","potentialAction":[{"@type":"SearchAction","target":{"@type":"EntryPoint","urlTemplate":"https:\/\/www.entreculturas.org\/fr\/?s={search_term_string}"},"query-input":{"@type":"PropertyValueSpecification","valueRequired":true,"valueName":"search_term_string"}}],"inLanguage":"fr-FR"},{"@type":"Organization","@id":"https:\/\/www.entreculturas.org\/fr\/#organization","name":"Entreculturas","url":"https:\/\/www.entreculturas.org\/fr\/","logo":{"@type":"ImageObject","inLanguage":"fr-FR","@id":"https:\/\/www.entreculturas.org\/fr\/#\/schema\/logo\/image\/","url":"https:\/\/www.entreculturas.org\/wp-content\/uploads\/2025\/10\/ESP.svg","contentUrl":"https:\/\/www.entreculturas.org\/wp-content\/uploads\/2025\/10\/ESP.svg","caption":"Entreculturas"},"image":{"@id":"https:\/\/www.entreculturas.org\/fr\/#\/schema\/logo\/image\/"},"sameAs":["https:\/\/www.facebook.com\/entreculturas","https:\/\/x.com\/Entreculturas","https:\/\/www.instagram.com\/entreculturas\/","https:\/\/www.youtube.com\/user\/entreculturasvideo","https:\/\/www.linkedin.com\/company\/fundacion-entreculturas-ngdo\/","https:\/\/www.flickr.com\/photos\/98455522@N04\/albums\/"]}]}},"_links":{"self":[{"href":"https:\/\/www.entreculturas.org\/fr\/wp-json\/wp\/v2\/noticia\/4193","targetHints":{"allow":["GET"]}}],"collection":[{"href":"https:\/\/www.entreculturas.org\/fr\/wp-json\/wp\/v2\/noticia"}],"about":[{"href":"https:\/\/www.entreculturas.org\/fr\/wp-json\/wp\/v2\/types\/noticia"}],"wp:featuredmedia":[{"embeddable":true,"href":"https:\/\/www.entreculturas.org\/fr\/wp-json\/wp\/v2\/media\/4194"}],"wp:attachment":[{"href":"https:\/\/www.entreculturas.org\/fr\/wp-json\/wp\/v2\/media?parent=4193"}],"wp:term":[{"taxonomy":"category","embeddable":true,"href":"https:\/\/www.entreculturas.org\/fr\/wp-json\/wp\/v2\/categories?post=4193"},{"taxonomy":"post_tag","embeddable":true,"href":"https:\/\/www.entreculturas.org\/fr\/wp-json\/wp\/v2\/tags?post=4193"},{"taxonomy":"country","embeddable":true,"href":"https:\/\/www.entreculturas.org\/fr\/wp-json\/wp\/v2\/country?post=4193"},{"taxonomy":"cause","embeddable":true,"href":"https:\/\/www.entreculturas.org\/fr\/wp-json\/wp\/v2\/cause?post=4193"}],"curies":[{"name":"wp","href":"https:\/\/api.w.org\/{rel}","templated":true}]}}