{"id":40023,"date":"2025-07-01T12:14:50","date_gmt":"2025-07-01T10:14:50","guid":{"rendered":"https:\/\/www.entreculturas.org\/?post_type=noticia&#038;p=40023"},"modified":"2025-07-28T10:13:56","modified_gmt":"2025-07-28T08:13:56","slug":"entreculturas-y-fe-y-alegria-presentes-en-la-cumbre-sobre-financiacion-para-el-desarrollo","status":"publish","type":"noticia","link":"https:\/\/www.entreculturas.org\/fr\/noticia\/entreculturas-y-fe-y-alegria-presentes-en-la-cumbre-sobre-financiacion-para-el-desarrollo\/","title":{"rendered":"Entreculturas y Fe y Alegr\u00eda, presentes en la Cumbre sobre Financiaci\u00f3n para el Desarrollo"},"content":{"rendered":"\n<p>Desde Entreculturas y la Federaci\u00f3n Internacional de Fe y Alegr\u00eda estuvimos presentes en Sevilla en la IV Conferencia Internacional sobre Financiaci\u00f3n para el Desarrollo (#FfD4), una cita clave para avanzar hacia un sistema econ\u00f3mico global m\u00e1s justo, inclusivo y centrado en las personas.<\/p>\n\n\n\n<p>Participamos para defender el derecho a la educaci\u00f3n como eje transformador del desarrollo y para aportar desde nuestra experiencia en cooperaci\u00f3n internacional, justicia fiscal y fortalecimiento de los servicios p\u00fablicos.<\/p>\n\n\n\n<p>Asistimos a distintos espacios de di\u00e1logo, movilizaci\u00f3n e incidencia pol\u00edtica junto a personas, entidades y organizaciones de todo el mundo. En esta cr\u00f3nica puedes seguir las actualizaciones de nuestra participaci\u00f3n en la Conferencia.<\/p>\n\n\n\n<h2 class=\"wp-block-heading\" id=\"h-dias-previos-a-la-conferencia-sociedad-civil-juventud-y-movilizacion-global\"><strong>D\u00edas previos a la Conferencia: sociedad civil, juventud y movilizaci\u00f3n global<\/strong><\/h2>\n\n\n\n<p>Antes del inicio oficial de la Conferencia, estuvimos presentes en los <strong>D\u00edas de Acci\u00f3n Global sobre Finanzas (27 al 29 de junio)<\/strong>, en el <strong>Foro de Sociedad Civil<\/strong> y en otros espacios preparatorios en los que se defendi\u00f3 una financiaci\u00f3n centrada en el bien com\u00fan, la justicia fiscal y la soberan\u00eda de los pueblos.<\/p>\n\n\n\n<p>Una parte central de nuestra participaci\u00f3n estuvo enfocada en el trabajo con j\u00f3venes. A nuestro programas de participacipaci\u00f3n juvenil,&nbsp; <strong>Red Solidaria de J\u00f3venes<\/strong> y <strong>Red Generaci\u00f3n 21+<\/strong>, j\u00f3venes de Am\u00e9rica Latina, \u00c1frica y Europa <a href=\"https:\/\/redec.org\/juventud-ffd4\/\">participaron<\/a> en el <strong>Foro Feminista<\/strong> y en la <strong>Global Children &amp; Youth Conference<\/strong>, donde reflexionaron sobre la urgencia de una financiaci\u00f3n justa para el desarrollo y la necesidad de una participaci\u00f3n real en las decisiones que afectan sus vidas. Tambi\u00e9n formamos parte de la movilizaci\u00f3n social que cerr\u00f3 la jornada, alzando la voz por el <strong>Derecho al Aprendizaje<\/strong>.<br><\/p>\n\n\n<div class=\"kb-gallery-wrap-id-40023_cda767-c2 alignnone wp-block-kadence-advancedgallery\"><ul class=\"kb-gallery-ul kb-gallery-non-static kb-gallery-type-masonry kb-masonry-init kb-gallery-id-40023_cda767-c2 kb-gallery-caption-style-bottom-hover kb-gallery-filter-none\" data-image-filter=\"none\" data-item-selector=\".kadence-blocks-gallery-item\" data-lightbox-caption=\"true\" data-columns-xxl=\"3\" data-columns-xl=\"3\" data-columns-md=\"3\" data-columns-sm=\"2\" data-columns-xs=\"1\" data-columns-ss=\"1\"><li class=\"kadence-blocks-gallery-item\" tabindex=\"0\"><div class=\"kadence-blocks-gallery-item-inner\"><figure class=\"kb-gallery-figure kadence-blocks-gallery-item-hide-caption\"><div class=\"kb-gal-image-radius\" style=\"max-width:1024px;\"><div class=\"kb-gallery-image-contain kadence-blocks-gallery-intrinsic\" style=\"padding-bottom:66%;\"><img decoding=\"async\" src=\"https:\/\/www.entreculturas.org\/wp-content\/uploads\/2025\/07\/4321212-1024x683.jpg\" width=\"1024\" height=\"683\" alt=\"\" data-full-image=\"https:\/\/www.entreculturas.org\/wp-content\/uploads\/2025\/07\/4321212-scaled.jpg\" data-light-image=\"https:\/\/www.entreculturas.org\/wp-content\/uploads\/2025\/07\/4321212-scaled.jpg\" data-id=\"40099\" class=\"wp-image-40099\" srcset=\"https:\/\/www.entreculturas.org\/wp-content\/uploads\/2025\/07\/4321212-1024x683.jpg 1024w, https:\/\/www.entreculturas.org\/wp-content\/uploads\/2025\/07\/4321212-300x200.jpg 300w, https:\/\/www.entreculturas.org\/wp-content\/uploads\/2025\/07\/4321212-768x512.jpg 768w, https:\/\/www.entreculturas.org\/wp-content\/uploads\/2025\/07\/4321212-1536x1024.jpg 1536w, https:\/\/www.entreculturas.org\/wp-content\/uploads\/2025\/07\/4321212-2048x1365.jpg 2048w\" sizes=\"(max-width: 1024px) 100vw, 1024px\" \/><\/div><\/div><\/figure><\/div><\/li><li class=\"kadence-blocks-gallery-item\" tabindex=\"0\"><div class=\"kadence-blocks-gallery-item-inner\"><figure class=\"kb-gallery-figure kadence-blocks-gallery-item-hide-caption\"><div class=\"kb-gal-image-radius\" style=\"max-width:1024px;\"><div class=\"kb-gallery-image-contain kadence-blocks-gallery-intrinsic\" style=\"padding-bottom:66%;\"><img decoding=\"async\" src=\"https:\/\/www.entreculturas.org\/wp-content\/uploads\/2025\/07\/DSC02922-1-1024x683.jpg\" width=\"1024\" height=\"683\" alt=\"\" data-full-image=\"https:\/\/www.entreculturas.org\/wp-content\/uploads\/2025\/07\/DSC02922-1-scaled.jpg\" data-light-image=\"https:\/\/www.entreculturas.org\/wp-content\/uploads\/2025\/07\/DSC02922-1-scaled.jpg\" data-id=\"40069\" class=\"wp-image-40069\" srcset=\"https:\/\/www.entreculturas.org\/wp-content\/uploads\/2025\/07\/DSC02922-1-1024x683.jpg 1024w, https:\/\/www.entreculturas.org\/wp-content\/uploads\/2025\/07\/DSC02922-1-300x200.jpg 300w, https:\/\/www.entreculturas.org\/wp-content\/uploads\/2025\/07\/DSC02922-1-768x512.jpg 768w, https:\/\/www.entreculturas.org\/wp-content\/uploads\/2025\/07\/DSC02922-1-1536x1024.jpg 1536w, https:\/\/www.entreculturas.org\/wp-content\/uploads\/2025\/07\/DSC02922-1-2048x1365.jpg 2048w\" sizes=\"(max-width: 1024px) 100vw, 1024px\" \/><\/div><\/div><\/figure><\/div><\/li><li class=\"kadence-blocks-gallery-item\" tabindex=\"0\"><div class=\"kadence-blocks-gallery-item-inner\"><figure class=\"kb-gallery-figure kadence-blocks-gallery-item-hide-caption\"><div class=\"kb-gal-image-radius\" style=\"max-width:1024px;\"><div class=\"kb-gallery-image-contain kadence-blocks-gallery-intrinsic\" style=\"padding-bottom:66%;\"><img decoding=\"async\" src=\"https:\/\/www.entreculturas.org\/wp-content\/uploads\/2025\/07\/DSC02894-1-1024x683.jpg\" width=\"1024\" height=\"683\" alt=\"\" data-full-image=\"https:\/\/www.entreculturas.org\/wp-content\/uploads\/2025\/07\/DSC02894-1-scaled.jpg\" data-light-image=\"https:\/\/www.entreculturas.org\/wp-content\/uploads\/2025\/07\/DSC02894-1-scaled.jpg\" data-id=\"40074\" class=\"wp-image-40074\" srcset=\"https:\/\/www.entreculturas.org\/wp-content\/uploads\/2025\/07\/DSC02894-1-1024x683.jpg 1024w, https:\/\/www.entreculturas.org\/wp-content\/uploads\/2025\/07\/DSC02894-1-300x200.jpg 300w, https:\/\/www.entreculturas.org\/wp-content\/uploads\/2025\/07\/DSC02894-1-768x512.jpg 768w, https:\/\/www.entreculturas.org\/wp-content\/uploads\/2025\/07\/DSC02894-1-1536x1024.jpg 1536w, https:\/\/www.entreculturas.org\/wp-content\/uploads\/2025\/07\/DSC02894-1-2048x1365.jpg 2048w\" sizes=\"(max-width: 1024px) 100vw, 1024px\" \/><\/div><\/div><\/figure><\/div><\/li><li class=\"kadence-blocks-gallery-item\" tabindex=\"0\"><div class=\"kadence-blocks-gallery-item-inner\"><figure class=\"kb-gallery-figure kadence-blocks-gallery-item-hide-caption\"><div class=\"kb-gal-image-radius\" style=\"max-width:1024px;\"><div class=\"kb-gallery-image-contain kadence-blocks-gallery-intrinsic\" style=\"padding-bottom:66%;\"><img decoding=\"async\" src=\"https:\/\/www.entreculturas.org\/wp-content\/uploads\/2025\/07\/DSC02884-1-1024x683.jpg\" width=\"1024\" height=\"683\" alt=\"\" data-full-image=\"https:\/\/www.entreculturas.org\/wp-content\/uploads\/2025\/07\/DSC02884-1-scaled.jpg\" data-light-image=\"https:\/\/www.entreculturas.org\/wp-content\/uploads\/2025\/07\/DSC02884-1-scaled.jpg\" data-id=\"40079\" class=\"wp-image-40079\" srcset=\"https:\/\/www.entreculturas.org\/wp-content\/uploads\/2025\/07\/DSC02884-1-1024x683.jpg 1024w, https:\/\/www.entreculturas.org\/wp-content\/uploads\/2025\/07\/DSC02884-1-300x200.jpg 300w, https:\/\/www.entreculturas.org\/wp-content\/uploads\/2025\/07\/DSC02884-1-768x512.jpg 768w, https:\/\/www.entreculturas.org\/wp-content\/uploads\/2025\/07\/DSC02884-1-1536x1024.jpg 1536w, https:\/\/www.entreculturas.org\/wp-content\/uploads\/2025\/07\/DSC02884-1-2048x1365.jpg 2048w\" sizes=\"(max-width: 1024px) 100vw, 1024px\" \/><\/div><\/div><\/figure><\/div><\/li><li class=\"kadence-blocks-gallery-item\" tabindex=\"0\"><div class=\"kadence-blocks-gallery-item-inner\"><figure class=\"kb-gallery-figure kadence-blocks-gallery-item-hide-caption\"><div class=\"kb-gal-image-radius\" style=\"max-width:1024px;\"><div class=\"kb-gallery-image-contain kadence-blocks-gallery-intrinsic\" style=\"padding-bottom:66%;\"><img decoding=\"async\" src=\"https:\/\/www.entreculturas.org\/wp-content\/uploads\/2025\/07\/123123-1024x683.jpg\" width=\"1024\" height=\"683\" alt=\"\" data-full-image=\"https:\/\/www.entreculturas.org\/wp-content\/uploads\/2025\/07\/123123.jpg\" data-light-image=\"https:\/\/www.entreculturas.org\/wp-content\/uploads\/2025\/07\/123123.jpg\" data-id=\"40089\" class=\"wp-image-40089\" srcset=\"https:\/\/www.entreculturas.org\/wp-content\/uploads\/2025\/07\/123123-1024x683.jpg 1024w, https:\/\/www.entreculturas.org\/wp-content\/uploads\/2025\/07\/123123-300x200.jpg 300w, https:\/\/www.entreculturas.org\/wp-content\/uploads\/2025\/07\/123123-768x512.jpg 768w, https:\/\/www.entreculturas.org\/wp-content\/uploads\/2025\/07\/123123-1536x1024.jpg 1536w, https:\/\/www.entreculturas.org\/wp-content\/uploads\/2025\/07\/123123.jpg 1980w\" sizes=\"(max-width: 1024px) 100vw, 1024px\" \/><\/div><\/div><\/figure><\/div><\/li><li class=\"kadence-blocks-gallery-item\" tabindex=\"0\"><div class=\"kadence-blocks-gallery-item-inner\"><figure class=\"kb-gallery-figure kadence-blocks-gallery-item-hide-caption\"><div class=\"kb-gal-image-radius\" style=\"max-width:1024px;\"><div class=\"kb-gallery-image-contain kadence-blocks-gallery-intrinsic\" style=\"padding-bottom:66%;\"><img decoding=\"async\" src=\"https:\/\/www.entreculturas.org\/wp-content\/uploads\/2025\/07\/54331-1024x683.jpg\" width=\"1024\" height=\"683\" alt=\"\" data-full-image=\"https:\/\/www.entreculturas.org\/wp-content\/uploads\/2025\/07\/54331.jpg\" data-light-image=\"https:\/\/www.entreculturas.org\/wp-content\/uploads\/2025\/07\/54331.jpg\" data-id=\"40094\" class=\"wp-image-40094\" srcset=\"https:\/\/www.entreculturas.org\/wp-content\/uploads\/2025\/07\/54331-1024x683.jpg 1024w, https:\/\/www.entreculturas.org\/wp-content\/uploads\/2025\/07\/54331-300x200.jpg 300w, https:\/\/www.entreculturas.org\/wp-content\/uploads\/2025\/07\/54331-768x512.jpg 768w, https:\/\/www.entreculturas.org\/wp-content\/uploads\/2025\/07\/54331-1536x1024.jpg 1536w, https:\/\/www.entreculturas.org\/wp-content\/uploads\/2025\/07\/54331.jpg 1980w\" sizes=\"(max-width: 1024px) 100vw, 1024px\" \/><\/div><\/div><\/figure><\/div><\/li><\/ul><\/div>\n\n\n<h2 class=\"wp-block-heading\" id=\"h-conferencia-quien-financia-el-futuro\"><strong>Conferencia: \u00bfqui\u00e9n financia el futuro?<\/strong><\/h2>\n\n\n\n<p>La jornada inaugural de la IV Conferencia sobre Financiaci\u00f3n para el Desarrollo (#FfD4) dej\u00f3 clara la brecha entre las propuestas oficiales y las demandas urgentes de transformaci\u00f3n. Las intervenciones institucionales mantuvieron el foco en el crecimiento econ\u00f3mico, sin abordar con suficiente profundidad las causas estructurales de la desigualdad global.<\/p>\n\n\n\n<p>Diversas voces de la sociedad civil recordaron que <strong>sin financiaci\u00f3n p\u00fablica no hay derechos<\/strong>, y que el actual sistema financiero internacional favorece din\u00e1micas de deuda injusta, evasi\u00f3n fiscal y concentraci\u00f3n de poder econ\u00f3mico. Ante ello, se propuso avanzar hacia una <strong>Convenci\u00f3n de Deuda<\/strong> y otra de <strong>Cooperaci\u00f3n Fiscal<\/strong>, que devuelvan soberan\u00eda a los pa\u00edses del Sur Global y garanticen una financiaci\u00f3n centrada en los derechos humanos.<\/p>\n\n\n\n<p>El d\u00eda cerr\u00f3 con un mensaje claro: necesitamos una nueva arquitectura financiera que ponga la vida en el centro y que asegure la financiaci\u00f3n de servicios p\u00fablicos esenciales, como la educaci\u00f3n, la salud o los cuidados. Lo que est\u00e1 en juego es la posibilidad real de construir un modelo de desarrollo justo, sostenible y verdaderamente global.<\/p>\n\n\n\n<p>Puedes leer la cr\u00f3nica completa del primer d\u00eda de la Cumbre en el <a href=\"https:\/\/www.feyalegria.org\/quien-financia-el-futuro-discursos-vacios-y-oportunidades-en-la-arquitectura-global-del-desarrollo\/\">art\u00edculo<\/a> de Fe y Alegr\u00eda.<\/p>\n\n\n\n<div class=\"wp-block-columns is-layout-flex wp-container-core-columns-is-layout-28f84493 wp-block-columns-is-layout-flex\">\n<div class=\"wp-block-column is-layout-flow wp-block-column-is-layout-flow\" style=\"flex-basis:50%\">\n<figure class=\"wp-block-embed is-type-video is-provider-youtube wp-block-embed-youtube wp-embed-aspect-16-9 wp-has-aspect-ratio\" style=\"margin-top:var(--wp--preset--spacing--30);margin-right:var(--wp--preset--spacing--70);margin-bottom:var(--wp--preset--spacing--30);margin-left:var(--wp--preset--spacing--70)\"><div class=\"wp-block-embed__wrapper\">\n<iframe loading=\"lazy\" title=\"Conferencia Internacional de Financiaci\u00f3n para el Desarrollo en Sevilla - Ram\u00f3n Almansa\" width=\"500\" height=\"281\" src=\"https:\/\/www.youtube.com\/embed\/XloCosXtH9U?feature=oembed\" frameborder=\"0\" allow=\"accelerometer; autoplay; clipboard-write; encrypted-media; gyroscope; picture-in-picture; web-share\" referrerpolicy=\"strict-origin-when-cross-origin\" allowfullscreen><\/iframe>\n<\/div><\/figure>\n<\/div>\n\n\n\n<div class=\"wp-block-column is-layout-flow wp-block-column-is-layout-flow\" style=\"flex-basis:50%\">\n<figure class=\"wp-block-embed is-type-video is-provider-youtube wp-block-embed-youtube wp-embed-aspect-16-9 wp-has-aspect-ratio\" style=\"margin-top:var(--wp--preset--spacing--30);margin-right:var(--wp--preset--spacing--70);margin-bottom:var(--wp--preset--spacing--30);margin-left:var(--wp--preset--spacing--70)\"><div class=\"wp-block-embed__wrapper\">\n<iframe loading=\"lazy\" title=\"Conferencia Internacional de Financiaci\u00f3n para el Desarrollo - Dani Villanueva\" width=\"500\" height=\"281\" src=\"https:\/\/www.youtube.com\/embed\/0Vpbr6aO2yE?feature=oembed\" frameborder=\"0\" allow=\"accelerometer; autoplay; clipboard-write; encrypted-media; gyroscope; picture-in-picture; web-share\" referrerpolicy=\"strict-origin-when-cross-origin\" allowfullscreen><\/iframe>\n<\/div><\/figure>\n<\/div>\n<\/div>\n\n\n\n<h2 class=\"wp-block-heading\" id=\"h-mas-participacion-mas-justicia-fiscal-y-mas-ambicion-demandas-desde-la-sociedad-civil\">M\u00e1s participaci\u00f3n, m\u00e1s justicia fiscal y m\u00e1s ambici\u00f3n: demandas desde la sociedad civil<\/h2>\n\n\n\n<p>La segunda jornada de la Conferencia ha dejado en evidencia tanto el deseo colectivo de avanzar hacia un sistema m\u00e1s justo como las limitaciones del espacio oficial. Las juventudes de Fe y Alegr\u00eda participaron en una reuni\u00f3n de urgencia para denunciar la falta de oportunidades reales de participaci\u00f3n, mientras que en las sesiones paralelas se abordaron temas clave como la deuda, la fiscalidad y las inversiones privadas. La sociedad civil insisti\u00f3 en la urgencia de una Convenci\u00f3n sobre Deuda Soberana y en la necesidad de proteger los servicios p\u00fablicos ante modelos extractivistas y desequilibrios estructurales. Tambi\u00e9n se remarc\u00f3 que sin justicia fiscal no habr\u00e1 educaci\u00f3n de calidad para todas y todos, y que una arquitectura financiera verdaderamente transformadora debe incorporar una mirada feminista que reconozca los cuidados como una inversi\u00f3n central para el desarrollo.<\/p>\n\n\n\n<h2 class=\"wp-block-heading\" id=\"h-la-educacion-en-el-centro-del-debate-sobre-la-arquitectura-financiera-global\">La educaci\u00f3n en el centro del debate sobre la arquitectura financiera global<\/h2>\n\n\n\n<p>Uno de los espacios destacados fue el evento paralelo <em>\u201c<a href=\"https:\/\/www.entreculturas.org\/noticia\/financiar-el-futuro-fe-y-alegria-propone-una-reforma-economica-global-con-la-educacion-en-el-centro\/\">Financiar el futuro: pongamos la educaci\u00f3n en el centro de la reforma de la arquitectura financiera internacional<\/a>\u201d<\/em>, coorganizado por Fe y Alegr\u00eda junto a otras redes como Malala Fund, FEMNET, CME, ActionAid y Latindadd. El espacio reuni\u00f3 a voces j\u00f3venes, activistas y responsables institucionales que reflexionaron sobre c\u00f3mo la deuda, la evasi\u00f3n fiscal y los recortes limitan el derecho a la educaci\u00f3n, especialmente en contextos de desigualdad estructural. Se subray\u00f3 la urgencia de avanzar hacia una nueva arquitectura financiera que garantice una financiaci\u00f3n p\u00fablica suficiente, progresiva y transformadora, que permita sostener sistemas educativos inclusivos y de calidad en todo el mundo. La educaci\u00f3n en el centro del debate sobre la arquitectura financiera global.<\/p>\n\n\n\n<div class=\"wp-block-columns is-layout-flex wp-container-core-columns-is-layout-28f84493 wp-block-columns-is-layout-flex\">\n<div class=\"wp-block-column is-layout-flow wp-block-column-is-layout-flow\" style=\"flex-basis:100%\"><div class=\"kb-gallery-wrap-id-40023_bdb40a-b2 alignnone wp-block-kadence-advancedgallery\"><div class=\"kb-gallery-ul kb-gallery-non-static kb-gallery-type-carousel kb-gallery-id-40023_bdb40a-b2 kb-gallery-caption-style-bottom-hover kb-gallery-filter-none\" data-image-filter=\"none\" data-lightbox-caption=\"true\"><div class=\"kt-blocks-carousel splide kt-carousel-container-dotstyle-dark kt-carousel-arrowstyle-whiteondark kt-carousel-dotstyle-dark kb-slider-group-arrow kb-slider-arrow-position-center\" data-columns-xxl=\"2\" data-columns-xl=\"2\" data-columns-md=\"2\" data-columns-sm=\"2\" data-columns-xs=\"1\" data-columns-ss=\"1\" data-slider-anim-speed=\"400\" data-slider-scroll=\"1\" data-slider-arrows=\"true\" data-slider-dots=\"true\" data-slider-hover-pause=\"false\" data-slider-auto=\"\" data-slider-speed=\"7000\" data-slider-gap=\"10px\" data-slider-gap-tablet=\"10px\" data-slider-gap-mobile=\"10px\" data-show-pause-button=\"false\" data-slider-label=\"Photo Gallery Carousel\"><div class=\"splide__track\"><ul class=\"kt-blocks-carousel-init kb-gallery-carousel splide__list\"><li class=\"kb-slide-item kb-gallery-carousel-item splide__slide\"><div class=\"kadence-blocks-gallery-item\"><div class=\"kadence-blocks-gallery-item-inner\"><figure class=\"kb-gallery-figure kadence-blocks-gallery-item-hide-caption\"><div class=\"kb-gal-image-radius\"><div class=\"kb-gallery-image-contain kadence-blocks-gallery-intrinsic kb-gallery-image-ratio-land43 kb-has-image-ratio-land43\" ><img decoding=\"async\" src=\"https:\/\/www.entreculturas.org\/wp-content\/uploads\/2025\/07\/13-1024x768.jpg\" width=\"1024\" height=\"768\" alt=\"\" data-full-image=\"https:\/\/www.entreculturas.org\/wp-content\/uploads\/2025\/07\/13-scaled.jpg\" data-light-image=\"https:\/\/www.entreculturas.org\/wp-content\/uploads\/2025\/07\/13-scaled.jpg\" data-id=\"40122\" class=\"wp-image-40122 skip-lazy\"\/><\/div><\/div><\/figure><\/div><\/div><\/li><li class=\"kb-slide-item kb-gallery-carousel-item splide__slide\"><div class=\"kadence-blocks-gallery-item\"><div class=\"kadence-blocks-gallery-item-inner\"><figure class=\"kb-gallery-figure kadence-blocks-gallery-item-hide-caption\"><div class=\"kb-gal-image-radius\"><div class=\"kb-gallery-image-contain kadence-blocks-gallery-intrinsic kb-gallery-image-ratio-land43 kb-has-image-ratio-land43\" ><img decoding=\"async\" src=\"https:\/\/www.entreculturas.org\/wp-content\/uploads\/2025\/07\/12-1024x768.jpg\" width=\"1024\" height=\"768\" alt=\"\" data-full-image=\"https:\/\/www.entreculturas.org\/wp-content\/uploads\/2025\/07\/12.jpg\" data-light-image=\"https:\/\/www.entreculturas.org\/wp-content\/uploads\/2025\/07\/12.jpg\" data-id=\"40127\" class=\"wp-image-40127 skip-lazy\" srcset=\"https:\/\/www.entreculturas.org\/wp-content\/uploads\/2025\/07\/12-1024x768.jpg 1024w, https:\/\/www.entreculturas.org\/wp-content\/uploads\/2025\/07\/12-300x225.jpg 300w, https:\/\/www.entreculturas.org\/wp-content\/uploads\/2025\/07\/12-768x576.jpg 768w, https:\/\/www.entreculturas.org\/wp-content\/uploads\/2025\/07\/12.jpg 1331w\" sizes=\"(max-width: 1024px) 100vw, 1024px\" \/><\/div><\/div><\/figure><\/div><\/div><\/li><\/ul><\/div><\/div><\/div><\/div><\/div>\n<\/div>\n\n\n\n<h2 class=\"wp-block-heading\" id=\"h-se-acabo-la-conferencia-de-sevilla-empieza-el-compromiso-de-sevilla\">Se acab\u00f3 la Conferencia de Sevilla, empieza el Compromiso de Sevilla<\/h2>\n\n\n\n<p>La IV Conferencia sobre Financiaci\u00f3n para el Desarrollo ha concluido, pero los retos siguen muy presentes.<br><br>Nuestro Director Ejecutivo, Ram\u00f3n Almansa, comparte una <a href=\"https:\/\/www.entreculturas.org\/noticia\/se-acabo-la-conferencia-de-sevilla-empieza-el-compromiso-de-sevilla-ha-llegado-la-hora-de-actuar\/\">lectura<\/a> esperanzadora pero cr\u00edtica del proceso vivido en Sevilla, destacando logros, tensiones y desaf\u00edos en torno a la arquitectura financiera global.<br><br>El multilateralismo se presenta como una v\u00eda necesaria para un mundo m\u00e1s justo y sostenible. Frente al individualismo y la l\u00f3gica del lucro, cobra fuerza una econom\u00eda centrada en las personas, la justicia fiscal y la cooperaci\u00f3n como herramienta de transformaci\u00f3n.<br><br>Lee su reflexi\u00f3n completa&nbsp;<a href=\"https:\/\/www.entreculturas.org\/noticia\/se-acabo-la-conferencia-de-sevilla-empieza-el-compromiso-de-sevilla-ha-llegado-la-hora-de-actuar\/\">aqu\u00ed<\/a><br><\/p>\n\n\n\n<div class=\"wp-block-columns is-layout-flex wp-container-core-columns-is-layout-18c10d69 wp-block-columns-is-layout-flex\" style=\"padding-top:0;padding-right:15rem;padding-bottom:0;padding-left:15rem\">\n<div class=\"wp-block-column is-layout-flow wp-block-column-is-layout-flow\" style=\"flex-basis:100%\">\n<figure class=\"wp-block-embed is-type-video is-provider-youtube wp-block-embed-youtube wp-embed-aspect-16-9 wp-has-aspect-ratio\"><div class=\"wp-block-embed__wrapper\">\n<iframe loading=\"lazy\" title=\"Conclusiones sobre la Conferencia 4\u00aa Conferencia Internacional sobre Financiaci\u00f3n para el Desarrollo\" width=\"500\" height=\"281\" src=\"https:\/\/www.youtube.com\/embed\/InF22vueS5c?feature=oembed\" frameborder=\"0\" allow=\"accelerometer; autoplay; clipboard-write; encrypted-media; gyroscope; picture-in-picture; web-share\" referrerpolicy=\"strict-origin-when-cross-origin\" allowfullscreen><\/iframe>\n<\/div><\/figure>\n<\/div>\n<\/div>\n\n\n\n<h2 class=\"wp-block-heading\" id=\"h-nuestras-demandas-para-una-financiacion-justa-y-transformadora-del-derecho-a-la-educacion\">Nuestras demandas para una financiaci\u00f3n justa y transformadora del derecho a la educaci\u00f3n<\/h2>\n\n\n\n<p>Desde Entreculturas y la Federaci\u00f3n Internacional de Fe y Alegr\u00eda participamos en la Cumbre con una agenda clara de demandas compartidas. Defendemos una arquitectura financiera internacional que garantice el derecho a la educaci\u00f3n y proponemos:<\/p>\n\n\n\n<ol class=\"wp-block-list\">\n<li>Exigir una negociaci\u00f3n justa, inclusiva y democr\u00e1tica que permita reestructurar y cancelar las deudas insostenibles que limitan el aprendizaje y la calidad educativa de la ni\u00f1ez.<\/li>\n\n\n\n<li>Apostar por una cooperaci\u00f3n internacional que priorice a las comunidades m\u00e1s vulnerables y contribuya al desarrollo humano en pa\u00edses de renta media y baja.<\/li>\n\n\n\n<li>Defender sistemas fiscales justos y transparentes que financien una educaci\u00f3n de calidad para todas las personas.<\/li>\n\n\n\n<li>Garantizar que las juventudes sean reconocidas como ciudadanas con derechos plenos, con acceso a salarios dignos, educaci\u00f3n accesible y participaci\u00f3n real en las decisiones.<\/li>\n\n\n\n<li>Promover un multilateralismo \u00e9tico, fundamentado en los derechos humanos y orientado al bien com\u00fan.<\/li>\n<\/ol>\n","protected":false},"excerpt":{"rendered":"<p>Desde Entreculturas y la Federaci\u00f3n Internacional de Fe y Alegr\u00eda estuvimos presentes en Sevilla en la IV Conferencia Internacional sobre Financiaci\u00f3n para el Desarrollo (#FfD4), una cita clave para avanzar hacia un sistema econ\u00f3mico global m\u00e1s justo, inclusivo y centrado en las personas. Participamos para defender el derecho a la educaci\u00f3n como eje transformador del desarrollo y para aportar desde nuestra experiencia en cooperaci\u00f3n internacional, justicia fiscal y fortalecimiento de los servicios p\u00fablicos. Asistimos a distintos espacios de di\u00e1logo, movilizaci\u00f3n e incidencia pol\u00edtica junto a personas, entidades y organizaciones de todo el mundo. En esta cr\u00f3nica puedes seguir las actualizaciones de nuestra participaci\u00f3n en la Conferencia. D\u00edas previos a la Conferencia: sociedad civil, juventud y movilizaci\u00f3n global Antes del inicio oficial de la Conferencia, estuvimos presentes en los D\u00edas de Acci\u00f3n Global sobre Finanzas (27 al 29 de junio), en el Foro de Sociedad Civil y en otros espacios preparatorios [&hellip;]<\/p>\n","protected":false},"featured_media":40035,"template":"","meta":{"_acf_changed":false},"categories":[7],"tags":[8],"country":[],"cause":[],"class_list":["post-40023","noticia","type-noticia","status-publish","has-post-thumbnail","hentry","category-noticia","tag-participacion-y-ciudadania-global"],"acf":[],"yoast_head":"<!-- This site is optimized with the Yoast SEO Premium plugin v21.6 (Yoast SEO v27.5) - https:\/\/yoast.com\/product\/yoast-seo-premium-wordpress\/ -->\n<title>Entreculturas y Fe y Alegr\u00eda, presentes en la Cumbre sobre Financiaci\u00f3n para el Desarrollo - Entreculturas<\/title>\n<meta name=\"description\" content=\"Desde Entreculturas y la Federaci\u00f3n Internacional de Fe y Alegr\u00eda estamos presentes en Sevilla en la IV Conferencia Internacional sobre Financiaci\u00f3n para el Desarrollo\" \/>\n<meta name=\"robots\" content=\"index, follow, max-snippet:-1, max-image-preview:large, max-video-preview:-1\" \/>\n<link rel=\"canonical\" href=\"https:\/\/www.entreculturas.org\/fr\/noticia\/entreculturas-y-fe-y-alegria-presentes-en-la-cumbre-sobre-financiacion-para-el-desarrollo\/\" \/>\n<meta property=\"og:locale\" content=\"fr_FR\" \/>\n<meta property=\"og:type\" content=\"article\" \/>\n<meta property=\"og:title\" content=\"Entreculturas y Fe y Alegr\u00eda, presentes en la Cumbre sobre Financiaci\u00f3n para el Desarrollo\" \/>\n<meta property=\"og:description\" content=\"Desde Entreculturas y la Federaci\u00f3n Internacional de Fe y Alegr\u00eda estamos presentes en Sevilla en la IV Conferencia Internacional sobre Financiaci\u00f3n para el Desarrollo\" \/>\n<meta property=\"og:url\" content=\"https:\/\/www.entreculturas.org\/fr\/noticia\/entreculturas-y-fe-y-alegria-presentes-en-la-cumbre-sobre-financiacion-para-el-desarrollo\/\" \/>\n<meta property=\"og:site_name\" content=\"Entreculturas\" \/>\n<meta property=\"article:publisher\" content=\"https:\/\/www.facebook.com\/entreculturas\" \/>\n<meta property=\"article:modified_time\" content=\"2025-07-28T08:13:56+00:00\" \/>\n<meta property=\"og:image\" content=\"https:\/\/www.entreculturas.org\/wp-content\/uploads\/2025\/07\/09821-scaled-e1751452884250.jpg\" \/>\n\t<meta property=\"og:image:width\" content=\"2560\" \/>\n\t<meta property=\"og:image:height\" content=\"683\" \/>\n\t<meta property=\"og:image:type\" content=\"image\/jpeg\" \/>\n<meta name=\"twitter:card\" content=\"summary_large_image\" \/>\n<meta name=\"twitter:site\" content=\"@Entreculturas\" \/>\n<script type=\"application\/ld+json\" class=\"yoast-schema-graph\">{\"@context\":\"https:\\\/\\\/schema.org\",\"@graph\":[{\"@type\":\"WebPage\",\"@id\":\"https:\\\/\\\/www.entreculturas.org\\\/fr\\\/noticia\\\/entreculturas-y-fe-y-alegria-presentes-en-la-cumbre-sobre-financiacion-para-el-desarrollo\\\/\",\"url\":\"https:\\\/\\\/www.entreculturas.org\\\/fr\\\/noticia\\\/entreculturas-y-fe-y-alegria-presentes-en-la-cumbre-sobre-financiacion-para-el-desarrollo\\\/\",\"name\":\"Entreculturas y Fe y Alegr\u00eda, presentes en la Cumbre sobre Financiaci\u00f3n para el Desarrollo - Entreculturas\",\"isPartOf\":{\"@id\":\"https:\\\/\\\/www.entreculturas.org\\\/fr\\\/#website\"},\"primaryImageOfPage\":{\"@id\":\"https:\\\/\\\/www.entreculturas.org\\\/fr\\\/noticia\\\/entreculturas-y-fe-y-alegria-presentes-en-la-cumbre-sobre-financiacion-para-el-desarrollo\\\/#primaryimage\"},\"image\":{\"@id\":\"https:\\\/\\\/www.entreculturas.org\\\/fr\\\/noticia\\\/entreculturas-y-fe-y-alegria-presentes-en-la-cumbre-sobre-financiacion-para-el-desarrollo\\\/#primaryimage\"},\"thumbnailUrl\":\"https:\\\/\\\/www.entreculturas.org\\\/wp-content\\\/uploads\\\/2025\\\/07\\\/09821-scaled-e1751452884250.jpg\",\"datePublished\":\"2025-07-01T10:14:50+00:00\",\"dateModified\":\"2025-07-28T08:13:56+00:00\",\"description\":\"Desde Entreculturas y la Federaci\u00f3n Internacional de Fe y Alegr\u00eda estamos presentes en Sevilla en la IV Conferencia Internacional sobre Financiaci\u00f3n para el Desarrollo\",\"breadcrumb\":{\"@id\":\"https:\\\/\\\/www.entreculturas.org\\\/fr\\\/noticia\\\/entreculturas-y-fe-y-alegria-presentes-en-la-cumbre-sobre-financiacion-para-el-desarrollo\\\/#breadcrumb\"},\"inLanguage\":\"fr-FR\",\"potentialAction\":[{\"@type\":\"ReadAction\",\"target\":[\"https:\\\/\\\/www.entreculturas.org\\\/fr\\\/noticia\\\/entreculturas-y-fe-y-alegria-presentes-en-la-cumbre-sobre-financiacion-para-el-desarrollo\\\/\"]}]},{\"@type\":\"ImageObject\",\"inLanguage\":\"fr-FR\",\"@id\":\"https:\\\/\\\/www.entreculturas.org\\\/fr\\\/noticia\\\/entreculturas-y-fe-y-alegria-presentes-en-la-cumbre-sobre-financiacion-para-el-desarrollo\\\/#primaryimage\",\"url\":\"https:\\\/\\\/www.entreculturas.org\\\/wp-content\\\/uploads\\\/2025\\\/07\\\/09821-scaled-e1751452884250.jpg\",\"contentUrl\":\"https:\\\/\\\/www.entreculturas.org\\\/wp-content\\\/uploads\\\/2025\\\/07\\\/09821-scaled-e1751452884250.jpg\",\"width\":2560,\"height\":683,\"caption\":\"Cumbre sobre Financiaci\u00f3n para el Desarrollo\"},{\"@type\":\"BreadcrumbList\",\"@id\":\"https:\\\/\\\/www.entreculturas.org\\\/fr\\\/noticia\\\/entreculturas-y-fe-y-alegria-presentes-en-la-cumbre-sobre-financiacion-para-el-desarrollo\\\/#breadcrumb\",\"itemListElement\":[{\"@type\":\"ListItem\",\"position\":1,\"name\":\"Home\",\"item\":\"https:\\\/\\\/www.entreculturas.org\\\/fr\\\/\"},{\"@type\":\"ListItem\",\"position\":2,\"name\":\"Noticias\",\"item\":\"https:\\\/\\\/www.entreculturas.org\\\/fr\\\/noticias\\\/\"},{\"@type\":\"ListItem\",\"position\":3,\"name\":\"Entreculturas y Fe y Alegr\u00eda, presentes en la Cumbre sobre Financiaci\u00f3n para el Desarrollo\"}]},{\"@type\":\"WebSite\",\"@id\":\"https:\\\/\\\/www.entreculturas.org\\\/fr\\\/#website\",\"url\":\"https:\\\/\\\/www.entreculturas.org\\\/fr\\\/\",\"name\":\"Entreculturas\",\"description\":\"\",\"publisher\":{\"@id\":\"https:\\\/\\\/www.entreculturas.org\\\/fr\\\/#organization\"},\"alternateName\":\"Entreculturas\",\"potentialAction\":[{\"@type\":\"SearchAction\",\"target\":{\"@type\":\"EntryPoint\",\"urlTemplate\":\"https:\\\/\\\/www.entreculturas.org\\\/fr\\\/?s={search_term_string}\"},\"query-input\":{\"@type\":\"PropertyValueSpecification\",\"valueRequired\":true,\"valueName\":\"search_term_string\"}}],\"inLanguage\":\"fr-FR\"},{\"@type\":\"Organization\",\"@id\":\"https:\\\/\\\/www.entreculturas.org\\\/fr\\\/#organization\",\"name\":\"Entreculturas\",\"url\":\"https:\\\/\\\/www.entreculturas.org\\\/fr\\\/\",\"logo\":{\"@type\":\"ImageObject\",\"inLanguage\":\"fr-FR\",\"@id\":\"https:\\\/\\\/www.entreculturas.org\\\/fr\\\/#\\\/schema\\\/logo\\\/image\\\/\",\"url\":\"https:\\\/\\\/www.entreculturas.org\\\/wp-content\\\/uploads\\\/2025\\\/10\\\/ESP.svg\",\"contentUrl\":\"https:\\\/\\\/www.entreculturas.org\\\/wp-content\\\/uploads\\\/2025\\\/10\\\/ESP.svg\",\"caption\":\"Entreculturas\"},\"image\":{\"@id\":\"https:\\\/\\\/www.entreculturas.org\\\/fr\\\/#\\\/schema\\\/logo\\\/image\\\/\"},\"sameAs\":[\"https:\\\/\\\/www.facebook.com\\\/entreculturas\",\"https:\\\/\\\/x.com\\\/Entreculturas\",\"https:\\\/\\\/www.instagram.com\\\/entreculturas\\\/\",\"https:\\\/\\\/www.youtube.com\\\/user\\\/entreculturasvideo\",\"https:\\\/\\\/www.linkedin.com\\\/company\\\/fundacion-entreculturas-ngdo\\\/\",\"https:\\\/\\\/www.flickr.com\\\/photos\\\/98455522@N04\\\/albums\\\/\"]}]}<\/script>\n<!-- \/ Yoast SEO Premium plugin. -->","yoast_head_json":{"title":"Entreculturas y Fe y Alegr\u00eda, presentes en la Cumbre sobre Financiaci\u00f3n para el Desarrollo - Entreculturas","description":"Desde Entreculturas y la Federaci\u00f3n Internacional de Fe y Alegr\u00eda estamos presentes en Sevilla en la IV Conferencia Internacional sobre Financiaci\u00f3n para el Desarrollo","robots":{"index":"index","follow":"follow","max-snippet":"max-snippet:-1","max-image-preview":"max-image-preview:large","max-video-preview":"max-video-preview:-1"},"canonical":"https:\/\/www.entreculturas.org\/fr\/noticia\/entreculturas-y-fe-y-alegria-presentes-en-la-cumbre-sobre-financiacion-para-el-desarrollo\/","og_locale":"fr_FR","og_type":"article","og_title":"Entreculturas y Fe y Alegr\u00eda, presentes en la Cumbre sobre Financiaci\u00f3n para el Desarrollo","og_description":"Desde Entreculturas y la Federaci\u00f3n Internacional de Fe y Alegr\u00eda estamos presentes en Sevilla en la IV Conferencia Internacional sobre Financiaci\u00f3n para el Desarrollo","og_url":"https:\/\/www.entreculturas.org\/fr\/noticia\/entreculturas-y-fe-y-alegria-presentes-en-la-cumbre-sobre-financiacion-para-el-desarrollo\/","og_site_name":"Entreculturas","article_publisher":"https:\/\/www.facebook.com\/entreculturas","article_modified_time":"2025-07-28T08:13:56+00:00","og_image":[{"width":2560,"height":683,"url":"https:\/\/www.entreculturas.org\/wp-content\/uploads\/2025\/07\/09821-scaled-e1751452884250.jpg","type":"image\/jpeg"}],"twitter_card":"summary_large_image","twitter_site":"@Entreculturas","schema":{"@context":"https:\/\/schema.org","@graph":[{"@type":"WebPage","@id":"https:\/\/www.entreculturas.org\/fr\/noticia\/entreculturas-y-fe-y-alegria-presentes-en-la-cumbre-sobre-financiacion-para-el-desarrollo\/","url":"https:\/\/www.entreculturas.org\/fr\/noticia\/entreculturas-y-fe-y-alegria-presentes-en-la-cumbre-sobre-financiacion-para-el-desarrollo\/","name":"Entreculturas y Fe y Alegr\u00eda, presentes en la Cumbre sobre Financiaci\u00f3n para el Desarrollo - Entreculturas","isPartOf":{"@id":"https:\/\/www.entreculturas.org\/fr\/#website"},"primaryImageOfPage":{"@id":"https:\/\/www.entreculturas.org\/fr\/noticia\/entreculturas-y-fe-y-alegria-presentes-en-la-cumbre-sobre-financiacion-para-el-desarrollo\/#primaryimage"},"image":{"@id":"https:\/\/www.entreculturas.org\/fr\/noticia\/entreculturas-y-fe-y-alegria-presentes-en-la-cumbre-sobre-financiacion-para-el-desarrollo\/#primaryimage"},"thumbnailUrl":"https:\/\/www.entreculturas.org\/wp-content\/uploads\/2025\/07\/09821-scaled-e1751452884250.jpg","datePublished":"2025-07-01T10:14:50+00:00","dateModified":"2025-07-28T08:13:56+00:00","description":"Desde Entreculturas y la Federaci\u00f3n Internacional de Fe y Alegr\u00eda estamos presentes en Sevilla en la IV Conferencia Internacional sobre Financiaci\u00f3n para el Desarrollo","breadcrumb":{"@id":"https:\/\/www.entreculturas.org\/fr\/noticia\/entreculturas-y-fe-y-alegria-presentes-en-la-cumbre-sobre-financiacion-para-el-desarrollo\/#breadcrumb"},"inLanguage":"fr-FR","potentialAction":[{"@type":"ReadAction","target":["https:\/\/www.entreculturas.org\/fr\/noticia\/entreculturas-y-fe-y-alegria-presentes-en-la-cumbre-sobre-financiacion-para-el-desarrollo\/"]}]},{"@type":"ImageObject","inLanguage":"fr-FR","@id":"https:\/\/www.entreculturas.org\/fr\/noticia\/entreculturas-y-fe-y-alegria-presentes-en-la-cumbre-sobre-financiacion-para-el-desarrollo\/#primaryimage","url":"https:\/\/www.entreculturas.org\/wp-content\/uploads\/2025\/07\/09821-scaled-e1751452884250.jpg","contentUrl":"https:\/\/www.entreculturas.org\/wp-content\/uploads\/2025\/07\/09821-scaled-e1751452884250.jpg","width":2560,"height":683,"caption":"Cumbre sobre Financiaci\u00f3n para el Desarrollo"},{"@type":"BreadcrumbList","@id":"https:\/\/www.entreculturas.org\/fr\/noticia\/entreculturas-y-fe-y-alegria-presentes-en-la-cumbre-sobre-financiacion-para-el-desarrollo\/#breadcrumb","itemListElement":[{"@type":"ListItem","position":1,"name":"Home","item":"https:\/\/www.entreculturas.org\/fr\/"},{"@type":"ListItem","position":2,"name":"Noticias","item":"https:\/\/www.entreculturas.org\/fr\/noticias\/"},{"@type":"ListItem","position":3,"name":"Entreculturas y Fe y Alegr\u00eda, presentes en la Cumbre sobre Financiaci\u00f3n para el Desarrollo"}]},{"@type":"WebSite","@id":"https:\/\/www.entreculturas.org\/fr\/#website","url":"https:\/\/www.entreculturas.org\/fr\/","name":"Entreculturas","description":"","publisher":{"@id":"https:\/\/www.entreculturas.org\/fr\/#organization"},"alternateName":"Entreculturas","potentialAction":[{"@type":"SearchAction","target":{"@type":"EntryPoint","urlTemplate":"https:\/\/www.entreculturas.org\/fr\/?s={search_term_string}"},"query-input":{"@type":"PropertyValueSpecification","valueRequired":true,"valueName":"search_term_string"}}],"inLanguage":"fr-FR"},{"@type":"Organization","@id":"https:\/\/www.entreculturas.org\/fr\/#organization","name":"Entreculturas","url":"https:\/\/www.entreculturas.org\/fr\/","logo":{"@type":"ImageObject","inLanguage":"fr-FR","@id":"https:\/\/www.entreculturas.org\/fr\/#\/schema\/logo\/image\/","url":"https:\/\/www.entreculturas.org\/wp-content\/uploads\/2025\/10\/ESP.svg","contentUrl":"https:\/\/www.entreculturas.org\/wp-content\/uploads\/2025\/10\/ESP.svg","caption":"Entreculturas"},"image":{"@id":"https:\/\/www.entreculturas.org\/fr\/#\/schema\/logo\/image\/"},"sameAs":["https:\/\/www.facebook.com\/entreculturas","https:\/\/x.com\/Entreculturas","https:\/\/www.instagram.com\/entreculturas\/","https:\/\/www.youtube.com\/user\/entreculturasvideo","https:\/\/www.linkedin.com\/company\/fundacion-entreculturas-ngdo\/","https:\/\/www.flickr.com\/photos\/98455522@N04\/albums\/"]}]}},"_links":{"self":[{"href":"https:\/\/www.entreculturas.org\/fr\/wp-json\/wp\/v2\/noticia\/40023","targetHints":{"allow":["GET"]}}],"collection":[{"href":"https:\/\/www.entreculturas.org\/fr\/wp-json\/wp\/v2\/noticia"}],"about":[{"href":"https:\/\/www.entreculturas.org\/fr\/wp-json\/wp\/v2\/types\/noticia"}],"wp:featuredmedia":[{"embeddable":true,"href":"https:\/\/www.entreculturas.org\/fr\/wp-json\/wp\/v2\/media\/40035"}],"wp:attachment":[{"href":"https:\/\/www.entreculturas.org\/fr\/wp-json\/wp\/v2\/media?parent=40023"}],"wp:term":[{"taxonomy":"category","embeddable":true,"href":"https:\/\/www.entreculturas.org\/fr\/wp-json\/wp\/v2\/categories?post=40023"},{"taxonomy":"post_tag","embeddable":true,"href":"https:\/\/www.entreculturas.org\/fr\/wp-json\/wp\/v2\/tags?post=40023"},{"taxonomy":"country","embeddable":true,"href":"https:\/\/www.entreculturas.org\/fr\/wp-json\/wp\/v2\/country?post=40023"},{"taxonomy":"cause","embeddable":true,"href":"https:\/\/www.entreculturas.org\/fr\/wp-json\/wp\/v2\/cause?post=40023"}],"curies":[{"name":"wp","href":"https:\/\/api.w.org\/{rel}","templated":true}]}}