{"id":39695,"date":"2025-06-17T12:42:33","date_gmt":"2025-06-17T10:42:33","guid":{"rendered":"https:\/\/www.entreculturas.org\/?post_type=noticia&#038;p=39695"},"modified":"2025-06-24T09:04:17","modified_gmt":"2025-06-24T07:04:17","slug":"dia-mundial-de-las-personas-refugiadas-la-educacion","status":"publish","type":"noticia","link":"https:\/\/www.entreculturas.org\/fr\/noticia\/dia-mundial-de-las-personas-refugiadas-la-educacion\/","title":{"rendered":"D\u00eda Mundial de las Personas Refugiadas: defendemos la educaci\u00f3n como la mejor defensa de la infancia refugiada"},"content":{"rendered":"\n<p>Con motivo del D\u00eda Internacional de las Personas Refugiadas (20 de junio), Entreculturas y Alboan hemos presentado en una rueda de prensa una nueva edici\u00f3n de nuestra campa\u00f1a <a href=\"https:\/\/www.escuelarefugio.org\/\">Escuela Refugio<\/a>. Con ella queremos destacar la importancia de la escuela como un espacio seguro y acogedor para los 49 millones de ni\u00f1os, ni\u00f1as y adolescentes refugiados y desplazados en el mundo.<\/p>\n\n\n\n<p>Este a\u00f1o, bajo el lema <em>La educaci\u00f3n es su mejor defensa<\/em>, la campa\u00f1a tiene como objetivo visibilizar la importancia de defender la educaci\u00f3n frente a la guerra, de educar a los ni\u00f1os y ni\u00f1as en lugar de que sean v\u00edctimas de reclutamiento y de que la educaci\u00f3n construya paz en lugar de enfrentamiento. Estos conflictos que, junto a cat\u00e1strofes naturales, han provocado que el mundo atraviese una crisis de desplazamiento forzoso sin precedentes con 123,2 millones de personas desplazadas (42,7 millones de personas refugiadas y 73,5 millones de personas desplazadas internamente), seg\u00fan indica el \u00faltimo informe de ACNUR.<\/p>\n\n\n\n<h2 class=\"wp-block-heading\" id=\"h-la-educacion-protege-rehabilita-y-salva-vidas\">La educaci\u00f3n protege, rehabilita y salva vidas<\/h2>\n\n\n\n<p><strong>Luca Fabris<\/strong>, Responsable del Equipo de Movilidad Humana de Entreculturas, ha abierto la rueda de prensa presentando la campa\u00f1a y reafirmando una idea clave: \u201cEn un mundo herido por la violencia, con 56 conflictos violentos en activo en todo el mundo, la educaci\u00f3n protege, rehabilita y salva vidas\u201d. <br><br>Fabris destac\u00f3 el trabajo de Entreculturas y Alboan junto a JRS en pa\u00edses afectados por crisis prolongadas como Colombia, L\u00edbano, Rep\u00fablica Democr\u00e1tica del Congo o Chad, y subray\u00f3 la importancia de fortalecer el acceso a una educaci\u00f3n segura y transformadora. \u201cUn claro ejemplo de esta realidad \u2013a\u00f1adi\u00f3\u2013 lo encontramos en Kenia, uno de los principales pa\u00edses de acogida de personas refugiadas en la regi\u00f3n.\u201d<\/p>\n\n\n\n<h2 class=\"wp-block-heading\" id=\"h-kenia-campos-de-refugio-donde-la-escuela-reconstruye-esperanza\">Kenia: campos de refugio donde la escuela reconstruye esperanza<\/h2>\n\n\n\n<p>A continuaci\u00f3n, tom\u00f3 la palabra <strong>Obed Ombuna<\/strong>, Coordinador Regional de Educaci\u00f3n del Servicio Jesuita a Refugiados (JRS) en \u00c1frica del Este, quien explic\u00f3 c\u00f3mo los campos de personas refugiadas de Dadaab y Kakuma, en Kenia, acogen a 700.000 personas desplazadas de pa\u00edses vecinos como Sud\u00e1n del Sur, Etiop\u00eda o la Rep\u00fablica Democr\u00e1tica del Congo. \u201cEn estos lugares la escuela es el \u00fanico espacio seguro y estructurado que permite que los ni\u00f1os y ni\u00f1as no solo aprendan, sino que comiencen a recuperar la normalidad y la esperanza\u201d, se\u00f1al\u00f3. <br><br>Ombuna tambi\u00e9n puso en valor el papel del profesorado como una herramienta imprescindible para reducir la violencia y reconstruir el tejido social de comunidades desplazadas. \u201cEnse\u00f1ar en el campo de refugiados fue una de las experiencias m\u00e1s duras, pero tambi\u00e9n m\u00e1s gratificantes que he hecho\u201d, sentenci\u00f3.<\/p>\n\n\n\n<h2 class=\"wp-block-heading\" id=\"h-invertir-en-educacion-para-construir-paz\">Invertir en educaci\u00f3n para construir paz<\/h2>\n\n\n\n<p>La rueda de prensa concluy\u00f3 con la intervenci\u00f3n de <strong>Luc\u00eda Rodr\u00edguez Donate<\/strong>, Responsable del Departamento de Incidencia Pol\u00edtica de Entreculturas, quien traslad\u00f3 las principales recomendaciones de la campa\u00f1a, subrayando la necesidad de garantizar la educaci\u00f3n desde el inicio de una emergencia y de dotar de recursos estables a los sistemas educativos en contextos de crisis. <br><br>\u201cEn un mundo cada vez menos hospitalario, en el que se cierran fronteras y el gasto en seguridad no deja de incrementarse, desde Alboan y Entreculturas apostamos por invertir m\u00e1s en educaci\u00f3n; una educaci\u00f3n que protege, consolida la paz y la justicia a largo plazo y que es la mejor defensa de la poblaci\u00f3n en desplazamiento forzoso\u201d, afirm\u00f3 Rodr\u00edguez Donate.<\/p>\n\n\n\n<figure class=\"wp-block-image aligncenter size-large is-resized\"><img decoding=\"async\" width=\"1024\" height=\"683\" src=\"https:\/\/www.entreculturas.org\/wp-content\/uploads\/2025\/06\/141-1024x683.jpg\" alt=\"D\u00eda Mundial de las Personas Refugiadas 2\" class=\"wp-image-39737\" style=\"width:790px;height:auto\" srcset=\"https:\/\/www.entreculturas.org\/wp-content\/uploads\/2025\/06\/141-1024x683.jpg 1024w, https:\/\/www.entreculturas.org\/wp-content\/uploads\/2025\/06\/141-300x200.jpg 300w, https:\/\/www.entreculturas.org\/wp-content\/uploads\/2025\/06\/141-768x512.jpg 768w, https:\/\/www.entreculturas.org\/wp-content\/uploads\/2025\/06\/141-1536x1024.jpg 1536w, https:\/\/www.entreculturas.org\/wp-content\/uploads\/2025\/06\/141.jpg 1980w\" sizes=\"(max-width: 1024px) 100vw, 1024px\" \/><figcaption class=\"wp-element-caption\">De izquierda a derecha: Luca, Luc\u00eda y Obed durante la rueda de prensa de Escuela Refugio. Foto: Jes\u00fas Reyes \/ Entreculturas<\/figcaption><\/figure>\n\n\n\n<h2 class=\"wp-block-heading\" id=\"h-escuela-refugio-una-campana-para-sensibilizar-desde-las-aulas\">Escuela Refugio: una campa\u00f1a para sensibilizar desde las aulas<\/h2>\n\n\n\n<p>La campa\u00f1a Escuela Refugio, que lanzamos bajo el lema \u201cLa educaci\u00f3n es su mejor defensa\u201d, tambi\u00e9n incluye materiales pedag\u00f3gicos, din\u00e1micas participativas y actividades de sensibilizaci\u00f3n para que el alumnado comprenda el valor de la educaci\u00f3n en contextos de violencia y desplazamiento. Est\u00e1n accesibles en <a href=\"https:\/\/www.escuelarefugio.org\/entreculturas\/2025\/Escuela_Refugio_2025.pdf\">este apartado de la web<\/a>.<\/p>\n\n\n\n<div class=\"wp-block-columns is-layout-flex wp-container-core-columns-is-layout-71e086fe wp-block-columns-is-layout-flex\" style=\"padding-top:0;padding-right:var(--wp--preset--spacing--80);padding-bottom:0;padding-left:var(--wp--preset--spacing--80)\">\n<div class=\"wp-block-column is-layout-flow wp-block-column-is-layout-flow\" style=\"flex-basis:100%\">\n<figure class=\"wp-block-embed is-type-video is-provider-youtube wp-block-embed-youtube wp-embed-aspect-16-9 wp-has-aspect-ratio\"><div class=\"wp-block-embed__wrapper\">\n<iframe loading=\"lazy\" title=\"ESCUELA REFUGIO: la Educaci\u00f3n es su mejor defensa\" width=\"500\" height=\"281\" src=\"https:\/\/www.youtube.com\/embed\/NXi_d0gnNM0?start=1&#038;feature=oembed\" frameborder=\"0\" allow=\"accelerometer; autoplay; clipboard-write; encrypted-media; gyroscope; picture-in-picture; web-share\" referrerpolicy=\"strict-origin-when-cross-origin\" allowfullscreen><\/iframe>\n<\/div><\/figure>\n<\/div>\n<\/div>\n","protected":false},"excerpt":{"rendered":"<p>Con motivo del D\u00eda Internacional de las Personas Refugiadas (20 de junio), Entreculturas y Alboan hemos presentado en una rueda de prensa una nueva edici\u00f3n de nuestra campa\u00f1a Escuela Refugio. Con ella queremos destacar la importancia de la escuela como un espacio seguro y acogedor para los 49 millones de ni\u00f1os, ni\u00f1as y adolescentes refugiados y desplazados en el mundo. Este a\u00f1o, bajo el lema La educaci\u00f3n es su mejor defensa, la campa\u00f1a tiene como objetivo visibilizar la importancia de defender la educaci\u00f3n frente a la guerra, de educar a los ni\u00f1os y ni\u00f1as en lugar de que sean v\u00edctimas de reclutamiento y de que la educaci\u00f3n construya paz en lugar de enfrentamiento. Estos conflictos que, junto a cat\u00e1strofes naturales, han provocado que el mundo atraviese una crisis de desplazamiento forzoso sin precedentes con 123,2 millones de personas desplazadas (42,7 millones de personas refugiadas y 73,5 millones de personas desplazadas [&hellip;]<\/p>\n","protected":false},"featured_media":39723,"template":"","meta":{"_acf_changed":false},"categories":[7],"tags":[10],"country":[],"cause":[128],"class_list":["post-39695","noticia","type-noticia","status-publish","has-post-thumbnail","hentry","category-noticia","tag-migracion-y-refugio","cause-educacion"],"acf":[],"yoast_head":"<!-- This site is optimized with the Yoast SEO Premium plugin v21.6 (Yoast SEO v27.5) - https:\/\/yoast.com\/product\/yoast-seo-premium-wordpress\/ -->\n<title>D\u00eda Mundial de las Personas Refugiadas: ala educaci\u00f3n como defensa<\/title>\n<meta name=\"description\" content=\"En el D\u00eda Mundial de las Personas Refugiadas, defendemos la educaci\u00f3n como refugio frente a la guerra y el desplazamiento forzoso.\" \/>\n<meta name=\"robots\" content=\"index, follow, max-snippet:-1, max-image-preview:large, max-video-preview:-1\" \/>\n<link rel=\"canonical\" href=\"https:\/\/www.entreculturas.org\/fr\/noticia\/dia-mundial-de-las-personas-refugiadas-la-educacion\/\" \/>\n<meta property=\"og:locale\" content=\"fr_FR\" \/>\n<meta property=\"og:type\" content=\"article\" \/>\n<meta property=\"og:title\" content=\"D\u00eda Mundial de las Personas Refugiadas: defendemos la educaci\u00f3n como la mejor defensa de la infancia refugiada\" \/>\n<meta property=\"og:description\" content=\"En el D\u00eda Mundial de las Personas Refugiadas, defendemos la educaci\u00f3n como refugio frente a la guerra y el desplazamiento forzoso.\" \/>\n<meta property=\"og:url\" content=\"https:\/\/www.entreculturas.org\/fr\/noticia\/dia-mundial-de-las-personas-refugiadas-la-educacion\/\" \/>\n<meta property=\"og:site_name\" content=\"Entreculturas\" \/>\n<meta property=\"article:publisher\" content=\"https:\/\/www.facebook.com\/entreculturas\" \/>\n<meta property=\"article:modified_time\" content=\"2025-06-24T07:04:17+00:00\" \/>\n<meta property=\"og:image\" content=\"https:\/\/www.entreculturas.org\/wp-content\/uploads\/2025\/06\/123.jpg\" \/>\n\t<meta property=\"og:image:width\" content=\"2064\" \/>\n\t<meta property=\"og:image:height\" content=\"900\" \/>\n\t<meta property=\"og:image:type\" content=\"image\/jpeg\" \/>\n<meta name=\"twitter:card\" content=\"summary_large_image\" \/>\n<meta name=\"twitter:site\" content=\"@Entreculturas\" \/>\n<script type=\"application\/ld+json\" class=\"yoast-schema-graph\">{\"@context\":\"https:\\\/\\\/schema.org\",\"@graph\":[{\"@type\":\"WebPage\",\"@id\":\"https:\\\/\\\/www.entreculturas.org\\\/fr\\\/noticia\\\/dia-mundial-de-las-personas-refugiadas-la-educacion\\\/\",\"url\":\"https:\\\/\\\/www.entreculturas.org\\\/fr\\\/noticia\\\/dia-mundial-de-las-personas-refugiadas-la-educacion\\\/\",\"name\":\"D\u00eda Mundial de las Personas Refugiadas: ala educaci\u00f3n como defensa\",\"isPartOf\":{\"@id\":\"https:\\\/\\\/www.entreculturas.org\\\/fr\\\/#website\"},\"primaryImageOfPage\":{\"@id\":\"https:\\\/\\\/www.entreculturas.org\\\/fr\\\/noticia\\\/dia-mundial-de-las-personas-refugiadas-la-educacion\\\/#primaryimage\"},\"image\":{\"@id\":\"https:\\\/\\\/www.entreculturas.org\\\/fr\\\/noticia\\\/dia-mundial-de-las-personas-refugiadas-la-educacion\\\/#primaryimage\"},\"thumbnailUrl\":\"https:\\\/\\\/www.entreculturas.org\\\/wp-content\\\/uploads\\\/2025\\\/06\\\/123.jpg\",\"datePublished\":\"2025-06-17T10:42:33+00:00\",\"dateModified\":\"2025-06-24T07:04:17+00:00\",\"description\":\"En el D\u00eda Mundial de las Personas Refugiadas, defendemos la educaci\u00f3n como refugio frente a la guerra y el desplazamiento forzoso.\",\"breadcrumb\":{\"@id\":\"https:\\\/\\\/www.entreculturas.org\\\/fr\\\/noticia\\\/dia-mundial-de-las-personas-refugiadas-la-educacion\\\/#breadcrumb\"},\"inLanguage\":\"fr-FR\",\"potentialAction\":[{\"@type\":\"ReadAction\",\"target\":[\"https:\\\/\\\/www.entreculturas.org\\\/fr\\\/noticia\\\/dia-mundial-de-las-personas-refugiadas-la-educacion\\\/\"]}]},{\"@type\":\"ImageObject\",\"inLanguage\":\"fr-FR\",\"@id\":\"https:\\\/\\\/www.entreculturas.org\\\/fr\\\/noticia\\\/dia-mundial-de-las-personas-refugiadas-la-educacion\\\/#primaryimage\",\"url\":\"https:\\\/\\\/www.entreculturas.org\\\/wp-content\\\/uploads\\\/2025\\\/06\\\/123.jpg\",\"contentUrl\":\"https:\\\/\\\/www.entreculturas.org\\\/wp-content\\\/uploads\\\/2025\\\/06\\\/123.jpg\",\"width\":2064,\"height\":900,\"caption\":\"D\u00eda Mundial de las personas Refugiadas\"},{\"@type\":\"BreadcrumbList\",\"@id\":\"https:\\\/\\\/www.entreculturas.org\\\/fr\\\/noticia\\\/dia-mundial-de-las-personas-refugiadas-la-educacion\\\/#breadcrumb\",\"itemListElement\":[{\"@type\":\"ListItem\",\"position\":1,\"name\":\"Home\",\"item\":\"https:\\\/\\\/www.entreculturas.org\\\/fr\\\/\"},{\"@type\":\"ListItem\",\"position\":2,\"name\":\"Noticias\",\"item\":\"https:\\\/\\\/www.entreculturas.org\\\/fr\\\/noticias\\\/\"},{\"@type\":\"ListItem\",\"position\":3,\"name\":\"D\u00eda Mundial de las Personas Refugiadas: defendemos la educaci\u00f3n como la mejor defensa de la infancia refugiada\"}]},{\"@type\":\"WebSite\",\"@id\":\"https:\\\/\\\/www.entreculturas.org\\\/fr\\\/#website\",\"url\":\"https:\\\/\\\/www.entreculturas.org\\\/fr\\\/\",\"name\":\"Entreculturas\",\"description\":\"\",\"publisher\":{\"@id\":\"https:\\\/\\\/www.entreculturas.org\\\/fr\\\/#organization\"},\"alternateName\":\"Entreculturas\",\"potentialAction\":[{\"@type\":\"SearchAction\",\"target\":{\"@type\":\"EntryPoint\",\"urlTemplate\":\"https:\\\/\\\/www.entreculturas.org\\\/fr\\\/?s={search_term_string}\"},\"query-input\":{\"@type\":\"PropertyValueSpecification\",\"valueRequired\":true,\"valueName\":\"search_term_string\"}}],\"inLanguage\":\"fr-FR\"},{\"@type\":\"Organization\",\"@id\":\"https:\\\/\\\/www.entreculturas.org\\\/fr\\\/#organization\",\"name\":\"Entreculturas\",\"url\":\"https:\\\/\\\/www.entreculturas.org\\\/fr\\\/\",\"logo\":{\"@type\":\"ImageObject\",\"inLanguage\":\"fr-FR\",\"@id\":\"https:\\\/\\\/www.entreculturas.org\\\/fr\\\/#\\\/schema\\\/logo\\\/image\\\/\",\"url\":\"https:\\\/\\\/www.entreculturas.org\\\/wp-content\\\/uploads\\\/2025\\\/10\\\/ESP.svg\",\"contentUrl\":\"https:\\\/\\\/www.entreculturas.org\\\/wp-content\\\/uploads\\\/2025\\\/10\\\/ESP.svg\",\"caption\":\"Entreculturas\"},\"image\":{\"@id\":\"https:\\\/\\\/www.entreculturas.org\\\/fr\\\/#\\\/schema\\\/logo\\\/image\\\/\"},\"sameAs\":[\"https:\\\/\\\/www.facebook.com\\\/entreculturas\",\"https:\\\/\\\/x.com\\\/Entreculturas\",\"https:\\\/\\\/www.instagram.com\\\/entreculturas\\\/\",\"https:\\\/\\\/www.youtube.com\\\/user\\\/entreculturasvideo\",\"https:\\\/\\\/www.linkedin.com\\\/company\\\/fundacion-entreculturas-ngdo\\\/\",\"https:\\\/\\\/www.flickr.com\\\/photos\\\/98455522@N04\\\/albums\\\/\"]}]}<\/script>\n<!-- \/ Yoast SEO Premium plugin. -->","yoast_head_json":{"title":"D\u00eda Mundial de las Personas Refugiadas: ala educaci\u00f3n como defensa","description":"En el D\u00eda Mundial de las Personas Refugiadas, defendemos la educaci\u00f3n como refugio frente a la guerra y el desplazamiento forzoso.","robots":{"index":"index","follow":"follow","max-snippet":"max-snippet:-1","max-image-preview":"max-image-preview:large","max-video-preview":"max-video-preview:-1"},"canonical":"https:\/\/www.entreculturas.org\/fr\/noticia\/dia-mundial-de-las-personas-refugiadas-la-educacion\/","og_locale":"fr_FR","og_type":"article","og_title":"D\u00eda Mundial de las Personas Refugiadas: defendemos la educaci\u00f3n como la mejor defensa de la infancia refugiada","og_description":"En el D\u00eda Mundial de las Personas Refugiadas, defendemos la educaci\u00f3n como refugio frente a la guerra y el desplazamiento forzoso.","og_url":"https:\/\/www.entreculturas.org\/fr\/noticia\/dia-mundial-de-las-personas-refugiadas-la-educacion\/","og_site_name":"Entreculturas","article_publisher":"https:\/\/www.facebook.com\/entreculturas","article_modified_time":"2025-06-24T07:04:17+00:00","og_image":[{"width":2064,"height":900,"url":"https:\/\/www.entreculturas.org\/wp-content\/uploads\/2025\/06\/123.jpg","type":"image\/jpeg"}],"twitter_card":"summary_large_image","twitter_site":"@Entreculturas","schema":{"@context":"https:\/\/schema.org","@graph":[{"@type":"WebPage","@id":"https:\/\/www.entreculturas.org\/fr\/noticia\/dia-mundial-de-las-personas-refugiadas-la-educacion\/","url":"https:\/\/www.entreculturas.org\/fr\/noticia\/dia-mundial-de-las-personas-refugiadas-la-educacion\/","name":"D\u00eda Mundial de las Personas Refugiadas: ala educaci\u00f3n como defensa","isPartOf":{"@id":"https:\/\/www.entreculturas.org\/fr\/#website"},"primaryImageOfPage":{"@id":"https:\/\/www.entreculturas.org\/fr\/noticia\/dia-mundial-de-las-personas-refugiadas-la-educacion\/#primaryimage"},"image":{"@id":"https:\/\/www.entreculturas.org\/fr\/noticia\/dia-mundial-de-las-personas-refugiadas-la-educacion\/#primaryimage"},"thumbnailUrl":"https:\/\/www.entreculturas.org\/wp-content\/uploads\/2025\/06\/123.jpg","datePublished":"2025-06-17T10:42:33+00:00","dateModified":"2025-06-24T07:04:17+00:00","description":"En el D\u00eda Mundial de las Personas Refugiadas, defendemos la educaci\u00f3n como refugio frente a la guerra y el desplazamiento forzoso.","breadcrumb":{"@id":"https:\/\/www.entreculturas.org\/fr\/noticia\/dia-mundial-de-las-personas-refugiadas-la-educacion\/#breadcrumb"},"inLanguage":"fr-FR","potentialAction":[{"@type":"ReadAction","target":["https:\/\/www.entreculturas.org\/fr\/noticia\/dia-mundial-de-las-personas-refugiadas-la-educacion\/"]}]},{"@type":"ImageObject","inLanguage":"fr-FR","@id":"https:\/\/www.entreculturas.org\/fr\/noticia\/dia-mundial-de-las-personas-refugiadas-la-educacion\/#primaryimage","url":"https:\/\/www.entreculturas.org\/wp-content\/uploads\/2025\/06\/123.jpg","contentUrl":"https:\/\/www.entreculturas.org\/wp-content\/uploads\/2025\/06\/123.jpg","width":2064,"height":900,"caption":"D\u00eda Mundial de las personas Refugiadas"},{"@type":"BreadcrumbList","@id":"https:\/\/www.entreculturas.org\/fr\/noticia\/dia-mundial-de-las-personas-refugiadas-la-educacion\/#breadcrumb","itemListElement":[{"@type":"ListItem","position":1,"name":"Home","item":"https:\/\/www.entreculturas.org\/fr\/"},{"@type":"ListItem","position":2,"name":"Noticias","item":"https:\/\/www.entreculturas.org\/fr\/noticias\/"},{"@type":"ListItem","position":3,"name":"D\u00eda Mundial de las Personas Refugiadas: defendemos la educaci\u00f3n como la mejor defensa de la infancia refugiada"}]},{"@type":"WebSite","@id":"https:\/\/www.entreculturas.org\/fr\/#website","url":"https:\/\/www.entreculturas.org\/fr\/","name":"Entreculturas","description":"","publisher":{"@id":"https:\/\/www.entreculturas.org\/fr\/#organization"},"alternateName":"Entreculturas","potentialAction":[{"@type":"SearchAction","target":{"@type":"EntryPoint","urlTemplate":"https:\/\/www.entreculturas.org\/fr\/?s={search_term_string}"},"query-input":{"@type":"PropertyValueSpecification","valueRequired":true,"valueName":"search_term_string"}}],"inLanguage":"fr-FR"},{"@type":"Organization","@id":"https:\/\/www.entreculturas.org\/fr\/#organization","name":"Entreculturas","url":"https:\/\/www.entreculturas.org\/fr\/","logo":{"@type":"ImageObject","inLanguage":"fr-FR","@id":"https:\/\/www.entreculturas.org\/fr\/#\/schema\/logo\/image\/","url":"https:\/\/www.entreculturas.org\/wp-content\/uploads\/2025\/10\/ESP.svg","contentUrl":"https:\/\/www.entreculturas.org\/wp-content\/uploads\/2025\/10\/ESP.svg","caption":"Entreculturas"},"image":{"@id":"https:\/\/www.entreculturas.org\/fr\/#\/schema\/logo\/image\/"},"sameAs":["https:\/\/www.facebook.com\/entreculturas","https:\/\/x.com\/Entreculturas","https:\/\/www.instagram.com\/entreculturas\/","https:\/\/www.youtube.com\/user\/entreculturasvideo","https:\/\/www.linkedin.com\/company\/fundacion-entreculturas-ngdo\/","https:\/\/www.flickr.com\/photos\/98455522@N04\/albums\/"]}]}},"_links":{"self":[{"href":"https:\/\/www.entreculturas.org\/fr\/wp-json\/wp\/v2\/noticia\/39695","targetHints":{"allow":["GET"]}}],"collection":[{"href":"https:\/\/www.entreculturas.org\/fr\/wp-json\/wp\/v2\/noticia"}],"about":[{"href":"https:\/\/www.entreculturas.org\/fr\/wp-json\/wp\/v2\/types\/noticia"}],"wp:featuredmedia":[{"embeddable":true,"href":"https:\/\/www.entreculturas.org\/fr\/wp-json\/wp\/v2\/media\/39723"}],"wp:attachment":[{"href":"https:\/\/www.entreculturas.org\/fr\/wp-json\/wp\/v2\/media?parent=39695"}],"wp:term":[{"taxonomy":"category","embeddable":true,"href":"https:\/\/www.entreculturas.org\/fr\/wp-json\/wp\/v2\/categories?post=39695"},{"taxonomy":"post_tag","embeddable":true,"href":"https:\/\/www.entreculturas.org\/fr\/wp-json\/wp\/v2\/tags?post=39695"},{"taxonomy":"country","embeddable":true,"href":"https:\/\/www.entreculturas.org\/fr\/wp-json\/wp\/v2\/country?post=39695"},{"taxonomy":"cause","embeddable":true,"href":"https:\/\/www.entreculturas.org\/fr\/wp-json\/wp\/v2\/cause?post=39695"}],"curies":[{"name":"wp","href":"https:\/\/api.w.org\/{rel}","templated":true}]}}