{"id":39391,"date":"2025-06-03T12:17:52","date_gmt":"2025-06-03T10:17:52","guid":{"rendered":"https:\/\/www.entreculturas.org\/?post_type=noticia&#038;p=39391"},"modified":"2025-09-19T12:05:22","modified_gmt":"2025-09-19T10:05:22","slug":"por-la-paz-en-gaza","status":"publish","type":"noticia","link":"https:\/\/www.entreculturas.org\/fr\/noticia\/por-la-paz-en-gaza\/","title":{"rendered":"POR LA PAZ EN GAZA"},"content":{"rendered":"\n<p>Desde el Sector Social de la Compa\u00f1\u00eda de Jes\u00fas manifestamos nuestro dolor ante la violencia continuada en tantos lugares del mundo, y de un modo especial el genocidio en Gaza, donde la poblaci\u00f3n civil sufre las consecuencias de una ocupaci\u00f3n prolongada, ataques indiscriminados y condiciones de vida insoportables. No se trata solo de un conflicto, sino de una situaci\u00f3n estructural que niega derechos y perpet\u00faa el sufrimiento.<\/p>\n\n\n\n<p>Como parte de la Iglesia, nos sentimos interpelados por las palabras del Papa Le\u00f3n XIV, que ha insistido en que la paz verdadera no puede construirse sobre el miedo, la humillaci\u00f3n o la negaci\u00f3n de la dignidad humana. Hacemos nuestras sus llamadas al cese de la violencia y a la b\u00fasqueda de caminos de justicia y reparaci\u00f3n.<\/p>\n\n\n\n<p>As\u00ed mismo, como red de organizaciones sociales de la Compa\u00f1\u00eda de Jes\u00fas, no queremos permanecer impasibles ante la flagrante violaci\u00f3n de los derechos humanos y del derecho internacional humanitario. Reiteramos nuestro compromiso con la defensa de la dignidad humana y con la construcci\u00f3n de un mundo donde prevalezca la justicia y la paz. Nos unimos a las voces que claman por el fin de esta tragedia y ofrecemos nuestras oraciones y nuestro apoyo a todas las personas afectadas.<\/p>\n\n\n\n<p>Nuestra identidad ignaciana nos compromete a mirar la realidad desde el lugar de quienes m\u00e1s sufren. Como afirman nuestros documentos fundacionales, la fe que se hace justicia exige denunciar las causas del dolor y trabajar activamente por transformarlas. Por eso, hoy alzamos la voz en defensa del pueblo palestino y de tantos otros, que son v\u00edctima de una violencia sostenida que no puede normalizarse ni silenciarse.<\/p>\n\n\n\n<p>La paz no se impone; se construye. Y para ello es imprescindible el respeto al derecho internacional, el fin de la ocupaci\u00f3n y una voluntad pol\u00edtica real de garantizar los derechos de todas las personas implicadas.<\/p>\n\n\n\n<p>Hablamos desde una convicci\u00f3n profunda: el Evangelio nos llama a estar del lado de las v\u00edctimas, nunca al margen.<\/p>\n","protected":false},"excerpt":{"rendered":"<p>Desde el Sector Social de la Compa\u00f1\u00eda de Jes\u00fas manifestamos nuestro dolor ante la violencia continuada en tantos lugares del mundo, y de un modo especial el genocidio en Gaza, donde la poblaci\u00f3n civil sufre las consecuencias de una ocupaci\u00f3n prolongada, ataques indiscriminados y condiciones de vida insoportables. No se trata solo de un conflicto, sino de una situaci\u00f3n estructural que niega derechos y perpet\u00faa el sufrimiento. Como parte de la Iglesia, nos sentimos interpelados por las palabras del Papa Le\u00f3n XIV, que ha insistido en que la paz verdadera no puede construirse sobre el miedo, la humillaci\u00f3n o la negaci\u00f3n de la dignidad humana. Hacemos nuestras sus llamadas al cese de la violencia y a la b\u00fasqueda de caminos de justicia y reparaci\u00f3n. As\u00ed mismo, como red de organizaciones sociales de la Compa\u00f1\u00eda de Jes\u00fas, no queremos permanecer impasibles ante la flagrante violaci\u00f3n de los derechos humanos y del [&hellip;]<\/p>\n","protected":false},"featured_media":39398,"template":"","meta":{"_acf_changed":false},"categories":[7],"tags":[],"country":[711],"cause":[],"class_list":["post-39391","noticia","type-noticia","status-publish","has-post-thumbnail","hentry","category-noticia","country-gaza"],"acf":[],"yoast_head":"<!-- This site is optimized with the Yoast SEO Premium plugin v21.6 (Yoast SEO v27.5) - https:\/\/yoast.com\/product\/yoast-seo-premium-wordpress\/ -->\n<title>POR LA PAZ EN GAZA - Entreculturas<\/title>\n<meta name=\"description\" content=\"Nos unimos al clamor por la paz en Gaza y la defensa de los derechos humanos ante la violencia estructural y prolongada.\" \/>\n<meta name=\"robots\" content=\"index, follow, max-snippet:-1, max-image-preview:large, max-video-preview:-1\" \/>\n<link rel=\"canonical\" href=\"https:\/\/www.entreculturas.org\/fr\/noticia\/por-la-paz-en-gaza\/\" \/>\n<meta property=\"og:locale\" content=\"fr_FR\" \/>\n<meta property=\"og:type\" content=\"article\" \/>\n<meta property=\"og:title\" content=\"POR LA PAZ EN GAZA\" \/>\n<meta property=\"og:description\" content=\"Nos unimos al clamor por la paz en Gaza y la defensa de los derechos humanos ante la violencia estructural y prolongada.\" \/>\n<meta property=\"og:url\" content=\"https:\/\/www.entreculturas.org\/fr\/noticia\/por-la-paz-en-gaza\/\" \/>\n<meta property=\"og:site_name\" content=\"Entreculturas\" \/>\n<meta property=\"article:publisher\" content=\"https:\/\/www.facebook.com\/entreculturas\" \/>\n<meta property=\"article:modified_time\" content=\"2025-09-19T10:05:22+00:00\" \/>\n<meta property=\"og:image\" content=\"https:\/\/www.entreculturas.org\/wp-content\/uploads\/2025\/06\/12.jpg\" \/>\n\t<meta property=\"og:image:width\" content=\"1350\" \/>\n\t<meta property=\"og:image:height\" content=\"408\" \/>\n\t<meta property=\"og:image:type\" content=\"image\/jpeg\" \/>\n<meta name=\"twitter:card\" content=\"summary_large_image\" \/>\n<meta name=\"twitter:site\" content=\"@Entreculturas\" \/>\n<script type=\"application\/ld+json\" class=\"yoast-schema-graph\">{\"@context\":\"https:\\\/\\\/schema.org\",\"@graph\":[{\"@type\":\"WebPage\",\"@id\":\"https:\\\/\\\/www.entreculturas.org\\\/fr\\\/noticia\\\/por-la-paz-en-gaza\\\/\",\"url\":\"https:\\\/\\\/www.entreculturas.org\\\/fr\\\/noticia\\\/por-la-paz-en-gaza\\\/\",\"name\":\"POR LA PAZ EN GAZA - Entreculturas\",\"isPartOf\":{\"@id\":\"https:\\\/\\\/www.entreculturas.org\\\/fr\\\/#website\"},\"primaryImageOfPage\":{\"@id\":\"https:\\\/\\\/www.entreculturas.org\\\/fr\\\/noticia\\\/por-la-paz-en-gaza\\\/#primaryimage\"},\"image\":{\"@id\":\"https:\\\/\\\/www.entreculturas.org\\\/fr\\\/noticia\\\/por-la-paz-en-gaza\\\/#primaryimage\"},\"thumbnailUrl\":\"https:\\\/\\\/www.entreculturas.org\\\/wp-content\\\/uploads\\\/2025\\\/06\\\/12.jpg\",\"datePublished\":\"2025-06-03T10:17:52+00:00\",\"dateModified\":\"2025-09-19T10:05:22+00:00\",\"description\":\"Nos unimos al clamor por la paz en Gaza y la defensa de los derechos humanos ante la violencia estructural y prolongada.\",\"breadcrumb\":{\"@id\":\"https:\\\/\\\/www.entreculturas.org\\\/fr\\\/noticia\\\/por-la-paz-en-gaza\\\/#breadcrumb\"},\"inLanguage\":\"fr-FR\",\"potentialAction\":[{\"@type\":\"ReadAction\",\"target\":[\"https:\\\/\\\/www.entreculturas.org\\\/fr\\\/noticia\\\/por-la-paz-en-gaza\\\/\"]}]},{\"@type\":\"ImageObject\",\"inLanguage\":\"fr-FR\",\"@id\":\"https:\\\/\\\/www.entreculturas.org\\\/fr\\\/noticia\\\/por-la-paz-en-gaza\\\/#primaryimage\",\"url\":\"https:\\\/\\\/www.entreculturas.org\\\/wp-content\\\/uploads\\\/2025\\\/06\\\/12.jpg\",\"contentUrl\":\"https:\\\/\\\/www.entreculturas.org\\\/wp-content\\\/uploads\\\/2025\\\/06\\\/12.jpg\",\"width\":1350,\"height\":408,\"caption\":\"paz en gaza\"},{\"@type\":\"BreadcrumbList\",\"@id\":\"https:\\\/\\\/www.entreculturas.org\\\/fr\\\/noticia\\\/por-la-paz-en-gaza\\\/#breadcrumb\",\"itemListElement\":[{\"@type\":\"ListItem\",\"position\":1,\"name\":\"Home\",\"item\":\"https:\\\/\\\/www.entreculturas.org\\\/fr\\\/\"},{\"@type\":\"ListItem\",\"position\":2,\"name\":\"Noticias\",\"item\":\"https:\\\/\\\/www.entreculturas.org\\\/fr\\\/noticias\\\/\"},{\"@type\":\"ListItem\",\"position\":3,\"name\":\"POR LA PAZ EN GAZA\"}]},{\"@type\":\"WebSite\",\"@id\":\"https:\\\/\\\/www.entreculturas.org\\\/fr\\\/#website\",\"url\":\"https:\\\/\\\/www.entreculturas.org\\\/fr\\\/\",\"name\":\"Entreculturas\",\"description\":\"\",\"publisher\":{\"@id\":\"https:\\\/\\\/www.entreculturas.org\\\/fr\\\/#organization\"},\"alternateName\":\"Entreculturas\",\"potentialAction\":[{\"@type\":\"SearchAction\",\"target\":{\"@type\":\"EntryPoint\",\"urlTemplate\":\"https:\\\/\\\/www.entreculturas.org\\\/fr\\\/?s={search_term_string}\"},\"query-input\":{\"@type\":\"PropertyValueSpecification\",\"valueRequired\":true,\"valueName\":\"search_term_string\"}}],\"inLanguage\":\"fr-FR\"},{\"@type\":\"Organization\",\"@id\":\"https:\\\/\\\/www.entreculturas.org\\\/fr\\\/#organization\",\"name\":\"Entreculturas\",\"url\":\"https:\\\/\\\/www.entreculturas.org\\\/fr\\\/\",\"logo\":{\"@type\":\"ImageObject\",\"inLanguage\":\"fr-FR\",\"@id\":\"https:\\\/\\\/www.entreculturas.org\\\/fr\\\/#\\\/schema\\\/logo\\\/image\\\/\",\"url\":\"https:\\\/\\\/www.entreculturas.org\\\/wp-content\\\/uploads\\\/2025\\\/10\\\/ESP.svg\",\"contentUrl\":\"https:\\\/\\\/www.entreculturas.org\\\/wp-content\\\/uploads\\\/2025\\\/10\\\/ESP.svg\",\"caption\":\"Entreculturas\"},\"image\":{\"@id\":\"https:\\\/\\\/www.entreculturas.org\\\/fr\\\/#\\\/schema\\\/logo\\\/image\\\/\"},\"sameAs\":[\"https:\\\/\\\/www.facebook.com\\\/entreculturas\",\"https:\\\/\\\/x.com\\\/Entreculturas\",\"https:\\\/\\\/www.instagram.com\\\/entreculturas\\\/\",\"https:\\\/\\\/www.youtube.com\\\/user\\\/entreculturasvideo\",\"https:\\\/\\\/www.linkedin.com\\\/company\\\/fundacion-entreculturas-ngdo\\\/\",\"https:\\\/\\\/www.flickr.com\\\/photos\\\/98455522@N04\\\/albums\\\/\"]}]}<\/script>\n<!-- \/ Yoast SEO Premium plugin. -->","yoast_head_json":{"title":"POR LA PAZ EN GAZA - Entreculturas","description":"Nos unimos al clamor por la paz en Gaza y la defensa de los derechos humanos ante la violencia estructural y prolongada.","robots":{"index":"index","follow":"follow","max-snippet":"max-snippet:-1","max-image-preview":"max-image-preview:large","max-video-preview":"max-video-preview:-1"},"canonical":"https:\/\/www.entreculturas.org\/fr\/noticia\/por-la-paz-en-gaza\/","og_locale":"fr_FR","og_type":"article","og_title":"POR LA PAZ EN GAZA","og_description":"Nos unimos al clamor por la paz en Gaza y la defensa de los derechos humanos ante la violencia estructural y prolongada.","og_url":"https:\/\/www.entreculturas.org\/fr\/noticia\/por-la-paz-en-gaza\/","og_site_name":"Entreculturas","article_publisher":"https:\/\/www.facebook.com\/entreculturas","article_modified_time":"2025-09-19T10:05:22+00:00","og_image":[{"width":1350,"height":408,"url":"https:\/\/www.entreculturas.org\/wp-content\/uploads\/2025\/06\/12.jpg","type":"image\/jpeg"}],"twitter_card":"summary_large_image","twitter_site":"@Entreculturas","schema":{"@context":"https:\/\/schema.org","@graph":[{"@type":"WebPage","@id":"https:\/\/www.entreculturas.org\/fr\/noticia\/por-la-paz-en-gaza\/","url":"https:\/\/www.entreculturas.org\/fr\/noticia\/por-la-paz-en-gaza\/","name":"POR LA PAZ EN GAZA - Entreculturas","isPartOf":{"@id":"https:\/\/www.entreculturas.org\/fr\/#website"},"primaryImageOfPage":{"@id":"https:\/\/www.entreculturas.org\/fr\/noticia\/por-la-paz-en-gaza\/#primaryimage"},"image":{"@id":"https:\/\/www.entreculturas.org\/fr\/noticia\/por-la-paz-en-gaza\/#primaryimage"},"thumbnailUrl":"https:\/\/www.entreculturas.org\/wp-content\/uploads\/2025\/06\/12.jpg","datePublished":"2025-06-03T10:17:52+00:00","dateModified":"2025-09-19T10:05:22+00:00","description":"Nos unimos al clamor por la paz en Gaza y la defensa de los derechos humanos ante la violencia estructural y prolongada.","breadcrumb":{"@id":"https:\/\/www.entreculturas.org\/fr\/noticia\/por-la-paz-en-gaza\/#breadcrumb"},"inLanguage":"fr-FR","potentialAction":[{"@type":"ReadAction","target":["https:\/\/www.entreculturas.org\/fr\/noticia\/por-la-paz-en-gaza\/"]}]},{"@type":"ImageObject","inLanguage":"fr-FR","@id":"https:\/\/www.entreculturas.org\/fr\/noticia\/por-la-paz-en-gaza\/#primaryimage","url":"https:\/\/www.entreculturas.org\/wp-content\/uploads\/2025\/06\/12.jpg","contentUrl":"https:\/\/www.entreculturas.org\/wp-content\/uploads\/2025\/06\/12.jpg","width":1350,"height":408,"caption":"paz en gaza"},{"@type":"BreadcrumbList","@id":"https:\/\/www.entreculturas.org\/fr\/noticia\/por-la-paz-en-gaza\/#breadcrumb","itemListElement":[{"@type":"ListItem","position":1,"name":"Home","item":"https:\/\/www.entreculturas.org\/fr\/"},{"@type":"ListItem","position":2,"name":"Noticias","item":"https:\/\/www.entreculturas.org\/fr\/noticias\/"},{"@type":"ListItem","position":3,"name":"POR LA PAZ EN GAZA"}]},{"@type":"WebSite","@id":"https:\/\/www.entreculturas.org\/fr\/#website","url":"https:\/\/www.entreculturas.org\/fr\/","name":"Entreculturas","description":"","publisher":{"@id":"https:\/\/www.entreculturas.org\/fr\/#organization"},"alternateName":"Entreculturas","potentialAction":[{"@type":"SearchAction","target":{"@type":"EntryPoint","urlTemplate":"https:\/\/www.entreculturas.org\/fr\/?s={search_term_string}"},"query-input":{"@type":"PropertyValueSpecification","valueRequired":true,"valueName":"search_term_string"}}],"inLanguage":"fr-FR"},{"@type":"Organization","@id":"https:\/\/www.entreculturas.org\/fr\/#organization","name":"Entreculturas","url":"https:\/\/www.entreculturas.org\/fr\/","logo":{"@type":"ImageObject","inLanguage":"fr-FR","@id":"https:\/\/www.entreculturas.org\/fr\/#\/schema\/logo\/image\/","url":"https:\/\/www.entreculturas.org\/wp-content\/uploads\/2025\/10\/ESP.svg","contentUrl":"https:\/\/www.entreculturas.org\/wp-content\/uploads\/2025\/10\/ESP.svg","caption":"Entreculturas"},"image":{"@id":"https:\/\/www.entreculturas.org\/fr\/#\/schema\/logo\/image\/"},"sameAs":["https:\/\/www.facebook.com\/entreculturas","https:\/\/x.com\/Entreculturas","https:\/\/www.instagram.com\/entreculturas\/","https:\/\/www.youtube.com\/user\/entreculturasvideo","https:\/\/www.linkedin.com\/company\/fundacion-entreculturas-ngdo\/","https:\/\/www.flickr.com\/photos\/98455522@N04\/albums\/"]}]}},"_links":{"self":[{"href":"https:\/\/www.entreculturas.org\/fr\/wp-json\/wp\/v2\/noticia\/39391","targetHints":{"allow":["GET"]}}],"collection":[{"href":"https:\/\/www.entreculturas.org\/fr\/wp-json\/wp\/v2\/noticia"}],"about":[{"href":"https:\/\/www.entreculturas.org\/fr\/wp-json\/wp\/v2\/types\/noticia"}],"wp:featuredmedia":[{"embeddable":true,"href":"https:\/\/www.entreculturas.org\/fr\/wp-json\/wp\/v2\/media\/39398"}],"wp:attachment":[{"href":"https:\/\/www.entreculturas.org\/fr\/wp-json\/wp\/v2\/media?parent=39391"}],"wp:term":[{"taxonomy":"category","embeddable":true,"href":"https:\/\/www.entreculturas.org\/fr\/wp-json\/wp\/v2\/categories?post=39391"},{"taxonomy":"post_tag","embeddable":true,"href":"https:\/\/www.entreculturas.org\/fr\/wp-json\/wp\/v2\/tags?post=39391"},{"taxonomy":"country","embeddable":true,"href":"https:\/\/www.entreculturas.org\/fr\/wp-json\/wp\/v2\/country?post=39391"},{"taxonomy":"cause","embeddable":true,"href":"https:\/\/www.entreculturas.org\/fr\/wp-json\/wp\/v2\/cause?post=39391"}],"curies":[{"name":"wp","href":"https:\/\/api.w.org\/{rel}","templated":true}]}}