{"id":39207,"date":"2025-05-29T11:21:51","date_gmt":"2025-05-29T09:21:51","guid":{"rendered":"https:\/\/www.entreculturas.org\/?post_type=noticia&#038;p=39207"},"modified":"2025-05-29T11:36:16","modified_gmt":"2025-05-29T09:36:16","slug":"frente-a-la-emergencia-una-alianza-solidaria-deloitte-se-une-al-esfuerzo-educativo-en-kakuma","status":"publish","type":"noticia","link":"https:\/\/www.entreculturas.org\/fr\/noticia\/frente-a-la-emergencia-una-alianza-solidaria-deloitte-se-une-al-esfuerzo-educativo-en-kakuma\/","title":{"rendered":"Campo de refugiados Kakuma: Deloitte se une al esfuerzo educativo frente a la emergencia"},"content":{"rendered":"\n<p>La reciente aprobaci\u00f3n de recortes por parte del Congreso de EE.UU. a la ayuda internacional \u2014m\u00e1s de 9.000 millones de d\u00f3lares\u2014 est\u00e1 teniendo <strong>consecuencias devastadoras en personas atendidas a trav\u00e9s de proyectos humanitarios clave en todo el mundo<\/strong>.&nbsp;<br><\/p>\n\n\n\n<p>Seg\u00fan estimaciones de organismos humanitarios, estos recortes podr\u00edan dejar sin acceso a atenci\u00f3n m\u00e9dica b\u00e1sica a m\u00e1s de 90 millones de personas, resultando en m\u00e1s de 3 millones de muertes prevenibles al a\u00f1o, y hacer que al menos 23 millones de ni\u00f1os y ni\u00f1as pierdan el acceso a la educaci\u00f3n. Un ejemplo de ello es el <strong>campo de refugiados de Kakuma<\/strong>, en el noroeste de <strong>Kenia<\/strong>, donde miles de ni\u00f1os y ni\u00f1as corren el riesgo de perder su acceso a la educaci\u00f3n.<br><\/p>\n\n\n\n<p>Kakuma acoge a <strong>m\u00e1s de 295.000 personas desplazadas<\/strong>, en su mayor\u00eda provenientes de conflictos en Somalia, Sud\u00e1n y Sud\u00e1n del Sur. Con un <strong>68% de su poblaci\u00f3n menor de edad<\/strong>, la educaci\u00f3n es urgente y sobre todo esencial para garantizar la protecci\u00f3n, el desarrollo y el futuro de esta infancia vulnerable.<br><\/p>\n\n\n\n<p>Uno de los pilares educativos en Kakuma son las siete escuelas de secundaria gestionadas por el <strong>Servicio Jesuita para los Refugiados (JRS)<\/strong> bajo el mandato de <strong>ACNUR<\/strong>. Estas escuelas ofrecen oportunidades reales de aprendizaje a m\u00e1s de <strong>15.000 estudiantes refugiados<\/strong>, pero la reducci\u00f3n dr\u00e1stica del presupuesto internacional amenaza con <strong>el cierre de aulas, la p\u00e9rdida de profesorado y el abandono escolar<\/strong>, especialmente de las ni\u00f1as.<br><\/p>\n\n\n\n<p>Ante esta situaci\u00f3n, desde <strong>Entreculturas celebramos y agradecemos el compromiso de Deloitte<\/strong>, que se ha sumado a este desaf\u00edo global a trav\u00e9s de una nueva alianza en favor de la infancia refugiada afectada por los recortes de las ayudas.<br><\/p>\n\n\n\n<p>El programa conjunto con JRS, respaldado por Deloitte, entre otras entidades, tiene como objetivo:<br><\/p>\n\n\n\n<ul class=\"wp-block-list\">\n<li>Garantizar condiciones dignas para que estudiantes (especialmente ni\u00f1as) puedan continuar sus estudios.<\/li>\n\n\n\n<li>Ofrecer <strong>becas<\/strong> a ni\u00f1as en riesgo de abandono escolar.<\/li>\n\n\n\n<li>Fortalecer las competencias de <strong>docentes<\/strong> mediante formaci\u00f3n pedag\u00f3gica y apoyo emocional.<\/li>\n\n\n\n<li>Crear <strong>entornos escolares seguros<\/strong>, con prevenci\u00f3n y atenci\u00f3n frente a la violencia.<\/li>\n\n\n\n<li>Distribuir materiales escolares y ofrecer mentor\u00eda acad\u00e9mica y emocional.<\/li>\n<\/ul>\n\n\n\n<p><\/p>\n\n\n\n<h3 class=\"wp-block-heading has-din-font-family has-x-large-font-size\" id=\"h-aliarse-para-sostener-derechos\"><strong>Aliarse para sostener derechos<\/strong><\/h3>\n\n\n\n<p><br>Desde Entreculturas, <strong>creemos firmemente que las alianzas con el sector privado son clave para sostener y ampliar el impacto de nuestros programas<\/strong>, especialmente en contextos tan vulnerables como Kakuma.<br><\/p>\n\n\n\n<p>Por eso defendemos que el contexto de recortes a la financiaci\u00f3n humanitaria no debe paralizar la solidaridad, sino impulsarnos a buscar soluciones conjuntas. La colaboraci\u00f3n con empresas como Deloitte nos permite mantener viva la esperanza y el derecho a la educaci\u00f3n para miles de ni\u00f1os y ni\u00f1as refugiadas.<br><\/p>\n\n\n\n<h2 class=\"wp-block-heading has-din-font-family has-x-large-font-size\" id=\"h-invitamos-a-mas-empresas-a-sumarse\"><strong>Invitamos a m\u00e1s empresas a sumarse<\/strong><\/h2>\n\n\n\n<p><br>En un contexto marcado por la incertidumbre y la reducci\u00f3n de fondos globales, <strong>el papel del sector privado es m\u00e1s relevante que nunca<\/strong>. Por eso, <strong>apelamos a la corresponsabilidad para seguir tejiendo impacto m\u00e1s all\u00e1 de los recortes y continuar colaborando en esta causa humanitaria global.<\/strong><br><\/p>\n\n\n\n<p><strong>\u00bfQuieres saber c\u00f3mo colaborar?<\/strong><br><strong><br><\/strong>Cont\u00e1ctanos y descubre c\u00f3mo tu empresa puede marcar la diferencia. Puedes visitar nuestra campa\u00f1a conjunta \u201cSolidaridad en Riesgo\u201d en: <a href=\"https:\/\/emergencias-sj.org\/solidaridad-en-riesgo\/\">https:\/\/emergencias-sj.org\/solidaridad-en-riesgo\/<\/a><\/p>\n","protected":false},"excerpt":{"rendered":"<p>La reciente aprobaci\u00f3n de recortes por parte del Congreso de EE.UU. a la ayuda internacional \u2014m\u00e1s de 9.000 millones de d\u00f3lares\u2014 est\u00e1 teniendo consecuencias devastadoras en personas atendidas a trav\u00e9s de proyectos humanitarios clave en todo el mundo.&nbsp; Seg\u00fan estimaciones de organismos humanitarios, estos recortes podr\u00edan dejar sin acceso a atenci\u00f3n m\u00e9dica b\u00e1sica a m\u00e1s de 90 millones de personas, resultando en m\u00e1s de 3 millones de muertes prevenibles al a\u00f1o, y hacer que al menos 23 millones de ni\u00f1os y ni\u00f1as pierdan el acceso a la educaci\u00f3n. Un ejemplo de ello es el campo de refugiados de Kakuma, en el noroeste de Kenia, donde miles de ni\u00f1os y ni\u00f1as corren el riesgo de perder su acceso a la educaci\u00f3n. Kakuma acoge a m\u00e1s de 295.000 personas desplazadas, en su mayor\u00eda provenientes de conflictos en Somalia, Sud\u00e1n y Sud\u00e1n del Sur. Con un 68% de su poblaci\u00f3n menor de edad, [&hellip;]<\/p>\n","protected":false},"featured_media":39221,"template":"","meta":{"_acf_changed":false},"categories":[7],"tags":[196],"country":[679],"cause":[129],"class_list":["post-39207","noticia","type-noticia","status-publish","has-post-thumbnail","hentry","category-noticia","tag-rsc","country-kenia","cause-migracion-y-refugio"],"acf":[],"yoast_head":"<!-- This site is optimized with the Yoast SEO Premium plugin v21.6 (Yoast SEO v27.5) - https:\/\/yoast.com\/product\/yoast-seo-premium-wordpress\/ -->\n<title>Campo de refugiados Kakuma<\/title>\n<meta name=\"description\" content=\"Desde Entreculturas celebramos el compromiso de Deloitte, que se ha sumado a este desaf\u00edo global a favor de la infancia refugiada.\" \/>\n<meta name=\"robots\" content=\"index, follow, max-snippet:-1, max-image-preview:large, max-video-preview:-1\" \/>\n<link rel=\"canonical\" href=\"https:\/\/www.entreculturas.org\/fr\/noticia\/frente-a-la-emergencia-una-alianza-solidaria-deloitte-se-une-al-esfuerzo-educativo-en-kakuma\/\" \/>\n<meta property=\"og:locale\" content=\"fr_FR\" \/>\n<meta property=\"og:type\" content=\"article\" \/>\n<meta property=\"og:title\" content=\"Campo de refugiados Kakuma: Deloitte se une al esfuerzo educativo frente a la emergencia\" \/>\n<meta property=\"og:description\" content=\"Desde Entreculturas celebramos el compromiso de Deloitte, que se ha sumado a este desaf\u00edo global a favor de la infancia refugiada.\" \/>\n<meta property=\"og:url\" content=\"https:\/\/www.entreculturas.org\/fr\/noticia\/frente-a-la-emergencia-una-alianza-solidaria-deloitte-se-une-al-esfuerzo-educativo-en-kakuma\/\" \/>\n<meta property=\"og:site_name\" content=\"Entreculturas\" \/>\n<meta property=\"article:publisher\" content=\"https:\/\/www.facebook.com\/entreculturas\" \/>\n<meta property=\"article:modified_time\" content=\"2025-05-29T09:36:16+00:00\" \/>\n<meta property=\"og:image\" content=\"https:\/\/www.entreculturas.org\/wp-content\/uploads\/2025\/05\/NOTICIA-2.jpg\" \/>\n\t<meta property=\"og:image:width\" content=\"1034\" \/>\n\t<meta property=\"og:image:height\" content=\"450\" \/>\n\t<meta property=\"og:image:type\" content=\"image\/jpeg\" \/>\n<meta name=\"twitter:card\" content=\"summary_large_image\" \/>\n<meta name=\"twitter:site\" content=\"@Entreculturas\" \/>\n<script type=\"application\/ld+json\" class=\"yoast-schema-graph\">{\"@context\":\"https:\\\/\\\/schema.org\",\"@graph\":[{\"@type\":\"WebPage\",\"@id\":\"https:\\\/\\\/www.entreculturas.org\\\/fr\\\/noticia\\\/frente-a-la-emergencia-una-alianza-solidaria-deloitte-se-une-al-esfuerzo-educativo-en-kakuma\\\/\",\"url\":\"https:\\\/\\\/www.entreculturas.org\\\/fr\\\/noticia\\\/frente-a-la-emergencia-una-alianza-solidaria-deloitte-se-une-al-esfuerzo-educativo-en-kakuma\\\/\",\"name\":\"Campo de refugiados Kakuma\",\"isPartOf\":{\"@id\":\"https:\\\/\\\/www.entreculturas.org\\\/fr\\\/#website\"},\"primaryImageOfPage\":{\"@id\":\"https:\\\/\\\/www.entreculturas.org\\\/fr\\\/noticia\\\/frente-a-la-emergencia-una-alianza-solidaria-deloitte-se-une-al-esfuerzo-educativo-en-kakuma\\\/#primaryimage\"},\"image\":{\"@id\":\"https:\\\/\\\/www.entreculturas.org\\\/fr\\\/noticia\\\/frente-a-la-emergencia-una-alianza-solidaria-deloitte-se-une-al-esfuerzo-educativo-en-kakuma\\\/#primaryimage\"},\"thumbnailUrl\":\"https:\\\/\\\/www.entreculturas.org\\\/wp-content\\\/uploads\\\/2025\\\/05\\\/NOTICIA-2.jpg\",\"datePublished\":\"2025-05-29T09:21:51+00:00\",\"dateModified\":\"2025-05-29T09:36:16+00:00\",\"description\":\"Desde Entreculturas celebramos el compromiso de Deloitte, que se ha sumado a este desaf\u00edo global a favor de la infancia refugiada.\",\"breadcrumb\":{\"@id\":\"https:\\\/\\\/www.entreculturas.org\\\/fr\\\/noticia\\\/frente-a-la-emergencia-una-alianza-solidaria-deloitte-se-une-al-esfuerzo-educativo-en-kakuma\\\/#breadcrumb\"},\"inLanguage\":\"fr-FR\",\"potentialAction\":[{\"@type\":\"ReadAction\",\"target\":[\"https:\\\/\\\/www.entreculturas.org\\\/fr\\\/noticia\\\/frente-a-la-emergencia-una-alianza-solidaria-deloitte-se-une-al-esfuerzo-educativo-en-kakuma\\\/\"]}]},{\"@type\":\"ImageObject\",\"inLanguage\":\"fr-FR\",\"@id\":\"https:\\\/\\\/www.entreculturas.org\\\/fr\\\/noticia\\\/frente-a-la-emergencia-una-alianza-solidaria-deloitte-se-une-al-esfuerzo-educativo-en-kakuma\\\/#primaryimage\",\"url\":\"https:\\\/\\\/www.entreculturas.org\\\/wp-content\\\/uploads\\\/2025\\\/05\\\/NOTICIA-2.jpg\",\"contentUrl\":\"https:\\\/\\\/www.entreculturas.org\\\/wp-content\\\/uploads\\\/2025\\\/05\\\/NOTICIA-2.jpg\",\"width\":1034,\"height\":450,\"caption\":\"Campo de refugiados Kakuma\"},{\"@type\":\"BreadcrumbList\",\"@id\":\"https:\\\/\\\/www.entreculturas.org\\\/fr\\\/noticia\\\/frente-a-la-emergencia-una-alianza-solidaria-deloitte-se-une-al-esfuerzo-educativo-en-kakuma\\\/#breadcrumb\",\"itemListElement\":[{\"@type\":\"ListItem\",\"position\":1,\"name\":\"Home\",\"item\":\"https:\\\/\\\/www.entreculturas.org\\\/fr\\\/\"},{\"@type\":\"ListItem\",\"position\":2,\"name\":\"Noticias\",\"item\":\"https:\\\/\\\/www.entreculturas.org\\\/fr\\\/noticias\\\/\"},{\"@type\":\"ListItem\",\"position\":3,\"name\":\"Campo de refugiados Kakuma: Deloitte se une al esfuerzo educativo frente a la emergencia\"}]},{\"@type\":\"WebSite\",\"@id\":\"https:\\\/\\\/www.entreculturas.org\\\/fr\\\/#website\",\"url\":\"https:\\\/\\\/www.entreculturas.org\\\/fr\\\/\",\"name\":\"Entreculturas\",\"description\":\"\",\"publisher\":{\"@id\":\"https:\\\/\\\/www.entreculturas.org\\\/fr\\\/#organization\"},\"alternateName\":\"Entreculturas\",\"potentialAction\":[{\"@type\":\"SearchAction\",\"target\":{\"@type\":\"EntryPoint\",\"urlTemplate\":\"https:\\\/\\\/www.entreculturas.org\\\/fr\\\/?s={search_term_string}\"},\"query-input\":{\"@type\":\"PropertyValueSpecification\",\"valueRequired\":true,\"valueName\":\"search_term_string\"}}],\"inLanguage\":\"fr-FR\"},{\"@type\":\"Organization\",\"@id\":\"https:\\\/\\\/www.entreculturas.org\\\/fr\\\/#organization\",\"name\":\"Entreculturas\",\"url\":\"https:\\\/\\\/www.entreculturas.org\\\/fr\\\/\",\"logo\":{\"@type\":\"ImageObject\",\"inLanguage\":\"fr-FR\",\"@id\":\"https:\\\/\\\/www.entreculturas.org\\\/fr\\\/#\\\/schema\\\/logo\\\/image\\\/\",\"url\":\"https:\\\/\\\/www.entreculturas.org\\\/wp-content\\\/uploads\\\/2025\\\/10\\\/ESP.svg\",\"contentUrl\":\"https:\\\/\\\/www.entreculturas.org\\\/wp-content\\\/uploads\\\/2025\\\/10\\\/ESP.svg\",\"caption\":\"Entreculturas\"},\"image\":{\"@id\":\"https:\\\/\\\/www.entreculturas.org\\\/fr\\\/#\\\/schema\\\/logo\\\/image\\\/\"},\"sameAs\":[\"https:\\\/\\\/www.facebook.com\\\/entreculturas\",\"https:\\\/\\\/x.com\\\/Entreculturas\",\"https:\\\/\\\/www.instagram.com\\\/entreculturas\\\/\",\"https:\\\/\\\/www.youtube.com\\\/user\\\/entreculturasvideo\",\"https:\\\/\\\/www.linkedin.com\\\/company\\\/fundacion-entreculturas-ngdo\\\/\",\"https:\\\/\\\/www.flickr.com\\\/photos\\\/98455522@N04\\\/albums\\\/\"]}]}<\/script>\n<!-- \/ Yoast SEO Premium plugin. -->","yoast_head_json":{"title":"Campo de refugiados Kakuma","description":"Desde Entreculturas celebramos el compromiso de Deloitte, que se ha sumado a este desaf\u00edo global a favor de la infancia refugiada.","robots":{"index":"index","follow":"follow","max-snippet":"max-snippet:-1","max-image-preview":"max-image-preview:large","max-video-preview":"max-video-preview:-1"},"canonical":"https:\/\/www.entreculturas.org\/fr\/noticia\/frente-a-la-emergencia-una-alianza-solidaria-deloitte-se-une-al-esfuerzo-educativo-en-kakuma\/","og_locale":"fr_FR","og_type":"article","og_title":"Campo de refugiados Kakuma: Deloitte se une al esfuerzo educativo frente a la emergencia","og_description":"Desde Entreculturas celebramos el compromiso de Deloitte, que se ha sumado a este desaf\u00edo global a favor de la infancia refugiada.","og_url":"https:\/\/www.entreculturas.org\/fr\/noticia\/frente-a-la-emergencia-una-alianza-solidaria-deloitte-se-une-al-esfuerzo-educativo-en-kakuma\/","og_site_name":"Entreculturas","article_publisher":"https:\/\/www.facebook.com\/entreculturas","article_modified_time":"2025-05-29T09:36:16+00:00","og_image":[{"width":1034,"height":450,"url":"https:\/\/www.entreculturas.org\/wp-content\/uploads\/2025\/05\/NOTICIA-2.jpg","type":"image\/jpeg"}],"twitter_card":"summary_large_image","twitter_site":"@Entreculturas","schema":{"@context":"https:\/\/schema.org","@graph":[{"@type":"WebPage","@id":"https:\/\/www.entreculturas.org\/fr\/noticia\/frente-a-la-emergencia-una-alianza-solidaria-deloitte-se-une-al-esfuerzo-educativo-en-kakuma\/","url":"https:\/\/www.entreculturas.org\/fr\/noticia\/frente-a-la-emergencia-una-alianza-solidaria-deloitte-se-une-al-esfuerzo-educativo-en-kakuma\/","name":"Campo de refugiados Kakuma","isPartOf":{"@id":"https:\/\/www.entreculturas.org\/fr\/#website"},"primaryImageOfPage":{"@id":"https:\/\/www.entreculturas.org\/fr\/noticia\/frente-a-la-emergencia-una-alianza-solidaria-deloitte-se-une-al-esfuerzo-educativo-en-kakuma\/#primaryimage"},"image":{"@id":"https:\/\/www.entreculturas.org\/fr\/noticia\/frente-a-la-emergencia-una-alianza-solidaria-deloitte-se-une-al-esfuerzo-educativo-en-kakuma\/#primaryimage"},"thumbnailUrl":"https:\/\/www.entreculturas.org\/wp-content\/uploads\/2025\/05\/NOTICIA-2.jpg","datePublished":"2025-05-29T09:21:51+00:00","dateModified":"2025-05-29T09:36:16+00:00","description":"Desde Entreculturas celebramos el compromiso de Deloitte, que se ha sumado a este desaf\u00edo global a favor de la infancia refugiada.","breadcrumb":{"@id":"https:\/\/www.entreculturas.org\/fr\/noticia\/frente-a-la-emergencia-una-alianza-solidaria-deloitte-se-une-al-esfuerzo-educativo-en-kakuma\/#breadcrumb"},"inLanguage":"fr-FR","potentialAction":[{"@type":"ReadAction","target":["https:\/\/www.entreculturas.org\/fr\/noticia\/frente-a-la-emergencia-una-alianza-solidaria-deloitte-se-une-al-esfuerzo-educativo-en-kakuma\/"]}]},{"@type":"ImageObject","inLanguage":"fr-FR","@id":"https:\/\/www.entreculturas.org\/fr\/noticia\/frente-a-la-emergencia-una-alianza-solidaria-deloitte-se-une-al-esfuerzo-educativo-en-kakuma\/#primaryimage","url":"https:\/\/www.entreculturas.org\/wp-content\/uploads\/2025\/05\/NOTICIA-2.jpg","contentUrl":"https:\/\/www.entreculturas.org\/wp-content\/uploads\/2025\/05\/NOTICIA-2.jpg","width":1034,"height":450,"caption":"Campo de refugiados Kakuma"},{"@type":"BreadcrumbList","@id":"https:\/\/www.entreculturas.org\/fr\/noticia\/frente-a-la-emergencia-una-alianza-solidaria-deloitte-se-une-al-esfuerzo-educativo-en-kakuma\/#breadcrumb","itemListElement":[{"@type":"ListItem","position":1,"name":"Home","item":"https:\/\/www.entreculturas.org\/fr\/"},{"@type":"ListItem","position":2,"name":"Noticias","item":"https:\/\/www.entreculturas.org\/fr\/noticias\/"},{"@type":"ListItem","position":3,"name":"Campo de refugiados Kakuma: Deloitte se une al esfuerzo educativo frente a la emergencia"}]},{"@type":"WebSite","@id":"https:\/\/www.entreculturas.org\/fr\/#website","url":"https:\/\/www.entreculturas.org\/fr\/","name":"Entreculturas","description":"","publisher":{"@id":"https:\/\/www.entreculturas.org\/fr\/#organization"},"alternateName":"Entreculturas","potentialAction":[{"@type":"SearchAction","target":{"@type":"EntryPoint","urlTemplate":"https:\/\/www.entreculturas.org\/fr\/?s={search_term_string}"},"query-input":{"@type":"PropertyValueSpecification","valueRequired":true,"valueName":"search_term_string"}}],"inLanguage":"fr-FR"},{"@type":"Organization","@id":"https:\/\/www.entreculturas.org\/fr\/#organization","name":"Entreculturas","url":"https:\/\/www.entreculturas.org\/fr\/","logo":{"@type":"ImageObject","inLanguage":"fr-FR","@id":"https:\/\/www.entreculturas.org\/fr\/#\/schema\/logo\/image\/","url":"https:\/\/www.entreculturas.org\/wp-content\/uploads\/2025\/10\/ESP.svg","contentUrl":"https:\/\/www.entreculturas.org\/wp-content\/uploads\/2025\/10\/ESP.svg","caption":"Entreculturas"},"image":{"@id":"https:\/\/www.entreculturas.org\/fr\/#\/schema\/logo\/image\/"},"sameAs":["https:\/\/www.facebook.com\/entreculturas","https:\/\/x.com\/Entreculturas","https:\/\/www.instagram.com\/entreculturas\/","https:\/\/www.youtube.com\/user\/entreculturasvideo","https:\/\/www.linkedin.com\/company\/fundacion-entreculturas-ngdo\/","https:\/\/www.flickr.com\/photos\/98455522@N04\/albums\/"]}]}},"_links":{"self":[{"href":"https:\/\/www.entreculturas.org\/fr\/wp-json\/wp\/v2\/noticia\/39207","targetHints":{"allow":["GET"]}}],"collection":[{"href":"https:\/\/www.entreculturas.org\/fr\/wp-json\/wp\/v2\/noticia"}],"about":[{"href":"https:\/\/www.entreculturas.org\/fr\/wp-json\/wp\/v2\/types\/noticia"}],"wp:featuredmedia":[{"embeddable":true,"href":"https:\/\/www.entreculturas.org\/fr\/wp-json\/wp\/v2\/media\/39221"}],"wp:attachment":[{"href":"https:\/\/www.entreculturas.org\/fr\/wp-json\/wp\/v2\/media?parent=39207"}],"wp:term":[{"taxonomy":"category","embeddable":true,"href":"https:\/\/www.entreculturas.org\/fr\/wp-json\/wp\/v2\/categories?post=39207"},{"taxonomy":"post_tag","embeddable":true,"href":"https:\/\/www.entreculturas.org\/fr\/wp-json\/wp\/v2\/tags?post=39207"},{"taxonomy":"country","embeddable":true,"href":"https:\/\/www.entreculturas.org\/fr\/wp-json\/wp\/v2\/country?post=39207"},{"taxonomy":"cause","embeddable":true,"href":"https:\/\/www.entreculturas.org\/fr\/wp-json\/wp\/v2\/cause?post=39207"}],"curies":[{"name":"wp","href":"https:\/\/api.w.org\/{rel}","templated":true}]}}