{"id":39157,"date":"2025-05-27T13:03:55","date_gmt":"2025-05-27T11:03:55","guid":{"rendered":"https:\/\/www.entreculturas.org\/?post_type=noticia&#038;p=39157"},"modified":"2025-05-27T13:03:58","modified_gmt":"2025-05-27T11:03:58","slug":"cultivar-en-tierras-seca-cuando-las-mujeres-en-sudan-del-sur-lideran-el-acceso-a-alimentos","status":"publish","type":"noticia","link":"https:\/\/www.entreculturas.org\/fr\/noticia\/cultivar-en-tierras-seca-cuando-las-mujeres-en-sudan-del-sur-lideran-el-acceso-a-alimentos\/","title":{"rendered":"Cultivar en tierras seca: cuando las mujeres en Sud\u00e1n del Sur lideran el acceso a alimentos"},"content":{"rendered":"\n<p>Marta Nyacham Makur tiene 35 a\u00f1os, vive en Rumbek \u2014ciudad sur sudanesa de Bahr el Ghazal, en el centro del pa\u00eds\u2014 y es madre de seis hijos. Desde hace un tiempo, su vida gira en torno a la tierra: cultiva verduras en su peque\u00f1o huerto y se esfuerza d\u00eda a d\u00eda por salir adelante en un contexto de dificultad. Marta es una de tantas mujeres que sostienen sus comunidades con trabajo silencioso y constante.<br><\/p>\n\n\n\n<p>Rumbek es una zona donde las temporadas secas pueden alargarse durante meses, afectando la producci\u00f3n local de alimentos. A\u00fan as\u00ed, Marta ha logrado mantener un huerto activo, donde cultiva sukumawiki (un tipo de berza) y hojas de calabaza. Esos productos los vende en el mercado, y con los ingresos que obtiene puede comprar comida, pagar matr\u00edculas escolares y cubrir las necesidades b\u00e1sicas del hogar.<br><\/p>\n\n\n\n<h2 class=\"wp-block-heading has-x-large-font-size\" id=\"h-un-trabajo-diario-que-sostiene-mucho-mas-que-una-familia\"><strong>Un trabajo diario que sostiene mucho m\u00e1s que una familia<\/strong><\/h2>\n\n\n\n<p><br>Su rutina comienza temprano, antes de que el calor apriete. Marta camina al pozo, llena su regadera y riega con cuidado su parcela. A veces, el esfuerzo f\u00edsico es grande, pero el valor del trabajo lo compensa: no solo por lo que produce, sino por lo que representa.<br><\/p>\n\n\n\n<p>Cultivar le ha permitido ganar autonom\u00eda, organizarse mejor y tomar decisiones sobre el rumbo de su familia. Lo que obtiene de la venta de sus productos no es mucho, pero s\u00ed suficiente para garantizar cierta estabilidad en su hogar. En un entorno donde el acceso a alimentos y recursos es limitado, su huerto se ha convertido en un espacio de resistencia, organizaci\u00f3n y futuro.<br><\/p>\n\n\n\n<h2 class=\"wp-block-heading has-x-large-font-size\" id=\"h-mujeres-que-sostienen-comunidades\"><strong>Mujeres que sostienen comunidades<\/strong><\/h2>\n\n\n\n<p><br>Como Marta, muchas mujeres de Rumbek se han volcado a la agricultura como forma de sostener a sus familias. Su trabajo garantiza el acceso a alimentos frescos, impulsa la econom\u00eda local y permite que las ni\u00f1as y los ni\u00f1os puedan estudiar. A pesar de los desaf\u00edos, su compromiso y capacidad organizativa marcan la diferencia en comunidades rurales que a menudo quedan fuera de las prioridades de desarrollo.<br><\/p>\n\n\n\n<p>El rol de estas mujeres no siempre es visible, pero resulta esencial, y muchas de ellas asumen la responsabilidad de sacar adelante a sus familias sin apenas apoyo. Marta representa esa fuerza colectiva y transformadora.<br><\/p>\n\n\n\n<h2 class=\"wp-block-heading has-x-large-font-size\" id=\"h-acompanar-procesos-de-autonomia\"><strong>Acompa\u00f1ar procesos de autonom\u00eda<\/strong><\/h2>\n\n\n\n<p><br>Marta forma parte de un proyecto impulsado por la Compa\u00f1\u00eda de Jes\u00fas que acompa\u00f1a a mujeres agricultoras en la regi\u00f3n de Rumbek. Esta iniciativa apuesta por la formaci\u00f3n, el acceso a medios de producci\u00f3n y el fortalecimiento de las capacidades locales como v\u00eda para mejorar las condiciones de vida y reforzar la seguridad alimentaria.<br><\/p>\n\n\n\n<p>Desde Entreculturas apoyamos este proyecto con el objetivo de contribuir al derecho a la alimentaci\u00f3n y a que m\u00e1s mujeres como Marta tengan los medios para sostener su hogar, decidir y avanzar.<\/p>\n\n\n\n<p><\/p>\n","protected":false},"excerpt":{"rendered":"<p>Marta Nyacham Makur tiene 35 a\u00f1os, vive en Rumbek \u2014ciudad sur sudanesa de Bahr el Ghazal, en el centro del pa\u00eds\u2014 y es madre de seis hijos. Desde hace un tiempo, su vida gira en torno a la tierra: cultiva verduras en su peque\u00f1o huerto y se esfuerza d\u00eda a d\u00eda por salir adelante en un contexto de dificultad. Marta es una de tantas mujeres que sostienen sus comunidades con trabajo silencioso y constante. Rumbek es una zona donde las temporadas secas pueden alargarse durante meses, afectando la producci\u00f3n local de alimentos. A\u00fan as\u00ed, Marta ha logrado mantener un huerto activo, donde cultiva sukumawiki (un tipo de berza) y hojas de calabaza. Esos productos los vende en el mercado, y con los ingresos que obtiene puede comprar comida, pagar matr\u00edculas escolares y cubrir las necesidades b\u00e1sicas del hogar. Un trabajo diario que sostiene mucho m\u00e1s que una familia Su rutina [&hellip;]<\/p>\n","protected":false},"featured_media":39159,"template":"","meta":{"_acf_changed":false},"categories":[7],"tags":[293],"country":[],"cause":[130],"class_list":["post-39157","noticia","type-noticia","status-publish","has-post-thumbnail","hentry","category-noticia","tag-genero","cause-genero"],"acf":[],"yoast_head":"<!-- This site is optimized with the Yoast SEO Premium plugin v21.6 (Yoast SEO v27.5) - https:\/\/yoast.com\/product\/yoast-seo-premium-wordpress\/ -->\n<title>Cultivar en tierras seca: cuando las mujeres en Sud\u00e1n del Sur lideran el acceso a alimentos - Entreculturas<\/title>\n<meta name=\"description\" content=\"Las mujeres agricultoras en Sud\u00e1n del Sur ideran el acceso a alimentos y sostienen a sus comunidades frente a la sequ\u00eda y la escasez.\" \/>\n<meta name=\"robots\" content=\"index, follow, max-snippet:-1, max-image-preview:large, max-video-preview:-1\" \/>\n<link rel=\"canonical\" href=\"https:\/\/www.entreculturas.org\/fr\/noticia\/cultivar-en-tierras-seca-cuando-las-mujeres-en-sudan-del-sur-lideran-el-acceso-a-alimentos\/\" \/>\n<meta property=\"og:locale\" content=\"fr_FR\" \/>\n<meta property=\"og:type\" content=\"article\" \/>\n<meta property=\"og:title\" content=\"Cultivar en tierras seca: cuando las mujeres en Sud\u00e1n del Sur lideran el acceso a alimentos\" \/>\n<meta property=\"og:description\" content=\"Las mujeres agricultoras en Sud\u00e1n del Sur ideran el acceso a alimentos y sostienen a sus comunidades frente a la sequ\u00eda y la escasez.\" \/>\n<meta property=\"og:url\" content=\"https:\/\/www.entreculturas.org\/fr\/noticia\/cultivar-en-tierras-seca-cuando-las-mujeres-en-sudan-del-sur-lideran-el-acceso-a-alimentos\/\" \/>\n<meta property=\"og:site_name\" content=\"Entreculturas\" \/>\n<meta property=\"article:publisher\" content=\"https:\/\/www.facebook.com\/entreculturas\" \/>\n<meta property=\"article:modified_time\" content=\"2025-05-27T11:03:58+00:00\" \/>\n<meta property=\"og:image\" content=\"https:\/\/www.entreculturas.org\/wp-content\/uploads\/2025\/05\/1-3.jpg\" \/>\n\t<meta property=\"og:image:width\" content=\"1034\" \/>\n\t<meta property=\"og:image:height\" content=\"450\" \/>\n\t<meta property=\"og:image:type\" content=\"image\/jpeg\" \/>\n<meta name=\"twitter:card\" content=\"summary_large_image\" \/>\n<meta name=\"twitter:site\" content=\"@Entreculturas\" \/>\n<script type=\"application\/ld+json\" class=\"yoast-schema-graph\">{\"@context\":\"https:\\\/\\\/schema.org\",\"@graph\":[{\"@type\":\"WebPage\",\"@id\":\"https:\\\/\\\/www.entreculturas.org\\\/fr\\\/noticia\\\/cultivar-en-tierras-seca-cuando-las-mujeres-en-sudan-del-sur-lideran-el-acceso-a-alimentos\\\/\",\"url\":\"https:\\\/\\\/www.entreculturas.org\\\/fr\\\/noticia\\\/cultivar-en-tierras-seca-cuando-las-mujeres-en-sudan-del-sur-lideran-el-acceso-a-alimentos\\\/\",\"name\":\"Cultivar en tierras seca: cuando las mujeres en Sud\u00e1n del Sur lideran el acceso a alimentos - Entreculturas\",\"isPartOf\":{\"@id\":\"https:\\\/\\\/www.entreculturas.org\\\/fr\\\/#website\"},\"primaryImageOfPage\":{\"@id\":\"https:\\\/\\\/www.entreculturas.org\\\/fr\\\/noticia\\\/cultivar-en-tierras-seca-cuando-las-mujeres-en-sudan-del-sur-lideran-el-acceso-a-alimentos\\\/#primaryimage\"},\"image\":{\"@id\":\"https:\\\/\\\/www.entreculturas.org\\\/fr\\\/noticia\\\/cultivar-en-tierras-seca-cuando-las-mujeres-en-sudan-del-sur-lideran-el-acceso-a-alimentos\\\/#primaryimage\"},\"thumbnailUrl\":\"https:\\\/\\\/www.entreculturas.org\\\/wp-content\\\/uploads\\\/2025\\\/05\\\/1-3.jpg\",\"datePublished\":\"2025-05-27T11:03:55+00:00\",\"dateModified\":\"2025-05-27T11:03:58+00:00\",\"description\":\"Las mujeres agricultoras en Sud\u00e1n del Sur ideran el acceso a alimentos y sostienen a sus comunidades frente a la sequ\u00eda y la escasez.\",\"breadcrumb\":{\"@id\":\"https:\\\/\\\/www.entreculturas.org\\\/fr\\\/noticia\\\/cultivar-en-tierras-seca-cuando-las-mujeres-en-sudan-del-sur-lideran-el-acceso-a-alimentos\\\/#breadcrumb\"},\"inLanguage\":\"fr-FR\",\"potentialAction\":[{\"@type\":\"ReadAction\",\"target\":[\"https:\\\/\\\/www.entreculturas.org\\\/fr\\\/noticia\\\/cultivar-en-tierras-seca-cuando-las-mujeres-en-sudan-del-sur-lideran-el-acceso-a-alimentos\\\/\"]}]},{\"@type\":\"ImageObject\",\"inLanguage\":\"fr-FR\",\"@id\":\"https:\\\/\\\/www.entreculturas.org\\\/fr\\\/noticia\\\/cultivar-en-tierras-seca-cuando-las-mujeres-en-sudan-del-sur-lideran-el-acceso-a-alimentos\\\/#primaryimage\",\"url\":\"https:\\\/\\\/www.entreculturas.org\\\/wp-content\\\/uploads\\\/2025\\\/05\\\/1-3.jpg\",\"contentUrl\":\"https:\\\/\\\/www.entreculturas.org\\\/wp-content\\\/uploads\\\/2025\\\/05\\\/1-3.jpg\",\"width\":1034,\"height\":450,\"caption\":\"mujeres agricultoras en Sud\u00e1n del Sur\"},{\"@type\":\"BreadcrumbList\",\"@id\":\"https:\\\/\\\/www.entreculturas.org\\\/fr\\\/noticia\\\/cultivar-en-tierras-seca-cuando-las-mujeres-en-sudan-del-sur-lideran-el-acceso-a-alimentos\\\/#breadcrumb\",\"itemListElement\":[{\"@type\":\"ListItem\",\"position\":1,\"name\":\"Home\",\"item\":\"https:\\\/\\\/www.entreculturas.org\\\/fr\\\/\"},{\"@type\":\"ListItem\",\"position\":2,\"name\":\"Noticias\",\"item\":\"https:\\\/\\\/www.entreculturas.org\\\/fr\\\/noticias\\\/\"},{\"@type\":\"ListItem\",\"position\":3,\"name\":\"Cultivar en tierras seca: cuando las mujeres en Sud\u00e1n del Sur lideran el acceso a alimentos\"}]},{\"@type\":\"WebSite\",\"@id\":\"https:\\\/\\\/www.entreculturas.org\\\/fr\\\/#website\",\"url\":\"https:\\\/\\\/www.entreculturas.org\\\/fr\\\/\",\"name\":\"Entreculturas\",\"description\":\"\",\"publisher\":{\"@id\":\"https:\\\/\\\/www.entreculturas.org\\\/fr\\\/#organization\"},\"alternateName\":\"Entreculturas\",\"potentialAction\":[{\"@type\":\"SearchAction\",\"target\":{\"@type\":\"EntryPoint\",\"urlTemplate\":\"https:\\\/\\\/www.entreculturas.org\\\/fr\\\/?s={search_term_string}\"},\"query-input\":{\"@type\":\"PropertyValueSpecification\",\"valueRequired\":true,\"valueName\":\"search_term_string\"}}],\"inLanguage\":\"fr-FR\"},{\"@type\":\"Organization\",\"@id\":\"https:\\\/\\\/www.entreculturas.org\\\/fr\\\/#organization\",\"name\":\"Entreculturas\",\"url\":\"https:\\\/\\\/www.entreculturas.org\\\/fr\\\/\",\"logo\":{\"@type\":\"ImageObject\",\"inLanguage\":\"fr-FR\",\"@id\":\"https:\\\/\\\/www.entreculturas.org\\\/fr\\\/#\\\/schema\\\/logo\\\/image\\\/\",\"url\":\"https:\\\/\\\/www.entreculturas.org\\\/wp-content\\\/uploads\\\/2025\\\/10\\\/ESP.svg\",\"contentUrl\":\"https:\\\/\\\/www.entreculturas.org\\\/wp-content\\\/uploads\\\/2025\\\/10\\\/ESP.svg\",\"caption\":\"Entreculturas\"},\"image\":{\"@id\":\"https:\\\/\\\/www.entreculturas.org\\\/fr\\\/#\\\/schema\\\/logo\\\/image\\\/\"},\"sameAs\":[\"https:\\\/\\\/www.facebook.com\\\/entreculturas\",\"https:\\\/\\\/x.com\\\/Entreculturas\",\"https:\\\/\\\/www.instagram.com\\\/entreculturas\\\/\",\"https:\\\/\\\/www.youtube.com\\\/user\\\/entreculturasvideo\",\"https:\\\/\\\/www.linkedin.com\\\/company\\\/fundacion-entreculturas-ngdo\\\/\",\"https:\\\/\\\/www.flickr.com\\\/photos\\\/98455522@N04\\\/albums\\\/\"]}]}<\/script>\n<!-- \/ Yoast SEO Premium plugin. -->","yoast_head_json":{"title":"Cultivar en tierras seca: cuando las mujeres en Sud\u00e1n del Sur lideran el acceso a alimentos - Entreculturas","description":"Las mujeres agricultoras en Sud\u00e1n del Sur ideran el acceso a alimentos y sostienen a sus comunidades frente a la sequ\u00eda y la escasez.","robots":{"index":"index","follow":"follow","max-snippet":"max-snippet:-1","max-image-preview":"max-image-preview:large","max-video-preview":"max-video-preview:-1"},"canonical":"https:\/\/www.entreculturas.org\/fr\/noticia\/cultivar-en-tierras-seca-cuando-las-mujeres-en-sudan-del-sur-lideran-el-acceso-a-alimentos\/","og_locale":"fr_FR","og_type":"article","og_title":"Cultivar en tierras seca: cuando las mujeres en Sud\u00e1n del Sur lideran el acceso a alimentos","og_description":"Las mujeres agricultoras en Sud\u00e1n del Sur ideran el acceso a alimentos y sostienen a sus comunidades frente a la sequ\u00eda y la escasez.","og_url":"https:\/\/www.entreculturas.org\/fr\/noticia\/cultivar-en-tierras-seca-cuando-las-mujeres-en-sudan-del-sur-lideran-el-acceso-a-alimentos\/","og_site_name":"Entreculturas","article_publisher":"https:\/\/www.facebook.com\/entreculturas","article_modified_time":"2025-05-27T11:03:58+00:00","og_image":[{"width":1034,"height":450,"url":"https:\/\/www.entreculturas.org\/wp-content\/uploads\/2025\/05\/1-3.jpg","type":"image\/jpeg"}],"twitter_card":"summary_large_image","twitter_site":"@Entreculturas","schema":{"@context":"https:\/\/schema.org","@graph":[{"@type":"WebPage","@id":"https:\/\/www.entreculturas.org\/fr\/noticia\/cultivar-en-tierras-seca-cuando-las-mujeres-en-sudan-del-sur-lideran-el-acceso-a-alimentos\/","url":"https:\/\/www.entreculturas.org\/fr\/noticia\/cultivar-en-tierras-seca-cuando-las-mujeres-en-sudan-del-sur-lideran-el-acceso-a-alimentos\/","name":"Cultivar en tierras seca: cuando las mujeres en Sud\u00e1n del Sur lideran el acceso a alimentos - Entreculturas","isPartOf":{"@id":"https:\/\/www.entreculturas.org\/fr\/#website"},"primaryImageOfPage":{"@id":"https:\/\/www.entreculturas.org\/fr\/noticia\/cultivar-en-tierras-seca-cuando-las-mujeres-en-sudan-del-sur-lideran-el-acceso-a-alimentos\/#primaryimage"},"image":{"@id":"https:\/\/www.entreculturas.org\/fr\/noticia\/cultivar-en-tierras-seca-cuando-las-mujeres-en-sudan-del-sur-lideran-el-acceso-a-alimentos\/#primaryimage"},"thumbnailUrl":"https:\/\/www.entreculturas.org\/wp-content\/uploads\/2025\/05\/1-3.jpg","datePublished":"2025-05-27T11:03:55+00:00","dateModified":"2025-05-27T11:03:58+00:00","description":"Las mujeres agricultoras en Sud\u00e1n del Sur ideran el acceso a alimentos y sostienen a sus comunidades frente a la sequ\u00eda y la escasez.","breadcrumb":{"@id":"https:\/\/www.entreculturas.org\/fr\/noticia\/cultivar-en-tierras-seca-cuando-las-mujeres-en-sudan-del-sur-lideran-el-acceso-a-alimentos\/#breadcrumb"},"inLanguage":"fr-FR","potentialAction":[{"@type":"ReadAction","target":["https:\/\/www.entreculturas.org\/fr\/noticia\/cultivar-en-tierras-seca-cuando-las-mujeres-en-sudan-del-sur-lideran-el-acceso-a-alimentos\/"]}]},{"@type":"ImageObject","inLanguage":"fr-FR","@id":"https:\/\/www.entreculturas.org\/fr\/noticia\/cultivar-en-tierras-seca-cuando-las-mujeres-en-sudan-del-sur-lideran-el-acceso-a-alimentos\/#primaryimage","url":"https:\/\/www.entreculturas.org\/wp-content\/uploads\/2025\/05\/1-3.jpg","contentUrl":"https:\/\/www.entreculturas.org\/wp-content\/uploads\/2025\/05\/1-3.jpg","width":1034,"height":450,"caption":"mujeres agricultoras en Sud\u00e1n del Sur"},{"@type":"BreadcrumbList","@id":"https:\/\/www.entreculturas.org\/fr\/noticia\/cultivar-en-tierras-seca-cuando-las-mujeres-en-sudan-del-sur-lideran-el-acceso-a-alimentos\/#breadcrumb","itemListElement":[{"@type":"ListItem","position":1,"name":"Home","item":"https:\/\/www.entreculturas.org\/fr\/"},{"@type":"ListItem","position":2,"name":"Noticias","item":"https:\/\/www.entreculturas.org\/fr\/noticias\/"},{"@type":"ListItem","position":3,"name":"Cultivar en tierras seca: cuando las mujeres en Sud\u00e1n del Sur lideran el acceso a alimentos"}]},{"@type":"WebSite","@id":"https:\/\/www.entreculturas.org\/fr\/#website","url":"https:\/\/www.entreculturas.org\/fr\/","name":"Entreculturas","description":"","publisher":{"@id":"https:\/\/www.entreculturas.org\/fr\/#organization"},"alternateName":"Entreculturas","potentialAction":[{"@type":"SearchAction","target":{"@type":"EntryPoint","urlTemplate":"https:\/\/www.entreculturas.org\/fr\/?s={search_term_string}"},"query-input":{"@type":"PropertyValueSpecification","valueRequired":true,"valueName":"search_term_string"}}],"inLanguage":"fr-FR"},{"@type":"Organization","@id":"https:\/\/www.entreculturas.org\/fr\/#organization","name":"Entreculturas","url":"https:\/\/www.entreculturas.org\/fr\/","logo":{"@type":"ImageObject","inLanguage":"fr-FR","@id":"https:\/\/www.entreculturas.org\/fr\/#\/schema\/logo\/image\/","url":"https:\/\/www.entreculturas.org\/wp-content\/uploads\/2025\/10\/ESP.svg","contentUrl":"https:\/\/www.entreculturas.org\/wp-content\/uploads\/2025\/10\/ESP.svg","caption":"Entreculturas"},"image":{"@id":"https:\/\/www.entreculturas.org\/fr\/#\/schema\/logo\/image\/"},"sameAs":["https:\/\/www.facebook.com\/entreculturas","https:\/\/x.com\/Entreculturas","https:\/\/www.instagram.com\/entreculturas\/","https:\/\/www.youtube.com\/user\/entreculturasvideo","https:\/\/www.linkedin.com\/company\/fundacion-entreculturas-ngdo\/","https:\/\/www.flickr.com\/photos\/98455522@N04\/albums\/"]}]}},"_links":{"self":[{"href":"https:\/\/www.entreculturas.org\/fr\/wp-json\/wp\/v2\/noticia\/39157","targetHints":{"allow":["GET"]}}],"collection":[{"href":"https:\/\/www.entreculturas.org\/fr\/wp-json\/wp\/v2\/noticia"}],"about":[{"href":"https:\/\/www.entreculturas.org\/fr\/wp-json\/wp\/v2\/types\/noticia"}],"wp:featuredmedia":[{"embeddable":true,"href":"https:\/\/www.entreculturas.org\/fr\/wp-json\/wp\/v2\/media\/39159"}],"wp:attachment":[{"href":"https:\/\/www.entreculturas.org\/fr\/wp-json\/wp\/v2\/media?parent=39157"}],"wp:term":[{"taxonomy":"category","embeddable":true,"href":"https:\/\/www.entreculturas.org\/fr\/wp-json\/wp\/v2\/categories?post=39157"},{"taxonomy":"post_tag","embeddable":true,"href":"https:\/\/www.entreculturas.org\/fr\/wp-json\/wp\/v2\/tags?post=39157"},{"taxonomy":"country","embeddable":true,"href":"https:\/\/www.entreculturas.org\/fr\/wp-json\/wp\/v2\/country?post=39157"},{"taxonomy":"cause","embeddable":true,"href":"https:\/\/www.entreculturas.org\/fr\/wp-json\/wp\/v2\/cause?post=39157"}],"curies":[{"name":"wp","href":"https:\/\/api.w.org\/{rel}","templated":true}]}}