{"id":38900,"date":"2025-04-30T11:52:06","date_gmt":"2025-04-30T09:52:06","guid":{"rendered":"https:\/\/www.entreculturas.org\/?post_type=noticia&#038;p=38900"},"modified":"2025-04-30T16:24:43","modified_gmt":"2025-04-30T14:24:43","slug":"dia-del-trabajo-seguimos-creando-oportunidades-para-un-empleo-digno-y-sostenible","status":"publish","type":"noticia","link":"https:\/\/www.entreculturas.org\/fr\/noticia\/dia-del-trabajo-seguimos-creando-oportunidades-para-un-empleo-digno-y-sostenible\/","title":{"rendered":"D\u00eda del Trabajo: seguimos creando oportunidades para un empleo digno y sostenible"},"content":{"rendered":"\n<p>En el D\u00eda del Trabajo, desde Entreculturas reafirmamos nuestro compromiso con la creaci\u00f3n de oportunidades laborales dignas, inclusivas y sostenibles, especialmente para quienes enfrentan mayores barreras para acceder al mercado laboral. Sabemos que el trabajo es un derecho, una v\u00eda hacia la dignidad y un pilar fundamental para la justicia social. Por eso, desde hace a\u00f1os trabajamos para que miles de personas puedan formarse, encontrar un empleo o emprender, transformando su futuro y el de sus comunidades.<br><\/p>\n\n\n\n<h2 class=\"wp-block-heading\" id=\"h-hacia-un-mundo-digital-inclusivo-y-sostenible\"><strong>Hacia un mundo digital, inclusivo y sostenible<\/strong><\/h2>\n\n\n\n<p><br>Desde 2022, impulsamos el programa <strong>Hacia un Mundo Digital y Sostenible<\/strong>, una iniciativa que llevamos a cabo junto a Accenture, Fe y Alegr\u00eda en Am\u00e9rica Latina y el Sector Social jesuita en Espa\u00f1a. El programa tiene como objetivo promover la inserci\u00f3n laboral en los contextos de mayor exclusi\u00f3n, brindando herramientas concretas para que j\u00f3venes y personas adultas puedan acceder a empleos dignos y sostenibles.<\/p>\n\n\n\n<p>Trabajamos con personas j\u00f3venes que no han terminado la educaci\u00f3n secundaria, personas adultas fuera del mercado laboral, y tambi\u00e9n con ni\u00f1os, ni\u00f1as y adolescentes que necesitan orientaci\u00f3n y acompa\u00f1amiento para construir un futuro con m\u00e1s oportunidades.<br><\/p>\n\n\n\n<h2 class=\"wp-block-heading\" id=\"h-tres-lineas-para-transformar-el-futuro\"><strong>Tres l\u00edneas para transformar el futuro<\/strong><\/h2>\n\n\n\n<p><br>El programa se articula en torno a tres pilares fundamentales:<br><\/p>\n\n\n\n<ul class=\"wp-block-list\">\n<li><strong>Formaci\u00f3n para la empleabilidad<\/strong>: ofrecemos formaci\u00f3n en habilidades digitales b\u00e1sicas, competencias t\u00e9cnicas para sectores con demanda laboral, y habilidades blandas necesarias para el mundo del trabajo.<br><\/li>\n\n\n\n<li><strong>Inserci\u00f3n laboral<\/strong>: acompa\u00f1amos a j\u00f3venes y personas adultas para facilitar su acceso a empleos dignos, pasant\u00edas remuneradas o el desarrollo de emprendimientos con prop\u00f3sito, con un enfoque especial en empleos verdes y sostenibilidad.<br><\/li>\n\n\n\n<li><strong>Educaci\u00f3n ambiental y justicia socioambiental<\/strong>: impulsamos procesos de sensibilizaci\u00f3n, formaci\u00f3n y ciudadan\u00eda ecol\u00f3gica a trav\u00e9s de cursos, actividades en centros educativos y formaci\u00f3n docente.<br><\/li>\n<\/ul>\n\n\n\n<h2 class=\"wp-block-heading\" id=\"h-ampliando-horizontes-sumando-impacto\"><strong>Ampliando horizontes, sumando impacto<\/strong><\/h2>\n\n\n\n<p><br>Gracias a la continuidad del apoyo de Accenture, en 2024 <a href=\"https:\/\/www.entreculturas.org\/noticia\/hacia-un-mundo-digital-y-sostenible-ii-entreculturas-y-accenture-continuaran-creando-oportunidades-en-latinoamerica-y-espana\/\">iniciamos una nueva etapa<\/a> del programa que se implementar\u00e1 durante los pr\u00f3ximos cuatro a\u00f1os en <strong>Espa\u00f1a y 8 pa\u00edses de Am\u00e9rica Latina<\/strong>: Argentina, Bolivia, Brasil, Colombia, Ecuador, M\u00e9xico, Per\u00fa y Venezuela.<\/p>\n\n\n\n<p>En este proceso, seguimos colaborando con m\u00faltiples actores como escuelas, empresas e instituciones, lo que multiplica las posibilidades de impacto y permite desarrollar una intervenci\u00f3n que combina lo global y lo local.<br><\/p>\n\n\n\n<h2 class=\"wp-block-heading\" id=\"h-resultados-que-generan-oportunidades-reales\"><strong>Resultados que generan oportunidades reales<\/strong><\/h2>\n\n\n\n<p><br>Desde su inicio, m\u00e1s de <strong>137.000 personas<\/strong> han participado en el programa. En esta nueva fase, proyectamos alcanzar a <strong>165.840 personas, <\/strong>41.800 en el primer a\u00f1o<strong>, <\/strong>en acciones formativas vinculadas al empleo o al medio ambiente, y esperamos que al menos <strong>14.084<\/strong> de ellas logren acceder a un empleo, participar en pr\u00e1cticas remuneradas, emprender o reintegrarse al sistema educativo.<\/p>\n","protected":false},"excerpt":{"rendered":"<p>En el D\u00eda del Trabajo, desde Entreculturas reafirmamos nuestro compromiso con la creaci\u00f3n de oportunidades laborales dignas, inclusivas y sostenibles, especialmente para quienes enfrentan mayores barreras para acceder al mercado laboral. Sabemos que el trabajo es un derecho, una v\u00eda hacia la dignidad y un pilar fundamental para la justicia social. Por eso, desde hace a\u00f1os trabajamos para que miles de personas puedan formarse, encontrar un empleo o emprender, transformando su futuro y el de sus comunidades. Hacia un mundo digital, inclusivo y sostenible Desde 2022, impulsamos el programa Hacia un Mundo Digital y Sostenible, una iniciativa que llevamos a cabo junto a Accenture, Fe y Alegr\u00eda en Am\u00e9rica Latina y el Sector Social jesuita en Espa\u00f1a. El programa tiene como objetivo promover la inserci\u00f3n laboral en los contextos de mayor exclusi\u00f3n, brindando herramientas concretas para que j\u00f3venes y personas adultas puedan acceder a empleos dignos y sostenibles. Trabajamos con [&hellip;]<\/p>\n","protected":false},"featured_media":38902,"template":"","meta":{"_acf_changed":false},"categories":[7],"tags":[289],"country":[],"cause":[128],"class_list":["post-38900","noticia","type-noticia","status-publish","has-post-thumbnail","hentry","category-noticia","tag-educacion","cause-educacion"],"acf":[],"yoast_head":"<!-- This site is optimized with the Yoast SEO Premium plugin v21.6 (Yoast SEO v27.5) - https:\/\/yoast.com\/product\/yoast-seo-premium-wordpress\/ -->\n<title>D\u00eda del Trabajo: seguimos impulsando oportunidades<\/title>\n<meta name=\"description\" content=\"En el D\u00eda del Trabajo, recordamos que el empleo digno es un derecho fundamental y desde Entreculturas continuamos impulsando.\" \/>\n<meta name=\"robots\" content=\"index, follow, max-snippet:-1, max-image-preview:large, max-video-preview:-1\" \/>\n<link rel=\"canonical\" href=\"https:\/\/www.entreculturas.org\/fr\/noticia\/dia-del-trabajo-seguimos-creando-oportunidades-para-un-empleo-digno-y-sostenible\/\" \/>\n<meta property=\"og:locale\" content=\"fr_FR\" \/>\n<meta property=\"og:type\" content=\"article\" \/>\n<meta property=\"og:title\" content=\"D\u00eda del Trabajo: seguimos creando oportunidades para un empleo digno y sostenible\" \/>\n<meta property=\"og:description\" content=\"En el D\u00eda del Trabajo, recordamos que el empleo digno es un derecho fundamental y desde Entreculturas continuamos impulsando.\" \/>\n<meta property=\"og:url\" content=\"https:\/\/www.entreculturas.org\/fr\/noticia\/dia-del-trabajo-seguimos-creando-oportunidades-para-un-empleo-digno-y-sostenible\/\" \/>\n<meta property=\"og:site_name\" content=\"Entreculturas\" \/>\n<meta property=\"article:publisher\" content=\"https:\/\/www.facebook.com\/entreculturas\" \/>\n<meta property=\"article:modified_time\" content=\"2025-04-30T14:24:43+00:00\" \/>\n<meta property=\"og:image\" content=\"https:\/\/www.entreculturas.org\/wp-content\/uploads\/2025\/04\/IMG_7145.jpg\" \/>\n\t<meta property=\"og:image:width\" content=\"1034\" \/>\n\t<meta property=\"og:image:height\" content=\"450\" \/>\n\t<meta property=\"og:image:type\" content=\"image\/jpeg\" \/>\n<meta name=\"twitter:card\" content=\"summary_large_image\" \/>\n<meta name=\"twitter:site\" content=\"@Entreculturas\" \/>\n<script type=\"application\/ld+json\" class=\"yoast-schema-graph\">{\"@context\":\"https:\\\/\\\/schema.org\",\"@graph\":[{\"@type\":\"WebPage\",\"@id\":\"https:\\\/\\\/www.entreculturas.org\\\/fr\\\/noticia\\\/dia-del-trabajo-seguimos-creando-oportunidades-para-un-empleo-digno-y-sostenible\\\/\",\"url\":\"https:\\\/\\\/www.entreculturas.org\\\/fr\\\/noticia\\\/dia-del-trabajo-seguimos-creando-oportunidades-para-un-empleo-digno-y-sostenible\\\/\",\"name\":\"D\u00eda del Trabajo: seguimos impulsando oportunidades\",\"isPartOf\":{\"@id\":\"https:\\\/\\\/www.entreculturas.org\\\/fr\\\/#website\"},\"primaryImageOfPage\":{\"@id\":\"https:\\\/\\\/www.entreculturas.org\\\/fr\\\/noticia\\\/dia-del-trabajo-seguimos-creando-oportunidades-para-un-empleo-digno-y-sostenible\\\/#primaryimage\"},\"image\":{\"@id\":\"https:\\\/\\\/www.entreculturas.org\\\/fr\\\/noticia\\\/dia-del-trabajo-seguimos-creando-oportunidades-para-un-empleo-digno-y-sostenible\\\/#primaryimage\"},\"thumbnailUrl\":\"https:\\\/\\\/www.entreculturas.org\\\/wp-content\\\/uploads\\\/2025\\\/04\\\/IMG_7145.jpg\",\"datePublished\":\"2025-04-30T09:52:06+00:00\",\"dateModified\":\"2025-04-30T14:24:43+00:00\",\"description\":\"En el D\u00eda del Trabajo, recordamos que el empleo digno es un derecho fundamental y desde Entreculturas continuamos impulsando.\",\"breadcrumb\":{\"@id\":\"https:\\\/\\\/www.entreculturas.org\\\/fr\\\/noticia\\\/dia-del-trabajo-seguimos-creando-oportunidades-para-un-empleo-digno-y-sostenible\\\/#breadcrumb\"},\"inLanguage\":\"fr-FR\",\"potentialAction\":[{\"@type\":\"ReadAction\",\"target\":[\"https:\\\/\\\/www.entreculturas.org\\\/fr\\\/noticia\\\/dia-del-trabajo-seguimos-creando-oportunidades-para-un-empleo-digno-y-sostenible\\\/\"]}]},{\"@type\":\"ImageObject\",\"inLanguage\":\"fr-FR\",\"@id\":\"https:\\\/\\\/www.entreculturas.org\\\/fr\\\/noticia\\\/dia-del-trabajo-seguimos-creando-oportunidades-para-un-empleo-digno-y-sostenible\\\/#primaryimage\",\"url\":\"https:\\\/\\\/www.entreculturas.org\\\/wp-content\\\/uploads\\\/2025\\\/04\\\/IMG_7145.jpg\",\"contentUrl\":\"https:\\\/\\\/www.entreculturas.org\\\/wp-content\\\/uploads\\\/2025\\\/04\\\/IMG_7145.jpg\",\"width\":1034,\"height\":450},{\"@type\":\"BreadcrumbList\",\"@id\":\"https:\\\/\\\/www.entreculturas.org\\\/fr\\\/noticia\\\/dia-del-trabajo-seguimos-creando-oportunidades-para-un-empleo-digno-y-sostenible\\\/#breadcrumb\",\"itemListElement\":[{\"@type\":\"ListItem\",\"position\":1,\"name\":\"Home\",\"item\":\"https:\\\/\\\/www.entreculturas.org\\\/fr\\\/\"},{\"@type\":\"ListItem\",\"position\":2,\"name\":\"Noticias\",\"item\":\"https:\\\/\\\/www.entreculturas.org\\\/fr\\\/noticias\\\/\"},{\"@type\":\"ListItem\",\"position\":3,\"name\":\"D\u00eda del Trabajo: seguimos creando oportunidades para un empleo digno y sostenible\"}]},{\"@type\":\"WebSite\",\"@id\":\"https:\\\/\\\/www.entreculturas.org\\\/fr\\\/#website\",\"url\":\"https:\\\/\\\/www.entreculturas.org\\\/fr\\\/\",\"name\":\"Entreculturas\",\"description\":\"\",\"publisher\":{\"@id\":\"https:\\\/\\\/www.entreculturas.org\\\/fr\\\/#organization\"},\"alternateName\":\"Entreculturas\",\"potentialAction\":[{\"@type\":\"SearchAction\",\"target\":{\"@type\":\"EntryPoint\",\"urlTemplate\":\"https:\\\/\\\/www.entreculturas.org\\\/fr\\\/?s={search_term_string}\"},\"query-input\":{\"@type\":\"PropertyValueSpecification\",\"valueRequired\":true,\"valueName\":\"search_term_string\"}}],\"inLanguage\":\"fr-FR\"},{\"@type\":\"Organization\",\"@id\":\"https:\\\/\\\/www.entreculturas.org\\\/fr\\\/#organization\",\"name\":\"Entreculturas\",\"url\":\"https:\\\/\\\/www.entreculturas.org\\\/fr\\\/\",\"logo\":{\"@type\":\"ImageObject\",\"inLanguage\":\"fr-FR\",\"@id\":\"https:\\\/\\\/www.entreculturas.org\\\/fr\\\/#\\\/schema\\\/logo\\\/image\\\/\",\"url\":\"https:\\\/\\\/www.entreculturas.org\\\/wp-content\\\/uploads\\\/2025\\\/10\\\/ESP.svg\",\"contentUrl\":\"https:\\\/\\\/www.entreculturas.org\\\/wp-content\\\/uploads\\\/2025\\\/10\\\/ESP.svg\",\"caption\":\"Entreculturas\"},\"image\":{\"@id\":\"https:\\\/\\\/www.entreculturas.org\\\/fr\\\/#\\\/schema\\\/logo\\\/image\\\/\"},\"sameAs\":[\"https:\\\/\\\/www.facebook.com\\\/entreculturas\",\"https:\\\/\\\/x.com\\\/Entreculturas\",\"https:\\\/\\\/www.instagram.com\\\/entreculturas\\\/\",\"https:\\\/\\\/www.youtube.com\\\/user\\\/entreculturasvideo\",\"https:\\\/\\\/www.linkedin.com\\\/company\\\/fundacion-entreculturas-ngdo\\\/\",\"https:\\\/\\\/www.flickr.com\\\/photos\\\/98455522@N04\\\/albums\\\/\"]}]}<\/script>\n<!-- \/ Yoast SEO Premium plugin. -->","yoast_head_json":{"title":"D\u00eda del Trabajo: seguimos impulsando oportunidades","description":"En el D\u00eda del Trabajo, recordamos que el empleo digno es un derecho fundamental y desde Entreculturas continuamos impulsando.","robots":{"index":"index","follow":"follow","max-snippet":"max-snippet:-1","max-image-preview":"max-image-preview:large","max-video-preview":"max-video-preview:-1"},"canonical":"https:\/\/www.entreculturas.org\/fr\/noticia\/dia-del-trabajo-seguimos-creando-oportunidades-para-un-empleo-digno-y-sostenible\/","og_locale":"fr_FR","og_type":"article","og_title":"D\u00eda del Trabajo: seguimos creando oportunidades para un empleo digno y sostenible","og_description":"En el D\u00eda del Trabajo, recordamos que el empleo digno es un derecho fundamental y desde Entreculturas continuamos impulsando.","og_url":"https:\/\/www.entreculturas.org\/fr\/noticia\/dia-del-trabajo-seguimos-creando-oportunidades-para-un-empleo-digno-y-sostenible\/","og_site_name":"Entreculturas","article_publisher":"https:\/\/www.facebook.com\/entreculturas","article_modified_time":"2025-04-30T14:24:43+00:00","og_image":[{"width":1034,"height":450,"url":"https:\/\/www.entreculturas.org\/wp-content\/uploads\/2025\/04\/IMG_7145.jpg","type":"image\/jpeg"}],"twitter_card":"summary_large_image","twitter_site":"@Entreculturas","schema":{"@context":"https:\/\/schema.org","@graph":[{"@type":"WebPage","@id":"https:\/\/www.entreculturas.org\/fr\/noticia\/dia-del-trabajo-seguimos-creando-oportunidades-para-un-empleo-digno-y-sostenible\/","url":"https:\/\/www.entreculturas.org\/fr\/noticia\/dia-del-trabajo-seguimos-creando-oportunidades-para-un-empleo-digno-y-sostenible\/","name":"D\u00eda del Trabajo: seguimos impulsando oportunidades","isPartOf":{"@id":"https:\/\/www.entreculturas.org\/fr\/#website"},"primaryImageOfPage":{"@id":"https:\/\/www.entreculturas.org\/fr\/noticia\/dia-del-trabajo-seguimos-creando-oportunidades-para-un-empleo-digno-y-sostenible\/#primaryimage"},"image":{"@id":"https:\/\/www.entreculturas.org\/fr\/noticia\/dia-del-trabajo-seguimos-creando-oportunidades-para-un-empleo-digno-y-sostenible\/#primaryimage"},"thumbnailUrl":"https:\/\/www.entreculturas.org\/wp-content\/uploads\/2025\/04\/IMG_7145.jpg","datePublished":"2025-04-30T09:52:06+00:00","dateModified":"2025-04-30T14:24:43+00:00","description":"En el D\u00eda del Trabajo, recordamos que el empleo digno es un derecho fundamental y desde Entreculturas continuamos impulsando.","breadcrumb":{"@id":"https:\/\/www.entreculturas.org\/fr\/noticia\/dia-del-trabajo-seguimos-creando-oportunidades-para-un-empleo-digno-y-sostenible\/#breadcrumb"},"inLanguage":"fr-FR","potentialAction":[{"@type":"ReadAction","target":["https:\/\/www.entreculturas.org\/fr\/noticia\/dia-del-trabajo-seguimos-creando-oportunidades-para-un-empleo-digno-y-sostenible\/"]}]},{"@type":"ImageObject","inLanguage":"fr-FR","@id":"https:\/\/www.entreculturas.org\/fr\/noticia\/dia-del-trabajo-seguimos-creando-oportunidades-para-un-empleo-digno-y-sostenible\/#primaryimage","url":"https:\/\/www.entreculturas.org\/wp-content\/uploads\/2025\/04\/IMG_7145.jpg","contentUrl":"https:\/\/www.entreculturas.org\/wp-content\/uploads\/2025\/04\/IMG_7145.jpg","width":1034,"height":450},{"@type":"BreadcrumbList","@id":"https:\/\/www.entreculturas.org\/fr\/noticia\/dia-del-trabajo-seguimos-creando-oportunidades-para-un-empleo-digno-y-sostenible\/#breadcrumb","itemListElement":[{"@type":"ListItem","position":1,"name":"Home","item":"https:\/\/www.entreculturas.org\/fr\/"},{"@type":"ListItem","position":2,"name":"Noticias","item":"https:\/\/www.entreculturas.org\/fr\/noticias\/"},{"@type":"ListItem","position":3,"name":"D\u00eda del Trabajo: seguimos creando oportunidades para un empleo digno y sostenible"}]},{"@type":"WebSite","@id":"https:\/\/www.entreculturas.org\/fr\/#website","url":"https:\/\/www.entreculturas.org\/fr\/","name":"Entreculturas","description":"","publisher":{"@id":"https:\/\/www.entreculturas.org\/fr\/#organization"},"alternateName":"Entreculturas","potentialAction":[{"@type":"SearchAction","target":{"@type":"EntryPoint","urlTemplate":"https:\/\/www.entreculturas.org\/fr\/?s={search_term_string}"},"query-input":{"@type":"PropertyValueSpecification","valueRequired":true,"valueName":"search_term_string"}}],"inLanguage":"fr-FR"},{"@type":"Organization","@id":"https:\/\/www.entreculturas.org\/fr\/#organization","name":"Entreculturas","url":"https:\/\/www.entreculturas.org\/fr\/","logo":{"@type":"ImageObject","inLanguage":"fr-FR","@id":"https:\/\/www.entreculturas.org\/fr\/#\/schema\/logo\/image\/","url":"https:\/\/www.entreculturas.org\/wp-content\/uploads\/2025\/10\/ESP.svg","contentUrl":"https:\/\/www.entreculturas.org\/wp-content\/uploads\/2025\/10\/ESP.svg","caption":"Entreculturas"},"image":{"@id":"https:\/\/www.entreculturas.org\/fr\/#\/schema\/logo\/image\/"},"sameAs":["https:\/\/www.facebook.com\/entreculturas","https:\/\/x.com\/Entreculturas","https:\/\/www.instagram.com\/entreculturas\/","https:\/\/www.youtube.com\/user\/entreculturasvideo","https:\/\/www.linkedin.com\/company\/fundacion-entreculturas-ngdo\/","https:\/\/www.flickr.com\/photos\/98455522@N04\/albums\/"]}]}},"_links":{"self":[{"href":"https:\/\/www.entreculturas.org\/fr\/wp-json\/wp\/v2\/noticia\/38900","targetHints":{"allow":["GET"]}}],"collection":[{"href":"https:\/\/www.entreculturas.org\/fr\/wp-json\/wp\/v2\/noticia"}],"about":[{"href":"https:\/\/www.entreculturas.org\/fr\/wp-json\/wp\/v2\/types\/noticia"}],"wp:featuredmedia":[{"embeddable":true,"href":"https:\/\/www.entreculturas.org\/fr\/wp-json\/wp\/v2\/media\/38902"}],"wp:attachment":[{"href":"https:\/\/www.entreculturas.org\/fr\/wp-json\/wp\/v2\/media?parent=38900"}],"wp:term":[{"taxonomy":"category","embeddable":true,"href":"https:\/\/www.entreculturas.org\/fr\/wp-json\/wp\/v2\/categories?post=38900"},{"taxonomy":"post_tag","embeddable":true,"href":"https:\/\/www.entreculturas.org\/fr\/wp-json\/wp\/v2\/tags?post=38900"},{"taxonomy":"country","embeddable":true,"href":"https:\/\/www.entreculturas.org\/fr\/wp-json\/wp\/v2\/country?post=38900"},{"taxonomy":"cause","embeddable":true,"href":"https:\/\/www.entreculturas.org\/fr\/wp-json\/wp\/v2\/cause?post=38900"}],"curies":[{"name":"wp","href":"https:\/\/api.w.org\/{rel}","templated":true}]}}