{"id":38695,"date":"2025-04-15T11:49:28","date_gmt":"2025-04-15T09:49:28","guid":{"rendered":"https:\/\/www.entreculturas.org\/?post_type=noticia&#038;p=38695"},"modified":"2025-04-15T13:04:29","modified_gmt":"2025-04-15T11:04:29","slug":"sudan-dos-anos-de-conflicto-millones-de-personas-desplazadas","status":"publish","type":"noticia","link":"https:\/\/www.entreculturas.org\/fr\/noticia\/sudan-dos-anos-de-conflicto-millones-de-personas-desplazadas\/","title":{"rendered":"Dos a\u00f1os de conflicto en Sud\u00e1n: millones de personas desplazadas"},"content":{"rendered":"\n<p>En abril de 2023, la violencia se intensific\u00f3 en Sud\u00e1n, desatando una de las mayores crisis humanitarias del mundo. Dos a\u00f1os despu\u00e9s, los enfrentamientos han forzado a m\u00e1s de 13 millones de personas a abandonar sus hogares, muchas de ellas cruzando las fronteras hacia pa\u00edses vecinos como Sud\u00e1n del Sur o Chad. Al mismo tiempo, los servicios esenciales como la educaci\u00f3n, la salud o el acceso a alimentos han colapsado, dejando a la poblaci\u00f3n en una situaci\u00f3n de extrema vulnerabilidad.<br><\/p>\n\n\n\n<h2 class=\"wp-block-heading has-din-font-family has-x-large-font-size\" id=\"h-apoyo-humanitario-sobre-el-terreno\"><strong>Apoyo humanitario sobre el terreno<\/strong><\/h2>\n\n\n\n<p><br>Desde Entreculturas apoyamos el <a href=\"https:\/\/www.entreculturas.org\/noticia\/guerra-en-sudan\/\">trabajo del Servicio Jesuita a Refugiados <\/a>(JRS), presente en zonas fronterizas como el centro de tr\u00e1nsito de Renk, en Sud\u00e1n del Sur. All\u00ed, el JRS ofrece acompa\u00f1amiento educativo, apoyo psicosocial, atenci\u00f3n en salud mental y espacios seguros para la infancia. Adem\u00e1s, trabajamos para satisfacer necesidades esenciales como la provisi\u00f3n de alimentos, art\u00edculos de primera necesidad y la implementaci\u00f3n de actividades de reconciliaci\u00f3n comunitaria.<br><\/p>\n\n\n\n<h2 class=\"wp-block-heading has-din-font-family has-x-large-font-size\" id=\"h-vidas-marcadas-por-la-violencia\"><strong>Vidas marcadas por la violencia<\/strong><\/h2>\n\n\n\n<p><br>Musa*, una mujer sudanesa de 28 a\u00f1os, huy\u00f3 de su hogar en Nyala, en el suroeste de Sud\u00e1n, junto a sus dos hijos gemelos. En un su testimonio, describe los momentos previos a su huida:<br><\/p>\n\n\n\n<p>&nbsp;\u201cVimos aviones bombardeando desde el cielo. Nos refugiamos tras el muro de una mezquita, mientras otros yac\u00edan en el suelo, sin esperanzas de sobrevivir. La zona estaba abarrotada de ancianos y ni\u00f1os, y las bombas ca\u00edan a pocos metros de nosotros. Por mucho que me esfuerce en describirlo, no puedo transmitir toda la intensidad de la situaci\u00f3n. El miedo, el caos, la desesperaci\u00f3n. Fue algo que nunca pens\u00e9 que vivir\u00eda\u201d.<br><\/p>\n\n\n\n<p>En ese instante de horror, Musa y su familia decidieron escapar. Despu\u00e9s de caminar durante d\u00edas, llegaron al centro de tr\u00e1nsito de Renk, en Sud\u00e1n del Sur, donde encontraron refugio junto a miles de otras personas desplazadas. El centro de Renk, construido con la ayuda de socios humanitarios, se ha visto desbordado por la llegada masiva de personas refugiadas, lo que dificulta la capacidad de los servicios b\u00e1sicos para atender las necesidades inmediatas.<br><\/p>\n\n\n\n<p>\u201cNo hay palabras para describir el inmenso sufrimiento que han padecido los sudaneses y sursudaneses en un Sud\u00e1n desgarrado por la guerra durante los dos \u00faltimos a\u00f1os: hambre extrema, asesinatos y la horrible realidad de presenciar c\u00f3mo violaban a mujeres y asesinaban brutalmente a otras. Sufrimos como v\u00edctimas atrapadas entre dos fuerzas poderosas que luchan, desatando su furia contra civiles corrientes, incluidos mujeres y ni\u00f1os\u201d, afirma.<br><\/p>\n\n\n\n<p>Seg\u00fan la Agencia de la ONU para los Refugiados (ACNUR), desde el inicio de la crisis, m\u00e1s de 350.000 personas han cruzado a Sud\u00e1n del Sur, y la mayor\u00eda ha llegado por la frontera de Renk, donde las condiciones de vida son extremadamente dif\u00edciles.<br><\/p>\n\n\n\n<h2 class=\"wp-block-heading has-din-font-family has-x-large-font-size\" id=\"h-una-infancia-sin-escuela\"><strong>Una infancia sin escuela<\/strong><\/h2>\n\n\n\n<p><br>En el centro de tr\u00e1nsito, los hijos de Musa tienen acceso a espacios adaptados para ni\u00f1os, pero no reciben educaci\u00f3n formal:<br><br><em>\u00abMis gemelos tienen un espacio donde pueden jugar y estar tranquilos, pero no van a la escuela. Yo espero que alg\u00fan d\u00eda puedan ir a la escuela, para que no tengan que pasar por lo mismo que yo, para que tambi\u00e9n puedan servir a los m\u00e1s necesitados. Es mi \u00fanico deseo\u00bb.<\/em><br><\/p>\n\n\n\n<p>El acceso a la educaci\u00f3n es un derecho que se les niega a muchos ni\u00f1os y ni\u00f1as en Sud\u00e1n y en los pa\u00edses vecinos, y la falta de educaci\u00f3n pone en riesgo su futuro.<br><\/p>\n\n\n\n<h2 class=\"wp-block-heading has-din-font-family has-x-large-font-size\" id=\"h-la-urgencia-de-una-respuesta-internacional\"><strong>La urgencia de una respuesta internacional<\/strong><\/h2>\n\n\n\n<p><br>El conflicto en Sud\u00e1n ha dejado una huella devastadora y millones de personas desplazadas. Las organizaciones humanitarias, como el JRS, est\u00e1n haciendo todo lo posible para ofrecer ayuda, pero los recursos siguen siendo insuficientes ante las crecientes necesidades.<br><\/p>\n\n\n\n<p>Dos a\u00f1os despu\u00e9s, sigue siendo urgente una respuesta internacional decidida para apoyar a las personas desplazadas y garantizar su acceso a ayuda humanitaria, educaci\u00f3n y atenci\u00f3n m\u00e9dica. La comunidad internacional debe reafirmar su compromiso con la paz y la justicia, promoviendo un esfuerzo diplom\u00e1tico que ponga fin a la violencia y que busque soluciones sostenibles para el pueblo de Sud\u00e1n.<\/p>\n","protected":false},"excerpt":{"rendered":"<p>En abril de 2023, la violencia se intensific\u00f3 en Sud\u00e1n, desatando una de las mayores crisis humanitarias del mundo. Dos a\u00f1os despu\u00e9s, los enfrentamientos han forzado a m\u00e1s de 13 millones de personas a abandonar sus hogares, muchas de ellas cruzando las fronteras hacia pa\u00edses vecinos como Sud\u00e1n del Sur o Chad. Al mismo tiempo, los servicios esenciales como la educaci\u00f3n, la salud o el acceso a alimentos han colapsado, dejando a la poblaci\u00f3n en una situaci\u00f3n de extrema vulnerabilidad. Apoyo humanitario sobre el terreno Desde Entreculturas apoyamos el trabajo del Servicio Jesuita a Refugiados (JRS), presente en zonas fronterizas como el centro de tr\u00e1nsito de Renk, en Sud\u00e1n del Sur. All\u00ed, el JRS ofrece acompa\u00f1amiento educativo, apoyo psicosocial, atenci\u00f3n en salud mental y espacios seguros para la infancia. Adem\u00e1s, trabajamos para satisfacer necesidades esenciales como la provisi\u00f3n de alimentos, art\u00edculos de primera necesidad y la implementaci\u00f3n de actividades de [&hellip;]<\/p>\n","protected":false},"featured_media":38703,"template":"","meta":{"_acf_changed":false},"categories":[7],"tags":[10],"country":[118],"cause":[129],"class_list":["post-38695","noticia","type-noticia","status-publish","has-post-thumbnail","hentry","category-noticia","tag-migracion-y-refugio","country-chad","cause-migracion-y-refugio"],"acf":[],"yoast_head":"<!-- This site is optimized with the Yoast SEO Premium plugin v21.6 (Yoast SEO v27.5) - https:\/\/yoast.com\/product\/yoast-seo-premium-wordpress\/ -->\n<title>Dos a\u00f1os de conflicto en Sud\u00e1n: millones de personas desplazadas - Entreculturas<\/title>\n<meta name=\"description\" content=\"Hoy se cumplen dos a\u00f1os del conflicto en Sud\u00e1n que ha forzado a m\u00e1s de 13 millones de personas a abandonar sus hogares.\" \/>\n<meta name=\"robots\" content=\"index, follow, max-snippet:-1, max-image-preview:large, max-video-preview:-1\" \/>\n<link rel=\"canonical\" href=\"https:\/\/www.entreculturas.org\/fr\/noticia\/sudan-dos-anos-de-conflicto-millones-de-personas-desplazadas\/\" \/>\n<meta property=\"og:locale\" content=\"fr_FR\" \/>\n<meta property=\"og:type\" content=\"article\" \/>\n<meta property=\"og:title\" content=\"Dos a\u00f1os de conflicto en Sud\u00e1n: millones de personas desplazadas\" \/>\n<meta property=\"og:description\" content=\"Hoy se cumplen dos a\u00f1os del conflicto en Sud\u00e1n que ha forzado a m\u00e1s de 13 millones de personas a abandonar sus hogares.\" \/>\n<meta property=\"og:url\" content=\"https:\/\/www.entreculturas.org\/fr\/noticia\/sudan-dos-anos-de-conflicto-millones-de-personas-desplazadas\/\" \/>\n<meta property=\"og:site_name\" content=\"Entreculturas\" \/>\n<meta property=\"article:publisher\" content=\"https:\/\/www.facebook.com\/entreculturas\" \/>\n<meta property=\"article:modified_time\" content=\"2025-04-15T11:04:29+00:00\" \/>\n<meta property=\"og:image\" content=\"https:\/\/www.entreculturas.org\/wp-content\/uploads\/2025\/04\/1.jpg\" \/>\n\t<meta property=\"og:image:width\" content=\"1440\" \/>\n\t<meta property=\"og:image:height\" content=\"810\" \/>\n\t<meta property=\"og:image:type\" content=\"image\/jpeg\" \/>\n<meta name=\"twitter:card\" content=\"summary_large_image\" \/>\n<meta name=\"twitter:site\" content=\"@Entreculturas\" \/>\n<script type=\"application\/ld+json\" class=\"yoast-schema-graph\">{\"@context\":\"https:\\\/\\\/schema.org\",\"@graph\":[{\"@type\":\"WebPage\",\"@id\":\"https:\\\/\\\/www.entreculturas.org\\\/fr\\\/noticia\\\/sudan-dos-anos-de-conflicto-millones-de-personas-desplazadas\\\/\",\"url\":\"https:\\\/\\\/www.entreculturas.org\\\/fr\\\/noticia\\\/sudan-dos-anos-de-conflicto-millones-de-personas-desplazadas\\\/\",\"name\":\"Dos a\u00f1os de conflicto en Sud\u00e1n: millones de personas desplazadas - Entreculturas\",\"isPartOf\":{\"@id\":\"https:\\\/\\\/www.entreculturas.org\\\/fr\\\/#website\"},\"primaryImageOfPage\":{\"@id\":\"https:\\\/\\\/www.entreculturas.org\\\/fr\\\/noticia\\\/sudan-dos-anos-de-conflicto-millones-de-personas-desplazadas\\\/#primaryimage\"},\"image\":{\"@id\":\"https:\\\/\\\/www.entreculturas.org\\\/fr\\\/noticia\\\/sudan-dos-anos-de-conflicto-millones-de-personas-desplazadas\\\/#primaryimage\"},\"thumbnailUrl\":\"https:\\\/\\\/www.entreculturas.org\\\/wp-content\\\/uploads\\\/2025\\\/04\\\/1.jpg\",\"datePublished\":\"2025-04-15T09:49:28+00:00\",\"dateModified\":\"2025-04-15T11:04:29+00:00\",\"description\":\"Hoy se cumplen dos a\u00f1os del conflicto en Sud\u00e1n que ha forzado a m\u00e1s de 13 millones de personas a abandonar sus hogares.\",\"breadcrumb\":{\"@id\":\"https:\\\/\\\/www.entreculturas.org\\\/fr\\\/noticia\\\/sudan-dos-anos-de-conflicto-millones-de-personas-desplazadas\\\/#breadcrumb\"},\"inLanguage\":\"fr-FR\",\"potentialAction\":[{\"@type\":\"ReadAction\",\"target\":[\"https:\\\/\\\/www.entreculturas.org\\\/fr\\\/noticia\\\/sudan-dos-anos-de-conflicto-millones-de-personas-desplazadas\\\/\"]}]},{\"@type\":\"ImageObject\",\"inLanguage\":\"fr-FR\",\"@id\":\"https:\\\/\\\/www.entreculturas.org\\\/fr\\\/noticia\\\/sudan-dos-anos-de-conflicto-millones-de-personas-desplazadas\\\/#primaryimage\",\"url\":\"https:\\\/\\\/www.entreculturas.org\\\/wp-content\\\/uploads\\\/2025\\\/04\\\/1.jpg\",\"contentUrl\":\"https:\\\/\\\/www.entreculturas.org\\\/wp-content\\\/uploads\\\/2025\\\/04\\\/1.jpg\",\"width\":1440,\"height\":810,\"caption\":\"dos a\u00f1os de conflicto en Sud\u00e1n\"},{\"@type\":\"BreadcrumbList\",\"@id\":\"https:\\\/\\\/www.entreculturas.org\\\/fr\\\/noticia\\\/sudan-dos-anos-de-conflicto-millones-de-personas-desplazadas\\\/#breadcrumb\",\"itemListElement\":[{\"@type\":\"ListItem\",\"position\":1,\"name\":\"Home\",\"item\":\"https:\\\/\\\/www.entreculturas.org\\\/fr\\\/\"},{\"@type\":\"ListItem\",\"position\":2,\"name\":\"Noticias\",\"item\":\"https:\\\/\\\/www.entreculturas.org\\\/fr\\\/noticias\\\/\"},{\"@type\":\"ListItem\",\"position\":3,\"name\":\"Dos a\u00f1os de conflicto en Sud\u00e1n: millones de personas desplazadas\"}]},{\"@type\":\"WebSite\",\"@id\":\"https:\\\/\\\/www.entreculturas.org\\\/fr\\\/#website\",\"url\":\"https:\\\/\\\/www.entreculturas.org\\\/fr\\\/\",\"name\":\"Entreculturas\",\"description\":\"\",\"publisher\":{\"@id\":\"https:\\\/\\\/www.entreculturas.org\\\/fr\\\/#organization\"},\"alternateName\":\"Entreculturas\",\"potentialAction\":[{\"@type\":\"SearchAction\",\"target\":{\"@type\":\"EntryPoint\",\"urlTemplate\":\"https:\\\/\\\/www.entreculturas.org\\\/fr\\\/?s={search_term_string}\"},\"query-input\":{\"@type\":\"PropertyValueSpecification\",\"valueRequired\":true,\"valueName\":\"search_term_string\"}}],\"inLanguage\":\"fr-FR\"},{\"@type\":\"Organization\",\"@id\":\"https:\\\/\\\/www.entreculturas.org\\\/fr\\\/#organization\",\"name\":\"Entreculturas\",\"url\":\"https:\\\/\\\/www.entreculturas.org\\\/fr\\\/\",\"logo\":{\"@type\":\"ImageObject\",\"inLanguage\":\"fr-FR\",\"@id\":\"https:\\\/\\\/www.entreculturas.org\\\/fr\\\/#\\\/schema\\\/logo\\\/image\\\/\",\"url\":\"https:\\\/\\\/www.entreculturas.org\\\/wp-content\\\/uploads\\\/2025\\\/10\\\/ESP.svg\",\"contentUrl\":\"https:\\\/\\\/www.entreculturas.org\\\/wp-content\\\/uploads\\\/2025\\\/10\\\/ESP.svg\",\"caption\":\"Entreculturas\"},\"image\":{\"@id\":\"https:\\\/\\\/www.entreculturas.org\\\/fr\\\/#\\\/schema\\\/logo\\\/image\\\/\"},\"sameAs\":[\"https:\\\/\\\/www.facebook.com\\\/entreculturas\",\"https:\\\/\\\/x.com\\\/Entreculturas\",\"https:\\\/\\\/www.instagram.com\\\/entreculturas\\\/\",\"https:\\\/\\\/www.youtube.com\\\/user\\\/entreculturasvideo\",\"https:\\\/\\\/www.linkedin.com\\\/company\\\/fundacion-entreculturas-ngdo\\\/\",\"https:\\\/\\\/www.flickr.com\\\/photos\\\/98455522@N04\\\/albums\\\/\"]}]}<\/script>\n<!-- \/ Yoast SEO Premium plugin. -->","yoast_head_json":{"title":"Dos a\u00f1os de conflicto en Sud\u00e1n: millones de personas desplazadas - Entreculturas","description":"Hoy se cumplen dos a\u00f1os del conflicto en Sud\u00e1n que ha forzado a m\u00e1s de 13 millones de personas a abandonar sus hogares.","robots":{"index":"index","follow":"follow","max-snippet":"max-snippet:-1","max-image-preview":"max-image-preview:large","max-video-preview":"max-video-preview:-1"},"canonical":"https:\/\/www.entreculturas.org\/fr\/noticia\/sudan-dos-anos-de-conflicto-millones-de-personas-desplazadas\/","og_locale":"fr_FR","og_type":"article","og_title":"Dos a\u00f1os de conflicto en Sud\u00e1n: millones de personas desplazadas","og_description":"Hoy se cumplen dos a\u00f1os del conflicto en Sud\u00e1n que ha forzado a m\u00e1s de 13 millones de personas a abandonar sus hogares.","og_url":"https:\/\/www.entreculturas.org\/fr\/noticia\/sudan-dos-anos-de-conflicto-millones-de-personas-desplazadas\/","og_site_name":"Entreculturas","article_publisher":"https:\/\/www.facebook.com\/entreculturas","article_modified_time":"2025-04-15T11:04:29+00:00","og_image":[{"width":1440,"height":810,"url":"https:\/\/www.entreculturas.org\/wp-content\/uploads\/2025\/04\/1.jpg","type":"image\/jpeg"}],"twitter_card":"summary_large_image","twitter_site":"@Entreculturas","schema":{"@context":"https:\/\/schema.org","@graph":[{"@type":"WebPage","@id":"https:\/\/www.entreculturas.org\/fr\/noticia\/sudan-dos-anos-de-conflicto-millones-de-personas-desplazadas\/","url":"https:\/\/www.entreculturas.org\/fr\/noticia\/sudan-dos-anos-de-conflicto-millones-de-personas-desplazadas\/","name":"Dos a\u00f1os de conflicto en Sud\u00e1n: millones de personas desplazadas - Entreculturas","isPartOf":{"@id":"https:\/\/www.entreculturas.org\/fr\/#website"},"primaryImageOfPage":{"@id":"https:\/\/www.entreculturas.org\/fr\/noticia\/sudan-dos-anos-de-conflicto-millones-de-personas-desplazadas\/#primaryimage"},"image":{"@id":"https:\/\/www.entreculturas.org\/fr\/noticia\/sudan-dos-anos-de-conflicto-millones-de-personas-desplazadas\/#primaryimage"},"thumbnailUrl":"https:\/\/www.entreculturas.org\/wp-content\/uploads\/2025\/04\/1.jpg","datePublished":"2025-04-15T09:49:28+00:00","dateModified":"2025-04-15T11:04:29+00:00","description":"Hoy se cumplen dos a\u00f1os del conflicto en Sud\u00e1n que ha forzado a m\u00e1s de 13 millones de personas a abandonar sus hogares.","breadcrumb":{"@id":"https:\/\/www.entreculturas.org\/fr\/noticia\/sudan-dos-anos-de-conflicto-millones-de-personas-desplazadas\/#breadcrumb"},"inLanguage":"fr-FR","potentialAction":[{"@type":"ReadAction","target":["https:\/\/www.entreculturas.org\/fr\/noticia\/sudan-dos-anos-de-conflicto-millones-de-personas-desplazadas\/"]}]},{"@type":"ImageObject","inLanguage":"fr-FR","@id":"https:\/\/www.entreculturas.org\/fr\/noticia\/sudan-dos-anos-de-conflicto-millones-de-personas-desplazadas\/#primaryimage","url":"https:\/\/www.entreculturas.org\/wp-content\/uploads\/2025\/04\/1.jpg","contentUrl":"https:\/\/www.entreculturas.org\/wp-content\/uploads\/2025\/04\/1.jpg","width":1440,"height":810,"caption":"dos a\u00f1os de conflicto en Sud\u00e1n"},{"@type":"BreadcrumbList","@id":"https:\/\/www.entreculturas.org\/fr\/noticia\/sudan-dos-anos-de-conflicto-millones-de-personas-desplazadas\/#breadcrumb","itemListElement":[{"@type":"ListItem","position":1,"name":"Home","item":"https:\/\/www.entreculturas.org\/fr\/"},{"@type":"ListItem","position":2,"name":"Noticias","item":"https:\/\/www.entreculturas.org\/fr\/noticias\/"},{"@type":"ListItem","position":3,"name":"Dos a\u00f1os de conflicto en Sud\u00e1n: millones de personas desplazadas"}]},{"@type":"WebSite","@id":"https:\/\/www.entreculturas.org\/fr\/#website","url":"https:\/\/www.entreculturas.org\/fr\/","name":"Entreculturas","description":"","publisher":{"@id":"https:\/\/www.entreculturas.org\/fr\/#organization"},"alternateName":"Entreculturas","potentialAction":[{"@type":"SearchAction","target":{"@type":"EntryPoint","urlTemplate":"https:\/\/www.entreculturas.org\/fr\/?s={search_term_string}"},"query-input":{"@type":"PropertyValueSpecification","valueRequired":true,"valueName":"search_term_string"}}],"inLanguage":"fr-FR"},{"@type":"Organization","@id":"https:\/\/www.entreculturas.org\/fr\/#organization","name":"Entreculturas","url":"https:\/\/www.entreculturas.org\/fr\/","logo":{"@type":"ImageObject","inLanguage":"fr-FR","@id":"https:\/\/www.entreculturas.org\/fr\/#\/schema\/logo\/image\/","url":"https:\/\/www.entreculturas.org\/wp-content\/uploads\/2025\/10\/ESP.svg","contentUrl":"https:\/\/www.entreculturas.org\/wp-content\/uploads\/2025\/10\/ESP.svg","caption":"Entreculturas"},"image":{"@id":"https:\/\/www.entreculturas.org\/fr\/#\/schema\/logo\/image\/"},"sameAs":["https:\/\/www.facebook.com\/entreculturas","https:\/\/x.com\/Entreculturas","https:\/\/www.instagram.com\/entreculturas\/","https:\/\/www.youtube.com\/user\/entreculturasvideo","https:\/\/www.linkedin.com\/company\/fundacion-entreculturas-ngdo\/","https:\/\/www.flickr.com\/photos\/98455522@N04\/albums\/"]}]}},"_links":{"self":[{"href":"https:\/\/www.entreculturas.org\/fr\/wp-json\/wp\/v2\/noticia\/38695","targetHints":{"allow":["GET"]}}],"collection":[{"href":"https:\/\/www.entreculturas.org\/fr\/wp-json\/wp\/v2\/noticia"}],"about":[{"href":"https:\/\/www.entreculturas.org\/fr\/wp-json\/wp\/v2\/types\/noticia"}],"wp:featuredmedia":[{"embeddable":true,"href":"https:\/\/www.entreculturas.org\/fr\/wp-json\/wp\/v2\/media\/38703"}],"wp:attachment":[{"href":"https:\/\/www.entreculturas.org\/fr\/wp-json\/wp\/v2\/media?parent=38695"}],"wp:term":[{"taxonomy":"category","embeddable":true,"href":"https:\/\/www.entreculturas.org\/fr\/wp-json\/wp\/v2\/categories?post=38695"},{"taxonomy":"post_tag","embeddable":true,"href":"https:\/\/www.entreculturas.org\/fr\/wp-json\/wp\/v2\/tags?post=38695"},{"taxonomy":"country","embeddable":true,"href":"https:\/\/www.entreculturas.org\/fr\/wp-json\/wp\/v2\/country?post=38695"},{"taxonomy":"cause","embeddable":true,"href":"https:\/\/www.entreculturas.org\/fr\/wp-json\/wp\/v2\/cause?post=38695"}],"curies":[{"name":"wp","href":"https:\/\/api.w.org\/{rel}","templated":true}]}}