{"id":38357,"date":"2025-03-25T12:57:00","date_gmt":"2025-03-25T11:57:00","guid":{"rendered":"https:\/\/www.entreculturas.org\/?post_type=noticia&#038;p=38357"},"modified":"2025-04-01T13:09:26","modified_gmt":"2025-04-01T11:09:26","slug":"entrevista-julia-oviedo","status":"publish","type":"noticia","link":"https:\/\/www.entreculturas.org\/fr\/noticia\/entrevista-julia-oviedo\/","title":{"rendered":"La educaci\u00f3n como motor de cambio: el testimonio de Julia Oviedo sobre el impacto en las zonas rurales de Cuzco"},"content":{"rendered":"\n<p>En Entreculturas, trabajamos junto a Fe y Alegr\u00eda en zonas rurales de Per\u00fa, donde la educaci\u00f3n no solo es un derecho fundamental, sino una herramienta esencial para el desarrollo de las comunidades. Sin embargo, en contextos rurales como el de la comunidad de Cancaguo, en Cuzco, las condiciones para acceder a una educaci\u00f3n de calidad son limitadas. Las familias enfrentan grandes dificultades, como la falta de infraestructura educativa adecuada, largos trayectos a pie para llegar a las escuelas, y recursos insuficientes para cubrir las necesidades b\u00e1sicas de los estudiantes.\u00a0<br><\/p>\n\n\n\n<p>A pesar de estos desaf\u00edos, la educaci\u00f3n sigue siendo la principal v\u00eda para mejorar las condiciones de vida y promover la igualdad de g\u00e9nero. Para conocer m\u00e1s sobre c\u00f3mo la educaci\u00f3n est\u00e1 cambiando la vida de las personas en estos contextos, entrevistamos a Julia Oviedo.<br><\/p>\n\n\n\n<p>Julia vive en Cancaguo, una comunidad de Sulimayo en Cuzco, y es madre de dos hijas y un hijo: Brisaida, quien est\u00e1 en 4\u00ba de secundaria, y Rodrigo y Ruth, que est\u00e1n en nivel inicial. Julia est\u00e1 siendo testigo de c\u00f3mo la educaci\u00f3n ha transformado las oportunidades de su familia y la comunidad, a pesar de las dificultades que enfrentan.<br><\/p>\n\n\n\n<p><strong>\u00bfC\u00f3mo ayuda la educaci\u00f3n a construir la igualdad de g\u00e9nero?<\/strong><br><\/p>\n\n\n\n<p>Antes, las mujeres no conoc\u00edan mucho sobre sus derechos, y se pensaba que solo los hombres ten\u00edan derecho a ir al colegio. Las mujeres estaban destinadas a las tareas del hogar o al cuidado de los animales. Hoy en d\u00eda, las personas saben que hombres y mujeres tienen los mismos derechos, por lo que las ni\u00f1as tambi\u00e9n pueden ir al colegio y tener acceso a la educaci\u00f3n.<br><\/p>\n\n\n\n<p><strong>\u00bfCu\u00e1l era la situaci\u00f3n de las mujeres?<\/strong><br><\/p>\n\n\n\n<p>Antes, las mujeres no estudiaban porque sus padres o madres no les permit\u00edan ir a la escuela. Solo los varones ten\u00edan derecho a la educaci\u00f3n; las ni\u00f1as ten\u00edan que quedarse en casa a cuidar los animales o hacer las tareas dom\u00e9sticas. La educaci\u00f3n no se ve\u00eda como algo necesario para las mujeres, por lo que muchas nunca tuvieron la oportunidad de ir al colegio.<br><\/p>\n\n\n\n<p><strong>\u00bfQu\u00e9 valores se ense\u00f1an en la escuela?<\/strong><br><\/p>\n\n\n\n<p>En el colegio, las ni\u00f1as aprenden valores muy importantes, como el respeto a sus padres, madres y a los miembros de la comunidad. Adem\u00e1s de los estudios, el colegio tambi\u00e9n les ense\u00f1a c\u00f3mo convivir mejor con los dem\u00e1s, lo cual es fundamental en su formaci\u00f3n personal y social.<br><\/p>\n\n\n\n<p><strong>\u00bfQu\u00e9 es lo que m\u00e1s le gusta a su hija del colegio?<\/strong><br><\/p>\n\n\n\n<p>A mi hija Brisaida le gusta mucho estudiar. Ella tiene grandes sue\u00f1os y quiere ser profesional. Se siente muy motivada para ir al colegio porque sabe que la educaci\u00f3n es la clave para alcanzar sus metas y tener un futuro mejor.<br><\/p>\n\n\n\n<p><strong>\u00bfPor qu\u00e9 crees que es importante la educaci\u00f3n?<\/strong><br><\/p>\n\n\n\n<p>La educaci\u00f3n es importante porque le va a permitir a mi hija cumplir sus sue\u00f1os y alcanzar sus objetivos. Si no estudiara, no podr\u00eda hacer realidad lo que sue\u00f1a. No quiero que repita la historia de sus padres, que no tuvieron acceso a una educaci\u00f3n segura ni de calidad. La educaci\u00f3n es lo \u00fanico que le permitir\u00e1 cambiar su futuro y el de su familia.<br><\/p>\n\n\n\n<h2 class=\"wp-block-heading has-din-font-family has-x-large-font-size\" id=\"h-la-importancia-de-la-educacion\">La importancia de la educaci\u00f3n<\/h2>\n\n\n\n<p><br>Testimonios como los de Julia son un reflejo claro de c\u00f3mo la educaci\u00f3n puede transformar vidas, especialmente en contextos rurales como el de Cancaguo. A pesar de las limitaciones, el trabajo conjunto que realizamos desde Entreculturas y Fe y Alegr\u00eda est\u00e1 contribuyendo a garantizar que m\u00e1s ni\u00f1as, ni\u00f1os y mujeres accedan a una educaci\u00f3n que les permita desarrollar su potencial.<br><\/p>\n\n\n\n<p>La educaci\u00f3n no solo abre puertas a nuevas oportunidades, sino que tambi\u00e9n fortalece el tejido social de las comunidades, creando un futuro m\u00e1s igualitario y lleno de posibilidades para todos y todas.<\/p>\n\n\n\n<p><\/p>\n","protected":false},"excerpt":{"rendered":"<p>En Entreculturas, trabajamos junto a Fe y Alegr\u00eda en zonas rurales de Per\u00fa, donde la educaci\u00f3n no solo es un derecho fundamental, sino una herramienta esencial para el desarrollo de las comunidades. Sin embargo, en contextos rurales como el de la comunidad de Cancaguo, en Cuzco, las condiciones para acceder a una educaci\u00f3n de calidad son limitadas. Las familias enfrentan grandes dificultades, como la falta de infraestructura educativa adecuada, largos trayectos a pie para llegar a las escuelas, y recursos insuficientes para cubrir las necesidades b\u00e1sicas de los estudiantes.\u00a0 A pesar de estos desaf\u00edos, la educaci\u00f3n sigue siendo la principal v\u00eda para mejorar las condiciones de vida y promover la igualdad de g\u00e9nero. Para conocer m\u00e1s sobre c\u00f3mo la educaci\u00f3n est\u00e1 cambiando la vida de las personas en estos contextos, entrevistamos a Julia Oviedo. Julia vive en Cancaguo, una comunidad de Sulimayo en Cuzco, y es madre de dos hijas [&hellip;]<\/p>\n","protected":false},"featured_media":38364,"template":"","meta":{"_acf_changed":false},"categories":[14],"tags":[289],"country":[123],"cause":[128],"class_list":["post-38357","noticia","type-noticia","status-publish","has-post-thumbnail","hentry","category-entrevista","tag-educacion","country-peru","cause-educacion"],"acf":[],"yoast_head":"<!-- This site is optimized with the Yoast SEO Premium plugin v21.6 (Yoast SEO v27.5) - https:\/\/yoast.com\/product\/yoast-seo-premium-wordpress\/ -->\n<title>La educaci\u00f3n como motor de cambio: el testimonio de Julia Oviedo sobre el impacto en las zonas rurales de Cuzco - Entreculturas<\/title>\n<meta name=\"description\" content=\"Julia Oviedo, es madre y alumna instituto educativo Virgen del Rosario, sus hijos van desde ese sector al mismo colegio.\" \/>\n<meta name=\"robots\" content=\"index, follow, max-snippet:-1, max-image-preview:large, max-video-preview:-1\" \/>\n<link rel=\"canonical\" href=\"https:\/\/www.entreculturas.org\/fr\/noticia\/entrevista-julia-oviedo\/\" \/>\n<meta property=\"og:locale\" content=\"fr_FR\" \/>\n<meta property=\"og:type\" content=\"article\" \/>\n<meta property=\"og:title\" content=\"La educaci\u00f3n como motor de cambio: el testimonio de Julia Oviedo sobre el impacto en las zonas rurales de Cuzco\" \/>\n<meta property=\"og:description\" content=\"Julia Oviedo, es madre y alumna instituto educativo Virgen del Rosario, sus hijos van desde ese sector al mismo colegio.\" \/>\n<meta property=\"og:url\" content=\"https:\/\/www.entreculturas.org\/fr\/noticia\/entrevista-julia-oviedo\/\" \/>\n<meta property=\"og:site_name\" content=\"Entreculturas\" \/>\n<meta property=\"article:publisher\" content=\"https:\/\/www.facebook.com\/entreculturas\" \/>\n<meta property=\"article:modified_time\" content=\"2025-04-01T11:09:26+00:00\" \/>\n<meta property=\"og:image\" content=\"https:\/\/www.entreculturas.org\/wp-content\/uploads\/2025\/03\/Cuzco-Comunidades-27.jpg\" \/>\n\t<meta property=\"og:image:width\" content=\"2500\" \/>\n\t<meta property=\"og:image:height\" content=\"1667\" \/>\n\t<meta property=\"og:image:type\" content=\"image\/jpeg\" \/>\n<meta name=\"twitter:card\" content=\"summary_large_image\" \/>\n<meta name=\"twitter:site\" content=\"@Entreculturas\" \/>\n<script type=\"application\/ld+json\" class=\"yoast-schema-graph\">{\"@context\":\"https:\\\/\\\/schema.org\",\"@graph\":[{\"@type\":\"WebPage\",\"@id\":\"https:\\\/\\\/www.entreculturas.org\\\/fr\\\/noticia\\\/entrevista-julia-oviedo\\\/\",\"url\":\"https:\\\/\\\/www.entreculturas.org\\\/fr\\\/noticia\\\/entrevista-julia-oviedo\\\/\",\"name\":\"La educaci\u00f3n como motor de cambio: el testimonio de Julia Oviedo sobre el impacto en las zonas rurales de Cuzco - Entreculturas\",\"isPartOf\":{\"@id\":\"https:\\\/\\\/www.entreculturas.org\\\/fr\\\/#website\"},\"primaryImageOfPage\":{\"@id\":\"https:\\\/\\\/www.entreculturas.org\\\/fr\\\/noticia\\\/entrevista-julia-oviedo\\\/#primaryimage\"},\"image\":{\"@id\":\"https:\\\/\\\/www.entreculturas.org\\\/fr\\\/noticia\\\/entrevista-julia-oviedo\\\/#primaryimage\"},\"thumbnailUrl\":\"https:\\\/\\\/www.entreculturas.org\\\/wp-content\\\/uploads\\\/2025\\\/03\\\/Cuzco-Comunidades-27.jpg\",\"datePublished\":\"2025-03-25T11:57:00+00:00\",\"dateModified\":\"2025-04-01T11:09:26+00:00\",\"description\":\"Julia Oviedo, es madre y alumna instituto educativo Virgen del Rosario, sus hijos van desde ese sector al mismo colegio.\",\"breadcrumb\":{\"@id\":\"https:\\\/\\\/www.entreculturas.org\\\/fr\\\/noticia\\\/entrevista-julia-oviedo\\\/#breadcrumb\"},\"inLanguage\":\"fr-FR\",\"potentialAction\":[{\"@type\":\"ReadAction\",\"target\":[\"https:\\\/\\\/www.entreculturas.org\\\/fr\\\/noticia\\\/entrevista-julia-oviedo\\\/\"]}]},{\"@type\":\"ImageObject\",\"inLanguage\":\"fr-FR\",\"@id\":\"https:\\\/\\\/www.entreculturas.org\\\/fr\\\/noticia\\\/entrevista-julia-oviedo\\\/#primaryimage\",\"url\":\"https:\\\/\\\/www.entreculturas.org\\\/wp-content\\\/uploads\\\/2025\\\/03\\\/Cuzco-Comunidades-27.jpg\",\"contentUrl\":\"https:\\\/\\\/www.entreculturas.org\\\/wp-content\\\/uploads\\\/2025\\\/03\\\/Cuzco-Comunidades-27.jpg\",\"width\":2500,\"height\":1667},{\"@type\":\"BreadcrumbList\",\"@id\":\"https:\\\/\\\/www.entreculturas.org\\\/fr\\\/noticia\\\/entrevista-julia-oviedo\\\/#breadcrumb\",\"itemListElement\":[{\"@type\":\"ListItem\",\"position\":1,\"name\":\"Home\",\"item\":\"https:\\\/\\\/www.entreculturas.org\\\/fr\\\/\"},{\"@type\":\"ListItem\",\"position\":2,\"name\":\"Noticias\",\"item\":\"https:\\\/\\\/www.entreculturas.org\\\/fr\\\/noticias\\\/\"},{\"@type\":\"ListItem\",\"position\":3,\"name\":\"La educaci\u00f3n como motor de cambio: el testimonio de Julia Oviedo sobre el impacto en las zonas rurales de Cuzco\"}]},{\"@type\":\"WebSite\",\"@id\":\"https:\\\/\\\/www.entreculturas.org\\\/fr\\\/#website\",\"url\":\"https:\\\/\\\/www.entreculturas.org\\\/fr\\\/\",\"name\":\"Entreculturas\",\"description\":\"\",\"publisher\":{\"@id\":\"https:\\\/\\\/www.entreculturas.org\\\/fr\\\/#organization\"},\"alternateName\":\"Entreculturas\",\"potentialAction\":[{\"@type\":\"SearchAction\",\"target\":{\"@type\":\"EntryPoint\",\"urlTemplate\":\"https:\\\/\\\/www.entreculturas.org\\\/fr\\\/?s={search_term_string}\"},\"query-input\":{\"@type\":\"PropertyValueSpecification\",\"valueRequired\":true,\"valueName\":\"search_term_string\"}}],\"inLanguage\":\"fr-FR\"},{\"@type\":\"Organization\",\"@id\":\"https:\\\/\\\/www.entreculturas.org\\\/fr\\\/#organization\",\"name\":\"Entreculturas\",\"url\":\"https:\\\/\\\/www.entreculturas.org\\\/fr\\\/\",\"logo\":{\"@type\":\"ImageObject\",\"inLanguage\":\"fr-FR\",\"@id\":\"https:\\\/\\\/www.entreculturas.org\\\/fr\\\/#\\\/schema\\\/logo\\\/image\\\/\",\"url\":\"https:\\\/\\\/www.entreculturas.org\\\/wp-content\\\/uploads\\\/2025\\\/10\\\/ESP.svg\",\"contentUrl\":\"https:\\\/\\\/www.entreculturas.org\\\/wp-content\\\/uploads\\\/2025\\\/10\\\/ESP.svg\",\"caption\":\"Entreculturas\"},\"image\":{\"@id\":\"https:\\\/\\\/www.entreculturas.org\\\/fr\\\/#\\\/schema\\\/logo\\\/image\\\/\"},\"sameAs\":[\"https:\\\/\\\/www.facebook.com\\\/entreculturas\",\"https:\\\/\\\/x.com\\\/Entreculturas\",\"https:\\\/\\\/www.instagram.com\\\/entreculturas\\\/\",\"https:\\\/\\\/www.youtube.com\\\/user\\\/entreculturasvideo\",\"https:\\\/\\\/www.linkedin.com\\\/company\\\/fundacion-entreculturas-ngdo\\\/\",\"https:\\\/\\\/www.flickr.com\\\/photos\\\/98455522@N04\\\/albums\\\/\"]}]}<\/script>\n<!-- \/ Yoast SEO Premium plugin. -->","yoast_head_json":{"title":"La educaci\u00f3n como motor de cambio: el testimonio de Julia Oviedo sobre el impacto en las zonas rurales de Cuzco - Entreculturas","description":"Julia Oviedo, es madre y alumna instituto educativo Virgen del Rosario, sus hijos van desde ese sector al mismo colegio.","robots":{"index":"index","follow":"follow","max-snippet":"max-snippet:-1","max-image-preview":"max-image-preview:large","max-video-preview":"max-video-preview:-1"},"canonical":"https:\/\/www.entreculturas.org\/fr\/noticia\/entrevista-julia-oviedo\/","og_locale":"fr_FR","og_type":"article","og_title":"La educaci\u00f3n como motor de cambio: el testimonio de Julia Oviedo sobre el impacto en las zonas rurales de Cuzco","og_description":"Julia Oviedo, es madre y alumna instituto educativo Virgen del Rosario, sus hijos van desde ese sector al mismo colegio.","og_url":"https:\/\/www.entreculturas.org\/fr\/noticia\/entrevista-julia-oviedo\/","og_site_name":"Entreculturas","article_publisher":"https:\/\/www.facebook.com\/entreculturas","article_modified_time":"2025-04-01T11:09:26+00:00","og_image":[{"width":2500,"height":1667,"url":"https:\/\/www.entreculturas.org\/wp-content\/uploads\/2025\/03\/Cuzco-Comunidades-27.jpg","type":"image\/jpeg"}],"twitter_card":"summary_large_image","twitter_site":"@Entreculturas","schema":{"@context":"https:\/\/schema.org","@graph":[{"@type":"WebPage","@id":"https:\/\/www.entreculturas.org\/fr\/noticia\/entrevista-julia-oviedo\/","url":"https:\/\/www.entreculturas.org\/fr\/noticia\/entrevista-julia-oviedo\/","name":"La educaci\u00f3n como motor de cambio: el testimonio de Julia Oviedo sobre el impacto en las zonas rurales de Cuzco - Entreculturas","isPartOf":{"@id":"https:\/\/www.entreculturas.org\/fr\/#website"},"primaryImageOfPage":{"@id":"https:\/\/www.entreculturas.org\/fr\/noticia\/entrevista-julia-oviedo\/#primaryimage"},"image":{"@id":"https:\/\/www.entreculturas.org\/fr\/noticia\/entrevista-julia-oviedo\/#primaryimage"},"thumbnailUrl":"https:\/\/www.entreculturas.org\/wp-content\/uploads\/2025\/03\/Cuzco-Comunidades-27.jpg","datePublished":"2025-03-25T11:57:00+00:00","dateModified":"2025-04-01T11:09:26+00:00","description":"Julia Oviedo, es madre y alumna instituto educativo Virgen del Rosario, sus hijos van desde ese sector al mismo colegio.","breadcrumb":{"@id":"https:\/\/www.entreculturas.org\/fr\/noticia\/entrevista-julia-oviedo\/#breadcrumb"},"inLanguage":"fr-FR","potentialAction":[{"@type":"ReadAction","target":["https:\/\/www.entreculturas.org\/fr\/noticia\/entrevista-julia-oviedo\/"]}]},{"@type":"ImageObject","inLanguage":"fr-FR","@id":"https:\/\/www.entreculturas.org\/fr\/noticia\/entrevista-julia-oviedo\/#primaryimage","url":"https:\/\/www.entreculturas.org\/wp-content\/uploads\/2025\/03\/Cuzco-Comunidades-27.jpg","contentUrl":"https:\/\/www.entreculturas.org\/wp-content\/uploads\/2025\/03\/Cuzco-Comunidades-27.jpg","width":2500,"height":1667},{"@type":"BreadcrumbList","@id":"https:\/\/www.entreculturas.org\/fr\/noticia\/entrevista-julia-oviedo\/#breadcrumb","itemListElement":[{"@type":"ListItem","position":1,"name":"Home","item":"https:\/\/www.entreculturas.org\/fr\/"},{"@type":"ListItem","position":2,"name":"Noticias","item":"https:\/\/www.entreculturas.org\/fr\/noticias\/"},{"@type":"ListItem","position":3,"name":"La educaci\u00f3n como motor de cambio: el testimonio de Julia Oviedo sobre el impacto en las zonas rurales de Cuzco"}]},{"@type":"WebSite","@id":"https:\/\/www.entreculturas.org\/fr\/#website","url":"https:\/\/www.entreculturas.org\/fr\/","name":"Entreculturas","description":"","publisher":{"@id":"https:\/\/www.entreculturas.org\/fr\/#organization"},"alternateName":"Entreculturas","potentialAction":[{"@type":"SearchAction","target":{"@type":"EntryPoint","urlTemplate":"https:\/\/www.entreculturas.org\/fr\/?s={search_term_string}"},"query-input":{"@type":"PropertyValueSpecification","valueRequired":true,"valueName":"search_term_string"}}],"inLanguage":"fr-FR"},{"@type":"Organization","@id":"https:\/\/www.entreculturas.org\/fr\/#organization","name":"Entreculturas","url":"https:\/\/www.entreculturas.org\/fr\/","logo":{"@type":"ImageObject","inLanguage":"fr-FR","@id":"https:\/\/www.entreculturas.org\/fr\/#\/schema\/logo\/image\/","url":"https:\/\/www.entreculturas.org\/wp-content\/uploads\/2025\/10\/ESP.svg","contentUrl":"https:\/\/www.entreculturas.org\/wp-content\/uploads\/2025\/10\/ESP.svg","caption":"Entreculturas"},"image":{"@id":"https:\/\/www.entreculturas.org\/fr\/#\/schema\/logo\/image\/"},"sameAs":["https:\/\/www.facebook.com\/entreculturas","https:\/\/x.com\/Entreculturas","https:\/\/www.instagram.com\/entreculturas\/","https:\/\/www.youtube.com\/user\/entreculturasvideo","https:\/\/www.linkedin.com\/company\/fundacion-entreculturas-ngdo\/","https:\/\/www.flickr.com\/photos\/98455522@N04\/albums\/"]}]}},"_links":{"self":[{"href":"https:\/\/www.entreculturas.org\/fr\/wp-json\/wp\/v2\/noticia\/38357","targetHints":{"allow":["GET"]}}],"collection":[{"href":"https:\/\/www.entreculturas.org\/fr\/wp-json\/wp\/v2\/noticia"}],"about":[{"href":"https:\/\/www.entreculturas.org\/fr\/wp-json\/wp\/v2\/types\/noticia"}],"wp:featuredmedia":[{"embeddable":true,"href":"https:\/\/www.entreculturas.org\/fr\/wp-json\/wp\/v2\/media\/38364"}],"wp:attachment":[{"href":"https:\/\/www.entreculturas.org\/fr\/wp-json\/wp\/v2\/media?parent=38357"}],"wp:term":[{"taxonomy":"category","embeddable":true,"href":"https:\/\/www.entreculturas.org\/fr\/wp-json\/wp\/v2\/categories?post=38357"},{"taxonomy":"post_tag","embeddable":true,"href":"https:\/\/www.entreculturas.org\/fr\/wp-json\/wp\/v2\/tags?post=38357"},{"taxonomy":"country","embeddable":true,"href":"https:\/\/www.entreculturas.org\/fr\/wp-json\/wp\/v2\/country?post=38357"},{"taxonomy":"cause","embeddable":true,"href":"https:\/\/www.entreculturas.org\/fr\/wp-json\/wp\/v2\/cause?post=38357"}],"curies":[{"name":"wp","href":"https:\/\/api.w.org\/{rel}","templated":true}]}}