{"id":37856,"date":"2025-02-27T10:31:11","date_gmt":"2025-02-27T09:31:11","guid":{"rendered":"https:\/\/www.entreculturas.org\/?post_type=noticia&#038;p=37856"},"modified":"2025-02-27T11:36:17","modified_gmt":"2025-02-27T10:36:17","slug":"los-recortes-a-la-ayuda-al-desarrollo-de-ee-uu-una-decision-de-impacto-global-que-pone-en-riesgo-la-solidaridad","status":"publish","type":"noticia","link":"https:\/\/www.entreculturas.org\/fr\/noticia\/los-recortes-a-la-ayuda-al-desarrollo-de-ee-uu-una-decision-de-impacto-global-que-pone-en-riesgo-la-solidaridad\/","title":{"rendered":"Los recortes a la ayuda al desarrollo de EE.UU.: una decisi\u00f3n de impacto global que pone en riesgo la solidaridad"},"content":{"rendered":"\n<ul class=\"wp-block-list\">\n<li><strong>Desde la comisi\u00f3n de Incidencia del sector social de la Compa\u00f1\u00eda de Jes\u00fas en Espa\u00f1a se ha publicado un <\/strong><a href=\"https:\/\/emergencias-sj.org\/wp-content\/uploads\/2025\/02\/suspension_usaid_jesuitas.pdf\" target=\"_blank\" rel=\"noreferrer noopener\"><strong>documento de an\u00e1lisis<\/strong><\/a><strong> sobre el impacto que la decisi\u00f3n de la Administraci\u00f3n Trump de congelar los fondos para USAID (la agencia estadounidense para el desarrollo) tendr\u00e1 para millones de personas en el mundo y enmarcado en la campa\u00f1a tambi\u00e9n promovida por el sector social <\/strong><a href=\"https:\/\/emergencias-sj.org\/solidaridad-en-riesgo\/\" target=\"_blank\" rel=\"noreferrer noopener\"><strong>Solidaridad en riesgo<\/strong><\/a><br><br><\/li>\n<\/ul>\n\n\n\n<p>El pasado 29 de enero, tras una serie de confusos anuncios e intervenciones judiciales, la Administraci\u00f3n Trump public\u00f3 un comunicado que confirmaba la suspensi\u00f3n (o la congelaci\u00f3n de al menos 90 d\u00edas) de los fondos de la ayuda internacional estadounidense al desarrollo gestionados por la agencia USAID. Esta decisi\u00f3n ha tenido un impacto inmediato en las vidas de millones de personas en situaci\u00f3n de vulnerabilidad en alrededor de 130 pa\u00edses y adem\u00e1s pone en entredicho los fundamentos sobre los que se ha construido el sistema internacional de cooperaci\u00f3n desde la Segunda Guerra Mundial hasta nuestros d\u00edas. El documento <a href=\"https:\/\/emergencias-sj.org\/wp-content\/uploads\/2025\/02\/suspension_usaid_jesuitas.pdf\" target=\"_blank\" rel=\"noreferrer noopener\">\u2018Recortes a la ayuda al desarrollo en EE.UU.: impacto global y el desaf\u00edo de la solidaridad\u2019<\/a>, impulsado por la comisi\u00f3n de incidencia del sector social, analiza c\u00f3mo esta decisi\u00f3n afectar\u00e1 directamente a la vida de cientos de miles de personas en el mundo.\u00a0<br><\/p>\n\n\n\n<p>La congelaci\u00f3n de estos fondos, calculados en algo m\u00e1s de 40.000 millones de d\u00f3lares, apenas el 1% del presupuesto federal estadounidense, supone dejar en la estacada a cientos de miles de personas, cuyas vidas corren peligro. Personas de comunidades rurales en situaci\u00f3n de empobrecimiento, refugiadas y desplazadas a causa del hambre o la guerra, ni\u00f1os y ni\u00f1as sin acceso a salud, educaci\u00f3n y otros servicios b\u00e1sicos.&nbsp;<br><\/p>\n\n\n\n<p>La USAID es la mayor agencia de cooperaci\u00f3n internacional del mundo y los Estados Unidos son el principal donante, aunque el aporte del pa\u00eds a la Ayuda Oficial al Desarrollo (AOD) es del 0,24%, lejos del objetivo del 0,7% que Naciones Unidas fij\u00f3 como objetivo en 1970. Aun as\u00ed, tres de cada diez d\u00f3lares de la AOD internacional son estadounidenses. Esta decisi\u00f3n adem\u00e1s supone reducir la plantilla de la agencia en un 97%, pasando de 10.000 personas empleadas a tan solo 297.&nbsp;<br><\/p>\n\n\n\n<p>Las entidades jesuitas que trabajan en desarrollo -Entreculturas y Alboan- hacen balance de la catastr\u00f3fica situaci\u00f3n. La Federaci\u00f3n Internacional de Fe y Alegr\u00eda calcula que la congelaci\u00f3n de fondos va a afectar a m\u00e1s de 16.300 participantes en sus programas, a cerca de 300 educadores y educadoras, y estiman en 1,3 millones de d\u00f3lares el coste de mantenimiento de estos programas durante los 90 d\u00edas de suspensi\u00f3n de fondos. Por otro lado, el JRS (Servicio Jesuita a Refugiados) se ha visto obligado a paralizar proyectos en 9 pa\u00edses y calcula que 100.000 personas refugiadas y desplazadas se ver\u00e1n damnificadas con esta decisi\u00f3n; adem\u00e1s del riesgo de asignaci\u00f3n de 18 millones de d\u00f3lares adicionales para este a\u00f1o fiscal por otro organismo estadounidense. Calcula en 1,5 millones de d\u00f3lares el coste de mantener los programas en estos tres meses. Otras agencias no gubernamentales, algunas de las cuales financian a su vez proyectos de obras jesuitas, se han visto igualmente afectadas. El impacto ser\u00e1 m\u00e1s profundo y duradero de lo estimado inicialmente.&nbsp;<br><\/p>\n\n\n\n<p>El sistema de cooperaci\u00f3n internacional al desarrollo, que surge en la posguerra en los a\u00f1os 40 del pasado siglo, est\u00e1 en riesgo. Los valores de la Carta de Naciones Unidas de 1945 que institucionaliz\u00f3 el compromiso de los Estados con la cooperaci\u00f3n, para lograr \u201cniveles de vida elevados, asegurar condiciones de progreso y desarrollo econ\u00f3mico, afrontar los problemas internacionales, y respetar los derechos humanos y libertades fundamentales\u201d est\u00e1n en entredicho. El objetivo de alcanzar el 0,7% de la Renta Nacional Bruta a la AOD, acordado en 1970, solo fue materializado por cinco pa\u00edses en 2023. Siempre ha existido un consenso acerca de la importancia de la solidaridad internacional, a pesar de los debates sobre la falta de liderazgo, eficacia o intereses cruzados. Este consenso est\u00e1 roto, en gran parte debido a la decisi\u00f3n del gobierno de Trump y la sombra del multimillonario Elon Musk, a cargo del DOGE (Departamento de Estado de Eficiencia Gubernamental) de Estados Unidos, calificando a la agencia de \u201cantiamericana, marxista y malvada\u201d.&nbsp;<br><\/p>\n\n\n\n<p>La defensa de los valores de la igualdad, la solidaridad y la dignidad humana est\u00e1 en entredicho. Es m\u00e1s necesario que nunca que quienes creemos en estos valores, y especialmente desde la sociedad civil organizada, sigamos luchando por mantener vivo este legado. Porque, a fin de cuentas, las vidas de muchas personas, las m\u00e1s vulnerables, est\u00e1n en juego.<br><\/p>\n\n\n\n<p>Por ello desde el Sector Social de la Compa\u00f1\u00eda en Espa\u00f1a queremos contribuir al debate p\u00fablico para reflexionar sobre el significado de la solidaridad y la responsabilidad internacionales, y la necesidad de poner a las personas m\u00e1s vulnerables en el centro. Adem\u00e1s de este <a href=\"https:\/\/emergencias-sj.org\/wp-content\/uploads\/2025\/02\/suspension_usaid_jesuitas.pdf\" target=\"_blank\" rel=\"noreferrer noopener\">documento de an\u00e1lisis<\/a>, se ha creado una <a href=\"https:\/\/emergencias-sj.org\/solidaridad-en-riesgo\/\" target=\"_blank\" rel=\"noreferrer noopener\">plataforma<\/a> para canalizar colaboraciones o donaciones que contribuyan a sostener la causa de la solidaridad internacional, tan amenazada por esta dr\u00e1stica decisi\u00f3n sin precedentes.\u00a0<\/p>\n","protected":false},"excerpt":{"rendered":"<p>El pasado 29 de enero, tras una serie de confusos anuncios e intervenciones judiciales, la Administraci\u00f3n Trump public\u00f3 un comunicado que confirmaba la suspensi\u00f3n (o la congelaci\u00f3n de al menos 90 d\u00edas) de los fondos de la ayuda internacional estadounidense al desarrollo gestionados por la agencia USAID. Esta decisi\u00f3n ha tenido un impacto inmediato en las vidas de millones de personas en situaci\u00f3n de vulnerabilidad en alrededor de 130 pa\u00edses y adem\u00e1s pone en entredicho los fundamentos sobre los que se ha construido el sistema internacional de cooperaci\u00f3n desde la Segunda Guerra Mundial hasta nuestros d\u00edas. El documento \u2018Recortes a la ayuda al desarrollo en EE.UU.: impacto global y el desaf\u00edo de la solidaridad\u2019, impulsado por la comisi\u00f3n de incidencia del sector social, analiza c\u00f3mo esta decisi\u00f3n afectar\u00e1 directamente a la vida de cientos de miles de personas en el mundo.\u00a0 La congelaci\u00f3n de estos fondos, calculados en algo m\u00e1s [&hellip;]<\/p>\n","protected":false},"featured_media":37869,"template":"","meta":{"_acf_changed":false},"categories":[7],"tags":[185],"country":[120],"cause":[129],"class_list":["post-37856","noticia","type-noticia","status-publish","has-post-thumbnail","hentry","category-noticia","tag-entreculturas","country-espana","cause-migracion-y-refugio"],"acf":[],"yoast_head":"<!-- This site is optimized with the Yoast SEO Premium plugin v21.6 (Yoast SEO v27.5) - https:\/\/yoast.com\/product\/yoast-seo-premium-wordpress\/ -->\n<title>Recortes de ayuda al desarrollo de EE.UU<\/title>\n<meta name=\"description\" content=\"Recortes de ayuda al desarrollo de EE.UU, una decisi\u00f3n de impacto global que pone en riesgo la solidaridad.\" \/>\n<meta name=\"robots\" content=\"index, follow, max-snippet:-1, max-image-preview:large, max-video-preview:-1\" \/>\n<link rel=\"canonical\" href=\"https:\/\/www.entreculturas.org\/fr\/noticia\/los-recortes-a-la-ayuda-al-desarrollo-de-ee-uu-una-decision-de-impacto-global-que-pone-en-riesgo-la-solidaridad\/\" \/>\n<meta property=\"og:locale\" content=\"fr_FR\" \/>\n<meta property=\"og:type\" content=\"article\" \/>\n<meta property=\"og:title\" content=\"Los recortes a la ayuda al desarrollo de EE.UU.: una decisi\u00f3n de impacto global que pone en riesgo la solidaridad\" \/>\n<meta property=\"og:description\" content=\"Recortes de ayuda al desarrollo de EE.UU, una decisi\u00f3n de impacto global que pone en riesgo la solidaridad.\" \/>\n<meta property=\"og:url\" content=\"https:\/\/www.entreculturas.org\/fr\/noticia\/los-recortes-a-la-ayuda-al-desarrollo-de-ee-uu-una-decision-de-impacto-global-que-pone-en-riesgo-la-solidaridad\/\" \/>\n<meta property=\"og:site_name\" content=\"Entreculturas\" \/>\n<meta property=\"article:publisher\" content=\"https:\/\/www.facebook.com\/entreculturas\" \/>\n<meta property=\"article:modified_time\" content=\"2025-02-27T10:36:17+00:00\" \/>\n<meta property=\"og:image\" content=\"https:\/\/www.entreculturas.org\/wp-content\/uploads\/2025\/02\/noticia-2.jpg\" \/>\n\t<meta property=\"og:image:width\" content=\"931\" \/>\n\t<meta property=\"og:image:height\" content=\"553\" \/>\n\t<meta property=\"og:image:type\" content=\"image\/jpeg\" \/>\n<meta name=\"twitter:card\" content=\"summary_large_image\" \/>\n<meta name=\"twitter:site\" content=\"@Entreculturas\" \/>\n<script type=\"application\/ld+json\" class=\"yoast-schema-graph\">{\"@context\":\"https:\\\/\\\/schema.org\",\"@graph\":[{\"@type\":\"WebPage\",\"@id\":\"https:\\\/\\\/www.entreculturas.org\\\/fr\\\/noticia\\\/los-recortes-a-la-ayuda-al-desarrollo-de-ee-uu-una-decision-de-impacto-global-que-pone-en-riesgo-la-solidaridad\\\/\",\"url\":\"https:\\\/\\\/www.entreculturas.org\\\/fr\\\/noticia\\\/los-recortes-a-la-ayuda-al-desarrollo-de-ee-uu-una-decision-de-impacto-global-que-pone-en-riesgo-la-solidaridad\\\/\",\"name\":\"Recortes de ayuda al desarrollo de EE.UU\",\"isPartOf\":{\"@id\":\"https:\\\/\\\/www.entreculturas.org\\\/fr\\\/#website\"},\"primaryImageOfPage\":{\"@id\":\"https:\\\/\\\/www.entreculturas.org\\\/fr\\\/noticia\\\/los-recortes-a-la-ayuda-al-desarrollo-de-ee-uu-una-decision-de-impacto-global-que-pone-en-riesgo-la-solidaridad\\\/#primaryimage\"},\"image\":{\"@id\":\"https:\\\/\\\/www.entreculturas.org\\\/fr\\\/noticia\\\/los-recortes-a-la-ayuda-al-desarrollo-de-ee-uu-una-decision-de-impacto-global-que-pone-en-riesgo-la-solidaridad\\\/#primaryimage\"},\"thumbnailUrl\":\"https:\\\/\\\/www.entreculturas.org\\\/wp-content\\\/uploads\\\/2025\\\/02\\\/noticia-2.jpg\",\"datePublished\":\"2025-02-27T09:31:11+00:00\",\"dateModified\":\"2025-02-27T10:36:17+00:00\",\"description\":\"Recortes de ayuda al desarrollo de EE.UU, una decisi\u00f3n de impacto global que pone en riesgo la solidaridad.\",\"breadcrumb\":{\"@id\":\"https:\\\/\\\/www.entreculturas.org\\\/fr\\\/noticia\\\/los-recortes-a-la-ayuda-al-desarrollo-de-ee-uu-una-decision-de-impacto-global-que-pone-en-riesgo-la-solidaridad\\\/#breadcrumb\"},\"inLanguage\":\"fr-FR\",\"potentialAction\":[{\"@type\":\"ReadAction\",\"target\":[\"https:\\\/\\\/www.entreculturas.org\\\/fr\\\/noticia\\\/los-recortes-a-la-ayuda-al-desarrollo-de-ee-uu-una-decision-de-impacto-global-que-pone-en-riesgo-la-solidaridad\\\/\"]}]},{\"@type\":\"ImageObject\",\"inLanguage\":\"fr-FR\",\"@id\":\"https:\\\/\\\/www.entreculturas.org\\\/fr\\\/noticia\\\/los-recortes-a-la-ayuda-al-desarrollo-de-ee-uu-una-decision-de-impacto-global-que-pone-en-riesgo-la-solidaridad\\\/#primaryimage\",\"url\":\"https:\\\/\\\/www.entreculturas.org\\\/wp-content\\\/uploads\\\/2025\\\/02\\\/noticia-2.jpg\",\"contentUrl\":\"https:\\\/\\\/www.entreculturas.org\\\/wp-content\\\/uploads\\\/2025\\\/02\\\/noticia-2.jpg\",\"width\":931,\"height\":553},{\"@type\":\"BreadcrumbList\",\"@id\":\"https:\\\/\\\/www.entreculturas.org\\\/fr\\\/noticia\\\/los-recortes-a-la-ayuda-al-desarrollo-de-ee-uu-una-decision-de-impacto-global-que-pone-en-riesgo-la-solidaridad\\\/#breadcrumb\",\"itemListElement\":[{\"@type\":\"ListItem\",\"position\":1,\"name\":\"Home\",\"item\":\"https:\\\/\\\/www.entreculturas.org\\\/fr\\\/\"},{\"@type\":\"ListItem\",\"position\":2,\"name\":\"Noticias\",\"item\":\"https:\\\/\\\/www.entreculturas.org\\\/fr\\\/noticias\\\/\"},{\"@type\":\"ListItem\",\"position\":3,\"name\":\"Los recortes a la ayuda al desarrollo de EE.UU.: una decisi\u00f3n de impacto global que pone en riesgo la solidaridad\"}]},{\"@type\":\"WebSite\",\"@id\":\"https:\\\/\\\/www.entreculturas.org\\\/fr\\\/#website\",\"url\":\"https:\\\/\\\/www.entreculturas.org\\\/fr\\\/\",\"name\":\"Entreculturas\",\"description\":\"\",\"publisher\":{\"@id\":\"https:\\\/\\\/www.entreculturas.org\\\/fr\\\/#organization\"},\"alternateName\":\"Entreculturas\",\"potentialAction\":[{\"@type\":\"SearchAction\",\"target\":{\"@type\":\"EntryPoint\",\"urlTemplate\":\"https:\\\/\\\/www.entreculturas.org\\\/fr\\\/?s={search_term_string}\"},\"query-input\":{\"@type\":\"PropertyValueSpecification\",\"valueRequired\":true,\"valueName\":\"search_term_string\"}}],\"inLanguage\":\"fr-FR\"},{\"@type\":\"Organization\",\"@id\":\"https:\\\/\\\/www.entreculturas.org\\\/fr\\\/#organization\",\"name\":\"Entreculturas\",\"url\":\"https:\\\/\\\/www.entreculturas.org\\\/fr\\\/\",\"logo\":{\"@type\":\"ImageObject\",\"inLanguage\":\"fr-FR\",\"@id\":\"https:\\\/\\\/www.entreculturas.org\\\/fr\\\/#\\\/schema\\\/logo\\\/image\\\/\",\"url\":\"https:\\\/\\\/www.entreculturas.org\\\/wp-content\\\/uploads\\\/2025\\\/10\\\/ESP.svg\",\"contentUrl\":\"https:\\\/\\\/www.entreculturas.org\\\/wp-content\\\/uploads\\\/2025\\\/10\\\/ESP.svg\",\"caption\":\"Entreculturas\"},\"image\":{\"@id\":\"https:\\\/\\\/www.entreculturas.org\\\/fr\\\/#\\\/schema\\\/logo\\\/image\\\/\"},\"sameAs\":[\"https:\\\/\\\/www.facebook.com\\\/entreculturas\",\"https:\\\/\\\/x.com\\\/Entreculturas\",\"https:\\\/\\\/www.instagram.com\\\/entreculturas\\\/\",\"https:\\\/\\\/www.youtube.com\\\/user\\\/entreculturasvideo\",\"https:\\\/\\\/www.linkedin.com\\\/company\\\/fundacion-entreculturas-ngdo\\\/\",\"https:\\\/\\\/www.flickr.com\\\/photos\\\/98455522@N04\\\/albums\\\/\"]}]}<\/script>\n<!-- \/ Yoast SEO Premium plugin. -->","yoast_head_json":{"title":"Recortes de ayuda al desarrollo de EE.UU","description":"Recortes de ayuda al desarrollo de EE.UU, una decisi\u00f3n de impacto global que pone en riesgo la solidaridad.","robots":{"index":"index","follow":"follow","max-snippet":"max-snippet:-1","max-image-preview":"max-image-preview:large","max-video-preview":"max-video-preview:-1"},"canonical":"https:\/\/www.entreculturas.org\/fr\/noticia\/los-recortes-a-la-ayuda-al-desarrollo-de-ee-uu-una-decision-de-impacto-global-que-pone-en-riesgo-la-solidaridad\/","og_locale":"fr_FR","og_type":"article","og_title":"Los recortes a la ayuda al desarrollo de EE.UU.: una decisi\u00f3n de impacto global que pone en riesgo la solidaridad","og_description":"Recortes de ayuda al desarrollo de EE.UU, una decisi\u00f3n de impacto global que pone en riesgo la solidaridad.","og_url":"https:\/\/www.entreculturas.org\/fr\/noticia\/los-recortes-a-la-ayuda-al-desarrollo-de-ee-uu-una-decision-de-impacto-global-que-pone-en-riesgo-la-solidaridad\/","og_site_name":"Entreculturas","article_publisher":"https:\/\/www.facebook.com\/entreculturas","article_modified_time":"2025-02-27T10:36:17+00:00","og_image":[{"width":931,"height":553,"url":"https:\/\/www.entreculturas.org\/wp-content\/uploads\/2025\/02\/noticia-2.jpg","type":"image\/jpeg"}],"twitter_card":"summary_large_image","twitter_site":"@Entreculturas","schema":{"@context":"https:\/\/schema.org","@graph":[{"@type":"WebPage","@id":"https:\/\/www.entreculturas.org\/fr\/noticia\/los-recortes-a-la-ayuda-al-desarrollo-de-ee-uu-una-decision-de-impacto-global-que-pone-en-riesgo-la-solidaridad\/","url":"https:\/\/www.entreculturas.org\/fr\/noticia\/los-recortes-a-la-ayuda-al-desarrollo-de-ee-uu-una-decision-de-impacto-global-que-pone-en-riesgo-la-solidaridad\/","name":"Recortes de ayuda al desarrollo de EE.UU","isPartOf":{"@id":"https:\/\/www.entreculturas.org\/fr\/#website"},"primaryImageOfPage":{"@id":"https:\/\/www.entreculturas.org\/fr\/noticia\/los-recortes-a-la-ayuda-al-desarrollo-de-ee-uu-una-decision-de-impacto-global-que-pone-en-riesgo-la-solidaridad\/#primaryimage"},"image":{"@id":"https:\/\/www.entreculturas.org\/fr\/noticia\/los-recortes-a-la-ayuda-al-desarrollo-de-ee-uu-una-decision-de-impacto-global-que-pone-en-riesgo-la-solidaridad\/#primaryimage"},"thumbnailUrl":"https:\/\/www.entreculturas.org\/wp-content\/uploads\/2025\/02\/noticia-2.jpg","datePublished":"2025-02-27T09:31:11+00:00","dateModified":"2025-02-27T10:36:17+00:00","description":"Recortes de ayuda al desarrollo de EE.UU, una decisi\u00f3n de impacto global que pone en riesgo la solidaridad.","breadcrumb":{"@id":"https:\/\/www.entreculturas.org\/fr\/noticia\/los-recortes-a-la-ayuda-al-desarrollo-de-ee-uu-una-decision-de-impacto-global-que-pone-en-riesgo-la-solidaridad\/#breadcrumb"},"inLanguage":"fr-FR","potentialAction":[{"@type":"ReadAction","target":["https:\/\/www.entreculturas.org\/fr\/noticia\/los-recortes-a-la-ayuda-al-desarrollo-de-ee-uu-una-decision-de-impacto-global-que-pone-en-riesgo-la-solidaridad\/"]}]},{"@type":"ImageObject","inLanguage":"fr-FR","@id":"https:\/\/www.entreculturas.org\/fr\/noticia\/los-recortes-a-la-ayuda-al-desarrollo-de-ee-uu-una-decision-de-impacto-global-que-pone-en-riesgo-la-solidaridad\/#primaryimage","url":"https:\/\/www.entreculturas.org\/wp-content\/uploads\/2025\/02\/noticia-2.jpg","contentUrl":"https:\/\/www.entreculturas.org\/wp-content\/uploads\/2025\/02\/noticia-2.jpg","width":931,"height":553},{"@type":"BreadcrumbList","@id":"https:\/\/www.entreculturas.org\/fr\/noticia\/los-recortes-a-la-ayuda-al-desarrollo-de-ee-uu-una-decision-de-impacto-global-que-pone-en-riesgo-la-solidaridad\/#breadcrumb","itemListElement":[{"@type":"ListItem","position":1,"name":"Home","item":"https:\/\/www.entreculturas.org\/fr\/"},{"@type":"ListItem","position":2,"name":"Noticias","item":"https:\/\/www.entreculturas.org\/fr\/noticias\/"},{"@type":"ListItem","position":3,"name":"Los recortes a la ayuda al desarrollo de EE.UU.: una decisi\u00f3n de impacto global que pone en riesgo la solidaridad"}]},{"@type":"WebSite","@id":"https:\/\/www.entreculturas.org\/fr\/#website","url":"https:\/\/www.entreculturas.org\/fr\/","name":"Entreculturas","description":"","publisher":{"@id":"https:\/\/www.entreculturas.org\/fr\/#organization"},"alternateName":"Entreculturas","potentialAction":[{"@type":"SearchAction","target":{"@type":"EntryPoint","urlTemplate":"https:\/\/www.entreculturas.org\/fr\/?s={search_term_string}"},"query-input":{"@type":"PropertyValueSpecification","valueRequired":true,"valueName":"search_term_string"}}],"inLanguage":"fr-FR"},{"@type":"Organization","@id":"https:\/\/www.entreculturas.org\/fr\/#organization","name":"Entreculturas","url":"https:\/\/www.entreculturas.org\/fr\/","logo":{"@type":"ImageObject","inLanguage":"fr-FR","@id":"https:\/\/www.entreculturas.org\/fr\/#\/schema\/logo\/image\/","url":"https:\/\/www.entreculturas.org\/wp-content\/uploads\/2025\/10\/ESP.svg","contentUrl":"https:\/\/www.entreculturas.org\/wp-content\/uploads\/2025\/10\/ESP.svg","caption":"Entreculturas"},"image":{"@id":"https:\/\/www.entreculturas.org\/fr\/#\/schema\/logo\/image\/"},"sameAs":["https:\/\/www.facebook.com\/entreculturas","https:\/\/x.com\/Entreculturas","https:\/\/www.instagram.com\/entreculturas\/","https:\/\/www.youtube.com\/user\/entreculturasvideo","https:\/\/www.linkedin.com\/company\/fundacion-entreculturas-ngdo\/","https:\/\/www.flickr.com\/photos\/98455522@N04\/albums\/"]}]}},"_links":{"self":[{"href":"https:\/\/www.entreculturas.org\/fr\/wp-json\/wp\/v2\/noticia\/37856","targetHints":{"allow":["GET"]}}],"collection":[{"href":"https:\/\/www.entreculturas.org\/fr\/wp-json\/wp\/v2\/noticia"}],"about":[{"href":"https:\/\/www.entreculturas.org\/fr\/wp-json\/wp\/v2\/types\/noticia"}],"wp:featuredmedia":[{"embeddable":true,"href":"https:\/\/www.entreculturas.org\/fr\/wp-json\/wp\/v2\/media\/37869"}],"wp:attachment":[{"href":"https:\/\/www.entreculturas.org\/fr\/wp-json\/wp\/v2\/media?parent=37856"}],"wp:term":[{"taxonomy":"category","embeddable":true,"href":"https:\/\/www.entreculturas.org\/fr\/wp-json\/wp\/v2\/categories?post=37856"},{"taxonomy":"post_tag","embeddable":true,"href":"https:\/\/www.entreculturas.org\/fr\/wp-json\/wp\/v2\/tags?post=37856"},{"taxonomy":"country","embeddable":true,"href":"https:\/\/www.entreculturas.org\/fr\/wp-json\/wp\/v2\/country?post=37856"},{"taxonomy":"cause","embeddable":true,"href":"https:\/\/www.entreculturas.org\/fr\/wp-json\/wp\/v2\/cause?post=37856"}],"curies":[{"name":"wp","href":"https:\/\/api.w.org\/{rel}","templated":true}]}}