{"id":3775,"date":"2019-10-28T14:39:49","date_gmt":"2019-10-28T14:39:49","guid":{"rendered":"https:\/\/entreculturasi.wpenginepowered.com\/?noticias=la-amazonia-que-nos-llama"},"modified":"2024-03-19T19:58:18","modified_gmt":"2024-03-19T18:58:18","slug":"la-amazonia-que-nos-llama","status":"publish","type":"noticia","link":"https:\/\/www.entreculturas.org\/fr\/noticia\/la-amazonia-que-nos-llama\/","title":{"rendered":"La Amazon\u00eda que nos llama"},"content":{"rendered":"<div><\/div>\n<div>&nbsp;<\/div>\n<p>El pasado 27 de octubre finaliz\u00f3 el S\u00ednodo Amaz\u00f3nico, convocado por el Papa Francisco y en el que se abord\u00f3&nbsp;no solo la evangelizaci\u00f3n de ese inmenso territorio, sino tambi\u00e9n&nbsp;sus problemas sociales, econ\u00f3micos y ecol\u00f3gicos.&nbsp;<\/p>\n<p>En este S\u00ednodo participaron 185 personas, de las cuales 114 eran obispos. Entre los asistentes <strong>destacamos la participaci\u00f3n del ex secretario general de las Naciones Unidas, Ban Ki Moon, 40 mujeres, entre ellas Mar\u00eda Luisa Berzosa Gonz\u00e1lez<\/strong>, nuestra colaboradora en Entreculturas y Fe y Alegr\u00eda, y el Equipo Itinerante de la Red Eclesial Panamaz\u00f3nica (REPAM).<\/p>\n<p>Tras tres semanas intensas de asambleas en Roma, a partir de este jueves 30 de octubre<strong> nos visitar\u00e1n en Espa\u00f1a una comisi\u00f3n de 19 personas originarias de la regi\u00f3n Panamaz\u00f3nica, parte del Equipo Itinerante de la REPAM y pertenecientes al Consejo Indigenista Misionero (CIMI), organizaci\u00f3n liderada por Fernando L\u00f3pez SJ<\/strong>, con la idea de compartir los ecos del S\u00ednodo Amaz\u00f3nico y la importancia del cuidado de la Casa Com\u00fan y la defensa de los pueblos ind\u00edgenas que habitan la Amazon\u00eda. Adem\u00e1s de contarnos de viva voz lo vivido en Roma, quieren comprometer&nbsp;y animarnos a seguir sumando esfuerzos en esa clave.&nbsp;<\/p>\n<p><a href=\"https:\/\/www.entreculturas.org\/es\/content\/sumate-al-cuidado-de-la-casa-comun\" target=\"_blank\" rel=\"noopener\"><img decoding=\"async\" alt=\"\" src=\"https:\/\/www.entreculturas.org\/wp-content\/uploads\/2019\/10\/dona2_20.jpg\" style=\"width: 300px;height: 128px\"><\/a><\/p>\n<p>Desde <strong>Entreculturas, como parte de <a href=\"https:\/\/www.enlazateporlajusticia.org\/\" target=\"_blank\" rel=\"noopener\">Enl\u00e1zate por la Justicia<\/a> (C\u00e1ritas, Cedis, Confer, Justicia y Paz, Manos Unidas y Redes) y junto a la <a href=\"https:\/\/redamazonica.org\/\" target=\"_blank\" rel=\"noopener\">Red Eclesial Panamaz\u00f3nica <\/a>(REPAM)<\/strong>, sumamos esfuerzos para llevar, durante m\u00e1s de dos semanas y a cerca de 20&nbsp;ciudades de Espa\u00f1a, las experiencias y el mensaje de nuestros hermanos y hermanas de la Amazon\u00eda en unos encuentros y charlas tituladas \u201cLa Amazon\u00eda que nos llama\u201d. A continuaci\u00f3n se pueden encontrar todos los detalles de la gira por Espa\u00f1a:&nbsp;<\/p>\n<p><span style=\"color:#FF0000\"><strong>A Coru\u00f1a<span> <\/span><\/strong><\/span><br \/><strong>Fecha: 08\/11\/ 2019<\/strong><br \/>Lugar:&nbsp; Centro Fonseca (R\u00faa Fonseca, 8, A Coru\u00f1a)<br \/>Hora: 19:30h<br \/>Con la participaci\u00f3n de: Raimunda Paixao, Laura Valtorta y Francisco Chagas Chafre.<\/p>\n<p><span style=\"color:#FF0000\"><strong>Alicante<\/strong><\/span><br \/><strong>Fecha: 12\/11\/2019<\/strong><br \/>Lugar: Colegio de la Inmaculada Jesuitas (Avda. Denia, 98 &#8211; CP 03016 &#8211; Alicante)<br \/>Hora: 12.35h &#8211; 14:00h<br \/>Con la participaci\u00f3n de: Andrey, Paula de Meireles, Ney Valente, Mar\u00eda Eugenia Lloros, Oscar Gonz\u00e1lez.<\/p>\n<p><strong>Fecha: 12\/11\/2019<\/strong><br \/>Lugar: Nazaret Alicante (Calle Calpe s\/n, 03005, Alicante)<br \/>Hora: 15:00h<br \/>Con la participaci\u00f3n de: Andrey, Paula de Meireles, Ney Valente, Mar\u00eda Eugenia Lloros, Oscar Gonz\u00e1lez.<\/p>\n<p><span style=\"color:#FF0000\"><strong>Badajoz<\/strong><\/span><br \/><strong>Fecha: 11\/11\/2019<\/strong><br \/>Hora: 19:30h<br \/>Lugar: Factor\u00eda Joven de Badajoz (Paseo Fluvial N\u00ba7)<br \/>Con la participaci\u00f3n de: Maria del Mar Bosch, Paulo Silva Souza, Ednamar de Oliveira Viana, Arizete Miranda Dinelly.<\/p>\n<p><span style=\"color:#FF0000\"><strong>Barcelona<\/strong><\/span><br \/><strong>Fecha: 12\/11\/2019<span> <\/span><\/strong><br \/>Lugar: Casal Loiola (Carrer de Balmes, 138, 08008, Barcelona).&nbsp;<br \/>Hora:19:30h<br \/>Con la participaci\u00f3n de: Joaninha Honorio Madeira, Izaias Flores Lopes, Patricia Marina Blasco Vasquez.<\/p>\n<p><span style=\"color:#FF0000\"><strong>Bilbao<\/strong><\/span><br \/>Fecha: 06\/11\/2019<br \/>Lugar: Arrupe Etxea, C\/Padre Lojendio, 2<br \/>Hora: 19:00h<br \/>Con la participaci\u00f3n de: Joaninha Honorio, Madeira Izaias Flores Lopes, Patricia Marina Blasco Vasquez.<\/p>\n<p><span style=\"color:#FF0000\"><strong>Burgos<span> <\/span><\/strong><\/span><br \/><strong>Fecha: 12- 13\/ 11\/ 2019<\/strong><br \/>Lugar: Residencia de los Jesuitas (Calle Molinillo 3, 3\u00ba planta)<br \/>Hora: 19:30h<br \/>Con la participaci\u00f3n de: Raimunda Paixao, Laura Valtorta y Francisco Chagas Chafre.<\/p>\n<p><strong><span style=\"color:#FF0000\">C\u00f3rdoba<\/span><br \/>Fecha: 05\/11\/2019<\/strong><br \/>Lugar: Sal\u00f3n de actos del Centro Cultural San Hip\u00f3lito (Avda. Gran Capit\u00e1n N\u00ba 5)<br \/>Hora: 19:30h<br \/>Con la participaci\u00f3n de: Maria del Mar Bosch, Paulo Silva Souza, Ednamar de Oliveira Viana, Arizete Miranda Dinelly.<\/p>\n<p><strong><span style=\"color:#FF0000\">Granada<\/span><br \/>Fecha:&nbsp;Por confirmar<\/strong><br \/>Lugar: <em>Por confirmar<\/em><br \/>Hora: <em>Por confirmar<\/em><br \/>Con la participaci\u00f3n de: <em>Por confirmar<\/em><\/p>\n<p><span style=\"color:#FF0000\"><strong>Huelva<\/strong><\/span><br \/><strong>Fecha: 06\/11\/2019<\/strong><br \/>Hora: 12:00h.<br \/>Lugar: SAFA Funcadia (Alameda Sundheim, 3)<br \/>Con la participaci\u00f3n de: Maria del Mar Bosch, Paulo Silva Souza, Ednamar de Oliveira Viana, Arizete Miranda Dinelly<\/p>\n<p><strong>Fecha: 06\/11\/2019<\/strong><br \/>Hora: 19:00h.&nbsp;<br \/>Lugar: Centro Javier&nbsp; (Calle Fernando el Cat\u00f3lico, 2)<br \/>Con la participaci\u00f3n de: Maria del Mar Bosch, Paulo Silva Souza, Ednamar de Oliveira Viana, Arizete Miranda Dinelly.<\/p>\n<p><span style=\"color:#FF0000\"><strong>Jerez de la Frontera<\/strong><\/span><br \/><strong>Fecha: 12\/11\/2019<\/strong><br \/>Hora:&nbsp; 19:00h<br \/>Lugar: Auditorio Juan Pablo II, Obispado Asidonia- Jerez (Plaza del Arroyo, 50, Jerez de la Frontera)<br \/>Con la participaci\u00f3n de: Maria del Mar Bosch, Paulo Silva Souza, Ednamar de Oliveira Viana, Arizete Miranda Dinelly<\/p>\n<p><strong><span style=\"color:#FF0000\">La Palma<\/span><br \/>Fecha: 04\/11\/2019<\/strong><br \/>Lugar: Espacio Cultural de Santa Cruz de La Palma (Plaza de Espa\u00f1a, 3)<br \/>Hora: 19:00h.<br \/>Con la participaci\u00f3n de: Fernando L\u00f3pez SJ y equipo itinerante de la REPAM.<\/p>\n<p><span style=\"color:#FF0000\"><strong>Lanzarote<span> <\/span><\/strong><\/span><br \/><strong>Fecha: 12\/11\/2019<\/strong><br \/>Lugar: Centro C\u00edvico San Francisco Javier (Calle El Forito s\/n, Arrecife, Lanzarote)<br \/>Hora: 17:00h&nbsp;<br \/>Con la participaci\u00f3n de: Fernando L\u00f3pez SJ, junto a los equipos itinerantes de la Red Eclesial Panamaz\u00f3nica.<\/p>\n<p><span style=\"color:#FF0000\"><strong>Las Palmas de Gran Canaria<\/strong><\/span><br \/><strong>Fecha: 11\/11\/2019<\/strong><br \/>Lugar: Casa de la Iglesia (C\/Dr. Chil n\u00ba 17, Vegueta, Las Palmas de G.C.)<br \/>Hora: <span> <\/span>19:00h<br \/>Con la participaci\u00f3n de: Fernando L\u00f3pez SJ junto a los equipos itinerantes de la REPAM.<\/p>\n<p><span style=\"color:#FF0000\"><strong>Le\u00f3n<\/strong><\/span><br \/><strong>Fecha: 10-11\/ 11\/ 2019<\/strong><br \/>Lugar: <em>Por confirmar<\/em><br \/>Hora: <em>Por confirmar<\/em><br \/>Con la participaci\u00f3n de: Raimunda Paixao, Laura Valtorta y Francisco Chagas Chafre.<\/p>\n<p><span style=\"color:#FF0000\"><strong>Logro\u00f1o<\/strong><\/span><br \/><strong>Fecha: 04\/11\/2019<span> <\/span><\/strong><br \/>Lugar: Ateneo Riojano (Muro de Cervantes 1, 1\u00ba. 26001, Logro\u00f1o, La Rioja)<br \/>Hora: 19:00h<span> <\/span><br \/>Con la participaci\u00f3n de: Joaninha Honorio, Madeira Izaias Flores Lopes, Patricia Marina Blasco Vasquez.<\/p>\n<p><span style=\"color:#FF0000\"><strong>Madrid<\/strong><\/span><br \/><strong>Fecha: 30\/10\/2019<\/strong><br \/>Lugar: Sede Entreculturas (Calle Maldonado, 1, Piso 3)<br \/>Hora: 11:30h &#8211; 13:00h<br \/>Con la participaci\u00f3n de: Fernando L\u00f3pez SJ, comunidades ind\u00edgenas y equipo itinerante de la REPAM.<\/p>\n<p><strong>Fecha: 30\/10\/2019<\/strong><br \/><span style=\"color:#FF0000\"><strong>II Encuentro Vida Nueva: \u2018S\u00ednodo para la Amazon\u00eda: \u00bfprofec\u00eda o herej\u00eda?\u2019.<\/strong><\/span><br \/>Lugar: Auditorio del Banco Sabadell (Calle Serrano, 71)<br \/>Hora: 19:00 horas.<br \/>Con la participaci\u00f3n de: Baltazar Porras, arzobispo em\u00e9rito de M\u00e9rida (Venezuela) y presidente delegado del S\u00ednodo Panamaz\u00f3nico; Mar\u00eda Luisa Berzosa, consultora de la Secretar\u00eda General del S\u00ednodo de los Obispos; Arizete Miranda, religiosa ind\u00edgena brasile\u00f1a y auditora del S\u00ednodo Panamaz\u00f3nico; y Fernando L\u00f3pez, Equipo Itinerante de la Red Eclesial Panamaz\u00f3nica (REPAM).<br \/><em>Imprescindible confirmar asistencia en vidanueva@ppc-editorial.com<\/em><\/p>\n<p><strong>Fecha: 14\/11\/2019<br \/><span style=\"color:#FF0000\">Mesa Redonda para la Amazon\u00eda<\/span><\/strong><br \/>Lugar: Jesuitas Maldonado (Calle Maldonado, 1, Madrid)<br \/>Hora: 20:00h<br \/>Con la participaci\u00f3n de: Fernando L\u00f3pez SJ y equipo itinerante de la REPAM.<\/p>\n<p><strong><span style=\"color:#FF0000\">M\u00e1laga<\/span><br \/>Fecha: 04\/11\/2019<\/strong><br \/>Lugar:&nbsp;Centro Arrupe de M\u00e1laga&nbsp;(Plaza de San Ignacio n\u00ba2)<br \/>Hora: 20:00h<br \/>Con la participaci\u00f3n:&nbsp;Maria del Mar Bosch, Paulo Silva Souza, Ednamar de Oliveira Viana, Arizete Miranda Dinelly.<\/p>\n<p><span style=\"color:#FF0000\"><strong>Pamplona<\/strong><\/span><br \/><strong>Fecha: 05\/11\/19<\/strong><br \/>Lugar: Sal\u00f3n Azul, Jesu\u00edtas<br \/>Hora: 18:30h<br \/>Con la participaci\u00f3n de: Joaninha Honorio, Madeira Izaias Flores Lopes, Patricia Marina Blasco Vasquez.<\/p>\n<p><strong><span style=\"color:#FF0000\">Puerto Real<\/span><br \/>Fecha: 13\/11\/2019<\/strong><br \/>Lugar: Facultad de ciencias de la Educaci\u00f3n. Campus de Puerto Real. Sala Alicia Plaza.<br \/>Hora: 12:00h<br \/>Con la participaci\u00f3n: Maria del Mar Bosch, Paulo Silva Souza, Ednamar de Oliveira Viana, Arizete Miranda Dinelly<\/p>\n<p><span style=\"color:#FF0000\"><strong>Salamanca<span> <\/span><\/strong><\/span><br \/><strong>Fecha: 03\/11\/ 2019<\/strong><br \/>Lugar: Parroquia El Milagro San Jos\u00e9 Jesuitas&nbsp;(Paseo de S. Antonio, 44, 37003 Salamanca)<br \/>Hora: 12:00 h<br \/>Acto: Participaci\u00f3n en la eucarist\u00eda&nbsp;<br \/>Con la participaci\u00f3n de: Raimunda Paixao, Laura Valtorta y Francisco Chagas Chafre.<\/p>\n<p><span style=\"color:#FF0000\"><strong>Santiago<span> <\/span><\/strong><\/span><br \/><strong>Fecha: 07\/11\/ 2019<\/strong><br \/>Lugar: Auditorio Afundaci\u00f3n (Calle R\u00faa do Vilar, 19)<br \/>Hora: 20:15h<br \/>Con la participaci\u00f3n de: Raimunda Paixao, Laura Valtorta y Francisco Chagas Chafre.<\/p>\n<p><strong><span style=\"color:#FF0000\">Santa Cruz de La Palma<\/span><br \/>Fecha: 04\/11\/2019<\/strong><br \/>Lugar: Museo Arqueol\u00f3gico Benahorita. Los Llanos<br \/>Hora: 10:00h &#8211; 12:00h.<br \/>Con la participaci\u00f3n de Fernando L\u00f3pez sj. y equipo itinerante de la Amazon\u00eda.<\/p>\n<p><strong>Fecha: 04\/11\/2019<\/strong><br \/>Lugar: Espacio Cultural de Santa Cruz de La Palma (Plaza de Espa\u00f1a, 3)<br \/>Hora: 19:00h.<br \/>Con la participaci\u00f3n de: Fernando L\u00f3pez SJ y equipo itinerante de la REPAM.<\/p>\n<p><strong>Fecha: 05\/11\/2019<\/strong><br \/>Lugar: Teatro Circo Marte. S\/C de La Palma<br \/>Hora: 10:00h &#8211; 12:00h.<br \/>Con la participaci\u00f3n de: Fernando L\u00f3pez SJ. y equipo itinerante de la Amazon\u00eda.<\/p>\n<p><span style=\"color:#FF0000\"><strong>San Sebasti\u00e1n<\/strong><\/span><br \/><strong>Fecha: 07\/11\/19<\/strong><br \/>Lugar: Sala Arrupe, C\/Garibay, 19<br \/>Hora: 19:00h<br \/>Con la participaci\u00f3n de: Joaninha Honorio, Madeira Izaias Flores Lopes, Patricia Marina Blasco Vasquez.<\/p>\n<p><strong><span style=\"color:#FF0000\">Sevilla<\/span><br \/>Fecha: 07\/11\/2019<\/strong><br \/>Lugar: Sal\u00f3n de Actos del Colegio Claret (Calle Monz\u00f3n con Avda. Padre Garc\u00eda Tejero)&nbsp;<br \/>Hora: 19:30h<br \/>Con la participaci\u00f3n de: Maria del Mar Bosch, Paulo Silva Souza, Ednamar de Oliveira Viana, Arizete Miranda Dinelly.<\/p>\n<p><strong><span style=\"color:#FF0000\">Tazacorte<\/span><br \/>Fecha: 03\/11\/2019<\/strong><br \/>Lugar: Parroquia de San Miguel. Tazacorte<br \/>Hora: 17:00h.<br \/>Con la participaci\u00f3n de: Fernando L\u00f3pez sj. y equipo itinerante de la Amazon\u00eda.<\/p>\n<p><strong><span style=\"color:#FF0000\">Tenerife<\/span><br \/>Fecha: 07\/11\/2019<\/strong>&nbsp;<br \/>Lugar: Sala Cultural de la Fundaci\u00f3n Radio ECCA&nbsp; (C\/ Gumersindo Robayna Galv\u00e1n, n\u00ba 4 S\/C de Tenerife).&nbsp;<br \/>Hora: 19:00h.<br \/>Con la participaci\u00f3n de: Fernando L\u00f3pez SJ junto a los equipos itinerantes de la REPAM.<\/p>\n<p><span style=\"color:#FF0000\"><strong>Valencia<\/strong><\/span><br \/><strong>Fecha: 11\/11\/2019<\/strong><br \/>Hora: 12:00h &#8211; 14:00h (Charla con estudiantes)<br \/>Lugar: Escuela San Jos\u00e9 &#8211; Jesuitas (Avinguda de les Corts Valencianes, 46015, Valencia)<br \/>Con la participaci\u00f3n de: Andrey, Paula de Meireles, Ney Valente, Mar\u00eda Eugenia Lloros, Oscar Gonz\u00e1lez.<\/p>\n<p><strong>Fecha: 11\/11\/2019<\/strong><br \/>Hora: 17:00h (Charla con Profesorado)<br \/>Lugar: Escuela San Jos\u00e9 &#8211; Jesuitas (Avinguda de les Corts Valencianes, 46015, Valencia)<br \/>Con la participaci\u00f3n de: Andrey, Paula de Meireles, Ney Valente, Mar\u00eda Eugenia Lloros, Oscar Gonz\u00e1lez.<\/p>\n<p><strong><span style=\"color:#FF0000\">Valladolid<span> <\/span><\/span><\/strong><br \/><strong>Fecha: 04\/11\/2019<\/strong><br \/>18:00h Jornadas sobre la Amazon\u00eda en la Sala San Agust\u00edn de los Agustinos de Filipinos. Intervienen Rafael Cob, obispo de Puyo -Ecuador- y Sonia Olea, de C\u00e1ritas Espa\u00f1ola, con la presentaci\u00f3n del Informe Vulneraci\u00f3n de Derechos de la Amazon\u00eda (REPAM).<br \/>21:15h Centro Loyola de Valladolid<br \/>Con la participaci\u00f3n de: Raimunda Paixao, Laura Valtorta y Francisco Chagas Chafre<\/p>\n<p><strong>Fecha: 05\/11\/2019<\/strong><br \/>8.30h. Visita al Servicio de Cooperaci\u00f3n de la Junta de Castilla y Le\u00f3n&nbsp;<br \/>11.00h. Charla con los alumnos de INEA y visita a las instalaciones.<br \/>18.00h.&nbsp; Jornadas sobre la Amazon\u00eda en la Sala San Agust\u00edn de los Agustinos de Filipinos. Compartir\u00e1n sus experiencias vitales de la lucha por la Amazon\u00eda.<br \/>Con la participaci\u00f3n de: Raimunda Paixao, Laura Valtorta y Francisco Chagas Chafre<\/p>\n<p><strong><span style=\"color:#FF0000\">Vigo<\/span><br \/>Fecha: 06\/11\/2019<\/strong><br \/>Lugar: Parroquia Coraz\u00f3n de Mar\u00eda (R\u00faa Honduras, 7, 36204 Vigo, Pontevedra)<br \/>Hora: 20:00 h<br \/>Acto: Charla-coloquio<br \/>Con la participaci\u00f3n de: Raimunda Paixao, Laura Valtorta y Francisco Chagas Chafre.<\/p>\n<p><strong><span style=\"color:#FF0000\">Zaragoza<\/span><br \/>Fecha: 09\/11\/2019<span> <\/span><\/strong><br \/>Lugar:&nbsp;<br \/>Hora: 19:00h<span> <\/span><br \/>Con la participaci\u00f3n de: Joaninha Honorio Madeira, Izaias Flores Lopes, Patricia Marina Blasco Vasquez.<\/p>\n","protected":false},"excerpt":{"rendered":"<p>Entreculturas, a trav\u00e9s de Enl\u00e1zate por la Justicia y la Red Eclesial Panamaz\u00f3nica presentan: \u00ab\u00a0Encuentros, di\u00e1logos y charlas sobre la Amazon\u00eda, sus pueblos ind\u00edgenas y el S\u00ednodo Amaz\u00f3nico\u00a0\u00bb, junto a Fernando L\u00f3pez SJ y el equipo itinerante de la REPAM. Durante m\u00e1s de dos semanas y a cerca de 20 ciudades de Espa\u00f1a, nuestros hermanos y hermanas de la Amazon\u00eda compartir\u00e1n las experiencias y el mensaje en unos encuentros y charlas tituladas \u201cLa Amazon\u00eda que nos llama\u201d.<\/p>\n","protected":false},"featured_media":3778,"template":"single-noticia","meta":{"_acf_changed":false},"categories":[7],"tags":[256],"country":[],"cause":[131],"class_list":["post-3775","noticia","type-noticia","status-publish","has-post-thumbnail","hentry","category-noticia","tag-justicia-socioambiental","cause-justicia-medioambiental"],"acf":[],"yoast_head":"<!-- This site is optimized with the Yoast SEO Premium plugin v21.6 (Yoast SEO v27.5) - https:\/\/yoast.com\/product\/yoast-seo-premium-wordpress\/ -->\n<title>La Amazon\u00eda que nos llama - Entreculturas<\/title>\n<meta name=\"robots\" content=\"index, follow, max-snippet:-1, max-image-preview:large, max-video-preview:-1\" \/>\n<link rel=\"canonical\" href=\"https:\/\/www.entreculturas.org\/fr\/noticia\/la-amazonia-que-nos-llama\/\" \/>\n<meta property=\"og:locale\" content=\"fr_FR\" \/>\n<meta property=\"og:type\" content=\"article\" \/>\n<meta property=\"og:title\" content=\"La Amazon\u00eda que nos llama\" \/>\n<meta property=\"og:description\" content=\"Entreculturas, a trav\u00e9s de Enl\u00e1zate por la Justicia y la Red Eclesial Panamaz\u00f3nica presentan: &quot;Encuentros, di\u00e1logos y charlas sobre la Amazon\u00eda, sus pueblos ind\u00edgenas y el S\u00ednodo Amaz\u00f3nico&quot;, junto a Fernando L\u00f3pez SJ y el equipo itinerante de la REPAM. Durante m\u00e1s de dos semanas y a cerca de 20 ciudades de Espa\u00f1a, nuestros hermanos y hermanas de la Amazon\u00eda compartir\u00e1n las experiencias y el mensaje en unos encuentros y charlas tituladas \u201cLa Amazon\u00eda que nos llama\u201d.\" \/>\n<meta property=\"og:url\" content=\"https:\/\/www.entreculturas.org\/fr\/noticia\/la-amazonia-que-nos-llama\/\" \/>\n<meta property=\"og:site_name\" content=\"Entreculturas\" \/>\n<meta property=\"article:publisher\" content=\"https:\/\/www.facebook.com\/entreculturas\" \/>\n<meta property=\"article:modified_time\" content=\"2024-03-19T18:58:18+00:00\" \/>\n<meta property=\"og:image\" content=\"https:\/\/www.entreculturas.org\/wp-content\/uploads\/2019\/10\/dscf5471_baja.jpg\" \/>\n\t<meta property=\"og:image:width\" content=\"800\" \/>\n\t<meta property=\"og:image:height\" content=\"533\" \/>\n\t<meta property=\"og:image:type\" content=\"image\/jpeg\" \/>\n<meta name=\"twitter:card\" content=\"summary_large_image\" \/>\n<meta name=\"twitter:site\" content=\"@Entreculturas\" \/>\n<script type=\"application\/ld+json\" class=\"yoast-schema-graph\">{\"@context\":\"https:\\\/\\\/schema.org\",\"@graph\":[{\"@type\":\"WebPage\",\"@id\":\"https:\\\/\\\/www.entreculturas.org\\\/fr\\\/noticia\\\/la-amazonia-que-nos-llama\\\/\",\"url\":\"https:\\\/\\\/www.entreculturas.org\\\/fr\\\/noticia\\\/la-amazonia-que-nos-llama\\\/\",\"name\":\"La Amazon\u00eda que nos llama - Entreculturas\",\"isPartOf\":{\"@id\":\"https:\\\/\\\/www.entreculturas.org\\\/fr\\\/#website\"},\"primaryImageOfPage\":{\"@id\":\"https:\\\/\\\/www.entreculturas.org\\\/fr\\\/noticia\\\/la-amazonia-que-nos-llama\\\/#primaryimage\"},\"image\":{\"@id\":\"https:\\\/\\\/www.entreculturas.org\\\/fr\\\/noticia\\\/la-amazonia-que-nos-llama\\\/#primaryimage\"},\"thumbnailUrl\":\"https:\\\/\\\/www.entreculturas.org\\\/wp-content\\\/uploads\\\/2019\\\/10\\\/dscf5471_baja.jpg\",\"datePublished\":\"2019-10-28T14:39:49+00:00\",\"dateModified\":\"2024-03-19T18:58:18+00:00\",\"breadcrumb\":{\"@id\":\"https:\\\/\\\/www.entreculturas.org\\\/fr\\\/noticia\\\/la-amazonia-que-nos-llama\\\/#breadcrumb\"},\"inLanguage\":\"fr-FR\",\"potentialAction\":[{\"@type\":\"ReadAction\",\"target\":[\"https:\\\/\\\/www.entreculturas.org\\\/fr\\\/noticia\\\/la-amazonia-que-nos-llama\\\/\"]}]},{\"@type\":\"ImageObject\",\"inLanguage\":\"fr-FR\",\"@id\":\"https:\\\/\\\/www.entreculturas.org\\\/fr\\\/noticia\\\/la-amazonia-que-nos-llama\\\/#primaryimage\",\"url\":\"https:\\\/\\\/www.entreculturas.org\\\/wp-content\\\/uploads\\\/2019\\\/10\\\/dscf5471_baja.jpg\",\"contentUrl\":\"https:\\\/\\\/www.entreculturas.org\\\/wp-content\\\/uploads\\\/2019\\\/10\\\/dscf5471_baja.jpg\",\"width\":800,\"height\":533,\"caption\":\"dscf5471_baja\"},{\"@type\":\"BreadcrumbList\",\"@id\":\"https:\\\/\\\/www.entreculturas.org\\\/fr\\\/noticia\\\/la-amazonia-que-nos-llama\\\/#breadcrumb\",\"itemListElement\":[{\"@type\":\"ListItem\",\"position\":1,\"name\":\"Home\",\"item\":\"https:\\\/\\\/www.entreculturas.org\\\/fr\\\/\"},{\"@type\":\"ListItem\",\"position\":2,\"name\":\"Noticias\",\"item\":\"https:\\\/\\\/www.entreculturas.org\\\/fr\\\/noticias\\\/\"},{\"@type\":\"ListItem\",\"position\":3,\"name\":\"La Amazon\u00eda que nos llama\"}]},{\"@type\":\"WebSite\",\"@id\":\"https:\\\/\\\/www.entreculturas.org\\\/fr\\\/#website\",\"url\":\"https:\\\/\\\/www.entreculturas.org\\\/fr\\\/\",\"name\":\"Entreculturas\",\"description\":\"\",\"publisher\":{\"@id\":\"https:\\\/\\\/www.entreculturas.org\\\/fr\\\/#organization\"},\"alternateName\":\"Entreculturas\",\"potentialAction\":[{\"@type\":\"SearchAction\",\"target\":{\"@type\":\"EntryPoint\",\"urlTemplate\":\"https:\\\/\\\/www.entreculturas.org\\\/fr\\\/?s={search_term_string}\"},\"query-input\":{\"@type\":\"PropertyValueSpecification\",\"valueRequired\":true,\"valueName\":\"search_term_string\"}}],\"inLanguage\":\"fr-FR\"},{\"@type\":\"Organization\",\"@id\":\"https:\\\/\\\/www.entreculturas.org\\\/fr\\\/#organization\",\"name\":\"Entreculturas\",\"url\":\"https:\\\/\\\/www.entreculturas.org\\\/fr\\\/\",\"logo\":{\"@type\":\"ImageObject\",\"inLanguage\":\"fr-FR\",\"@id\":\"https:\\\/\\\/www.entreculturas.org\\\/fr\\\/#\\\/schema\\\/logo\\\/image\\\/\",\"url\":\"https:\\\/\\\/www.entreculturas.org\\\/wp-content\\\/uploads\\\/2025\\\/10\\\/ESP.svg\",\"contentUrl\":\"https:\\\/\\\/www.entreculturas.org\\\/wp-content\\\/uploads\\\/2025\\\/10\\\/ESP.svg\",\"caption\":\"Entreculturas\"},\"image\":{\"@id\":\"https:\\\/\\\/www.entreculturas.org\\\/fr\\\/#\\\/schema\\\/logo\\\/image\\\/\"},\"sameAs\":[\"https:\\\/\\\/www.facebook.com\\\/entreculturas\",\"https:\\\/\\\/x.com\\\/Entreculturas\",\"https:\\\/\\\/www.instagram.com\\\/entreculturas\\\/\",\"https:\\\/\\\/www.youtube.com\\\/user\\\/entreculturasvideo\",\"https:\\\/\\\/www.linkedin.com\\\/company\\\/fundacion-entreculturas-ngdo\\\/\",\"https:\\\/\\\/www.flickr.com\\\/photos\\\/98455522@N04\\\/albums\\\/\"]}]}<\/script>\n<!-- \/ Yoast SEO Premium plugin. -->","yoast_head_json":{"title":"La Amazon\u00eda que nos llama - Entreculturas","robots":{"index":"index","follow":"follow","max-snippet":"max-snippet:-1","max-image-preview":"max-image-preview:large","max-video-preview":"max-video-preview:-1"},"canonical":"https:\/\/www.entreculturas.org\/fr\/noticia\/la-amazonia-que-nos-llama\/","og_locale":"fr_FR","og_type":"article","og_title":"La Amazon\u00eda que nos llama","og_description":"Entreculturas, a trav\u00e9s de Enl\u00e1zate por la Justicia y la Red Eclesial Panamaz\u00f3nica presentan: \"Encuentros, di\u00e1logos y charlas sobre la Amazon\u00eda, sus pueblos ind\u00edgenas y el S\u00ednodo Amaz\u00f3nico\", junto a Fernando L\u00f3pez SJ y el equipo itinerante de la REPAM. Durante m\u00e1s de dos semanas y a cerca de 20 ciudades de Espa\u00f1a, nuestros hermanos y hermanas de la Amazon\u00eda compartir\u00e1n las experiencias y el mensaje en unos encuentros y charlas tituladas \u201cLa Amazon\u00eda que nos llama\u201d.","og_url":"https:\/\/www.entreculturas.org\/fr\/noticia\/la-amazonia-que-nos-llama\/","og_site_name":"Entreculturas","article_publisher":"https:\/\/www.facebook.com\/entreculturas","article_modified_time":"2024-03-19T18:58:18+00:00","og_image":[{"width":800,"height":533,"url":"https:\/\/www.entreculturas.org\/wp-content\/uploads\/2019\/10\/dscf5471_baja.jpg","type":"image\/jpeg"}],"twitter_card":"summary_large_image","twitter_site":"@Entreculturas","schema":{"@context":"https:\/\/schema.org","@graph":[{"@type":"WebPage","@id":"https:\/\/www.entreculturas.org\/fr\/noticia\/la-amazonia-que-nos-llama\/","url":"https:\/\/www.entreculturas.org\/fr\/noticia\/la-amazonia-que-nos-llama\/","name":"La Amazon\u00eda que nos llama - Entreculturas","isPartOf":{"@id":"https:\/\/www.entreculturas.org\/fr\/#website"},"primaryImageOfPage":{"@id":"https:\/\/www.entreculturas.org\/fr\/noticia\/la-amazonia-que-nos-llama\/#primaryimage"},"image":{"@id":"https:\/\/www.entreculturas.org\/fr\/noticia\/la-amazonia-que-nos-llama\/#primaryimage"},"thumbnailUrl":"https:\/\/www.entreculturas.org\/wp-content\/uploads\/2019\/10\/dscf5471_baja.jpg","datePublished":"2019-10-28T14:39:49+00:00","dateModified":"2024-03-19T18:58:18+00:00","breadcrumb":{"@id":"https:\/\/www.entreculturas.org\/fr\/noticia\/la-amazonia-que-nos-llama\/#breadcrumb"},"inLanguage":"fr-FR","potentialAction":[{"@type":"ReadAction","target":["https:\/\/www.entreculturas.org\/fr\/noticia\/la-amazonia-que-nos-llama\/"]}]},{"@type":"ImageObject","inLanguage":"fr-FR","@id":"https:\/\/www.entreculturas.org\/fr\/noticia\/la-amazonia-que-nos-llama\/#primaryimage","url":"https:\/\/www.entreculturas.org\/wp-content\/uploads\/2019\/10\/dscf5471_baja.jpg","contentUrl":"https:\/\/www.entreculturas.org\/wp-content\/uploads\/2019\/10\/dscf5471_baja.jpg","width":800,"height":533,"caption":"dscf5471_baja"},{"@type":"BreadcrumbList","@id":"https:\/\/www.entreculturas.org\/fr\/noticia\/la-amazonia-que-nos-llama\/#breadcrumb","itemListElement":[{"@type":"ListItem","position":1,"name":"Home","item":"https:\/\/www.entreculturas.org\/fr\/"},{"@type":"ListItem","position":2,"name":"Noticias","item":"https:\/\/www.entreculturas.org\/fr\/noticias\/"},{"@type":"ListItem","position":3,"name":"La Amazon\u00eda que nos llama"}]},{"@type":"WebSite","@id":"https:\/\/www.entreculturas.org\/fr\/#website","url":"https:\/\/www.entreculturas.org\/fr\/","name":"Entreculturas","description":"","publisher":{"@id":"https:\/\/www.entreculturas.org\/fr\/#organization"},"alternateName":"Entreculturas","potentialAction":[{"@type":"SearchAction","target":{"@type":"EntryPoint","urlTemplate":"https:\/\/www.entreculturas.org\/fr\/?s={search_term_string}"},"query-input":{"@type":"PropertyValueSpecification","valueRequired":true,"valueName":"search_term_string"}}],"inLanguage":"fr-FR"},{"@type":"Organization","@id":"https:\/\/www.entreculturas.org\/fr\/#organization","name":"Entreculturas","url":"https:\/\/www.entreculturas.org\/fr\/","logo":{"@type":"ImageObject","inLanguage":"fr-FR","@id":"https:\/\/www.entreculturas.org\/fr\/#\/schema\/logo\/image\/","url":"https:\/\/www.entreculturas.org\/wp-content\/uploads\/2025\/10\/ESP.svg","contentUrl":"https:\/\/www.entreculturas.org\/wp-content\/uploads\/2025\/10\/ESP.svg","caption":"Entreculturas"},"image":{"@id":"https:\/\/www.entreculturas.org\/fr\/#\/schema\/logo\/image\/"},"sameAs":["https:\/\/www.facebook.com\/entreculturas","https:\/\/x.com\/Entreculturas","https:\/\/www.instagram.com\/entreculturas\/","https:\/\/www.youtube.com\/user\/entreculturasvideo","https:\/\/www.linkedin.com\/company\/fundacion-entreculturas-ngdo\/","https:\/\/www.flickr.com\/photos\/98455522@N04\/albums\/"]}]}},"_links":{"self":[{"href":"https:\/\/www.entreculturas.org\/fr\/wp-json\/wp\/v2\/noticia\/3775","targetHints":{"allow":["GET"]}}],"collection":[{"href":"https:\/\/www.entreculturas.org\/fr\/wp-json\/wp\/v2\/noticia"}],"about":[{"href":"https:\/\/www.entreculturas.org\/fr\/wp-json\/wp\/v2\/types\/noticia"}],"wp:featuredmedia":[{"embeddable":true,"href":"https:\/\/www.entreculturas.org\/fr\/wp-json\/wp\/v2\/media\/3778"}],"wp:attachment":[{"href":"https:\/\/www.entreculturas.org\/fr\/wp-json\/wp\/v2\/media?parent=3775"}],"wp:term":[{"taxonomy":"category","embeddable":true,"href":"https:\/\/www.entreculturas.org\/fr\/wp-json\/wp\/v2\/categories?post=3775"},{"taxonomy":"post_tag","embeddable":true,"href":"https:\/\/www.entreculturas.org\/fr\/wp-json\/wp\/v2\/tags?post=3775"},{"taxonomy":"country","embeddable":true,"href":"https:\/\/www.entreculturas.org\/fr\/wp-json\/wp\/v2\/country?post=3775"},{"taxonomy":"cause","embeddable":true,"href":"https:\/\/www.entreculturas.org\/fr\/wp-json\/wp\/v2\/cause?post=3775"}],"curies":[{"name":"wp","href":"https:\/\/api.w.org\/{rel}","templated":true}]}}