{"id":3743,"date":"2019-10-10T11:22:36","date_gmt":"2019-10-10T11:22:36","guid":{"rendered":"https:\/\/entreculturasi.wpenginepowered.com\/?noticias=no-quiero-contra-el-matrimonio-infantil-temprano-y-forzado"},"modified":"2024-03-19T19:59:51","modified_gmt":"2024-03-19T18:59:51","slug":"no-quiero-contra-el-matrimonio-infantil-temprano-y-forzado","status":"publish","type":"noticia","link":"https:\/\/www.entreculturas.org\/fr\/noticia\/no-quiero-contra-el-matrimonio-infantil-temprano-y-forzado\/","title":{"rendered":"\u00ab\u00a0\u00a1NO QUIERO!, contra el matrimonio infantil, temprano y forzado\u00a0\u00bb"},"content":{"rendered":"<p>Las organizaciones Amnist\u00eda Internacional, Entreculturas, Mundo Cooperante y Save the Children nos hemos&nbsp;unido con motivo del <strong>D\u00eda Internacional de la Ni\u00f1a<\/strong> para exigir una <strong>verdadera protecci\u00f3n de las ni\u00f1as y las mujeres frente al matrimonio infantil, temprano y forzado<\/strong> y apoyar la lucha que lideran organizaciones y activistas en todo el mundo. En la rueda de prensa, que ha tenido lugar esta ma\u00f1ana en el C\u00edrculo de Bellas Artes de Madrid, han participado <strong>Hadiqa Bashir<\/strong>, activista por los derechos de las ni\u00f1as en Pakist\u00e1n y <strong>Kadiatu Massaquoi<\/strong>, v\u00edctima de matrimonio infantil en Sierra Leona.<\/p>\n<p><strong><span style=\"color:#ff0102\">\u201cCuando casaron con 7 a\u00f1os a mi amiga, no entend\u00edamos, solo est\u00e1bamos emocionadas por la boda.<\/span><\/strong> Pero pronto vimos que ya no pod\u00eda venir con nosotras, hasta que un d\u00eda apareci\u00f3 p\u00e1lida y con heridas: su marido le hab\u00eda golpeado con un alambre de hierro. Ese incidente se me qued\u00f3 grabado para siempre. Por eso, cuando ten\u00eda 11 a\u00f1os y la propuesta de matrimonio lleg\u00f3 para m\u00ed, decid\u00ed oponerme. Con la ayuda de mi t\u00edo lo consegu\u00ed, y por eso me di cuenta de que yo tambi\u00e9n ten\u00eda que ayudar a otras \u201d, relata Hadiqa, activista pakistan\u00ed por los derechos de las ni\u00f1as que con tan solo 17 a\u00f1os se ha convertido en la voz de su comunidad y ha recibido numerosos premios por su lucha.&nbsp;<\/p>\n<p><strong><span style=\"color:#ff0102\">\u201cHaber pasado por esta experiencia te hace comprender que necesitamos apoyo en esta lucha.<\/span><\/strong> Porque si fuerzas a las ni\u00f1as a casarse y quedarse embarazadas demasiado pronto, cuando ni siquiera est\u00e1n preparadas f\u00edsicamente para dar a luz, les dejas en una situaci\u00f3n vulnerable donde pueden sufrir violencia o incluso morir\u201d, declara Kadiatu, de 17 a\u00f1os, casada y con dos hijos, que tuvo que abandonar la escuela a los 14 a\u00f1os al fallecer su padre y ser obligada a casarse con 15 a\u00f1os tras quedarse embarazada.<\/p>\n<\/p>\n<p>Las organizaciones denuncian que <strong>cada d\u00eda 34.500 ni\u00f1as contraen matrimonio antes de cumplir los 18 a\u00f1os<\/strong> en pa\u00edses como Burkina Faso, Sud\u00e1n del Sur, Rep\u00fablica Centroafricana, Yemen o Bangladesh, pero tambi\u00e9n en otros como Reino Unido o Estados Unidos. Actualmente se estima que un total de 650 millones de mujeres de todo el mundo fueron casadas cuando eran ni\u00f1as, seg\u00fan UNICEF.<\/p>\n<p>Por regiones, los niveles de matrimonio infantil m\u00e1s altos est\u00e1n en \u00c1frica subsahariana, donde aproximadamente<strong> 4 de cada 10 mujeres j\u00f3venes se casaron antes de los 18 a\u00f1os<\/strong>, seguidas del sur de Asia, donde lo estaban 3 de cada 10. La tercera en nivel de prevalencia a nivel mundial es Am\u00e9rica Latina y Caribe (23% en 2017) y por \u00faltimo Oriente Medio y \u00c1frica del Norte (17%) y Europa oriental y Asia central (11%).<\/p>\n<p>Por pa\u00edses, aquellos en en los que m\u00e1s mujeres de 20 a 24 a\u00f1os se casaron por primera vez antes de los 15 a\u00f1os son Chad (30%), Rep\u00fablica Centroafricana (29%), N\u00edger (28%), Bangladesh (22%) y Guinea (19%); y los pa\u00edses en los que se han casado antes de los 18 a\u00f1os son N\u00edger (76%), Rep\u00fablica Centroafricana (68%), Chad (67%), Bangladesh (59%) y Mali (52%).<\/p>\n<p>\u201cEste tipo de matrimonios constituye un ejemplo m\u00e1s de la violencia que sufren las mujeres y las ni\u00f1as en todo el mundo. Es una violencia que, desgraciadamente no conoce fronteras geogr\u00e1ficas, sociales, econ\u00f3micas ni culturales y adquiere m\u00faltiples formas. Y a pesar de los avances conseguidos y de que muchos mecanismos internacionales establecen las bases para proteger a las ni\u00f1as y a las mujeres de cualquier forma de coerci\u00f3n a este respecto y para <strong>establecer una edad m\u00ednima para el matrimonio<\/strong>, es una pr\u00e1ctica que todav\u00eda sigue siendo muy extendida y los Estados deben tomar medidas para prevenirlo y erradicarlo\u201d, asegura Eva Su\u00e1rez-Llanos, directora adjunta de Amnist\u00eda Internacional Espa\u00f1a.<\/p>\n<p>\u201cLa discriminaci\u00f3n y la desigualdad de g\u00e9nero, la pobreza, algunas costumbres que implican usar a las ni\u00f1as como moneda de cambio, y otros motivos como eludir a la justicia (y no responder ante actos de agresi\u00f3n sexual, violaci\u00f3n o secuestro) o proteger el supuesto honor de un clan son algunas de las <strong>causas de los matrimonios infantiles<\/strong> que se deben tener en cuenta a la hora de buscar posibles soluciones\u201d, declara Andr\u00e9s Conde, director general de Save the Children.<\/p>\n<p><img decoding=\"async\" alt=\"\" height=\"533\" src=\"https:\/\/www.entreculturas.org\/wp-content\/uploads\/2019\/10\/noticia-plano-general.jpg\" width=\"800\"><\/p>\n<p>\u201cLas ni\u00f1as que contraen matrimonio se enfrentan a m\u00faltiples consecuencias f\u00edsicas, intelectuales, psicol\u00f3gicas y emocionales.<strong> Se abre la puerta a la tortura y los malos tratos<\/strong>, y se vulneran muchos de sus derechos: la salud, sus derechos sexuales y reproductivos, la dignidad, el derecho a la informaci\u00f3n o a la no discriminaci\u00f3n. Adem\u00e1s, millones de ni\u00f1as est\u00e1n obligadas a abandonar la escuela, y en muchas ocasiones, a asumir responsabilidades dom\u00e9sticas\u201d, lamenta Daniel Villanueva, vicepresidente ejecutivo de Entreculturas.<\/p>\n<p>\u201cGracias al esfuerzo y la lucha de las mujeres y las ni\u00f1as, de organizaciones y de iniciativas de algunos organismos y el compromiso de algunos gobiernos,<strong> la prevalencia del matrimonio infantil est\u00e1 disminuyendo a nivel mundial.<\/strong> En la \u00faltima d\u00e9cada se han prevenido 25 millones de matrimonios infantiles. Sin embargo, si la comunidad internacional no reacciona a tiempo, el n\u00famero de mujeres casadas durante su infancia aumentar\u00e1 de los 650 millones actuales a 800 millones en 2030\u201d, denuncia Alb\u00e1n del Pino, director t\u00e9cnico de Mundo Cooperante.<\/p>\n<p><strong>Las organizaciones piden a los Estados que redoblen sus esfuerzos para poner fin a esta violaci\u00f3n de derechos humanos, y han pedido a las autoridades espa\u00f1olas:<\/strong><\/p>\n<ul>\n<li>Incluir, en las agendas pol\u00edticas, tanto bilaterales como en el marco de la Uni\u00f3n Europea, con aquellos pa\u00edses que mantienen esta pr\u00e1ctica, cuestiones destinadas a poner fin al matrimonio infantil y forzado.\u2028<\/li>\n<li>Destinar recursos presupuestarios suficientes a proyectos de cooperaci\u00f3n que tengan como objetivo fomentar que se ponga fin al matrimonio infantil y forzado. Estas intervenciones deben centrarse en fomentar el empoderamiento de las ni\u00f1as con un enfoque de protecci\u00f3n y educaci\u00f3n.\u2028<\/li>\n<li>Que ning\u00fan marco normativo en ning\u00fan pa\u00eds permita el matrimonio de menores de 18 a\u00f1os, incluido el de Espa\u00f1a, previendo excepciones con salvaguardias adecuadas en casos en los que una de las partes sea menor de esta edad, asegurando que el consentimiento es v\u00e1lido y no existen incentivos econ\u00f3micos, coacci\u00f3n o violencia.\u2028<\/li>\n<\/ul>\n<div>&nbsp;<\/div>\n","protected":false},"excerpt":{"rendered":"<p>Las organizaciones Amnist\u00eda Internacional, Entreculturas, Mundo Cooperante y Save the Children nos hemos unido con motivo del D\u00eda Internacional de la Ni\u00f1a para exigir una verdadera protecci\u00f3n de las ni\u00f1as y las mujeres frente al matrimonio infantil, temprano y forzado y apoyar la lucha que lideran organizaciones y activistas en todo el mundo.<\/p>\n","protected":false},"featured_media":3742,"template":"single-noticia","meta":{"_acf_changed":false},"categories":[7],"tags":[293],"country":[],"cause":[130],"class_list":["post-3743","noticia","type-noticia","status-publish","has-post-thumbnail","hentry","category-noticia","tag-genero","cause-genero"],"acf":[],"yoast_head":"<!-- This site is optimized with the Yoast SEO Premium plugin v21.6 (Yoast SEO v27.5) - https:\/\/yoast.com\/product\/yoast-seo-premium-wordpress\/ -->\n<title>&quot;\u00a1NO QUIERO!, contra el matrimonio infantil, temprano y forzado&quot; - Entreculturas<\/title>\n<meta name=\"robots\" content=\"index, follow, max-snippet:-1, max-image-preview:large, max-video-preview:-1\" \/>\n<link rel=\"canonical\" href=\"https:\/\/www.entreculturas.org\/fr\/noticia\/no-quiero-contra-el-matrimonio-infantil-temprano-y-forzado\/\" \/>\n<meta property=\"og:locale\" content=\"fr_FR\" \/>\n<meta property=\"og:type\" content=\"article\" \/>\n<meta property=\"og:title\" content=\"&quot;\u00a1NO QUIERO!, contra el matrimonio infantil, temprano y forzado&quot;\" \/>\n<meta property=\"og:description\" content=\"Las organizaciones Amnist\u00eda Internacional, Entreculturas, Mundo Cooperante y Save the Children nos hemos unido con motivo del D\u00eda Internacional de la Ni\u00f1a para exigir una verdadera protecci\u00f3n de las ni\u00f1as y las mujeres frente al matrimonio infantil, temprano y forzado y apoyar la lucha que lideran organizaciones y activistas en todo el mundo.\" \/>\n<meta property=\"og:url\" content=\"https:\/\/www.entreculturas.org\/fr\/noticia\/no-quiero-contra-el-matrimonio-infantil-temprano-y-forzado\/\" \/>\n<meta property=\"og:site_name\" content=\"Entreculturas\" \/>\n<meta property=\"article:publisher\" content=\"https:\/\/www.facebook.com\/entreculturas\" \/>\n<meta property=\"article:modified_time\" content=\"2024-03-19T18:59:51+00:00\" \/>\n<meta property=\"og:image\" content=\"https:\/\/www.entreculturas.org\/wp-content\/uploads\/2019\/10\/noticia-plano-general.jpg\" \/>\n\t<meta property=\"og:image:width\" content=\"800\" \/>\n\t<meta property=\"og:image:height\" content=\"533\" \/>\n\t<meta property=\"og:image:type\" content=\"image\/jpeg\" \/>\n<meta name=\"twitter:card\" content=\"summary_large_image\" \/>\n<meta name=\"twitter:site\" content=\"@Entreculturas\" \/>\n<script type=\"application\/ld+json\" class=\"yoast-schema-graph\">{\"@context\":\"https:\\\/\\\/schema.org\",\"@graph\":[{\"@type\":\"WebPage\",\"@id\":\"https:\\\/\\\/www.entreculturas.org\\\/fr\\\/noticia\\\/no-quiero-contra-el-matrimonio-infantil-temprano-y-forzado\\\/\",\"url\":\"https:\\\/\\\/www.entreculturas.org\\\/fr\\\/noticia\\\/no-quiero-contra-el-matrimonio-infantil-temprano-y-forzado\\\/\",\"name\":\"\\\"\u00a1NO QUIERO!, contra el matrimonio infantil, temprano y forzado\\\" - Entreculturas\",\"isPartOf\":{\"@id\":\"https:\\\/\\\/www.entreculturas.org\\\/fr\\\/#website\"},\"primaryImageOfPage\":{\"@id\":\"https:\\\/\\\/www.entreculturas.org\\\/fr\\\/noticia\\\/no-quiero-contra-el-matrimonio-infantil-temprano-y-forzado\\\/#primaryimage\"},\"image\":{\"@id\":\"https:\\\/\\\/www.entreculturas.org\\\/fr\\\/noticia\\\/no-quiero-contra-el-matrimonio-infantil-temprano-y-forzado\\\/#primaryimage\"},\"thumbnailUrl\":\"https:\\\/\\\/www.entreculturas.org\\\/wp-content\\\/uploads\\\/2019\\\/10\\\/noticia-plano-general.jpg\",\"datePublished\":\"2019-10-10T11:22:36+00:00\",\"dateModified\":\"2024-03-19T18:59:51+00:00\",\"breadcrumb\":{\"@id\":\"https:\\\/\\\/www.entreculturas.org\\\/fr\\\/noticia\\\/no-quiero-contra-el-matrimonio-infantil-temprano-y-forzado\\\/#breadcrumb\"},\"inLanguage\":\"fr-FR\",\"potentialAction\":[{\"@type\":\"ReadAction\",\"target\":[\"https:\\\/\\\/www.entreculturas.org\\\/fr\\\/noticia\\\/no-quiero-contra-el-matrimonio-infantil-temprano-y-forzado\\\/\"]}]},{\"@type\":\"ImageObject\",\"inLanguage\":\"fr-FR\",\"@id\":\"https:\\\/\\\/www.entreculturas.org\\\/fr\\\/noticia\\\/no-quiero-contra-el-matrimonio-infantil-temprano-y-forzado\\\/#primaryimage\",\"url\":\"https:\\\/\\\/www.entreculturas.org\\\/wp-content\\\/uploads\\\/2019\\\/10\\\/noticia-plano-general.jpg\",\"contentUrl\":\"https:\\\/\\\/www.entreculturas.org\\\/wp-content\\\/uploads\\\/2019\\\/10\\\/noticia-plano-general.jpg\",\"width\":800,\"height\":533},{\"@type\":\"BreadcrumbList\",\"@id\":\"https:\\\/\\\/www.entreculturas.org\\\/fr\\\/noticia\\\/no-quiero-contra-el-matrimonio-infantil-temprano-y-forzado\\\/#breadcrumb\",\"itemListElement\":[{\"@type\":\"ListItem\",\"position\":1,\"name\":\"Home\",\"item\":\"https:\\\/\\\/www.entreculturas.org\\\/fr\\\/\"},{\"@type\":\"ListItem\",\"position\":2,\"name\":\"Noticias\",\"item\":\"https:\\\/\\\/www.entreculturas.org\\\/fr\\\/noticias\\\/\"},{\"@type\":\"ListItem\",\"position\":3,\"name\":\"\u00ab\u00a0\u00a1NO QUIERO!, contra el matrimonio infantil, temprano y forzado\u00a0\u00bb\"}]},{\"@type\":\"WebSite\",\"@id\":\"https:\\\/\\\/www.entreculturas.org\\\/fr\\\/#website\",\"url\":\"https:\\\/\\\/www.entreculturas.org\\\/fr\\\/\",\"name\":\"Entreculturas\",\"description\":\"\",\"publisher\":{\"@id\":\"https:\\\/\\\/www.entreculturas.org\\\/fr\\\/#organization\"},\"alternateName\":\"Entreculturas\",\"potentialAction\":[{\"@type\":\"SearchAction\",\"target\":{\"@type\":\"EntryPoint\",\"urlTemplate\":\"https:\\\/\\\/www.entreculturas.org\\\/fr\\\/?s={search_term_string}\"},\"query-input\":{\"@type\":\"PropertyValueSpecification\",\"valueRequired\":true,\"valueName\":\"search_term_string\"}}],\"inLanguage\":\"fr-FR\"},{\"@type\":\"Organization\",\"@id\":\"https:\\\/\\\/www.entreculturas.org\\\/fr\\\/#organization\",\"name\":\"Entreculturas\",\"url\":\"https:\\\/\\\/www.entreculturas.org\\\/fr\\\/\",\"logo\":{\"@type\":\"ImageObject\",\"inLanguage\":\"fr-FR\",\"@id\":\"https:\\\/\\\/www.entreculturas.org\\\/fr\\\/#\\\/schema\\\/logo\\\/image\\\/\",\"url\":\"https:\\\/\\\/www.entreculturas.org\\\/wp-content\\\/uploads\\\/2025\\\/10\\\/ESP.svg\",\"contentUrl\":\"https:\\\/\\\/www.entreculturas.org\\\/wp-content\\\/uploads\\\/2025\\\/10\\\/ESP.svg\",\"caption\":\"Entreculturas\"},\"image\":{\"@id\":\"https:\\\/\\\/www.entreculturas.org\\\/fr\\\/#\\\/schema\\\/logo\\\/image\\\/\"},\"sameAs\":[\"https:\\\/\\\/www.facebook.com\\\/entreculturas\",\"https:\\\/\\\/x.com\\\/Entreculturas\",\"https:\\\/\\\/www.instagram.com\\\/entreculturas\\\/\",\"https:\\\/\\\/www.youtube.com\\\/user\\\/entreculturasvideo\",\"https:\\\/\\\/www.linkedin.com\\\/company\\\/fundacion-entreculturas-ngdo\\\/\",\"https:\\\/\\\/www.flickr.com\\\/photos\\\/98455522@N04\\\/albums\\\/\"]}]}<\/script>\n<!-- \/ Yoast SEO Premium plugin. -->","yoast_head_json":{"title":"\"\u00a1NO QUIERO!, contra el matrimonio infantil, temprano y forzado\" - Entreculturas","robots":{"index":"index","follow":"follow","max-snippet":"max-snippet:-1","max-image-preview":"max-image-preview:large","max-video-preview":"max-video-preview:-1"},"canonical":"https:\/\/www.entreculturas.org\/fr\/noticia\/no-quiero-contra-el-matrimonio-infantil-temprano-y-forzado\/","og_locale":"fr_FR","og_type":"article","og_title":"\"\u00a1NO QUIERO!, contra el matrimonio infantil, temprano y forzado\"","og_description":"Las organizaciones Amnist\u00eda Internacional, Entreculturas, Mundo Cooperante y Save the Children nos hemos unido con motivo del D\u00eda Internacional de la Ni\u00f1a para exigir una verdadera protecci\u00f3n de las ni\u00f1as y las mujeres frente al matrimonio infantil, temprano y forzado y apoyar la lucha que lideran organizaciones y activistas en todo el mundo.","og_url":"https:\/\/www.entreculturas.org\/fr\/noticia\/no-quiero-contra-el-matrimonio-infantil-temprano-y-forzado\/","og_site_name":"Entreculturas","article_publisher":"https:\/\/www.facebook.com\/entreculturas","article_modified_time":"2024-03-19T18:59:51+00:00","og_image":[{"width":800,"height":533,"url":"https:\/\/www.entreculturas.org\/wp-content\/uploads\/2019\/10\/noticia-plano-general.jpg","type":"image\/jpeg"}],"twitter_card":"summary_large_image","twitter_site":"@Entreculturas","schema":{"@context":"https:\/\/schema.org","@graph":[{"@type":"WebPage","@id":"https:\/\/www.entreculturas.org\/fr\/noticia\/no-quiero-contra-el-matrimonio-infantil-temprano-y-forzado\/","url":"https:\/\/www.entreculturas.org\/fr\/noticia\/no-quiero-contra-el-matrimonio-infantil-temprano-y-forzado\/","name":"\"\u00a1NO QUIERO!, contra el matrimonio infantil, temprano y forzado\" - Entreculturas","isPartOf":{"@id":"https:\/\/www.entreculturas.org\/fr\/#website"},"primaryImageOfPage":{"@id":"https:\/\/www.entreculturas.org\/fr\/noticia\/no-quiero-contra-el-matrimonio-infantil-temprano-y-forzado\/#primaryimage"},"image":{"@id":"https:\/\/www.entreculturas.org\/fr\/noticia\/no-quiero-contra-el-matrimonio-infantil-temprano-y-forzado\/#primaryimage"},"thumbnailUrl":"https:\/\/www.entreculturas.org\/wp-content\/uploads\/2019\/10\/noticia-plano-general.jpg","datePublished":"2019-10-10T11:22:36+00:00","dateModified":"2024-03-19T18:59:51+00:00","breadcrumb":{"@id":"https:\/\/www.entreculturas.org\/fr\/noticia\/no-quiero-contra-el-matrimonio-infantil-temprano-y-forzado\/#breadcrumb"},"inLanguage":"fr-FR","potentialAction":[{"@type":"ReadAction","target":["https:\/\/www.entreculturas.org\/fr\/noticia\/no-quiero-contra-el-matrimonio-infantil-temprano-y-forzado\/"]}]},{"@type":"ImageObject","inLanguage":"fr-FR","@id":"https:\/\/www.entreculturas.org\/fr\/noticia\/no-quiero-contra-el-matrimonio-infantil-temprano-y-forzado\/#primaryimage","url":"https:\/\/www.entreculturas.org\/wp-content\/uploads\/2019\/10\/noticia-plano-general.jpg","contentUrl":"https:\/\/www.entreculturas.org\/wp-content\/uploads\/2019\/10\/noticia-plano-general.jpg","width":800,"height":533},{"@type":"BreadcrumbList","@id":"https:\/\/www.entreculturas.org\/fr\/noticia\/no-quiero-contra-el-matrimonio-infantil-temprano-y-forzado\/#breadcrumb","itemListElement":[{"@type":"ListItem","position":1,"name":"Home","item":"https:\/\/www.entreculturas.org\/fr\/"},{"@type":"ListItem","position":2,"name":"Noticias","item":"https:\/\/www.entreculturas.org\/fr\/noticias\/"},{"@type":"ListItem","position":3,"name":"\u00ab\u00a0\u00a1NO QUIERO!, contra el matrimonio infantil, temprano y forzado\u00a0\u00bb"}]},{"@type":"WebSite","@id":"https:\/\/www.entreculturas.org\/fr\/#website","url":"https:\/\/www.entreculturas.org\/fr\/","name":"Entreculturas","description":"","publisher":{"@id":"https:\/\/www.entreculturas.org\/fr\/#organization"},"alternateName":"Entreculturas","potentialAction":[{"@type":"SearchAction","target":{"@type":"EntryPoint","urlTemplate":"https:\/\/www.entreculturas.org\/fr\/?s={search_term_string}"},"query-input":{"@type":"PropertyValueSpecification","valueRequired":true,"valueName":"search_term_string"}}],"inLanguage":"fr-FR"},{"@type":"Organization","@id":"https:\/\/www.entreculturas.org\/fr\/#organization","name":"Entreculturas","url":"https:\/\/www.entreculturas.org\/fr\/","logo":{"@type":"ImageObject","inLanguage":"fr-FR","@id":"https:\/\/www.entreculturas.org\/fr\/#\/schema\/logo\/image\/","url":"https:\/\/www.entreculturas.org\/wp-content\/uploads\/2025\/10\/ESP.svg","contentUrl":"https:\/\/www.entreculturas.org\/wp-content\/uploads\/2025\/10\/ESP.svg","caption":"Entreculturas"},"image":{"@id":"https:\/\/www.entreculturas.org\/fr\/#\/schema\/logo\/image\/"},"sameAs":["https:\/\/www.facebook.com\/entreculturas","https:\/\/x.com\/Entreculturas","https:\/\/www.instagram.com\/entreculturas\/","https:\/\/www.youtube.com\/user\/entreculturasvideo","https:\/\/www.linkedin.com\/company\/fundacion-entreculturas-ngdo\/","https:\/\/www.flickr.com\/photos\/98455522@N04\/albums\/"]}]}},"_links":{"self":[{"href":"https:\/\/www.entreculturas.org\/fr\/wp-json\/wp\/v2\/noticia\/3743","targetHints":{"allow":["GET"]}}],"collection":[{"href":"https:\/\/www.entreculturas.org\/fr\/wp-json\/wp\/v2\/noticia"}],"about":[{"href":"https:\/\/www.entreculturas.org\/fr\/wp-json\/wp\/v2\/types\/noticia"}],"wp:featuredmedia":[{"embeddable":true,"href":"https:\/\/www.entreculturas.org\/fr\/wp-json\/wp\/v2\/media\/3742"}],"wp:attachment":[{"href":"https:\/\/www.entreculturas.org\/fr\/wp-json\/wp\/v2\/media?parent=3743"}],"wp:term":[{"taxonomy":"category","embeddable":true,"href":"https:\/\/www.entreculturas.org\/fr\/wp-json\/wp\/v2\/categories?post=3743"},{"taxonomy":"post_tag","embeddable":true,"href":"https:\/\/www.entreculturas.org\/fr\/wp-json\/wp\/v2\/tags?post=3743"},{"taxonomy":"country","embeddable":true,"href":"https:\/\/www.entreculturas.org\/fr\/wp-json\/wp\/v2\/country?post=3743"},{"taxonomy":"cause","embeddable":true,"href":"https:\/\/www.entreculturas.org\/fr\/wp-json\/wp\/v2\/cause?post=3743"}],"curies":[{"name":"wp","href":"https:\/\/api.w.org\/{rel}","templated":true}]}}