{"id":3715,"date":"2019-10-03T10:06:41","date_gmt":"2019-10-03T10:06:41","guid":{"rendered":"https:\/\/entreculturasi.wpenginepowered.com\/?noticias=haiti-por-una-educacion-dignificadora"},"modified":"2024-07-08T14:02:28","modified_gmt":"2024-07-08T12:02:28","slug":"haiti-por-una-educacion-dignificadora","status":"publish","type":"noticia","link":"https:\/\/www.entreculturas.org\/fr\/noticia\/haiti-por-una-educacion-dignificadora\/","title":{"rendered":"Hait\u00ed, por una educaci\u00f3n dignificadora"},"content":{"rendered":"<p>\u201cHait\u00ed es conocido como la primera rep\u00fablica negra independiente biling\u00fce, que conserva sus ra\u00edces afrodescendientes con una identidad muy fuerte, y es all\u00ed donde trabajamos, promoviendo una <strong>educaci\u00f3n de calidad<\/strong> que permita ejercer el derecho a la educaci\u00f3n, pero que tambi\u00e9n construya una <strong>ciudadan\u00eda comprometida<\/strong> que reivindique sus derechos y defienda la justicia social\u201d, afirma nuestra compa\u00f1era Alicia L\u00f3pez Fari\u00f1a, expatriada de Entreculturas en Hait\u00ed.<\/p>\n<p>Cuando el pa\u00eds m\u00e1s empobrecido del continente americano y el hemisferio occidental es <strong>arrasado por un demoledor terremoto<\/strong>, no solo queda levantarse para reconstruir su dignidad: es necesario <strong>sentar las bases de un futuro<\/strong> que se fortalezca con el tiempo y que brinde muchas m\u00e1s oportunidades a las nuevas generaciones, para las que se complica en muchas ocasiones la posibilidad de estudiar.<\/p>\n<p>Los haitianos y haitianas se levantan cada d\u00eda, con sus pocos recursos y la fuerza que les caracteriza, para seguir construyendo su futuro y exigir que las cosas cambien; quieren trabajar, quieren poder conseguir alimentos en los mercados y <strong>quieren que sus hijos e hijas vayan al colegio, porque saben que es la \u00fanica manera de poder enfrentar cualquier adversidad, incluso las que les presenta la naturaleza.<\/strong><br \/>\n<img decoding=\"async\" src=\"https:\/\/www.entreculturas.org\/wp-content\/uploads\/2019\/10\/repor-haiti-2.jpg\" alt=\"\" width=\"800\" height=\"533\" \/><br \/>\nDespu\u00e9s de 9 a\u00f1os del terremoto que arras\u00f3 con Hait\u00ed y a tres a\u00f1os del hurac\u00e1n Matthew desde Foi et Joie (Fe y Alegr\u00eda) Hait\u00ed y Entreculturas trabajamos conjuntamente para acortar la brecha que coloca a c<strong>erca de un 50% de ni\u00f1os y ni\u00f1as haitianas, en edad de escolarizaci\u00f3n, fuera de las aulas de clase, y a uno de cada dos haitianos y haitianas de 15 a\u00f1os o m\u00e1s sin alfabetizar<\/strong>, seg\u00fan el \u00faltimo informe (2018) de la ONU. Estas cifras resultan parad\u00f3jicas si tenemos en cuenta que Hait\u00ed fue pionero en la regi\u00f3n en la promulgaci\u00f3n de una Ley de Educaci\u00f3n Obligatoria.<\/p>\n<p>En 2018 la crisis social y pol\u00edtica en Hait\u00ed se agudiz\u00f3 y la poblaci\u00f3n sali\u00f3 a las calles para exigir sus derechos ante unas medidas de gobierno que poco han aliviado las necesidades de su gente. Las manifestaciones se fueron tornando cada vez m\u00e1s violentas, extendi\u00e9ndose hasta todo el primer semestre de 2019, lo que trajo como consecuencia, hasta la fecha, cerca de mil personas heridas gravemente. <strong>A d\u00eda de hoy, contin\u00faa la crisis sociopol\u00edtica y se prev\u00e9n m\u00e1s revueltas en el pa\u00eds.<\/strong><\/p>\n<p>\u201cLas protestas de estos \u00faltimos meses han implicado el <strong>cierre temporal de escuelas, con todo lo que ello significa, no solo a nivel educativo, sino tambi\u00e9n a nivel alimenticio<\/strong>, ya que varias escuelas de Fe y Alegr\u00eda garantizan una comida al d\u00eda para el alumnado\u201d, agrega Alicia, quien ve de cerca c\u00f3mo la poblaci\u00f3n se ha visto fuertemente afectada despu\u00e9s de cada crisis. Bajo este escenario tan complejo, en Hait\u00ed tenemos una doble tarea: adem\u00e1s de trabajar por el derecho a una educaci\u00f3n de calidad, fomentamos la empleabilidad en las comunidades, a trav\u00e9s de la educaci\u00f3n, con el fin de evitar que tengan que abandonar su pa\u00eds en b\u00fasqueda de una oportunidad.<\/p>\n<p>Desde Entreculturas hemos apoyado la puesta en marcha de proyectos y acciones concretas en las 17 escuelas Fe y Alegr\u00eda Hait\u00ed que ayudan a mejorar la calidad de vida de cerca de 4.800 alumnos y alumnas, el profesorado y sus familiares. Una de estas acciones es asumir el pago de salarios del personal docente y su formaci\u00f3n, ante el incumplimiento del compromiso del Ministerio de Educaci\u00f3n de Hait\u00ed y como parte de la apuesta institucional para garantizar una educaci\u00f3n de calidad a ni\u00f1os, ni\u00f1as y j\u00f3venes\u00a0 de nuestros centros educativos.<br \/>\n<img decoding=\"async\" src=\"https:\/\/www.entreculturas.org\/wp-content\/uploads\/2019\/10\/repor-haiti.jpg\" alt=\"\" width=\"800\" height=\"533\" \/><\/p>\n<p><span style=\"font-size: 14px;\"><span style=\"color: #ff0102;\"><strong>Calidad educativa, alimentaci\u00f3n, agua e infraestructura<\/strong><\/span><\/span><br \/>\nSin duda, la educaci\u00f3n es clave para el desarrollo de las personas y las sociedades. Y est\u00e1 \u00edntimamente relacionada con alcanzar una buena calidad y esperanza de vida, e ingresos econ\u00f3micos que aseguren lo b\u00e1sico como servicios y alimentaci\u00f3n. Ante el contexto educativo haitiano, desde Fe y Alegr\u00eda Hait\u00ed y Entreculturas <strong>hemos puesto en marcha varios proyectos destinados a mejorar las condiciones y la calidad de la educaci\u00f3n desde un enfoque integral.<\/strong><\/p>\n<p>En materia de calidad educativa, hemos construido no solo aulas escolares, sino tambi\u00e9n aulas polivalentes en las que llevar a cabo actividades extraescolares y comunitarias, sirviendo por su solidez de refugio en la temporada cicl\u00f3nica. Del mismo modo, hemos trabajado con equipos docentes para mejorar sus pr\u00e1cticas pedag\u00f3gicas y con las comunidades educativas (familias, docentes, alumnado) para trabajar valores de sostenibilidad, respeto o cultura de paz.<\/p>\n<p>Como forma de garantizar la nutrici\u00f3n adecuada del alumnado, en la escuela St. Michel Archange de Cotton, ubicada al Noroeste, hemos creado <strong>el programa \u201cComer para aprender\u201d, que ha ayudado a optimizar la calidad educativa a trav\u00e9s de la mejora de las condiciones de las cocinas y comedores escolares, beneficiando a m\u00e1s de 140 alumnos y alumnas<\/strong>. Del mismo modo, hemos llevado a cabo un\u00a0 proyecto de mejora de la calidad nutricional del centro educativo Saint- Esprit, en Bassin Grand Chemin (Noreste), que, desde su puesta en marcha en 2017, apoya el aprendizaje de casi 300 estudiantes.<\/p>\n<p>Junto a estos programas de alimentaci\u00f3n, hemos llevado a cabo actividades de recuperaci\u00f3n de medios de vida y reconstrucci\u00f3n tras desastre naturales, de la mano tanto de Fe y Alegr\u00eda como del Servicio Jesuita a Migrantes. De este modo, hemos contribuido a la <strong>reconstrucci\u00f3n de instalaciones de escuelas<\/strong>, construcci\u00f3n de casas para las familias m\u00e1s vulnerables, recuperaci\u00f3n de medios de vida y formaciones sobre agricultura y pesca y sobre prevenci\u00f3n de riesgos y desastres, muy \u00fatiles en un pa\u00eds en el que los desastres naturales son frecuentes.<\/p>\n<p>Tambi\u00e9n hemos puesto en marcha proyectos de mejora de acceso de agua y saneamiento, ayudando a prevenir el c\u00f3lera y\u00a0 fomentado el acceso a instalaciones dignas e higi\u00e9nicas en varios centros educativos, con el fin de promover escuelas saludables. Adem\u00e1s, ofrecemos capacitaci\u00f3n sobre higiene y h\u00e1bitos saludables en las comunidades educativas, para garantizar la sostenibilidad de las acciones.<br \/>\n<img decoding=\"async\" src=\"https:\/\/www.entreculturas.org\/wp-content\/uploads\/2019\/10\/repor-haiti4.jpg\" alt=\"\" width=\"800\" height=\"533\" \/><\/p>\n<p><span style=\"font-size: 14px;\"><span style=\"color: #ff0102;\"><strong>Erradicando la violencia hacia las ni\u00f1as<\/strong><\/span><\/span><br \/>\nLa Luz de las Ni\u00f1as es un programa que llevamos a cabo desde Entreculturas en varios pa\u00edses mediante el que buscamos prevenir la violencia hacia las ni\u00f1as, orientando, capacitando y escuchando cada uno de los casos para dar respuesta a trav\u00e9s de un personal capacitado que busque apartar la violencia hacia ellas y ofrecer apoyo psicosocial en caso de que haya tenido lugar alguna situaci\u00f3n de violencia.<\/p>\n<p>En Hait\u00ed ofrecemos <strong>atenci\u00f3n psicosocial a menores v\u00edctimas de violencia en tres escuela<\/strong>s. En este sentido, se han evidenciado los cambios que ha generado la intervenci\u00f3n tanto en las ni\u00f1as como en su entorno. En total, 990 ni\u00f1as han recibido atenci\u00f3n psicosocial y han reforzado sus capacidades de aprendizaje, comunicaci\u00f3n y expresi\u00f3n en un ambiente seguro y de protecci\u00f3n a lo largo de este programa que llevamos a cabo desde hace cuatro a\u00f1os.<\/p>\n<p>De igual forma, hemos <strong>reforzado las capacidades del personal docente<\/strong> de cara a identificar a ni\u00f1as y adolescentes que est\u00e9n sufriendo violencia intrafamiliar, y hemos <strong>sensibilizado a las familias en relaci\u00f3n a los derechos de las ni\u00f1as y de la infancia<\/strong>, llevando a cabo visitas a los domicilios como parte de este acompa\u00f1amiento y sensibilizaci\u00f3n.<\/p>\n<p>Los\u00a0 procesos de sensibilizaci\u00f3n llevados a cabo en las tem\u00e1ticas de prevenci\u00f3n de violencia tambi\u00e9n han ayudado a que el profesorado busque y autoexplore nuevas formas de corregir las conductas de los ni\u00f1os y ni\u00f1as, llegando incluso a que las familias se involucren en estos procesos. <strong>La violencia forma parte de la cotidianidad haitiana y el trabajo de sensibilizaci\u00f3n es una carrera de fondo<\/strong>; sin embargo, hemos logrado cambios significativos en esta materia. Al percatarnos de que la violencia era una forma de generar disciplina, no solo dentro de los hogares, sino dentro de las aulas de clase, el trabajo comenz\u00f3 por la formaci\u00f3n del equipo docente de las escuelas Fe y Alegr\u00eda y, luego, buscamos involucrar a ni\u00f1os, ni\u00f1as y familiares. Una vez involucrados todos los sectores de la sociedad, y en especial los docentes en los distintos programas para la erradicaci\u00f3n de la violencia en el entorno escolar, empezaron a tener mayor conciencia de la violencia que sufren las ni\u00f1as.<\/p>\n<p>Existen muchas m\u00e1s razones por las que seguir trabajando para ayudar a mantener la esperanza de Hait\u00ed. Su gente es la prueba fiel de que no importa cu\u00e1ntas veces caigas: siempre hay motivos para levantarse y seguir trabajando, estudiando y luchando por una mejor calidad de vida, por el bienestar de todos y todas. <strong>La herramienta ineludible es la educaci\u00f3n y es all\u00ed donde siempre encontrar\u00e1n la mano amiga de Fe y Alegr\u00eda y Entreculturas.\u00a0\u00a0<\/strong><\/p>\n","protected":false},"excerpt":{"rendered":"<p>\u201cHait\u00ed es conocido como la primera rep\u00fablica negra independiente biling\u00fce, que conserva sus ra\u00edces afrodescendientes con una identidad muy fuerte, y es all\u00ed donde trabajamos, promoviendo una educaci\u00f3n de calidad que permita ejercer el derecho a la educaci\u00f3n, pero que tambi\u00e9n construya una ciudadan\u00eda comprometida que reivindique sus derechos y defienda la justicia social\u201d, afirma nuestra compa\u00f1era Alicia L\u00f3pez Fari\u00f1a, expatriada de Entreculturas en Hait\u00ed.<\/p>\n","protected":false},"featured_media":3712,"template":"single-noticia","meta":{"_acf_changed":false},"categories":[7],"tags":[289],"country":[148],"cause":[128],"class_list":["post-3715","noticia","type-noticia","status-publish","has-post-thumbnail","hentry","category-noticia","tag-educacion","country-haiti","cause-educacion"],"acf":[],"yoast_head":"<!-- This site is optimized with the Yoast SEO Premium plugin v21.6 (Yoast SEO v27.5) - https:\/\/yoast.com\/product\/yoast-seo-premium-wordpress\/ -->\n<title>Hait\u00ed, por una educaci\u00f3n dignificadora - Entreculturas<\/title>\n<meta name=\"robots\" content=\"index, follow, max-snippet:-1, max-image-preview:large, max-video-preview:-1\" \/>\n<link rel=\"canonical\" href=\"https:\/\/www.entreculturas.org\/fr\/noticia\/haiti-por-una-educacion-dignificadora\/\" \/>\n<meta property=\"og:locale\" content=\"fr_FR\" \/>\n<meta property=\"og:type\" content=\"article\" \/>\n<meta property=\"og:title\" content=\"Hait\u00ed, por una educaci\u00f3n dignificadora\" \/>\n<meta property=\"og:description\" content=\"\u201cHait\u00ed es conocido como la primera rep\u00fablica negra independiente biling\u00fce, que conserva sus ra\u00edces afrodescendientes con una identidad muy fuerte, y es all\u00ed donde trabajamos, promoviendo una educaci\u00f3n de calidad que permita ejercer el derecho a la educaci\u00f3n, pero que tambi\u00e9n construya una ciudadan\u00eda comprometida que reivindique sus derechos y defienda la justicia social\u201d, afirma nuestra compa\u00f1era Alicia L\u00f3pez Fari\u00f1a, expatriada de Entreculturas en Hait\u00ed.\" \/>\n<meta property=\"og:url\" content=\"https:\/\/www.entreculturas.org\/fr\/noticia\/haiti-por-una-educacion-dignificadora\/\" \/>\n<meta property=\"og:site_name\" content=\"Entreculturas\" \/>\n<meta property=\"article:publisher\" content=\"https:\/\/www.facebook.com\/entreculturas\" \/>\n<meta property=\"article:modified_time\" content=\"2024-07-08T12:02:28+00:00\" \/>\n<meta property=\"og:image\" content=\"https:\/\/www.entreculturas.org\/wp-content\/uploads\/2019\/10\/repor-haiti-2.jpg\" \/>\n\t<meta property=\"og:image:width\" content=\"800\" \/>\n\t<meta property=\"og:image:height\" content=\"533\" \/>\n\t<meta property=\"og:image:type\" content=\"image\/jpeg\" \/>\n<meta name=\"twitter:card\" content=\"summary_large_image\" \/>\n<meta name=\"twitter:site\" content=\"@Entreculturas\" \/>\n<script type=\"application\/ld+json\" class=\"yoast-schema-graph\">{\"@context\":\"https:\\\/\\\/schema.org\",\"@graph\":[{\"@type\":\"WebPage\",\"@id\":\"https:\\\/\\\/www.entreculturas.org\\\/fr\\\/noticia\\\/haiti-por-una-educacion-dignificadora\\\/\",\"url\":\"https:\\\/\\\/www.entreculturas.org\\\/fr\\\/noticia\\\/haiti-por-una-educacion-dignificadora\\\/\",\"name\":\"Hait\u00ed, por una educaci\u00f3n dignificadora - Entreculturas\",\"isPartOf\":{\"@id\":\"https:\\\/\\\/www.entreculturas.org\\\/fr\\\/#website\"},\"primaryImageOfPage\":{\"@id\":\"https:\\\/\\\/www.entreculturas.org\\\/fr\\\/noticia\\\/haiti-por-una-educacion-dignificadora\\\/#primaryimage\"},\"image\":{\"@id\":\"https:\\\/\\\/www.entreculturas.org\\\/fr\\\/noticia\\\/haiti-por-una-educacion-dignificadora\\\/#primaryimage\"},\"thumbnailUrl\":\"https:\\\/\\\/www.entreculturas.org\\\/wp-content\\\/uploads\\\/2019\\\/10\\\/repor-haiti-2.jpg\",\"datePublished\":\"2019-10-03T10:06:41+00:00\",\"dateModified\":\"2024-07-08T12:02:28+00:00\",\"breadcrumb\":{\"@id\":\"https:\\\/\\\/www.entreculturas.org\\\/fr\\\/noticia\\\/haiti-por-una-educacion-dignificadora\\\/#breadcrumb\"},\"inLanguage\":\"fr-FR\",\"potentialAction\":[{\"@type\":\"ReadAction\",\"target\":[\"https:\\\/\\\/www.entreculturas.org\\\/fr\\\/noticia\\\/haiti-por-una-educacion-dignificadora\\\/\"]}]},{\"@type\":\"ImageObject\",\"inLanguage\":\"fr-FR\",\"@id\":\"https:\\\/\\\/www.entreculturas.org\\\/fr\\\/noticia\\\/haiti-por-una-educacion-dignificadora\\\/#primaryimage\",\"url\":\"https:\\\/\\\/www.entreculturas.org\\\/wp-content\\\/uploads\\\/2019\\\/10\\\/repor-haiti-2.jpg\",\"contentUrl\":\"https:\\\/\\\/www.entreculturas.org\\\/wp-content\\\/uploads\\\/2019\\\/10\\\/repor-haiti-2.jpg\",\"width\":800,\"height\":533},{\"@type\":\"BreadcrumbList\",\"@id\":\"https:\\\/\\\/www.entreculturas.org\\\/fr\\\/noticia\\\/haiti-por-una-educacion-dignificadora\\\/#breadcrumb\",\"itemListElement\":[{\"@type\":\"ListItem\",\"position\":1,\"name\":\"Home\",\"item\":\"https:\\\/\\\/www.entreculturas.org\\\/fr\\\/\"},{\"@type\":\"ListItem\",\"position\":2,\"name\":\"Noticias\",\"item\":\"https:\\\/\\\/www.entreculturas.org\\\/fr\\\/noticias\\\/\"},{\"@type\":\"ListItem\",\"position\":3,\"name\":\"Hait\u00ed, por una educaci\u00f3n dignificadora\"}]},{\"@type\":\"WebSite\",\"@id\":\"https:\\\/\\\/www.entreculturas.org\\\/fr\\\/#website\",\"url\":\"https:\\\/\\\/www.entreculturas.org\\\/fr\\\/\",\"name\":\"Entreculturas\",\"description\":\"\",\"publisher\":{\"@id\":\"https:\\\/\\\/www.entreculturas.org\\\/fr\\\/#organization\"},\"alternateName\":\"Entreculturas\",\"potentialAction\":[{\"@type\":\"SearchAction\",\"target\":{\"@type\":\"EntryPoint\",\"urlTemplate\":\"https:\\\/\\\/www.entreculturas.org\\\/fr\\\/?s={search_term_string}\"},\"query-input\":{\"@type\":\"PropertyValueSpecification\",\"valueRequired\":true,\"valueName\":\"search_term_string\"}}],\"inLanguage\":\"fr-FR\"},{\"@type\":\"Organization\",\"@id\":\"https:\\\/\\\/www.entreculturas.org\\\/fr\\\/#organization\",\"name\":\"Entreculturas\",\"url\":\"https:\\\/\\\/www.entreculturas.org\\\/fr\\\/\",\"logo\":{\"@type\":\"ImageObject\",\"inLanguage\":\"fr-FR\",\"@id\":\"https:\\\/\\\/www.entreculturas.org\\\/fr\\\/#\\\/schema\\\/logo\\\/image\\\/\",\"url\":\"https:\\\/\\\/www.entreculturas.org\\\/wp-content\\\/uploads\\\/2025\\\/10\\\/ESP.svg\",\"contentUrl\":\"https:\\\/\\\/www.entreculturas.org\\\/wp-content\\\/uploads\\\/2025\\\/10\\\/ESP.svg\",\"caption\":\"Entreculturas\"},\"image\":{\"@id\":\"https:\\\/\\\/www.entreculturas.org\\\/fr\\\/#\\\/schema\\\/logo\\\/image\\\/\"},\"sameAs\":[\"https:\\\/\\\/www.facebook.com\\\/entreculturas\",\"https:\\\/\\\/x.com\\\/Entreculturas\",\"https:\\\/\\\/www.instagram.com\\\/entreculturas\\\/\",\"https:\\\/\\\/www.youtube.com\\\/user\\\/entreculturasvideo\",\"https:\\\/\\\/www.linkedin.com\\\/company\\\/fundacion-entreculturas-ngdo\\\/\",\"https:\\\/\\\/www.flickr.com\\\/photos\\\/98455522@N04\\\/albums\\\/\"]}]}<\/script>\n<!-- \/ Yoast SEO Premium plugin. -->","yoast_head_json":{"title":"Hait\u00ed, por una educaci\u00f3n dignificadora - Entreculturas","robots":{"index":"index","follow":"follow","max-snippet":"max-snippet:-1","max-image-preview":"max-image-preview:large","max-video-preview":"max-video-preview:-1"},"canonical":"https:\/\/www.entreculturas.org\/fr\/noticia\/haiti-por-una-educacion-dignificadora\/","og_locale":"fr_FR","og_type":"article","og_title":"Hait\u00ed, por una educaci\u00f3n dignificadora","og_description":"\u201cHait\u00ed es conocido como la primera rep\u00fablica negra independiente biling\u00fce, que conserva sus ra\u00edces afrodescendientes con una identidad muy fuerte, y es all\u00ed donde trabajamos, promoviendo una educaci\u00f3n de calidad que permita ejercer el derecho a la educaci\u00f3n, pero que tambi\u00e9n construya una ciudadan\u00eda comprometida que reivindique sus derechos y defienda la justicia social\u201d, afirma nuestra compa\u00f1era Alicia L\u00f3pez Fari\u00f1a, expatriada de Entreculturas en Hait\u00ed.","og_url":"https:\/\/www.entreculturas.org\/fr\/noticia\/haiti-por-una-educacion-dignificadora\/","og_site_name":"Entreculturas","article_publisher":"https:\/\/www.facebook.com\/entreculturas","article_modified_time":"2024-07-08T12:02:28+00:00","og_image":[{"width":800,"height":533,"url":"https:\/\/www.entreculturas.org\/wp-content\/uploads\/2019\/10\/repor-haiti-2.jpg","type":"image\/jpeg"}],"twitter_card":"summary_large_image","twitter_site":"@Entreculturas","schema":{"@context":"https:\/\/schema.org","@graph":[{"@type":"WebPage","@id":"https:\/\/www.entreculturas.org\/fr\/noticia\/haiti-por-una-educacion-dignificadora\/","url":"https:\/\/www.entreculturas.org\/fr\/noticia\/haiti-por-una-educacion-dignificadora\/","name":"Hait\u00ed, por una educaci\u00f3n dignificadora - Entreculturas","isPartOf":{"@id":"https:\/\/www.entreculturas.org\/fr\/#website"},"primaryImageOfPage":{"@id":"https:\/\/www.entreculturas.org\/fr\/noticia\/haiti-por-una-educacion-dignificadora\/#primaryimage"},"image":{"@id":"https:\/\/www.entreculturas.org\/fr\/noticia\/haiti-por-una-educacion-dignificadora\/#primaryimage"},"thumbnailUrl":"https:\/\/www.entreculturas.org\/wp-content\/uploads\/2019\/10\/repor-haiti-2.jpg","datePublished":"2019-10-03T10:06:41+00:00","dateModified":"2024-07-08T12:02:28+00:00","breadcrumb":{"@id":"https:\/\/www.entreculturas.org\/fr\/noticia\/haiti-por-una-educacion-dignificadora\/#breadcrumb"},"inLanguage":"fr-FR","potentialAction":[{"@type":"ReadAction","target":["https:\/\/www.entreculturas.org\/fr\/noticia\/haiti-por-una-educacion-dignificadora\/"]}]},{"@type":"ImageObject","inLanguage":"fr-FR","@id":"https:\/\/www.entreculturas.org\/fr\/noticia\/haiti-por-una-educacion-dignificadora\/#primaryimage","url":"https:\/\/www.entreculturas.org\/wp-content\/uploads\/2019\/10\/repor-haiti-2.jpg","contentUrl":"https:\/\/www.entreculturas.org\/wp-content\/uploads\/2019\/10\/repor-haiti-2.jpg","width":800,"height":533},{"@type":"BreadcrumbList","@id":"https:\/\/www.entreculturas.org\/fr\/noticia\/haiti-por-una-educacion-dignificadora\/#breadcrumb","itemListElement":[{"@type":"ListItem","position":1,"name":"Home","item":"https:\/\/www.entreculturas.org\/fr\/"},{"@type":"ListItem","position":2,"name":"Noticias","item":"https:\/\/www.entreculturas.org\/fr\/noticias\/"},{"@type":"ListItem","position":3,"name":"Hait\u00ed, por una educaci\u00f3n dignificadora"}]},{"@type":"WebSite","@id":"https:\/\/www.entreculturas.org\/fr\/#website","url":"https:\/\/www.entreculturas.org\/fr\/","name":"Entreculturas","description":"","publisher":{"@id":"https:\/\/www.entreculturas.org\/fr\/#organization"},"alternateName":"Entreculturas","potentialAction":[{"@type":"SearchAction","target":{"@type":"EntryPoint","urlTemplate":"https:\/\/www.entreculturas.org\/fr\/?s={search_term_string}"},"query-input":{"@type":"PropertyValueSpecification","valueRequired":true,"valueName":"search_term_string"}}],"inLanguage":"fr-FR"},{"@type":"Organization","@id":"https:\/\/www.entreculturas.org\/fr\/#organization","name":"Entreculturas","url":"https:\/\/www.entreculturas.org\/fr\/","logo":{"@type":"ImageObject","inLanguage":"fr-FR","@id":"https:\/\/www.entreculturas.org\/fr\/#\/schema\/logo\/image\/","url":"https:\/\/www.entreculturas.org\/wp-content\/uploads\/2025\/10\/ESP.svg","contentUrl":"https:\/\/www.entreculturas.org\/wp-content\/uploads\/2025\/10\/ESP.svg","caption":"Entreculturas"},"image":{"@id":"https:\/\/www.entreculturas.org\/fr\/#\/schema\/logo\/image\/"},"sameAs":["https:\/\/www.facebook.com\/entreculturas","https:\/\/x.com\/Entreculturas","https:\/\/www.instagram.com\/entreculturas\/","https:\/\/www.youtube.com\/user\/entreculturasvideo","https:\/\/www.linkedin.com\/company\/fundacion-entreculturas-ngdo\/","https:\/\/www.flickr.com\/photos\/98455522@N04\/albums\/"]}]}},"_links":{"self":[{"href":"https:\/\/www.entreculturas.org\/fr\/wp-json\/wp\/v2\/noticia\/3715","targetHints":{"allow":["GET"]}}],"collection":[{"href":"https:\/\/www.entreculturas.org\/fr\/wp-json\/wp\/v2\/noticia"}],"about":[{"href":"https:\/\/www.entreculturas.org\/fr\/wp-json\/wp\/v2\/types\/noticia"}],"wp:featuredmedia":[{"embeddable":true,"href":"https:\/\/www.entreculturas.org\/fr\/wp-json\/wp\/v2\/media\/3712"}],"wp:attachment":[{"href":"https:\/\/www.entreculturas.org\/fr\/wp-json\/wp\/v2\/media?parent=3715"}],"wp:term":[{"taxonomy":"category","embeddable":true,"href":"https:\/\/www.entreculturas.org\/fr\/wp-json\/wp\/v2\/categories?post=3715"},{"taxonomy":"post_tag","embeddable":true,"href":"https:\/\/www.entreculturas.org\/fr\/wp-json\/wp\/v2\/tags?post=3715"},{"taxonomy":"country","embeddable":true,"href":"https:\/\/www.entreculturas.org\/fr\/wp-json\/wp\/v2\/country?post=3715"},{"taxonomy":"cause","embeddable":true,"href":"https:\/\/www.entreculturas.org\/fr\/wp-json\/wp\/v2\/cause?post=3715"}],"curies":[{"name":"wp","href":"https:\/\/api.w.org\/{rel}","templated":true}]}}