{"id":3672,"date":"2019-09-25T15:08:20","date_gmt":"2019-09-25T15:08:20","guid":{"rendered":"https:\/\/entreculturasi.wpenginepowered.com\/?noticias=bajo-el-lema-un-encuentro-en-igualdad-hemos-celebrado-nuestro-19encuentroanual"},"modified":"2024-03-20T10:41:21","modified_gmt":"2024-03-20T09:41:21","slug":"bajo-el-lema-un-encuentro-en-igualdad-hemos-celebrado-nuestro-19encuentroanual","status":"publish","type":"noticia","link":"https:\/\/www.entreculturas.org\/fr\/noticia\/bajo-el-lema-un-encuentro-en-igualdad-hemos-celebrado-nuestro-19encuentroanual\/","title":{"rendered":"Bajo el lema \u201cUn Encuentro en Igualdad\u201d, hemos celebrado nuestro #19EncuentroAnual"},"content":{"rendered":"<p>\u201cDibuj\u00e9 una puerta violeta en la pared y al entrar me liber\u00e9\u2026 s\u00e9 lo que no quiero ahora estoy a salvo\u201d. La conocida canci\u00f3n de Rozal\u00e9n, himno contra la violencia de g\u00e9nero, ha sido sin duda el canto de alegr\u00eda y de celebraci\u00f3n en el XIX Encuentro Anual de Entreculturas que se ha celebrado entre el 20 y 22 de septiembre en El Escorial. M\u00e1s de 260 personas vinculadas con Entreculturas y llegadas de las 28 delegaciones se dieron cita bajo el lema \u201cUn Encuentro en Igualdad\u201d. Dos d\u00edas de talleres y di\u00e1logos en torno a la igualdad de g\u00e9nero, una de las misiones vertebrales del trabajo de Entreculturas para la justicia social y la defensa del derecho a la educaci\u00f3n. La campa\u00f1a Luz de las Ni\u00f1as, los Objetivos de Desarrollo Sostenible, el trabajo de coeducaci\u00f3n en los centros educativos, el seguir trabajando para que Entreculturas sea un entorno seguro y la construcci\u00f3n de un plan de igualdad son solo algunos de los ejemplos sobre los que se dialog\u00f3 en el encuentro.&nbsp;<\/p>\n<p>El encuentro cont\u00f3 con la presencia de Antonio J. Espa\u00f1a S\u00e1nchez SJ, Provincial de Espa\u00f1a y miembros del Patronato y del Consejo Asesor como Luis Arancibia Tapia, Delegado del Sector Social de la Compa\u00f1\u00eda de Jes\u00fas en Espa\u00f1a, Josep Buades SJ, Director de la Asociaci\u00f3n Claver y Jos\u00e9 Miguel Colina SJ. As\u00ed como personas muy cercanas a Entreculturas, como Agust\u00edn Alonso SJ, M\u00aa del Carmen de la Fuente, Coordinadora del \u00c1rea de Migraciones del Sector Social (Servicio Jesuita a Migrantes-Espa\u00f1a), M\u00aa del Mar Magall\u00f3n, Directora de ALBOAN, y Javier Montes Maury SJ, estrenando su nuevo cargo en Entreculturas y ALBOAN. Adem\u00e1s de numerosos compa\u00f1eros jesuitas de otros pa\u00edses como Andy Liberato SJ de la provincia de Antillas, Jes\u00fas Mar\u00eda Mart\u00edn Mateo SJ provincia de Espa\u00f1a y Davide Orlandini SJ, de la provincia Euro-Mediterr\u00e1nea.<\/p>\n<p>Durante la jornada del s\u00e1bado hubo tiempo para ahondar en las causas que generan la desigualdad de g\u00e9nero y participar en talleres para profundizar en esta tem\u00e1tica desde distintas perspectivas y acercarnos a lo que Entreculturas ya est\u00e1 haciendo y a lo que proyecta a futuro. El domingo se realizaron talleres para acercarse m\u00e1s a compromisos personales e institucionales de cara a seguir trabajando por la igualdad de g\u00e9nero, se celebr\u00f3 una Eucarist\u00eda que cont\u00f3 con la presencia de Antonio J. Espa\u00f1a S\u00e1nchez SJ, Provincial de Espa\u00f1a, y se clausur\u00f3 el encuentro con la lectura de un \u201cManifiesto por la Igualdad\u201d.<br \/>&nbsp;<\/p>\n<\/p>\n<p><span style=\"color:#ff0102\"><strong>S\u00e1bado 21 de septiembre<\/strong><\/span><\/p>\n<p>El encuentro arranc\u00f3 con el testimonio de Sof\u00eda Guti\u00e9rrez, Responsable de Comunicaci\u00f3n y Acci\u00f3n P\u00fablica de Fe y Alegr\u00eda Guatemala, y de Kimberley Chival\u00e1n Zacar\u00edas, joven guatemalteca de la zona rural que sue\u00f1a con ser locutora, un sue\u00f1o que cada vez est\u00e1 m\u00e1s cerca, aunque no siempre fue as\u00ed. Kim, como muchas otras ni\u00f1as de su comunidad, ha tenido que pelear desde su infancia por un derecho universalmente reconocido, el derecho a la educaci\u00f3n. Un inicio de encuentro que nos acercaba a la realidad y donde Kim habl\u00f3 en representaci\u00f3n de todas las ni\u00f1as a las que se les ha privado del derecho a la educaci\u00f3n. \u201cLa educaci\u00f3n me ha cambiado la vida realmente. Me siento libre. Ha transformado mi vida. Hemos aprendido que las mujeres tenemos derecho y eso nos hace libres. La juventud somos la generaci\u00f3n del cambio\u201d.<\/p>\n<p>Y es que las cifras son alarmantes. De los 262 millones de ni\u00f1as, ni\u00f1os y j\u00f3venes no pueden ir a la escuela, la mitad, 132 millones son ni\u00f1as. Las adolescentes en zonas de conflicto tienen un 90% m\u00e1s de probabilidades de no acceder a la escolarizaci\u00f3n. Una de cada cuatro ni\u00f1as declara que nunca se sienten seguras al utilizar los aseos de la escuela. Anualmente hay 7,3 millones de partos de adolescentes menores de 18 a\u00f1os de los cuales 1,1 mill\u00f3n se dan entre ni\u00f1as menores de 15 a\u00f1os. Cada a\u00f1o 12 millones de ni\u00f1as son casadas antes de cumplir 18 a\u00f1os.&nbsp; 650 millones de mujeres han sido forzadas al matrimonio infantil. M\u00e1s de una de cada tres, antes de los 15 a\u00f1os. Datos que recoge tambi\u00e9n el informe \u201cSeguras para aprender en libertad\u201d que presentaron Macarena Romero, Departamento de Incidencia y Movilizaci\u00f3n y Elena de Luis, Consultora e Investigadora en g\u00e9nero y derechos humanos de Entreculturas para hacernos conscientes de la realidad. La igualdad de g\u00e9nero es indispensable para hablar de garant\u00eda de derechos humanos. Los Objetivos de Desarrollo Sostenible no se conseguir\u00e1n si no se garantiza la igualdad de g\u00e9nero. El papel de la educaci\u00f3n para contribuir a la igualdad de g\u00e9nero, que no es un asunto de mujeres, es algo que concierne a toda la sociedad.<\/p>\n<p>Daniel Villanueva SJ, Vicepresidente Ejecutivo de Entreculturas afirm\u00f3 que es un \u201cmomento muy importante del a\u00f1o para Entreculturas. Somos una red de personas e instituciones que trabajamos defendiendo el derecho a la educaci\u00f3n porque creemos que es la forma de crear un mundo m\u00e1s justo y sostenible. Somos un movimiento por la transformaci\u00f3n social\u201d. Y record\u00f3 que el a\u00f1o pasado por estas mismas fechas est\u00e1bamos en el Congreso Internacional de Fe y Alegr\u00eda, evento que dio un empuj\u00f3n a nivel internacional a Entreculturas. \u201cEn este este encuentro Entreculturas cambia. El Papa Francisco dijo a Fe y Alegr\u00eda que la clave de nuestro ser es la m\u00edstica de la inclusi\u00f3n. En una cultura del descarte, en la que dejamos fuera a los que no sirven, Fe y Alegr\u00eda y Entreculturas promueve una m\u00edstica de la inclusi\u00f3n que no deja a nadie fuera. Una m\u00edstica de incluir m\u00e1s ni\u00f1os y ni\u00f1as en educaci\u00f3n para que la transformaci\u00f3n que so\u00f1amos sea cierta. Entreculturas tiene un equipo interno que trabaja la igualdad de g\u00e9nero y tenemos la intenci\u00f3n de tener un plan de igualdad en breve. Las mujeres representan un 70% se ec son mujeres. Es un momento de creaci\u00f3n conjunta del futuro\u201d.<\/p>\n<p>Alicia de Blas Garc\u00eda, mujer, feminista, madre y maestra de primaria en el Centro Educativo Padre Garralda continu\u00f3 con una ponencia orientada al entendimiento de las causas. Un mirada profunda a las causas de la desigualdad y a las relaciones de poder. \u201cLa diferencia es una realidad natural del ser humano. Hemos construido un sistema complejo de mandatos que nos llevan a la desigualdad. Poner el foco en qui\u00e9n est\u00e1 disfrutando del privilegio y de situaciones de opresi\u00f3n es la manera m\u00e1s interesante de buscar las causas de la desigualdad para intentar acabar con ella\u201d. La econom\u00eda y la vida est\u00e1n sostenidas por trabajos que se generan de manera invisible y que no est\u00e1n remunerados. En Espa\u00f1a el 75% de los trabajos de cuidados lo realizan las mujeres. Por lo tanto, la sostenibilidad de la vida est\u00e1 en manos de mujeres. Esta es la causa de la desigualdad: la sobrecarga de trabajo. La \u00e9tica del cuidado es la que puede hacer transformar el mundo. El movimiento para acabar con la desigualdad s\u00f3lo puede ser con una sociedad empoderada colectivamente. Socializar la responsabilidad en el cuidado de la vida es la \u00fanica manera de acabar con la desigualdad y despu\u00e9s vendr\u00e1 el derecho a la educaci\u00f3n.<\/p>\n<p>Durante la tarde se pudo profundizar en la tem\u00e1tica a trav\u00e9s de diferentes talleres sobre \u201cViolencia de g\u00e9nero\u201d, \u201cABC de g\u00e9nero\u201d, \u201cCoeducaci\u00f3n\u201d, \u201cEcofeminismo\u201d, \u201cHerramientas para educar en la igualdad\u201d o \u201cNuevas masculinidades\u201d y de un espacio de di\u00e1logo, moderado por Raquel Mart\u00edn, Directora de Comunicaci\u00f3n y Relaciones Institucionales de Entreculturas, para conversar sobre c\u00f3mo integramos la perspectiva de g\u00e9nero en la organizaci\u00f3n desde el reconocimiento de la historia y de lo recorrido desde Entreculturas y c\u00f3mo tender nuevos puentes hacia la igualdad. Gemma L\u00f3pez, Responsable del Departamento de Am\u00e9rica Latina y Caribe de Cooperaci\u00f3n de Am\u00e9rica Latina de Entreculturas, explic\u00f3 que ha habido \u201cdos hitos importantes en este camino; la publicaci\u00f3n de un documento de pol\u00edticas de igualdad de g\u00e9nero y la creaci\u00f3n de una comisi\u00f3n de g\u00e9nero\u201d. Las ponentes dieron algunas pistas para seguir avanzando. Celia Garrido se\u00f1al\u00f3 que \u201cel gran desaf\u00edo es c\u00f3mo integrar la perspectiva de g\u00e9nero constantemente e integradamente en la organizaci\u00f3n\u201d. M\u00aa del Mar Magall\u00f3n, Directora de ALBOAN, indic\u00f3 que \u201cel cuidado de las personas, de la vida, de la naturaleza tiene que ser un rasgo central de la instituci\u00f3n. El cambio ser\u00e1 si la instituci\u00f3n es proactiva y pone en marcha acciones\u201d. Irene Ortega, Coordinadora del \u00c1rea de Ciudadan\u00eda de Entreculturas, remarc\u00f3 la importancia de \u201cla capilaridad para que la igualdad de g\u00e9nero cale en toda la sociedad\u201d y puso como ejemplos importantes para ello todo el trabajo de coeducaci\u00f3n, de la Red Solidaria de J\u00f3venes y de la generaci\u00f3n de campa\u00f1as como La Luz de las Ni\u00f1as.&nbsp;<\/p>\n<p><span style=\"color:#ff0102\"><strong>Domingo 22 de septiembre<\/strong><\/span><\/p>\n<p>La ma\u00f1ana del domingo arranc\u00f3 con la celebraci\u00f3n de una Eucarist\u00eda que cont\u00f3 con la presencia de Antonio J. Espa\u00f1a S\u00e1nchez SJ, Provincial de Espa\u00f1a.&nbsp; Adem\u00e1s se realizaron talleres para motivar a los asistentes a definir compromisos personales e institucionales para seguir trabajando por la igualdad de g\u00e9nero.&nbsp;<\/p>\n<p>El acto de clausura corri\u00f3 a cargo de Daniel Villanueva SJ, Vicepresidente Ejecutivo de Entreculturas, Ram\u00f3n Almansa, Director Ejecutivo de Entreculturas, Raquel Mart\u00edn, Directora de Comunicaci\u00f3n y Relaciones Institucionales de Entreculturas y Jos\u00e9 Luis Barreiro, Coordinador Regional de Entreculturas han clausurado el encuentro y han le\u00eddo el \u201cManifiesto por la Igualdad\u201d.<\/p>\n<p>Daniel Villanueva SJ, explic\u00f3 los focos estrat\u00e9gicos del trabajo de Entreculturas: los Objetivos de Desarrollo Sostenible, las Preferencias Apost\u00f3licas Universales de la Compa\u00f1\u00eda de Jes\u00fas y las causas justas a las que Alboan y Entreculturas responder\u00e1n juntas. Las Preferencias Apost\u00f3licas ligadas al trabajo de Entreculturas son; el discernimiento y los ejercicios espirituales, caminar con los excluidos, cuidar de nuestra casa com\u00fan y acompa\u00f1ar a los j\u00f3venes en el camino. Las tres causas justas a las que Alboan y Entreculturas responder\u00e1n juntas y en torno a las cu\u00e1les ir\u00e1 orientado el Plan Estrat\u00e9gico de Entreculturas son; la defensa del derecho a la educaci\u00f3n para todos y todas durante toda la vida, la defensa de la vida digna y de los derechos de la poblaci\u00f3n en situaci\u00f3n de movilidad forzosa y la justicia socioambiental. As\u00ed como las dos causas transversales de igualdad de g\u00e9nero como camino hacia la justicia y de promoci\u00f3n de una ciudadan\u00eda global y participativa.&nbsp;<\/p>\n<p>\u201cA nivel de Compa\u00f1\u00eda de Jes\u00fas estamos en plena expansi\u00f3n del trabajo en red, debido a las nuevas tecnolog\u00edas, estamos intentando responder a trav\u00e9s de redes a tem\u00e1ticas muy complejas y de mayor \u00e1mbito. Entreculturas no puede trabajar sola, necesita trabajar con otros actores\u201d. En Espa\u00f1a junto con ALBOAN, EDUCSI, Red Mimbre, con el Sector Social y con la Provincia de Espa\u00f1a. En Europa con la Red Xavier, con la Red Claver, con el Servicio Jesuita a Refugiados y con la Federaci\u00f3n Internacional de Fe y Alegr\u00eda. Record\u00f3 de nuevo la audiencia privada de Fe y Alegr\u00eda con el Papa Francisco \u201cuna conversaci\u00f3n preciosa\u201d en la que mencion\u00f3 que Fe y Alegr\u00eda es la \u00fanica instituci\u00f3n mundial que se ha tomado en serio en desplegar un tipo de educaci\u00f3n distinta a la ilustrada.<\/p>\n<p>Ram\u00f3n Almansa, hizo una reflexi\u00f3n sobre el encuentro \u201cprecioso y cuestionador a nivel personal e institucional\u201d. Y dej\u00f3 algunos mensajes clave \u201ctocaba hacer un encuentro sobre igualdad de g\u00e9nero, estamos impactados y urgidos, y debemos estar unidos en la acci\u00f3n. La unidad se construye desde el cuidado tenemos que cuidar al equipo y a las personas\u201d.&nbsp;<\/p>\n<p>Raquel Mart\u00edn, lanz\u00f3 un mensaje poderoso para todas las mujeres y hombres presentes en el encuentro \u201ca las mujeres volemos juntas, volemos con fuerza, volemos desplegando autoestimas, volemos sin miedo, y en ese volar, nos queremos encontrar con hombres que tambi\u00e9n est\u00e1is aprendiendo a volar, a desplegar unas alas nuevas\u201d.&nbsp;<\/p>\n<p>Para finalizar, Jos\u00e9 Luis Barreiro, \u201ceste encuentro es una invitaci\u00f3n a comprometernos\u201d. Y as\u00ed lo ha hecho Entreculturas a trav\u00e9s de este Manifiesto por la Igualdad que recoge los principales compromisos adquiridos por Entreculturas. Este encuentro ha sido una confirmaci\u00f3n de la opci\u00f3n de Entreculturas por una educaci\u00f3n transformadora que permita avanzar hacia un horizonte de justicia social y de igualdad de g\u00e9nero tanto en la dimensi\u00f3n organizativa, personal, local y global.<\/p>\n<p>&nbsp;<\/p>\n<p><span style=\"color:#ff0102\"><strong>Enlaces de inter\u00e9s:<\/strong><\/span><\/p>\n<ul>\n<li><a href=\"https:\/\/www.flickr.com\/photos\/entreculturas\/albums\/72157711010593962\" target=\"_blank\" rel=\"noopener\">Fotogaler\u00eda\u2028.<\/a><\/li>\n<li><a href=\"https:\/\/encuentroanual.entreculturas.org\" target=\"_blank\" rel=\"noopener\"><span>Web del Encuentro Anual.<\/span><\/a><\/li>\n<\/ul>\n","protected":false},"excerpt":{"rendered":"<p>\u201cDibuj\u00e9 una puerta violeta en la pared y al entrar me liber\u00e9\u2026 s\u00e9 lo que no quiero ahora estoy a salvo\u201d. La conocida canci\u00f3n de Rozal\u00e9n, himno contra la violencia de g\u00e9nero, ha sido sin duda el canto de alegr\u00eda y de celebraci\u00f3n en el XIX Encuentro Anual de Entreculturas que se ha celebrado entre el 20 y 22 de septiembre en El Escorial. M\u00e1s de 260 personas vinculadas con Entreculturas y llegadas de las 28 delegaciones se dieron cita bajo el lema \u201cUn Encuentro en Igualdad\u201d. Dos d\u00edas de talleres y di\u00e1logos en torno a la igualdad de g\u00e9nero, una de las misiones vertebrales del trabajo de Entreculturas para la justicia social y la defensa del derecho a la educaci\u00f3n. La campa\u00f1a Luz de las Ni\u00f1as, los Objetivos de Desarrollo Sostenible, el trabajo de coeducaci\u00f3n en los centros educativos, el seguir trabajando para que Entreculturas sea un entorno seguro [&hellip;]<\/p>\n","protected":false},"featured_media":3671,"template":"single-noticia","meta":{"_acf_changed":false},"categories":[7],"tags":[185],"country":[],"cause":[],"class_list":["post-3672","noticia","type-noticia","status-publish","has-post-thumbnail","hentry","category-noticia","tag-entreculturas"],"acf":[],"yoast_head":"<!-- This site is optimized with the Yoast SEO Premium plugin v21.6 (Yoast SEO v27.5) - https:\/\/yoast.com\/product\/yoast-seo-premium-wordpress\/ -->\n<title>Bajo el lema \u201cUn Encuentro en Igualdad\u201d, hemos celebrado nuestro #19EncuentroAnual - Entreculturas<\/title>\n<meta name=\"robots\" content=\"index, follow, max-snippet:-1, max-image-preview:large, max-video-preview:-1\" \/>\n<link rel=\"canonical\" href=\"https:\/\/www.entreculturas.org\/fr\/noticia\/bajo-el-lema-un-encuentro-en-igualdad-hemos-celebrado-nuestro-19encuentroanual\/\" \/>\n<meta property=\"og:locale\" content=\"fr_FR\" \/>\n<meta property=\"og:type\" content=\"article\" \/>\n<meta property=\"og:title\" content=\"Bajo el lema \u201cUn Encuentro en Igualdad\u201d, hemos celebrado nuestro #19EncuentroAnual\" \/>\n<meta property=\"og:description\" content=\"\u201cDibuj\u00e9 una puerta violeta en la pared y al entrar me liber\u00e9\u2026 s\u00e9 lo que no quiero ahora estoy a salvo\u201d. La conocida canci\u00f3n de Rozal\u00e9n, himno contra la violencia de g\u00e9nero, ha sido sin duda el canto de alegr\u00eda y de celebraci\u00f3n en el XIX Encuentro Anual de Entreculturas que se ha celebrado entre el 20 y 22 de septiembre en El Escorial. M\u00e1s de 260 personas vinculadas con Entreculturas y llegadas de las 28 delegaciones se dieron cita bajo el lema \u201cUn Encuentro en Igualdad\u201d. Dos d\u00edas de talleres y di\u00e1logos en torno a la igualdad de g\u00e9nero, una de las misiones vertebrales del trabajo de Entreculturas para la justicia social y la defensa del derecho a la educaci\u00f3n. La campa\u00f1a Luz de las Ni\u00f1as, los Objetivos de Desarrollo Sostenible, el trabajo de coeducaci\u00f3n en los centros educativos, el seguir trabajando para que Entreculturas sea un entorno seguro [&hellip;]\" \/>\n<meta property=\"og:url\" content=\"https:\/\/www.entreculturas.org\/fr\/noticia\/bajo-el-lema-un-encuentro-en-igualdad-hemos-celebrado-nuestro-19encuentroanual\/\" \/>\n<meta property=\"og:site_name\" content=\"Entreculturas\" \/>\n<meta property=\"article:publisher\" content=\"https:\/\/www.facebook.com\/entreculturas\" \/>\n<meta property=\"article:modified_time\" content=\"2024-03-20T09:41:21+00:00\" \/>\n<meta property=\"og:image\" content=\"https:\/\/www.entreculturas.org\/wp-content\/uploads\/2019\/09\/final_panoramica_web.jpg\" \/>\n\t<meta property=\"og:image:width\" content=\"1334\" \/>\n\t<meta property=\"og:image:height\" content=\"667\" \/>\n\t<meta property=\"og:image:type\" content=\"image\/jpeg\" \/>\n<meta name=\"twitter:card\" content=\"summary_large_image\" \/>\n<meta name=\"twitter:site\" content=\"@Entreculturas\" \/>\n<script type=\"application\/ld+json\" class=\"yoast-schema-graph\">{\"@context\":\"https:\\\/\\\/schema.org\",\"@graph\":[{\"@type\":\"WebPage\",\"@id\":\"https:\\\/\\\/www.entreculturas.org\\\/fr\\\/noticia\\\/bajo-el-lema-un-encuentro-en-igualdad-hemos-celebrado-nuestro-19encuentroanual\\\/\",\"url\":\"https:\\\/\\\/www.entreculturas.org\\\/fr\\\/noticia\\\/bajo-el-lema-un-encuentro-en-igualdad-hemos-celebrado-nuestro-19encuentroanual\\\/\",\"name\":\"Bajo el lema \u201cUn Encuentro en Igualdad\u201d, hemos celebrado nuestro #19EncuentroAnual - Entreculturas\",\"isPartOf\":{\"@id\":\"https:\\\/\\\/www.entreculturas.org\\\/fr\\\/#website\"},\"primaryImageOfPage\":{\"@id\":\"https:\\\/\\\/www.entreculturas.org\\\/fr\\\/noticia\\\/bajo-el-lema-un-encuentro-en-igualdad-hemos-celebrado-nuestro-19encuentroanual\\\/#primaryimage\"},\"image\":{\"@id\":\"https:\\\/\\\/www.entreculturas.org\\\/fr\\\/noticia\\\/bajo-el-lema-un-encuentro-en-igualdad-hemos-celebrado-nuestro-19encuentroanual\\\/#primaryimage\"},\"thumbnailUrl\":\"https:\\\/\\\/www.entreculturas.org\\\/wp-content\\\/uploads\\\/2019\\\/09\\\/final_panoramica_web.jpg\",\"datePublished\":\"2019-09-25T15:08:20+00:00\",\"dateModified\":\"2024-03-20T09:41:21+00:00\",\"breadcrumb\":{\"@id\":\"https:\\\/\\\/www.entreculturas.org\\\/fr\\\/noticia\\\/bajo-el-lema-un-encuentro-en-igualdad-hemos-celebrado-nuestro-19encuentroanual\\\/#breadcrumb\"},\"inLanguage\":\"fr-FR\",\"potentialAction\":[{\"@type\":\"ReadAction\",\"target\":[\"https:\\\/\\\/www.entreculturas.org\\\/fr\\\/noticia\\\/bajo-el-lema-un-encuentro-en-igualdad-hemos-celebrado-nuestro-19encuentroanual\\\/\"]}]},{\"@type\":\"ImageObject\",\"inLanguage\":\"fr-FR\",\"@id\":\"https:\\\/\\\/www.entreculturas.org\\\/fr\\\/noticia\\\/bajo-el-lema-un-encuentro-en-igualdad-hemos-celebrado-nuestro-19encuentroanual\\\/#primaryimage\",\"url\":\"https:\\\/\\\/www.entreculturas.org\\\/wp-content\\\/uploads\\\/2019\\\/09\\\/final_panoramica_web.jpg\",\"contentUrl\":\"https:\\\/\\\/www.entreculturas.org\\\/wp-content\\\/uploads\\\/2019\\\/09\\\/final_panoramica_web.jpg\",\"width\":1334,\"height\":667},{\"@type\":\"BreadcrumbList\",\"@id\":\"https:\\\/\\\/www.entreculturas.org\\\/fr\\\/noticia\\\/bajo-el-lema-un-encuentro-en-igualdad-hemos-celebrado-nuestro-19encuentroanual\\\/#breadcrumb\",\"itemListElement\":[{\"@type\":\"ListItem\",\"position\":1,\"name\":\"Home\",\"item\":\"https:\\\/\\\/www.entreculturas.org\\\/fr\\\/\"},{\"@type\":\"ListItem\",\"position\":2,\"name\":\"Noticias\",\"item\":\"https:\\\/\\\/www.entreculturas.org\\\/fr\\\/noticias\\\/\"},{\"@type\":\"ListItem\",\"position\":3,\"name\":\"Bajo el lema \u201cUn Encuentro en Igualdad\u201d, hemos celebrado nuestro #19EncuentroAnual\"}]},{\"@type\":\"WebSite\",\"@id\":\"https:\\\/\\\/www.entreculturas.org\\\/fr\\\/#website\",\"url\":\"https:\\\/\\\/www.entreculturas.org\\\/fr\\\/\",\"name\":\"Entreculturas\",\"description\":\"\",\"publisher\":{\"@id\":\"https:\\\/\\\/www.entreculturas.org\\\/fr\\\/#organization\"},\"alternateName\":\"Entreculturas\",\"potentialAction\":[{\"@type\":\"SearchAction\",\"target\":{\"@type\":\"EntryPoint\",\"urlTemplate\":\"https:\\\/\\\/www.entreculturas.org\\\/fr\\\/?s={search_term_string}\"},\"query-input\":{\"@type\":\"PropertyValueSpecification\",\"valueRequired\":true,\"valueName\":\"search_term_string\"}}],\"inLanguage\":\"fr-FR\"},{\"@type\":\"Organization\",\"@id\":\"https:\\\/\\\/www.entreculturas.org\\\/fr\\\/#organization\",\"name\":\"Entreculturas\",\"url\":\"https:\\\/\\\/www.entreculturas.org\\\/fr\\\/\",\"logo\":{\"@type\":\"ImageObject\",\"inLanguage\":\"fr-FR\",\"@id\":\"https:\\\/\\\/www.entreculturas.org\\\/fr\\\/#\\\/schema\\\/logo\\\/image\\\/\",\"url\":\"https:\\\/\\\/www.entreculturas.org\\\/wp-content\\\/uploads\\\/2025\\\/10\\\/ESP.svg\",\"contentUrl\":\"https:\\\/\\\/www.entreculturas.org\\\/wp-content\\\/uploads\\\/2025\\\/10\\\/ESP.svg\",\"caption\":\"Entreculturas\"},\"image\":{\"@id\":\"https:\\\/\\\/www.entreculturas.org\\\/fr\\\/#\\\/schema\\\/logo\\\/image\\\/\"},\"sameAs\":[\"https:\\\/\\\/www.facebook.com\\\/entreculturas\",\"https:\\\/\\\/x.com\\\/Entreculturas\",\"https:\\\/\\\/www.instagram.com\\\/entreculturas\\\/\",\"https:\\\/\\\/www.youtube.com\\\/user\\\/entreculturasvideo\",\"https:\\\/\\\/www.linkedin.com\\\/company\\\/fundacion-entreculturas-ngdo\\\/\",\"https:\\\/\\\/www.flickr.com\\\/photos\\\/98455522@N04\\\/albums\\\/\"]}]}<\/script>\n<!-- \/ Yoast SEO Premium plugin. -->","yoast_head_json":{"title":"Bajo el lema \u201cUn Encuentro en Igualdad\u201d, hemos celebrado nuestro #19EncuentroAnual - Entreculturas","robots":{"index":"index","follow":"follow","max-snippet":"max-snippet:-1","max-image-preview":"max-image-preview:large","max-video-preview":"max-video-preview:-1"},"canonical":"https:\/\/www.entreculturas.org\/fr\/noticia\/bajo-el-lema-un-encuentro-en-igualdad-hemos-celebrado-nuestro-19encuentroanual\/","og_locale":"fr_FR","og_type":"article","og_title":"Bajo el lema \u201cUn Encuentro en Igualdad\u201d, hemos celebrado nuestro #19EncuentroAnual","og_description":"\u201cDibuj\u00e9 una puerta violeta en la pared y al entrar me liber\u00e9\u2026 s\u00e9 lo que no quiero ahora estoy a salvo\u201d. La conocida canci\u00f3n de Rozal\u00e9n, himno contra la violencia de g\u00e9nero, ha sido sin duda el canto de alegr\u00eda y de celebraci\u00f3n en el XIX Encuentro Anual de Entreculturas que se ha celebrado entre el 20 y 22 de septiembre en El Escorial. M\u00e1s de 260 personas vinculadas con Entreculturas y llegadas de las 28 delegaciones se dieron cita bajo el lema \u201cUn Encuentro en Igualdad\u201d. Dos d\u00edas de talleres y di\u00e1logos en torno a la igualdad de g\u00e9nero, una de las misiones vertebrales del trabajo de Entreculturas para la justicia social y la defensa del derecho a la educaci\u00f3n. La campa\u00f1a Luz de las Ni\u00f1as, los Objetivos de Desarrollo Sostenible, el trabajo de coeducaci\u00f3n en los centros educativos, el seguir trabajando para que Entreculturas sea un entorno seguro [&hellip;]","og_url":"https:\/\/www.entreculturas.org\/fr\/noticia\/bajo-el-lema-un-encuentro-en-igualdad-hemos-celebrado-nuestro-19encuentroanual\/","og_site_name":"Entreculturas","article_publisher":"https:\/\/www.facebook.com\/entreculturas","article_modified_time":"2024-03-20T09:41:21+00:00","og_image":[{"width":1334,"height":667,"url":"https:\/\/www.entreculturas.org\/wp-content\/uploads\/2019\/09\/final_panoramica_web.jpg","type":"image\/jpeg"}],"twitter_card":"summary_large_image","twitter_site":"@Entreculturas","schema":{"@context":"https:\/\/schema.org","@graph":[{"@type":"WebPage","@id":"https:\/\/www.entreculturas.org\/fr\/noticia\/bajo-el-lema-un-encuentro-en-igualdad-hemos-celebrado-nuestro-19encuentroanual\/","url":"https:\/\/www.entreculturas.org\/fr\/noticia\/bajo-el-lema-un-encuentro-en-igualdad-hemos-celebrado-nuestro-19encuentroanual\/","name":"Bajo el lema \u201cUn Encuentro en Igualdad\u201d, hemos celebrado nuestro #19EncuentroAnual - Entreculturas","isPartOf":{"@id":"https:\/\/www.entreculturas.org\/fr\/#website"},"primaryImageOfPage":{"@id":"https:\/\/www.entreculturas.org\/fr\/noticia\/bajo-el-lema-un-encuentro-en-igualdad-hemos-celebrado-nuestro-19encuentroanual\/#primaryimage"},"image":{"@id":"https:\/\/www.entreculturas.org\/fr\/noticia\/bajo-el-lema-un-encuentro-en-igualdad-hemos-celebrado-nuestro-19encuentroanual\/#primaryimage"},"thumbnailUrl":"https:\/\/www.entreculturas.org\/wp-content\/uploads\/2019\/09\/final_panoramica_web.jpg","datePublished":"2019-09-25T15:08:20+00:00","dateModified":"2024-03-20T09:41:21+00:00","breadcrumb":{"@id":"https:\/\/www.entreculturas.org\/fr\/noticia\/bajo-el-lema-un-encuentro-en-igualdad-hemos-celebrado-nuestro-19encuentroanual\/#breadcrumb"},"inLanguage":"fr-FR","potentialAction":[{"@type":"ReadAction","target":["https:\/\/www.entreculturas.org\/fr\/noticia\/bajo-el-lema-un-encuentro-en-igualdad-hemos-celebrado-nuestro-19encuentroanual\/"]}]},{"@type":"ImageObject","inLanguage":"fr-FR","@id":"https:\/\/www.entreculturas.org\/fr\/noticia\/bajo-el-lema-un-encuentro-en-igualdad-hemos-celebrado-nuestro-19encuentroanual\/#primaryimage","url":"https:\/\/www.entreculturas.org\/wp-content\/uploads\/2019\/09\/final_panoramica_web.jpg","contentUrl":"https:\/\/www.entreculturas.org\/wp-content\/uploads\/2019\/09\/final_panoramica_web.jpg","width":1334,"height":667},{"@type":"BreadcrumbList","@id":"https:\/\/www.entreculturas.org\/fr\/noticia\/bajo-el-lema-un-encuentro-en-igualdad-hemos-celebrado-nuestro-19encuentroanual\/#breadcrumb","itemListElement":[{"@type":"ListItem","position":1,"name":"Home","item":"https:\/\/www.entreculturas.org\/fr\/"},{"@type":"ListItem","position":2,"name":"Noticias","item":"https:\/\/www.entreculturas.org\/fr\/noticias\/"},{"@type":"ListItem","position":3,"name":"Bajo el lema \u201cUn Encuentro en Igualdad\u201d, hemos celebrado nuestro #19EncuentroAnual"}]},{"@type":"WebSite","@id":"https:\/\/www.entreculturas.org\/fr\/#website","url":"https:\/\/www.entreculturas.org\/fr\/","name":"Entreculturas","description":"","publisher":{"@id":"https:\/\/www.entreculturas.org\/fr\/#organization"},"alternateName":"Entreculturas","potentialAction":[{"@type":"SearchAction","target":{"@type":"EntryPoint","urlTemplate":"https:\/\/www.entreculturas.org\/fr\/?s={search_term_string}"},"query-input":{"@type":"PropertyValueSpecification","valueRequired":true,"valueName":"search_term_string"}}],"inLanguage":"fr-FR"},{"@type":"Organization","@id":"https:\/\/www.entreculturas.org\/fr\/#organization","name":"Entreculturas","url":"https:\/\/www.entreculturas.org\/fr\/","logo":{"@type":"ImageObject","inLanguage":"fr-FR","@id":"https:\/\/www.entreculturas.org\/fr\/#\/schema\/logo\/image\/","url":"https:\/\/www.entreculturas.org\/wp-content\/uploads\/2025\/10\/ESP.svg","contentUrl":"https:\/\/www.entreculturas.org\/wp-content\/uploads\/2025\/10\/ESP.svg","caption":"Entreculturas"},"image":{"@id":"https:\/\/www.entreculturas.org\/fr\/#\/schema\/logo\/image\/"},"sameAs":["https:\/\/www.facebook.com\/entreculturas","https:\/\/x.com\/Entreculturas","https:\/\/www.instagram.com\/entreculturas\/","https:\/\/www.youtube.com\/user\/entreculturasvideo","https:\/\/www.linkedin.com\/company\/fundacion-entreculturas-ngdo\/","https:\/\/www.flickr.com\/photos\/98455522@N04\/albums\/"]}]}},"_links":{"self":[{"href":"https:\/\/www.entreculturas.org\/fr\/wp-json\/wp\/v2\/noticia\/3672","targetHints":{"allow":["GET"]}}],"collection":[{"href":"https:\/\/www.entreculturas.org\/fr\/wp-json\/wp\/v2\/noticia"}],"about":[{"href":"https:\/\/www.entreculturas.org\/fr\/wp-json\/wp\/v2\/types\/noticia"}],"wp:featuredmedia":[{"embeddable":true,"href":"https:\/\/www.entreculturas.org\/fr\/wp-json\/wp\/v2\/media\/3671"}],"wp:attachment":[{"href":"https:\/\/www.entreculturas.org\/fr\/wp-json\/wp\/v2\/media?parent=3672"}],"wp:term":[{"taxonomy":"category","embeddable":true,"href":"https:\/\/www.entreculturas.org\/fr\/wp-json\/wp\/v2\/categories?post=3672"},{"taxonomy":"post_tag","embeddable":true,"href":"https:\/\/www.entreculturas.org\/fr\/wp-json\/wp\/v2\/tags?post=3672"},{"taxonomy":"country","embeddable":true,"href":"https:\/\/www.entreculturas.org\/fr\/wp-json\/wp\/v2\/country?post=3672"},{"taxonomy":"cause","embeddable":true,"href":"https:\/\/www.entreculturas.org\/fr\/wp-json\/wp\/v2\/cause?post=3672"}],"curies":[{"name":"wp","href":"https:\/\/api.w.org\/{rel}","templated":true}]}}