{"id":36596,"date":"2024-12-19T10:38:47","date_gmt":"2024-12-19T09:38:47","guid":{"rendered":"https:\/\/www.entreculturas.org\/?post_type=noticia&#038;p=36596"},"modified":"2024-12-19T10:38:50","modified_gmt":"2024-12-19T09:38:50","slug":"las-finanzas-eticas-el-futuro-de-europa-mas-alla-del-beneficio","status":"publish","type":"noticia","link":"https:\/\/www.entreculturas.org\/fr\/noticia\/las-finanzas-eticas-el-futuro-de-europa-mas-alla-del-beneficio\/","title":{"rendered":"Las Finanzas \u00c9ticas, el Futuro de Europa \u201cM\u00e1s all\u00e1 del Beneficio\u201d"},"content":{"rendered":"\n<p>El pasado 27 de noviembre, se present\u00f3 en Espa\u00f1a el <a href=\"https:\/\/www.fiarebancaetica.coop\/7o-informe-sobre-las-finanzas-eticas-en-europa-bancos-eticos-solidos-y-al-lado-de-la-economia-real\/\">7\u00ba Informe sobre Finanzas \u00c9ticas<\/a> en Europa, titulado \u201c<a href=\"https:\/\/www.fiarebancaetica.coop\/app\/uploads\/sites\/2\/2024\/11\/ESP-7-Informe-web-def.pdf\"><em>M\u00e1s all\u00e1 del beneficio<\/em><\/a>\u201d, un evento clave que busc\u00f3 promover el inicio de un nuevo cap\u00edtulo para las finanzas \u00e9ticas en el continente. Este informe, presentado por primera vez desde Espa\u00f1a, coincide con la celebraci\u00f3n del 25\u00ba aniversario de FIARE Banca \u00c9tica en Italia y el 10\u00ba aniversario de FIARE en Espa\u00f1a.<\/p>\n\n\n\n<p><\/p>\n\n\n\n<p>Con la moderaci\u00f3n del periodista Pere Rusi\u00f1ol, el acto cont\u00f3 con intervenciones de referentes internacionales como Anna Fasano (Presidenta de Banca \u00c9tica), Pedro Manuel Sasia Santos (Presidente de FEBEA), Gelsomina Vigliotti (Vicepresidenta del BEI), Juan Antonio Pedre\u00f1o (Presidente de Social Economy Europe y CEPES) y destacados representantes del Grupo Banca \u00c9tica como Ugo Biggeri y Arola Farr\u00e9.<\/p>\n\n\n\n<p><\/p>\n\n\n\n<h2 class=\"wp-block-heading\" id=\"h-finanzas-eticas-el-modelo-bancario-que-transforma-europa\"><strong>Finanzas \u00e9ticas: el modelo bancario que transforma Europa<\/strong><\/h2>\n\n\n\n<p><\/p>\n\n\n\n<p>Jaime Iglesias S\u00e1nchez-Cervera, Comisionado Especial del Gobierno de Espa\u00f1a para la Econom\u00eda Social, abri\u00f3 la jornada destacando la apuesta del Gobierno por la econom\u00eda social a trav\u00e9s de iniciativas como el PERTE de Econom\u00eda Social, dotado con 2.500 millones de euros. Iglesias subray\u00f3 la relevancia de la reciente 2\u00aa Resoluci\u00f3n de la ONU sobre Econom\u00eda Social, impulsada por Espa\u00f1a.<\/p>\n\n\n\n<p><\/p>\n\n\n\n<p>Los datos presentados por Jordi Ib\u00e1\u00f1ez (FEBEA y GABV) mostraron el impacto tangible de las finanzas \u00e9ticas en 2022: 58.000 millones de euros destinados a financiar proyectos de econom\u00eda social en Europa. Este modelo bancario combina \u00e9tica y eficiencia econ\u00f3mica, promueve la paz al rechazar financiar la industria armament\u00edstica y fomenta la transparencia en el uso de los ahorros.<\/p>\n\n\n\n<p><\/p>\n\n\n\n<p>Ugo Biggeri destac\u00f3 el prop\u00f3sito \u00fanico de la banca \u00e9tica: priorizar actividades de alto impacto social, siendo un modelo organizativo que coloca a las personas y el bien com\u00fan en el centro de su actividad.<\/p>\n\n\n\n<p><\/p>\n\n\n\n<p>Se habl\u00f3 tambi\u00e9n del esfuerzo adicional que tiene que hacer Europa, para el desarrollo del Plan de Acci\u00f3n Europeo para la Econom\u00eda Social, sobre todo ahora que lo apoyan 5 Grupos del Parlamento de diferentes partidos pol\u00edticos. Todo indica que la Econom\u00eda Social est\u00e1 dejando de ser una cuesti\u00f3n de componente ideol\u00f3gico o pol\u00edtico, para pasar a ser una preocupaci\u00f3n de consenso y transversal en las pol\u00edticas europeas.<\/p>\n\n\n\n<p><\/p>\n\n\n\n<h2 class=\"wp-block-heading\" id=\"h-mesa-redonda-finanzas-eticas-como-motor-de-sostenibilidad-y-justicia-social\"><strong>Mesa redonda: Finanzas \u00e9ticas como motor de sostenibilidad y justicia social<\/strong><\/h2>\n\n\n\n<p><\/p>\n\n\n\n<p>La mesa redonda reuni\u00f3 a l\u00edderes como Gelsomina Vigliotti, quien present\u00f3 nuevas formas de participaci\u00f3n del BEI en el financiamiento de la econom\u00eda social, incluyendo roles de garante para amplificar el impacto de los fondos. Por su parte, Juan Antonio Pedre\u00f1o y Pedro Manuel Sasia Santos abogaron por pol\u00edticas fiscales y de apoyo transversal que fortalezcan este sector, subrayando el liderazgo de las finanzas \u00e9ticas en \u00e1reas desatendidas por la banca convencional.<\/p>\n\n\n\n<p><\/p>\n\n\n\n<p>Los panelistas tambi\u00e9n discutieron desaf\u00edos sociales como el fen\u00f3meno de los <em>\u201ctrabajadores pobres\u201d<\/em> en Europa, aquellos que a\u00fan trabajando, no llegan a superar los ingresos para una vida digna y la necesidad de pol\u00edticas p\u00fablicas que impulsen el desarrollo sostenible.<\/p>\n\n\n\n<p><\/p>\n\n\n\n<h2 class=\"wp-block-heading\" id=\"h-un-futuro-prometedor-para-las-finanzas-eticas\"><strong>Un futuro prometedor para las finanzas \u00e9ticas<\/strong><\/h2>\n\n\n\n<p><\/p>\n\n\n\n<p>El informe subraya que las finanzas \u00e9ticas son un modelo consolidado, con un impacto significativo en personas, territorios y sectores excluidos por la banca tradicional. La reivindicaci\u00f3n hist\u00f3rica de este modelo exige una agenda pol\u00edtica com\u00fan, que permita a estas entidades seguir creciendo y transformando realidades.<\/p>\n\n\n\n<p><\/p>\n\n\n\n<p>La jornada culmin\u00f3 con un mensaje esperanzador de Carlos Askunze, quien reforz\u00f3 la importancia de seguir construyendo narrativas transformadoras que den visibilidad al papel crucial de las finanzas \u00e9ticas en el desarrollo de una Europa m\u00e1s inclusiva, sostenible y solidaria.<\/p>\n\n\n\n<p><\/p>\n\n\n\n<p>Este evento dej\u00f3 claro que el camino hacia un futuro econ\u00f3mico y social m\u00e1s \u00e9tico no s\u00f3lo es posible, sino imprescindible.<\/p>\n","protected":false},"excerpt":{"rendered":"<p>El pasado 27 de noviembre, se present\u00f3 en Espa\u00f1a el 7\u00ba Informe sobre Finanzas \u00c9ticas en Europa, titulado \u201cM\u00e1s all\u00e1 del beneficio\u201d, un evento clave que busc\u00f3 promover el inicio de un nuevo cap\u00edtulo para las finanzas \u00e9ticas en el continente. Este informe, presentado por primera vez desde Espa\u00f1a, coincide con la celebraci\u00f3n del 25\u00ba aniversario de FIARE Banca \u00c9tica en Italia y el 10\u00ba aniversario de FIARE en Espa\u00f1a. Con la moderaci\u00f3n del periodista Pere Rusi\u00f1ol, el acto cont\u00f3 con intervenciones de referentes internacionales como Anna Fasano (Presidenta de Banca \u00c9tica), Pedro Manuel Sasia Santos (Presidente de FEBEA), Gelsomina Vigliotti (Vicepresidenta del BEI), Juan Antonio Pedre\u00f1o (Presidente de Social Economy Europe y CEPES) y destacados representantes del Grupo Banca \u00c9tica como Ugo Biggeri y Arola Farr\u00e9. Finanzas \u00e9ticas: el modelo bancario que transforma Europa Jaime Iglesias S\u00e1nchez-Cervera, Comisionado Especial del Gobierno de Espa\u00f1a para la Econom\u00eda Social, abri\u00f3 la [&hellip;]<\/p>\n","protected":false},"featured_media":36603,"template":"","meta":{"_acf_changed":false},"categories":[7],"tags":[196],"country":[],"cause":[],"class_list":["post-36596","noticia","type-noticia","status-publish","has-post-thumbnail","hentry","category-noticia","tag-rsc"],"acf":[],"yoast_head":"<!-- This site is optimized with the Yoast SEO Premium plugin v21.6 (Yoast SEO v27.5) - https:\/\/yoast.com\/product\/yoast-seo-premium-wordpress\/ -->\n<title>Las Finanzas \u00c9ticas, el Futuro de Europa \u201cM\u00e1s all\u00e1 del Beneficio\u201d - Entreculturas<\/title>\n<meta name=\"description\" content=\"\u201cM\u00e1s all\u00e1 del beneficio\u201d es un evento clave que busc\u00f3 promover el inicio de un nuevo cap\u00edtulo para las finanzas \u00e9ticas en el continente.\" \/>\n<meta name=\"robots\" content=\"index, follow, max-snippet:-1, max-image-preview:large, max-video-preview:-1\" \/>\n<link rel=\"canonical\" href=\"https:\/\/www.entreculturas.org\/fr\/noticia\/las-finanzas-eticas-el-futuro-de-europa-mas-alla-del-beneficio\/\" \/>\n<meta property=\"og:locale\" content=\"fr_FR\" \/>\n<meta property=\"og:type\" content=\"article\" \/>\n<meta property=\"og:title\" content=\"Las Finanzas \u00c9ticas, el Futuro de Europa \u201cM\u00e1s all\u00e1 del Beneficio\u201d\" \/>\n<meta property=\"og:description\" content=\"\u201cM\u00e1s all\u00e1 del beneficio\u201d es un evento clave que busc\u00f3 promover el inicio de un nuevo cap\u00edtulo para las finanzas \u00e9ticas en el continente.\" \/>\n<meta property=\"og:url\" content=\"https:\/\/www.entreculturas.org\/fr\/noticia\/las-finanzas-eticas-el-futuro-de-europa-mas-alla-del-beneficio\/\" \/>\n<meta property=\"og:site_name\" content=\"Entreculturas\" \/>\n<meta property=\"article:publisher\" content=\"https:\/\/www.facebook.com\/entreculturas\" \/>\n<meta property=\"article:modified_time\" content=\"2024-12-19T09:38:50+00:00\" \/>\n<meta property=\"og:image\" content=\"https:\/\/www.entreculturas.org\/wp-content\/uploads\/2024\/12\/INFORME-FIARE-1.png\" \/>\n\t<meta property=\"og:image:width\" content=\"2031\" \/>\n\t<meta property=\"og:image:height\" content=\"866\" \/>\n\t<meta property=\"og:image:type\" content=\"image\/png\" \/>\n<meta name=\"twitter:card\" content=\"summary_large_image\" \/>\n<meta name=\"twitter:site\" content=\"@Entreculturas\" \/>\n<script type=\"application\/ld+json\" class=\"yoast-schema-graph\">{\"@context\":\"https:\\\/\\\/schema.org\",\"@graph\":[{\"@type\":\"WebPage\",\"@id\":\"https:\\\/\\\/www.entreculturas.org\\\/fr\\\/noticia\\\/las-finanzas-eticas-el-futuro-de-europa-mas-alla-del-beneficio\\\/\",\"url\":\"https:\\\/\\\/www.entreculturas.org\\\/fr\\\/noticia\\\/las-finanzas-eticas-el-futuro-de-europa-mas-alla-del-beneficio\\\/\",\"name\":\"Las Finanzas \u00c9ticas, el Futuro de Europa \u201cM\u00e1s all\u00e1 del Beneficio\u201d - Entreculturas\",\"isPartOf\":{\"@id\":\"https:\\\/\\\/www.entreculturas.org\\\/fr\\\/#website\"},\"primaryImageOfPage\":{\"@id\":\"https:\\\/\\\/www.entreculturas.org\\\/fr\\\/noticia\\\/las-finanzas-eticas-el-futuro-de-europa-mas-alla-del-beneficio\\\/#primaryimage\"},\"image\":{\"@id\":\"https:\\\/\\\/www.entreculturas.org\\\/fr\\\/noticia\\\/las-finanzas-eticas-el-futuro-de-europa-mas-alla-del-beneficio\\\/#primaryimage\"},\"thumbnailUrl\":\"https:\\\/\\\/www.entreculturas.org\\\/wp-content\\\/uploads\\\/2024\\\/12\\\/INFORME-FIARE-1.png\",\"datePublished\":\"2024-12-19T09:38:47+00:00\",\"dateModified\":\"2024-12-19T09:38:50+00:00\",\"description\":\"\u201cM\u00e1s all\u00e1 del beneficio\u201d es un evento clave que busc\u00f3 promover el inicio de un nuevo cap\u00edtulo para las finanzas \u00e9ticas en el continente.\",\"breadcrumb\":{\"@id\":\"https:\\\/\\\/www.entreculturas.org\\\/fr\\\/noticia\\\/las-finanzas-eticas-el-futuro-de-europa-mas-alla-del-beneficio\\\/#breadcrumb\"},\"inLanguage\":\"fr-FR\",\"potentialAction\":[{\"@type\":\"ReadAction\",\"target\":[\"https:\\\/\\\/www.entreculturas.org\\\/fr\\\/noticia\\\/las-finanzas-eticas-el-futuro-de-europa-mas-alla-del-beneficio\\\/\"]}]},{\"@type\":\"ImageObject\",\"inLanguage\":\"fr-FR\",\"@id\":\"https:\\\/\\\/www.entreculturas.org\\\/fr\\\/noticia\\\/las-finanzas-eticas-el-futuro-de-europa-mas-alla-del-beneficio\\\/#primaryimage\",\"url\":\"https:\\\/\\\/www.entreculturas.org\\\/wp-content\\\/uploads\\\/2024\\\/12\\\/INFORME-FIARE-1.png\",\"contentUrl\":\"https:\\\/\\\/www.entreculturas.org\\\/wp-content\\\/uploads\\\/2024\\\/12\\\/INFORME-FIARE-1.png\",\"width\":2031,\"height\":866,\"caption\":\"M\u00e1s all\u00e1 del Beneficio\"},{\"@type\":\"BreadcrumbList\",\"@id\":\"https:\\\/\\\/www.entreculturas.org\\\/fr\\\/noticia\\\/las-finanzas-eticas-el-futuro-de-europa-mas-alla-del-beneficio\\\/#breadcrumb\",\"itemListElement\":[{\"@type\":\"ListItem\",\"position\":1,\"name\":\"Home\",\"item\":\"https:\\\/\\\/www.entreculturas.org\\\/fr\\\/\"},{\"@type\":\"ListItem\",\"position\":2,\"name\":\"Noticias\",\"item\":\"https:\\\/\\\/www.entreculturas.org\\\/fr\\\/noticias\\\/\"},{\"@type\":\"ListItem\",\"position\":3,\"name\":\"Las Finanzas \u00c9ticas, el Futuro de Europa \u201cM\u00e1s all\u00e1 del Beneficio\u201d\"}]},{\"@type\":\"WebSite\",\"@id\":\"https:\\\/\\\/www.entreculturas.org\\\/fr\\\/#website\",\"url\":\"https:\\\/\\\/www.entreculturas.org\\\/fr\\\/\",\"name\":\"Entreculturas\",\"description\":\"\",\"publisher\":{\"@id\":\"https:\\\/\\\/www.entreculturas.org\\\/fr\\\/#organization\"},\"alternateName\":\"Entreculturas\",\"potentialAction\":[{\"@type\":\"SearchAction\",\"target\":{\"@type\":\"EntryPoint\",\"urlTemplate\":\"https:\\\/\\\/www.entreculturas.org\\\/fr\\\/?s={search_term_string}\"},\"query-input\":{\"@type\":\"PropertyValueSpecification\",\"valueRequired\":true,\"valueName\":\"search_term_string\"}}],\"inLanguage\":\"fr-FR\"},{\"@type\":\"Organization\",\"@id\":\"https:\\\/\\\/www.entreculturas.org\\\/fr\\\/#organization\",\"name\":\"Entreculturas\",\"url\":\"https:\\\/\\\/www.entreculturas.org\\\/fr\\\/\",\"logo\":{\"@type\":\"ImageObject\",\"inLanguage\":\"fr-FR\",\"@id\":\"https:\\\/\\\/www.entreculturas.org\\\/fr\\\/#\\\/schema\\\/logo\\\/image\\\/\",\"url\":\"https:\\\/\\\/www.entreculturas.org\\\/wp-content\\\/uploads\\\/2025\\\/10\\\/ESP.svg\",\"contentUrl\":\"https:\\\/\\\/www.entreculturas.org\\\/wp-content\\\/uploads\\\/2025\\\/10\\\/ESP.svg\",\"caption\":\"Entreculturas\"},\"image\":{\"@id\":\"https:\\\/\\\/www.entreculturas.org\\\/fr\\\/#\\\/schema\\\/logo\\\/image\\\/\"},\"sameAs\":[\"https:\\\/\\\/www.facebook.com\\\/entreculturas\",\"https:\\\/\\\/x.com\\\/Entreculturas\",\"https:\\\/\\\/www.instagram.com\\\/entreculturas\\\/\",\"https:\\\/\\\/www.youtube.com\\\/user\\\/entreculturasvideo\",\"https:\\\/\\\/www.linkedin.com\\\/company\\\/fundacion-entreculturas-ngdo\\\/\",\"https:\\\/\\\/www.flickr.com\\\/photos\\\/98455522@N04\\\/albums\\\/\"]}]}<\/script>\n<!-- \/ Yoast SEO Premium plugin. -->","yoast_head_json":{"title":"Las Finanzas \u00c9ticas, el Futuro de Europa \u201cM\u00e1s all\u00e1 del Beneficio\u201d - Entreculturas","description":"\u201cM\u00e1s all\u00e1 del beneficio\u201d es un evento clave que busc\u00f3 promover el inicio de un nuevo cap\u00edtulo para las finanzas \u00e9ticas en el continente.","robots":{"index":"index","follow":"follow","max-snippet":"max-snippet:-1","max-image-preview":"max-image-preview:large","max-video-preview":"max-video-preview:-1"},"canonical":"https:\/\/www.entreculturas.org\/fr\/noticia\/las-finanzas-eticas-el-futuro-de-europa-mas-alla-del-beneficio\/","og_locale":"fr_FR","og_type":"article","og_title":"Las Finanzas \u00c9ticas, el Futuro de Europa \u201cM\u00e1s all\u00e1 del Beneficio\u201d","og_description":"\u201cM\u00e1s all\u00e1 del beneficio\u201d es un evento clave que busc\u00f3 promover el inicio de un nuevo cap\u00edtulo para las finanzas \u00e9ticas en el continente.","og_url":"https:\/\/www.entreculturas.org\/fr\/noticia\/las-finanzas-eticas-el-futuro-de-europa-mas-alla-del-beneficio\/","og_site_name":"Entreculturas","article_publisher":"https:\/\/www.facebook.com\/entreculturas","article_modified_time":"2024-12-19T09:38:50+00:00","og_image":[{"width":2031,"height":866,"url":"https:\/\/www.entreculturas.org\/wp-content\/uploads\/2024\/12\/INFORME-FIARE-1.png","type":"image\/png"}],"twitter_card":"summary_large_image","twitter_site":"@Entreculturas","schema":{"@context":"https:\/\/schema.org","@graph":[{"@type":"WebPage","@id":"https:\/\/www.entreculturas.org\/fr\/noticia\/las-finanzas-eticas-el-futuro-de-europa-mas-alla-del-beneficio\/","url":"https:\/\/www.entreculturas.org\/fr\/noticia\/las-finanzas-eticas-el-futuro-de-europa-mas-alla-del-beneficio\/","name":"Las Finanzas \u00c9ticas, el Futuro de Europa \u201cM\u00e1s all\u00e1 del Beneficio\u201d - Entreculturas","isPartOf":{"@id":"https:\/\/www.entreculturas.org\/fr\/#website"},"primaryImageOfPage":{"@id":"https:\/\/www.entreculturas.org\/fr\/noticia\/las-finanzas-eticas-el-futuro-de-europa-mas-alla-del-beneficio\/#primaryimage"},"image":{"@id":"https:\/\/www.entreculturas.org\/fr\/noticia\/las-finanzas-eticas-el-futuro-de-europa-mas-alla-del-beneficio\/#primaryimage"},"thumbnailUrl":"https:\/\/www.entreculturas.org\/wp-content\/uploads\/2024\/12\/INFORME-FIARE-1.png","datePublished":"2024-12-19T09:38:47+00:00","dateModified":"2024-12-19T09:38:50+00:00","description":"\u201cM\u00e1s all\u00e1 del beneficio\u201d es un evento clave que busc\u00f3 promover el inicio de un nuevo cap\u00edtulo para las finanzas \u00e9ticas en el continente.","breadcrumb":{"@id":"https:\/\/www.entreculturas.org\/fr\/noticia\/las-finanzas-eticas-el-futuro-de-europa-mas-alla-del-beneficio\/#breadcrumb"},"inLanguage":"fr-FR","potentialAction":[{"@type":"ReadAction","target":["https:\/\/www.entreculturas.org\/fr\/noticia\/las-finanzas-eticas-el-futuro-de-europa-mas-alla-del-beneficio\/"]}]},{"@type":"ImageObject","inLanguage":"fr-FR","@id":"https:\/\/www.entreculturas.org\/fr\/noticia\/las-finanzas-eticas-el-futuro-de-europa-mas-alla-del-beneficio\/#primaryimage","url":"https:\/\/www.entreculturas.org\/wp-content\/uploads\/2024\/12\/INFORME-FIARE-1.png","contentUrl":"https:\/\/www.entreculturas.org\/wp-content\/uploads\/2024\/12\/INFORME-FIARE-1.png","width":2031,"height":866,"caption":"M\u00e1s all\u00e1 del Beneficio"},{"@type":"BreadcrumbList","@id":"https:\/\/www.entreculturas.org\/fr\/noticia\/las-finanzas-eticas-el-futuro-de-europa-mas-alla-del-beneficio\/#breadcrumb","itemListElement":[{"@type":"ListItem","position":1,"name":"Home","item":"https:\/\/www.entreculturas.org\/fr\/"},{"@type":"ListItem","position":2,"name":"Noticias","item":"https:\/\/www.entreculturas.org\/fr\/noticias\/"},{"@type":"ListItem","position":3,"name":"Las Finanzas \u00c9ticas, el Futuro de Europa \u201cM\u00e1s all\u00e1 del Beneficio\u201d"}]},{"@type":"WebSite","@id":"https:\/\/www.entreculturas.org\/fr\/#website","url":"https:\/\/www.entreculturas.org\/fr\/","name":"Entreculturas","description":"","publisher":{"@id":"https:\/\/www.entreculturas.org\/fr\/#organization"},"alternateName":"Entreculturas","potentialAction":[{"@type":"SearchAction","target":{"@type":"EntryPoint","urlTemplate":"https:\/\/www.entreculturas.org\/fr\/?s={search_term_string}"},"query-input":{"@type":"PropertyValueSpecification","valueRequired":true,"valueName":"search_term_string"}}],"inLanguage":"fr-FR"},{"@type":"Organization","@id":"https:\/\/www.entreculturas.org\/fr\/#organization","name":"Entreculturas","url":"https:\/\/www.entreculturas.org\/fr\/","logo":{"@type":"ImageObject","inLanguage":"fr-FR","@id":"https:\/\/www.entreculturas.org\/fr\/#\/schema\/logo\/image\/","url":"https:\/\/www.entreculturas.org\/wp-content\/uploads\/2025\/10\/ESP.svg","contentUrl":"https:\/\/www.entreculturas.org\/wp-content\/uploads\/2025\/10\/ESP.svg","caption":"Entreculturas"},"image":{"@id":"https:\/\/www.entreculturas.org\/fr\/#\/schema\/logo\/image\/"},"sameAs":["https:\/\/www.facebook.com\/entreculturas","https:\/\/x.com\/Entreculturas","https:\/\/www.instagram.com\/entreculturas\/","https:\/\/www.youtube.com\/user\/entreculturasvideo","https:\/\/www.linkedin.com\/company\/fundacion-entreculturas-ngdo\/","https:\/\/www.flickr.com\/photos\/98455522@N04\/albums\/"]}]}},"_links":{"self":[{"href":"https:\/\/www.entreculturas.org\/fr\/wp-json\/wp\/v2\/noticia\/36596","targetHints":{"allow":["GET"]}}],"collection":[{"href":"https:\/\/www.entreculturas.org\/fr\/wp-json\/wp\/v2\/noticia"}],"about":[{"href":"https:\/\/www.entreculturas.org\/fr\/wp-json\/wp\/v2\/types\/noticia"}],"wp:featuredmedia":[{"embeddable":true,"href":"https:\/\/www.entreculturas.org\/fr\/wp-json\/wp\/v2\/media\/36603"}],"wp:attachment":[{"href":"https:\/\/www.entreculturas.org\/fr\/wp-json\/wp\/v2\/media?parent=36596"}],"wp:term":[{"taxonomy":"category","embeddable":true,"href":"https:\/\/www.entreculturas.org\/fr\/wp-json\/wp\/v2\/categories?post=36596"},{"taxonomy":"post_tag","embeddable":true,"href":"https:\/\/www.entreculturas.org\/fr\/wp-json\/wp\/v2\/tags?post=36596"},{"taxonomy":"country","embeddable":true,"href":"https:\/\/www.entreculturas.org\/fr\/wp-json\/wp\/v2\/country?post=36596"},{"taxonomy":"cause","embeddable":true,"href":"https:\/\/www.entreculturas.org\/fr\/wp-json\/wp\/v2\/cause?post=36596"}],"curies":[{"name":"wp","href":"https:\/\/api.w.org\/{rel}","templated":true}]}}