{"id":36341,"date":"2024-12-04T10:22:54","date_gmt":"2024-12-04T09:22:54","guid":{"rendered":"https:\/\/www.entreculturas.org\/?post_type=noticia&#038;p=36341"},"modified":"2024-12-05T08:55:50","modified_gmt":"2024-12-05T07:55:50","slug":"pacto-europeo-de-migracion-y-asilo-el-gobierno-debe-contar-con-la-opinion-de-la-sociedad-civil-en-su-plan-de-implementacion-del-pacto","status":"publish","type":"noticia","link":"https:\/\/www.entreculturas.org\/fr\/noticia\/pacto-europeo-de-migracion-y-asilo-el-gobierno-debe-contar-con-la-opinion-de-la-sociedad-civil-en-su-plan-de-implementacion-del-pacto\/","title":{"rendered":"Pacto Europeo de Migraci\u00f3n y Asilo: El Gobierno debe contar con la opini\u00f3n de la sociedad civil en su Plan de Implementaci\u00f3n del Pacto"},"content":{"rendered":"\n<ul class=\"wp-block-list\">\n<li><strong>20 organizaciones sociales que se reunieron con el presidente del Gobierno y la ministra de Inclusi\u00f3n a principios de octubre piden conocer el borrador y las prioridades del Plan.<\/strong><\/li>\n\n\n\n<li><strong>Pese al importante paso que supuso la reuni\u00f3n, dos meses despu\u00e9s a\u00fan no han recibido la propuesta por parte de los ministerios competentes.<\/strong><\/li>\n\n\n\n<li><strong>Reclaman el establecimiento de un canal efectivo de participaci\u00f3n durante todo el proceso, tal y como se comprometieron en la reuni\u00f3n.<\/strong><\/li>\n<\/ul>\n\n\n\n<p><br><em>(Madrid, 5 de diciembre de 2024). <\/em>A principios de octubre 20 organizaciones sociales se reunieron con el presidente del Gobierno espa\u00f1ol, Pedro S\u00e1nchez, y con la ministra de Inclusi\u00f3n, Seguridad Social y Migraciones, Elma Saiz, para trasladarles sus propuestas para que el Pacto Europeo de Migraci\u00f3n y Asilo se centre en las personas y los derechos humanos. En dicha reuni\u00f3n, tanto el presidente como la ministra mostraron su voluntad de involucrar a la sociedad civil en los Planes de Implementaci\u00f3n del Pacto en Espa\u00f1a con el objetivo de considerar los an\u00e1lisis especializados, las propuestas y garantizar los derechos humanos.<br><\/p>\n\n\n\n<p>Sin embargo, y pese al importante paso que supuso esta reuni\u00f3n, dos meses despu\u00e9s a\u00fan no han recibido la propuesta por parte de los ministerios competentes. Tampoco han podido acceder al borrador del Plan de Implementaci\u00f3n que debe presentarse por parte de Espa\u00f1a antes del 12 de diciembre.<br><\/p>\n\n\n\n<p>El Pacto no puede ser entendido como algo lejano y distante a la sociedad y, de hecho, su implementaci\u00f3n tiene que ser coherente y estar completamente integrada con el desarrollo de pol\u00edticas migratorias en nuestro Estado, seg\u00fan las organizaciones sociales. Esta nueva regulaci\u00f3n llega para Espa\u00f1a en un momento de despliegue de acci\u00f3n pol\u00edtica, a trav\u00e9s de la aprobaci\u00f3n de la \u00faltima reforma al Reglamento de Extranjer\u00eda, y la toma en consideraci\u00f3n de la Propuesta de Ley para una regularizaci\u00f3n de personas migrantes. Adem\u00e1s, ambos procesos han sido ampliamente participados desde la sociedad civil, y esta caracter\u00edstica ha sido una de las condiciones asumidas por el presidente para el dise\u00f1o del plan de implementaci\u00f3n del Pacto en nuestro Estado.<br><\/p>\n\n\n\n<p>Las 20 entidades han recordado la importancia de la participaci\u00f3n de la sociedad civil en el proceso y la relevancia de la transparencia en el mismo, en un contexto especialmente \u201cinquietante\u201d y cada vez m\u00e1s desfavorable para la garant\u00eda de derechos a nivel europeo, tras la propuesta de la Comisi\u00f3n Europea de valorar \u201csoluciones innovadoras\u201d como la creaci\u00f3n de centros de internamiento en terceros pa\u00edses, siguiendo el modelo italiano. Para las entidades, esto supondr\u00eda dar una vuelta de tuerca m\u00e1s a las amenazas que ya de por s\u00ed plantea el Pacto en materia de derechos humanos, debido a que \u201ca todas luces pone el riesgo el principio de no devoluci\u00f3n y en peligro de muerte el derecho de asilo en Europa\u201d.<br><\/p>\n\n\n\n<p>\u00ab\u00a0Espa\u00f1a ha dado un paso adelante en el rechazo de estas iniciativas y tiene una oportunidad hist\u00f3rica de tomar medidas adecuadas para garantizar la protecci\u00f3n de las personas migrantes, especialmente en el caso de las ni\u00f1as y los ni\u00f1os, desmarc\u00e1ndose de las fracasadas pol\u00edticas migratorias de externalizaci\u00f3n y control de fronteras, que adem\u00e1s de ser contrarias a los derechos humanos, provocan m\u00e1s muertes y sufrimiento en las rutas migratorias. Tambi\u00e9n es necesario que la participaci\u00f3n de la sociedad sea incorporada de manera efectiva en el proceso para que el respeto de los derechos humanos est\u00e9 en el centro atendiendo a las necesidades e intereses de las personas migrantes que podr\u00edan participar de manera directa en el deseable proceso de consultas\u00a0\u00bb, declaran.<br><\/p>\n\n\n\n<p>Para que este compromiso se haga realidad, recuerdan que Espa\u00f1a debe mantener las garant\u00edas y los m\u00e1ximos est\u00e1ndares de protecci\u00f3n previstos en el ordenamiento jur\u00eddico espa\u00f1ol, as\u00ed como asegurar el cumplimiento de los tratados internacionales en materia de derechos humanos firmados por todos los Estados miembros de la Uni\u00f3n Europea. Con este objetivo, el Plan de Implementaci\u00f3n del Pacto en Espa\u00f1a debe contemplar de forma preferente medidas que no sean privativas de libertad, adem\u00e1s de garantizar la asistencia jur\u00eddica gratuita en todas las fases del procedimiento, el an\u00e1lisis individualizado de las solicitudes, la adecuada atenci\u00f3n sanitaria por equipos especializados, el derecho a int\u00e9rprete y la tramitaci\u00f3n de las solicitudes por el procedimiento ordinario cuando se detecten necesidades especiales o situaciones de vulnerabilidad en los procedimientos fronterizos, entre otras propuestas.<br><\/p>\n\n\n\n<p>Tambi\u00e9n es fundamental garantizar que se sigan manteniendo los est\u00e1ndares de protecci\u00f3n para personas en situaci\u00f3n de vulnerabilidad que propicia el sistema de Atenci\u00f3n Humanitaria. En el caso de la infancia es esencial que, entre otras, se garantice la unidad familiar y se respeten las presunciones de minor\u00eda para todos los ni\u00f1os, ni\u00f1as y adolescentes que accedan al territorio.<br><\/p>\n\n\n\n<p>Asimismo, se\u00f1alan la importancia de crear un mecanismo independiente de supervisi\u00f3n de derechos humanos en la gesti\u00f3n fronteriza, tal como establece el Pacto, con la participaci\u00f3n de la sociedad civil.<br><\/p>\n\n\n\n<p>Finalmente, destacan que es necesario contar con un sistema preparado, dimensionado y con un enfoque estructural para atender a las emergencias de manera adecuada y evitar derogaciones y excepciones de las normas de asilo, tal y como recoge el Reglamento de Crisis y Fuerza Mayor, que puede impedir en la pr\u00e1ctica el acceso a la protecci\u00f3n a las personas solicitantes de asilo y refugiadas.<br><\/p>\n\n\n\n<p><strong>ORGANIZACIONES FIRMANTES<\/strong><br><\/p>\n\n\n\n<p>Accem, Alianza por la Solidaridad \/ ActionAid, Alboan, Amnist\u00eda Internacional, Andaluc\u00eda Acoge, Asociaci\u00f3n Rumi\u00f1ahui, Comisi\u00f3n Espa\u00f1ola de Ayuda al Refugiado (CEAR), CONVIVE Fundaci\u00f3n Cepaim, La Coordinadora de Organizaciones para el Desarrollo, Cruz Roja Espa\u00f1ola, Fundaci\u00f3n Entreculturas, Ir\u00eddia-centro para la defensa de derechos humanos, M\u00e9dicos del Mundo, M\u00e9dicos Sin Fronteras, Movimiento por la Paz -MPDL-, Instituto Novact de Noviolencia, Oxfam Interm\u00f3n, Plataforma de Organizaciones de Infancia (POI), Red Acoge, Salud por Derecho, Save the Children, Servicio Jesuita a Migrantes-SJM, Stop Mare Mortum<\/p>\n","protected":false},"excerpt":{"rendered":"<p>(Madrid, 5 de diciembre de 2024). A principios de octubre 20 organizaciones sociales se reunieron con el presidente del Gobierno espa\u00f1ol, Pedro S\u00e1nchez, y con la ministra de Inclusi\u00f3n, Seguridad Social y Migraciones, Elma Saiz, para trasladarles sus propuestas para que el Pacto Europeo de Migraci\u00f3n y Asilo se centre en las personas y los derechos humanos. En dicha reuni\u00f3n, tanto el presidente como la ministra mostraron su voluntad de involucrar a la sociedad civil en los Planes de Implementaci\u00f3n del Pacto en Espa\u00f1a con el objetivo de considerar los an\u00e1lisis especializados, las propuestas y garantizar los derechos humanos. Sin embargo, y pese al importante paso que supuso esta reuni\u00f3n, dos meses despu\u00e9s a\u00fan no han recibido la propuesta por parte de los ministerios competentes. Tampoco han podido acceder al borrador del Plan de Implementaci\u00f3n que debe presentarse por parte de Espa\u00f1a antes del 12 de diciembre. El Pacto no [&hellip;]<\/p>\n","protected":false},"featured_media":36343,"template":"","meta":{"_acf_changed":false},"categories":[7],"tags":[10],"country":[],"cause":[129],"class_list":["post-36341","noticia","type-noticia","status-publish","has-post-thumbnail","hentry","category-noticia","tag-migracion-y-refugio","cause-migracion-y-refugio"],"acf":[],"yoast_head":"<!-- This site is optimized with the Yoast SEO Premium plugin v21.6 (Yoast SEO v27.5) - https:\/\/yoast.com\/product\/yoast-seo-premium-wordpress\/ -->\n<title>Pacto Europeo de Migraci\u00f3n y Asilo<\/title>\n<meta name=\"description\" content=\"El Gobierno debe contar con la opini\u00f3n de la sociedad civil en su Plan de Implementaci\u00f3n del Pacto Europeo de Migraci\u00f3n y Asilo.\" \/>\n<meta name=\"robots\" content=\"index, follow, max-snippet:-1, max-image-preview:large, max-video-preview:-1\" \/>\n<link rel=\"canonical\" href=\"https:\/\/www.entreculturas.org\/fr\/noticia\/pacto-europeo-de-migracion-y-asilo-el-gobierno-debe-contar-con-la-opinion-de-la-sociedad-civil-en-su-plan-de-implementacion-del-pacto\/\" \/>\n<meta property=\"og:locale\" content=\"fr_FR\" \/>\n<meta property=\"og:type\" content=\"article\" \/>\n<meta property=\"og:title\" content=\"Pacto Europeo de Migraci\u00f3n y Asilo: El Gobierno debe contar con la opini\u00f3n de la sociedad civil en su Plan de Implementaci\u00f3n del Pacto\" \/>\n<meta property=\"og:description\" content=\"El Gobierno debe contar con la opini\u00f3n de la sociedad civil en su Plan de Implementaci\u00f3n del Pacto Europeo de Migraci\u00f3n y Asilo.\" \/>\n<meta property=\"og:url\" content=\"https:\/\/www.entreculturas.org\/fr\/noticia\/pacto-europeo-de-migracion-y-asilo-el-gobierno-debe-contar-con-la-opinion-de-la-sociedad-civil-en-su-plan-de-implementacion-del-pacto\/\" \/>\n<meta property=\"og:site_name\" content=\"Entreculturas\" \/>\n<meta property=\"article:publisher\" content=\"https:\/\/www.facebook.com\/entreculturas\" \/>\n<meta property=\"article:modified_time\" content=\"2024-12-05T07:55:50+00:00\" \/>\n<meta property=\"og:image\" content=\"https:\/\/www.entreculturas.org\/wp-content\/uploads\/2024\/12\/bandera-scaled.jpg\" \/>\n\t<meta property=\"og:image:width\" content=\"2560\" \/>\n\t<meta property=\"og:image:height\" content=\"983\" \/>\n\t<meta property=\"og:image:type\" content=\"image\/jpeg\" \/>\n<meta name=\"twitter:card\" content=\"summary_large_image\" \/>\n<meta name=\"twitter:site\" content=\"@Entreculturas\" \/>\n<script type=\"application\/ld+json\" class=\"yoast-schema-graph\">{\"@context\":\"https:\\\/\\\/schema.org\",\"@graph\":[{\"@type\":\"WebPage\",\"@id\":\"https:\\\/\\\/www.entreculturas.org\\\/fr\\\/noticia\\\/pacto-europeo-de-migracion-y-asilo-el-gobierno-debe-contar-con-la-opinion-de-la-sociedad-civil-en-su-plan-de-implementacion-del-pacto\\\/\",\"url\":\"https:\\\/\\\/www.entreculturas.org\\\/fr\\\/noticia\\\/pacto-europeo-de-migracion-y-asilo-el-gobierno-debe-contar-con-la-opinion-de-la-sociedad-civil-en-su-plan-de-implementacion-del-pacto\\\/\",\"name\":\"Pacto Europeo de Migraci\u00f3n y Asilo\",\"isPartOf\":{\"@id\":\"https:\\\/\\\/www.entreculturas.org\\\/fr\\\/#website\"},\"primaryImageOfPage\":{\"@id\":\"https:\\\/\\\/www.entreculturas.org\\\/fr\\\/noticia\\\/pacto-europeo-de-migracion-y-asilo-el-gobierno-debe-contar-con-la-opinion-de-la-sociedad-civil-en-su-plan-de-implementacion-del-pacto\\\/#primaryimage\"},\"image\":{\"@id\":\"https:\\\/\\\/www.entreculturas.org\\\/fr\\\/noticia\\\/pacto-europeo-de-migracion-y-asilo-el-gobierno-debe-contar-con-la-opinion-de-la-sociedad-civil-en-su-plan-de-implementacion-del-pacto\\\/#primaryimage\"},\"thumbnailUrl\":\"https:\\\/\\\/www.entreculturas.org\\\/wp-content\\\/uploads\\\/2024\\\/12\\\/bandera-scaled.jpg\",\"datePublished\":\"2024-12-04T09:22:54+00:00\",\"dateModified\":\"2024-12-05T07:55:50+00:00\",\"description\":\"El Gobierno debe contar con la opini\u00f3n de la sociedad civil en su Plan de Implementaci\u00f3n del Pacto Europeo de Migraci\u00f3n y Asilo.\",\"breadcrumb\":{\"@id\":\"https:\\\/\\\/www.entreculturas.org\\\/fr\\\/noticia\\\/pacto-europeo-de-migracion-y-asilo-el-gobierno-debe-contar-con-la-opinion-de-la-sociedad-civil-en-su-plan-de-implementacion-del-pacto\\\/#breadcrumb\"},\"inLanguage\":\"fr-FR\",\"potentialAction\":[{\"@type\":\"ReadAction\",\"target\":[\"https:\\\/\\\/www.entreculturas.org\\\/fr\\\/noticia\\\/pacto-europeo-de-migracion-y-asilo-el-gobierno-debe-contar-con-la-opinion-de-la-sociedad-civil-en-su-plan-de-implementacion-del-pacto\\\/\"]}]},{\"@type\":\"ImageObject\",\"inLanguage\":\"fr-FR\",\"@id\":\"https:\\\/\\\/www.entreculturas.org\\\/fr\\\/noticia\\\/pacto-europeo-de-migracion-y-asilo-el-gobierno-debe-contar-con-la-opinion-de-la-sociedad-civil-en-su-plan-de-implementacion-del-pacto\\\/#primaryimage\",\"url\":\"https:\\\/\\\/www.entreculturas.org\\\/wp-content\\\/uploads\\\/2024\\\/12\\\/bandera-scaled.jpg\",\"contentUrl\":\"https:\\\/\\\/www.entreculturas.org\\\/wp-content\\\/uploads\\\/2024\\\/12\\\/bandera-scaled.jpg\",\"width\":2560,\"height\":983,\"caption\":\"pacto europeo de migraci\u00f3n y asilo\"},{\"@type\":\"BreadcrumbList\",\"@id\":\"https:\\\/\\\/www.entreculturas.org\\\/fr\\\/noticia\\\/pacto-europeo-de-migracion-y-asilo-el-gobierno-debe-contar-con-la-opinion-de-la-sociedad-civil-en-su-plan-de-implementacion-del-pacto\\\/#breadcrumb\",\"itemListElement\":[{\"@type\":\"ListItem\",\"position\":1,\"name\":\"Home\",\"item\":\"https:\\\/\\\/www.entreculturas.org\\\/fr\\\/\"},{\"@type\":\"ListItem\",\"position\":2,\"name\":\"Noticias\",\"item\":\"https:\\\/\\\/www.entreculturas.org\\\/fr\\\/noticias\\\/\"},{\"@type\":\"ListItem\",\"position\":3,\"name\":\"Pacto Europeo de Migraci\u00f3n y Asilo: El Gobierno debe contar con la opini\u00f3n de la sociedad civil en su Plan de Implementaci\u00f3n del Pacto\"}]},{\"@type\":\"WebSite\",\"@id\":\"https:\\\/\\\/www.entreculturas.org\\\/fr\\\/#website\",\"url\":\"https:\\\/\\\/www.entreculturas.org\\\/fr\\\/\",\"name\":\"Entreculturas\",\"description\":\"\",\"publisher\":{\"@id\":\"https:\\\/\\\/www.entreculturas.org\\\/fr\\\/#organization\"},\"alternateName\":\"Entreculturas\",\"potentialAction\":[{\"@type\":\"SearchAction\",\"target\":{\"@type\":\"EntryPoint\",\"urlTemplate\":\"https:\\\/\\\/www.entreculturas.org\\\/fr\\\/?s={search_term_string}\"},\"query-input\":{\"@type\":\"PropertyValueSpecification\",\"valueRequired\":true,\"valueName\":\"search_term_string\"}}],\"inLanguage\":\"fr-FR\"},{\"@type\":\"Organization\",\"@id\":\"https:\\\/\\\/www.entreculturas.org\\\/fr\\\/#organization\",\"name\":\"Entreculturas\",\"url\":\"https:\\\/\\\/www.entreculturas.org\\\/fr\\\/\",\"logo\":{\"@type\":\"ImageObject\",\"inLanguage\":\"fr-FR\",\"@id\":\"https:\\\/\\\/www.entreculturas.org\\\/fr\\\/#\\\/schema\\\/logo\\\/image\\\/\",\"url\":\"https:\\\/\\\/www.entreculturas.org\\\/wp-content\\\/uploads\\\/2025\\\/10\\\/ESP.svg\",\"contentUrl\":\"https:\\\/\\\/www.entreculturas.org\\\/wp-content\\\/uploads\\\/2025\\\/10\\\/ESP.svg\",\"caption\":\"Entreculturas\"},\"image\":{\"@id\":\"https:\\\/\\\/www.entreculturas.org\\\/fr\\\/#\\\/schema\\\/logo\\\/image\\\/\"},\"sameAs\":[\"https:\\\/\\\/www.facebook.com\\\/entreculturas\",\"https:\\\/\\\/x.com\\\/Entreculturas\",\"https:\\\/\\\/www.instagram.com\\\/entreculturas\\\/\",\"https:\\\/\\\/www.youtube.com\\\/user\\\/entreculturasvideo\",\"https:\\\/\\\/www.linkedin.com\\\/company\\\/fundacion-entreculturas-ngdo\\\/\",\"https:\\\/\\\/www.flickr.com\\\/photos\\\/98455522@N04\\\/albums\\\/\"]}]}<\/script>\n<!-- \/ Yoast SEO Premium plugin. -->","yoast_head_json":{"title":"Pacto Europeo de Migraci\u00f3n y Asilo","description":"El Gobierno debe contar con la opini\u00f3n de la sociedad civil en su Plan de Implementaci\u00f3n del Pacto Europeo de Migraci\u00f3n y Asilo.","robots":{"index":"index","follow":"follow","max-snippet":"max-snippet:-1","max-image-preview":"max-image-preview:large","max-video-preview":"max-video-preview:-1"},"canonical":"https:\/\/www.entreculturas.org\/fr\/noticia\/pacto-europeo-de-migracion-y-asilo-el-gobierno-debe-contar-con-la-opinion-de-la-sociedad-civil-en-su-plan-de-implementacion-del-pacto\/","og_locale":"fr_FR","og_type":"article","og_title":"Pacto Europeo de Migraci\u00f3n y Asilo: El Gobierno debe contar con la opini\u00f3n de la sociedad civil en su Plan de Implementaci\u00f3n del Pacto","og_description":"El Gobierno debe contar con la opini\u00f3n de la sociedad civil en su Plan de Implementaci\u00f3n del Pacto Europeo de Migraci\u00f3n y Asilo.","og_url":"https:\/\/www.entreculturas.org\/fr\/noticia\/pacto-europeo-de-migracion-y-asilo-el-gobierno-debe-contar-con-la-opinion-de-la-sociedad-civil-en-su-plan-de-implementacion-del-pacto\/","og_site_name":"Entreculturas","article_publisher":"https:\/\/www.facebook.com\/entreculturas","article_modified_time":"2024-12-05T07:55:50+00:00","og_image":[{"width":2560,"height":983,"url":"https:\/\/www.entreculturas.org\/wp-content\/uploads\/2024\/12\/bandera-scaled.jpg","type":"image\/jpeg"}],"twitter_card":"summary_large_image","twitter_site":"@Entreculturas","schema":{"@context":"https:\/\/schema.org","@graph":[{"@type":"WebPage","@id":"https:\/\/www.entreculturas.org\/fr\/noticia\/pacto-europeo-de-migracion-y-asilo-el-gobierno-debe-contar-con-la-opinion-de-la-sociedad-civil-en-su-plan-de-implementacion-del-pacto\/","url":"https:\/\/www.entreculturas.org\/fr\/noticia\/pacto-europeo-de-migracion-y-asilo-el-gobierno-debe-contar-con-la-opinion-de-la-sociedad-civil-en-su-plan-de-implementacion-del-pacto\/","name":"Pacto Europeo de Migraci\u00f3n y Asilo","isPartOf":{"@id":"https:\/\/www.entreculturas.org\/fr\/#website"},"primaryImageOfPage":{"@id":"https:\/\/www.entreculturas.org\/fr\/noticia\/pacto-europeo-de-migracion-y-asilo-el-gobierno-debe-contar-con-la-opinion-de-la-sociedad-civil-en-su-plan-de-implementacion-del-pacto\/#primaryimage"},"image":{"@id":"https:\/\/www.entreculturas.org\/fr\/noticia\/pacto-europeo-de-migracion-y-asilo-el-gobierno-debe-contar-con-la-opinion-de-la-sociedad-civil-en-su-plan-de-implementacion-del-pacto\/#primaryimage"},"thumbnailUrl":"https:\/\/www.entreculturas.org\/wp-content\/uploads\/2024\/12\/bandera-scaled.jpg","datePublished":"2024-12-04T09:22:54+00:00","dateModified":"2024-12-05T07:55:50+00:00","description":"El Gobierno debe contar con la opini\u00f3n de la sociedad civil en su Plan de Implementaci\u00f3n del Pacto Europeo de Migraci\u00f3n y Asilo.","breadcrumb":{"@id":"https:\/\/www.entreculturas.org\/fr\/noticia\/pacto-europeo-de-migracion-y-asilo-el-gobierno-debe-contar-con-la-opinion-de-la-sociedad-civil-en-su-plan-de-implementacion-del-pacto\/#breadcrumb"},"inLanguage":"fr-FR","potentialAction":[{"@type":"ReadAction","target":["https:\/\/www.entreculturas.org\/fr\/noticia\/pacto-europeo-de-migracion-y-asilo-el-gobierno-debe-contar-con-la-opinion-de-la-sociedad-civil-en-su-plan-de-implementacion-del-pacto\/"]}]},{"@type":"ImageObject","inLanguage":"fr-FR","@id":"https:\/\/www.entreculturas.org\/fr\/noticia\/pacto-europeo-de-migracion-y-asilo-el-gobierno-debe-contar-con-la-opinion-de-la-sociedad-civil-en-su-plan-de-implementacion-del-pacto\/#primaryimage","url":"https:\/\/www.entreculturas.org\/wp-content\/uploads\/2024\/12\/bandera-scaled.jpg","contentUrl":"https:\/\/www.entreculturas.org\/wp-content\/uploads\/2024\/12\/bandera-scaled.jpg","width":2560,"height":983,"caption":"pacto europeo de migraci\u00f3n y asilo"},{"@type":"BreadcrumbList","@id":"https:\/\/www.entreculturas.org\/fr\/noticia\/pacto-europeo-de-migracion-y-asilo-el-gobierno-debe-contar-con-la-opinion-de-la-sociedad-civil-en-su-plan-de-implementacion-del-pacto\/#breadcrumb","itemListElement":[{"@type":"ListItem","position":1,"name":"Home","item":"https:\/\/www.entreculturas.org\/fr\/"},{"@type":"ListItem","position":2,"name":"Noticias","item":"https:\/\/www.entreculturas.org\/fr\/noticias\/"},{"@type":"ListItem","position":3,"name":"Pacto Europeo de Migraci\u00f3n y Asilo: El Gobierno debe contar con la opini\u00f3n de la sociedad civil en su Plan de Implementaci\u00f3n del Pacto"}]},{"@type":"WebSite","@id":"https:\/\/www.entreculturas.org\/fr\/#website","url":"https:\/\/www.entreculturas.org\/fr\/","name":"Entreculturas","description":"","publisher":{"@id":"https:\/\/www.entreculturas.org\/fr\/#organization"},"alternateName":"Entreculturas","potentialAction":[{"@type":"SearchAction","target":{"@type":"EntryPoint","urlTemplate":"https:\/\/www.entreculturas.org\/fr\/?s={search_term_string}"},"query-input":{"@type":"PropertyValueSpecification","valueRequired":true,"valueName":"search_term_string"}}],"inLanguage":"fr-FR"},{"@type":"Organization","@id":"https:\/\/www.entreculturas.org\/fr\/#organization","name":"Entreculturas","url":"https:\/\/www.entreculturas.org\/fr\/","logo":{"@type":"ImageObject","inLanguage":"fr-FR","@id":"https:\/\/www.entreculturas.org\/fr\/#\/schema\/logo\/image\/","url":"https:\/\/www.entreculturas.org\/wp-content\/uploads\/2025\/10\/ESP.svg","contentUrl":"https:\/\/www.entreculturas.org\/wp-content\/uploads\/2025\/10\/ESP.svg","caption":"Entreculturas"},"image":{"@id":"https:\/\/www.entreculturas.org\/fr\/#\/schema\/logo\/image\/"},"sameAs":["https:\/\/www.facebook.com\/entreculturas","https:\/\/x.com\/Entreculturas","https:\/\/www.instagram.com\/entreculturas\/","https:\/\/www.youtube.com\/user\/entreculturasvideo","https:\/\/www.linkedin.com\/company\/fundacion-entreculturas-ngdo\/","https:\/\/www.flickr.com\/photos\/98455522@N04\/albums\/"]}]}},"_links":{"self":[{"href":"https:\/\/www.entreculturas.org\/fr\/wp-json\/wp\/v2\/noticia\/36341","targetHints":{"allow":["GET"]}}],"collection":[{"href":"https:\/\/www.entreculturas.org\/fr\/wp-json\/wp\/v2\/noticia"}],"about":[{"href":"https:\/\/www.entreculturas.org\/fr\/wp-json\/wp\/v2\/types\/noticia"}],"wp:featuredmedia":[{"embeddable":true,"href":"https:\/\/www.entreculturas.org\/fr\/wp-json\/wp\/v2\/media\/36343"}],"wp:attachment":[{"href":"https:\/\/www.entreculturas.org\/fr\/wp-json\/wp\/v2\/media?parent=36341"}],"wp:term":[{"taxonomy":"category","embeddable":true,"href":"https:\/\/www.entreculturas.org\/fr\/wp-json\/wp\/v2\/categories?post=36341"},{"taxonomy":"post_tag","embeddable":true,"href":"https:\/\/www.entreculturas.org\/fr\/wp-json\/wp\/v2\/tags?post=36341"},{"taxonomy":"country","embeddable":true,"href":"https:\/\/www.entreculturas.org\/fr\/wp-json\/wp\/v2\/country?post=36341"},{"taxonomy":"cause","embeddable":true,"href":"https:\/\/www.entreculturas.org\/fr\/wp-json\/wp\/v2\/cause?post=36341"}],"curies":[{"name":"wp","href":"https:\/\/api.w.org\/{rel}","templated":true}]}}