{"id":35645,"date":"2024-11-28T10:33:58","date_gmt":"2024-11-28T09:33:58","guid":{"rendered":"https:\/\/www.entreculturas.org\/?post_type=noticia&#038;p=35645"},"modified":"2024-12-27T13:46:06","modified_gmt":"2024-12-27T12:46:06","slug":"dia-internacional-educacion","status":"publish","type":"noticia","link":"https:\/\/www.entreculturas.org\/fr\/noticia\/dia-internacional-educacion\/","title":{"rendered":"D\u00eda Internacional de la Educaci\u00f3n: celebrando la educaci\u00f3n"},"content":{"rendered":"\n<p>El <strong>D\u00eda Internacional de la Educaci\u00f3n<\/strong> es una jornada clave para destacar el papel esencial que desempe\u00f1a la educaci\u00f3n en la transformaci\u00f3n social, el bienestar global y la promoci\u00f3n de la igualdad. Esta jornada busca sensibilizar a la sociedad sobre la importancia de la educaci\u00f3n para alcanzar un desarrollo sostenible, la paz y un futuro m\u00e1s justo. En este art\u00edculo, profundizaremos en su origen, impacto y formas de celebrarlo de manera significativa.<\/p>\n\n\n\n<p><\/p>\n\n\n\n<h2 class=\"wp-block-heading\" id=\"h-que-es-el-dia-internacional-de-la-educacion\"><strong>\u00bfQu\u00e9 es el D\u00eda Internacional de la Educaci\u00f3n?<\/strong><\/h2>\n\n\n\n<p><\/p>\n\n\n\n<h3 class=\"wp-block-heading\" id=\"h-historia-y-objetivos-del-dia-internacional-de-la-educacion\" style=\"font-size:36px\"><strong>Historia y objetivos del D\u00eda Internacional de la Educaci\u00f3n<\/strong><\/h3>\n\n\n\n<p><\/p>\n\n\n\n<p>El <strong><a href=\"https:\/\/www.entreculturas.org\/noticia\/dia-internacional-de-la-educacion-educar-para-transformar\/\">D\u00eda Internacional de la Educaci\u00f3n<\/a><\/strong> fue proclamado por la Asamblea General de las Naciones Unidas en diciembre de 2018 y se celebra cada 24 de enero. Este d\u00eda fue creado para resaltar la educaci\u00f3n como un derecho humano fundamental y un catalizador clave para la paz y el desarrollo sostenible.<strong> <\/strong>Adem\u00e1s de destacar el valor intr\u00ednseco de la educaci\u00f3n, este d\u00eda tiene como objetivo promover una <a href=\"https:\/\/www.entreculturas.org\/noticia\/educacion-inclusiva\/\">educaci\u00f3n inclusiva<\/a> y equitativa para todas las personas. Esto incluye la sensibilizaci\u00f3n sobre los desaf\u00edos globales que a\u00fan existen, como la falta de acceso en zonas rurales o con menos oportunidades, y la promoci\u00f3n de la igualdad de g\u00e9nero dentro de los sistemas educativos.<\/p>\n\n\n\n<p><\/p>\n\n\n\n<figure class=\"wp-block-image aligncenter size-large is-resized\"><img decoding=\"async\" width=\"1972\" height=\"1110\" src=\"https:\/\/www.entreculturas.org\/wp-content\/uploads\/2024\/12\/Lima-FyA7-periferico-3Monteserin-e1732787296968-edited.jpg\" alt=\"D\u00eda Internacional de la Educaci\u00f3n\" class=\"wp-image-36671\" style=\"width:908px;height:auto\" srcset=\"https:\/\/www.entreculturas.org\/wp-content\/uploads\/2024\/12\/Lima-FyA7-periferico-3Monteserin-e1732787296968-edited.jpg 1972w, https:\/\/www.entreculturas.org\/wp-content\/uploads\/2024\/12\/Lima-FyA7-periferico-3Monteserin-e1732787296968-edited-300x169.jpg 300w, https:\/\/www.entreculturas.org\/wp-content\/uploads\/2024\/12\/Lima-FyA7-periferico-3Monteserin-e1732787296968-edited-1024x576.jpg 1024w, https:\/\/www.entreculturas.org\/wp-content\/uploads\/2024\/12\/Lima-FyA7-periferico-3Monteserin-e1732787296968-edited-768x432.jpg 768w, https:\/\/www.entreculturas.org\/wp-content\/uploads\/2024\/12\/Lima-FyA7-periferico-3Monteserin-e1732787296968-edited-1536x865.jpg 1536w\" sizes=\"(max-width: 1972px) 100vw, 1972px\" \/><figcaption class=\"wp-element-caption\">\u00a9 Monteserin Fotograf\u00eda<\/figcaption><\/figure>\n\n\n\n<div style=\"height:46px\" aria-hidden=\"true\" class=\"wp-block-spacer\"><\/div>\n\n\n\n<h2 class=\"wp-block-heading\" id=\"h-la-importancia-de-celebrar-la-educacion\"><strong>La Importancia de Celebrar la Educaci\u00f3n<\/strong><\/h2>\n\n\n\n<p><\/p>\n\n\n\n<h3 class=\"wp-block-heading\" id=\"h-impacto-de-la-educacion-en-la-sociedad\" style=\"font-size:36px\"><strong>Impacto de la Educaci\u00f3n en la Sociedad<\/strong><\/h3>\n\n\n\n<p><\/p>\n\n\n\n<p>La educaci\u00f3n es clave para el desarrollo econ\u00f3mico y social, y su papel va m\u00e1s all\u00e1 de la simple adquisici\u00f3n de conocimientos. La educaci\u00f3n es la base sobre la que se construyen sociedades m\u00e1s justas y equitativas, ya que permite a las personas acceder a mejores oportunidades, mejorar su calidad de vida y participar activamente en la toma de decisiones que afectan a sus comunidades. Sin embargo, a\u00fan <a href=\"https:\/\/www.entreculturas.org\/wp-content\/uploads\/2024\/09\/Educacion-rural-informe-rojo-2024-1.pdf\">existen numerosos desaf\u00edos que dificultan el acceso a la educaci\u00f3n, <\/a>especialmente en zonas rurales y comunidades marginadas, donde los recursos son limitados y las barreras culturales y sociales siguen siendo una realidad.<\/p>\n\n\n\n<p><\/p>\n\n\n\n<h3 class=\"wp-block-heading\" id=\"h-la-educacion-es-un-derecho-humano-fundamenta-l\" style=\"font-size:36px\"><strong>La Educaci\u00f3n es un Derecho Humano Fundamenta<\/strong>l<\/h3>\n\n\n\n<p><\/p>\n\n\n\n<p>La educaci\u00f3n es un derecho reconocido internacionalmente, que no debe depender de la ubicaci\u00f3n geogr\u00e1fica, el g\u00e9nero o la situaci\u00f3n econ\u00f3mica. Seg\u00fan la Declaraci\u00f3n Universal de los Derechos Humanos, todos los ni\u00f1os, sin distinci\u00f3n alguna, tienen derecho a recibir una educaci\u00f3n que les permita desarrollar su potencial y participar plenamente en la sociedad. Este principio se refuerza a trav\u00e9s de los Objetivos de Desarrollo Sostenible de la ONU, que buscan asegurar que todas las personas tengan acceso a una educaci\u00f3n inclusiva, equitativa y de calidad, garantizando que nadie se quede atr\u00e1s.<\/p>\n\n\n\n<p><\/p>\n\n\n\n<h3 class=\"wp-block-heading\" id=\"h-educacion-y-desarrollo-sostenible\" style=\"font-size:36px\"><strong>Educaci\u00f3n y Desarrollo Sostenible<\/strong><\/h3>\n\n\n\n<p><\/p>\n\n\n\n<p>La educaci\u00f3n est\u00e1 intr\u00ednsecamente vinculada con los <strong>Objetivos de Desarrollo Sostenible (ODS)<\/strong> de la ONU, en particular el ODS 4, que busca garantizar una educaci\u00f3n inclusiva, equitativa y de calidad. Esto se alinea con otros ODS, como el ODS 5 sobre la igualdad de g\u00e9nero y el ODS 13 sobre la acci\u00f3n clim\u00e1tica. La educaci\u00f3n promueve una mayor conciencia ambiental, fomenta la reducci\u00f3n de las desigualdades y proporciona las herramientas necesarias para enfrentar crisis como el cambio clim\u00e1tico .<br><\/p>\n\n\n\n<figure class=\"wp-block-image aligncenter size-large is-resized\"><img decoding=\"async\" width=\"2000\" height=\"1126\" src=\"https:\/\/www.entreculturas.org\/wp-content\/uploads\/2024\/11\/Cuzco-Comunidades-10-Monteserin-edited.jpg\" alt=\"D\u00eda Internacional de la Educaci\u00f3n\" class=\"wp-image-35994\" style=\"width:815px;height:auto\" srcset=\"https:\/\/www.entreculturas.org\/wp-content\/uploads\/2024\/11\/Cuzco-Comunidades-10-Monteserin-edited.jpg 2000w, https:\/\/www.entreculturas.org\/wp-content\/uploads\/2024\/11\/Cuzco-Comunidades-10-Monteserin-edited-300x169.jpg 300w, https:\/\/www.entreculturas.org\/wp-content\/uploads\/2024\/11\/Cuzco-Comunidades-10-Monteserin-edited-1024x577.jpg 1024w, https:\/\/www.entreculturas.org\/wp-content\/uploads\/2024\/11\/Cuzco-Comunidades-10-Monteserin-edited-768x432.jpg 768w, https:\/\/www.entreculturas.org\/wp-content\/uploads\/2024\/11\/Cuzco-Comunidades-10-Monteserin-edited-1536x865.jpg 1536w\" sizes=\"(max-width: 2000px) 100vw, 2000px\" \/><figcaption class=\"wp-element-caption\">\u00a9 Monteserin Fotograf\u00eda<\/figcaption><\/figure>\n\n\n\n<div style=\"height:34px\" aria-hidden=\"true\" class=\"wp-block-spacer\"><\/div>\n\n\n\n<h2 class=\"wp-block-heading\" id=\"h-como-celebrar-el-dia-internacional-de-la-educacion\"><strong>C\u00f3mo Celebrar el D\u00eda Internacional de la Educaci\u00f3n<\/strong><\/h2>\n\n\n\n<p><\/p>\n\n\n\n<h3 class=\"wp-block-heading\" id=\"h-actividades-para-instituciones-educativas\" style=\"font-size:36px\"><strong>Actividades para Instituciones Educativas<\/strong><\/h3>\n\n\n\n<p><\/p>\n\n\n\n<p>Las instituciones educativas tienen un rol fundamental en la celebraci\u00f3n del D\u00eda Internacional de la Educaci\u00f3n, ya que son espacios clave para promover la reflexi\u00f3n sobre el impacto de la educaci\u00f3n en nuestras vidas. A trav\u00e9s de actividades como talleres y charlas, se puede sensibilizar a estudiantes y docentes sobre la importancia de la <a href=\"https:\/\/www.entreculturas.org\/wp-content\/uploads\/2023\/11\/Educar-es-incluir-final.pdf\">educaci\u00f3n inclusiva<\/a> y el acceso equitativo para todos y todas.<\/p>\n\n\n\n<p><\/p>\n\n\n\n<ul class=\"wp-block-list\">\n<li><strong>Talleres educativos:<\/strong> Centrar el aprendizaje en temas como la educaci\u00f3n inclusiva, la sostenibilidad y la igualdad de oportunidades.<\/li>\n\n\n\n<li><strong>Charlas en colegios e instituciones:<\/strong> Fomentar la participaci\u00f3n activa de estudiantes y docentes mediante actividades que promuevan la reflexi\u00f3n cr\u00edtica sobre el valor de la educaci\u00f3n.<\/li>\n\n\n\n<li><strong>Actividades creativas:<\/strong> Organizar exposiciones de arte, teatro o m\u00fasica que reflejen c\u00f3mo la educaci\u00f3n transforma vidas, fomentando la participaci\u00f3n de estudiantes en la creaci\u00f3n de estos proyectos.<\/li>\n<\/ul>\n\n\n\n<p><\/p>\n\n\n\n<h3 class=\"wp-block-heading\" id=\"h-acciones-para-la-comunidad\" style=\"font-size:36px\"><strong>Acciones para la Comunidad<\/strong><\/h3>\n\n\n\n<p>El D\u00eda Internacional de la Educaci\u00f3n tambi\u00e9n es una oportunidad para que la comunidad se involucre activamente en la promoci\u00f3n del derecho a la educaci\u00f3n. A trav\u00e9s de campa\u00f1as de concienciaci\u00f3n, eventos p\u00fablicos y el uso de redes sociales, se pueden difundir mensajes que resalten el valor transformador de la educaci\u00f3n, inspirando a m\u00e1s personas a apoyar este derecho fundamental.<br><\/p>\n\n\n\n<figure class=\"wp-block-image aligncenter size-large is-resized\"><img decoding=\"async\" width=\"1400\" height=\"788\" src=\"https:\/\/www.entreculturas.org\/wp-content\/uploads\/2024\/11\/2024-02_Guatemala_JulioPerez_CREA_visita-Eli-Kuan-19-edited.jpg\" alt=\"D\u00eda Internacional de la Educaci\u00f3n\" class=\"wp-image-35999\" style=\"width:753px;height:auto\" srcset=\"https:\/\/www.entreculturas.org\/wp-content\/uploads\/2024\/11\/2024-02_Guatemala_JulioPerez_CREA_visita-Eli-Kuan-19-edited.jpg 1400w, https:\/\/www.entreculturas.org\/wp-content\/uploads\/2024\/11\/2024-02_Guatemala_JulioPerez_CREA_visita-Eli-Kuan-19-edited-300x169.jpg 300w, https:\/\/www.entreculturas.org\/wp-content\/uploads\/2024\/11\/2024-02_Guatemala_JulioPerez_CREA_visita-Eli-Kuan-19-edited-1024x576.jpg 1024w, https:\/\/www.entreculturas.org\/wp-content\/uploads\/2024\/11\/2024-02_Guatemala_JulioPerez_CREA_visita-Eli-Kuan-19-edited-768x432.jpg 768w\" sizes=\"(max-width: 1400px) 100vw, 1400px\" \/><figcaption class=\"wp-element-caption\">\u00a9 Monteserin Fotograf\u00eda<\/figcaption><\/figure>\n\n\n\n<div style=\"height:20px\" aria-hidden=\"true\" class=\"wp-block-spacer\"><\/div>\n\n\n\n<h2 class=\"wp-block-heading\" id=\"h-el-estado-actual-de-la-educacion-en-el-mundo\"><strong>El Estado Actual de la Educaci\u00f3n en el Mundo<\/strong><\/h2>\n\n\n\n<p><\/p>\n\n\n\n<h3 class=\"wp-block-heading\" id=\"h-desafios-globales-en-educacion\" style=\"font-size:36px\"><strong>Desaf\u00edos Globales en Educaci\u00f3n<\/strong><\/h3>\n\n\n\n<p><\/p>\n\n\n\n<p>A pesar de los avances logrados, la educaci\u00f3n contin\u00faa enfrentando desaf\u00edos significativos a <a href=\"https:\/\/www.entreculturas.org\/wp-content\/uploads\/2024\/06\/Informe_Rojo_Educacion-en_crisis.pdf\">nivel mundial<\/a>. Actualmente, 244 millones de ni\u00f1os y j\u00f3venes est\u00e1n fuera del sistema escolar, y 617 millones de ni\u00f1os y adolescentes carecen de las habilidades b\u00e1sicas de lectura y matem\u00e1ticas. En \u00c1frica Subsahariana, el 54% de los j\u00f3venes en zonas rurales no tienen acceso a una educaci\u00f3n secundaria completa. En Am\u00e9rica Latina, las desigualdades de g\u00e9nero, econ\u00f3micas y sociales siguen limitando el acceso equitativo a la educaci\u00f3n. Seg\u00fan el Banco Mundial, solo el 35% de los j\u00f3venes en las \u00e1reas rurales de la regi\u00f3n logran completar la educaci\u00f3n secundaria. La falta de recursos, la infraestructura deficiente y la baja calidad de la ense\u00f1anza en estas zonas marginadas siguen siendo barreras clave a superar.<\/p>\n\n\n\n<p><\/p>\n\n\n\n<h3 class=\"wp-block-heading\" id=\"h-iniciativas-internacionales-para-mejorar-el-acceso-a-la-educacion\" style=\"font-size:36px\"><strong>Iniciativas Internacionales para Mejorar el acceso a la Educaci\u00f3n<\/strong><\/h3>\n\n\n\n<p><\/p>\n\n\n\n<p>Distintas organizaciones estamos trabajando para garantizar que todas las personas, sin importar su g\u00e9nero o situaci\u00f3n econ\u00f3mica, puedan acceder a una educaci\u00f3n de calidad. Estas iniciativas incluyen programas espec\u00edficos para la alfabetizaci\u00f3n en \u00e1reas rurales, as\u00ed como el apoyo a la formaci\u00f3n docente en zonas de conflicto.<\/p>\n\n\n\n<p><\/p>\n\n\n\n<h2 class=\"wp-block-heading\" id=\"h-recursos-para-aprender-mas-sobre-el-dia-internacional-de-la-educacion\"><strong>Recursos para Aprender M\u00e1s sobre el D\u00eda Internacional de la Educaci\u00f3n<\/strong><\/h2>\n\n\n\n<p><\/p>\n\n\n\n<p>Para quienes deseen profundizar en la importancia de la educaci\u00f3n, Entreculturas ofrece diversos recursos educativos:<\/p>\n\n\n\n<p><\/p>\n\n\n\n<ul class=\"wp-block-list\">\n<li>Informes y Did\u00e1cticas: Accede a nuestros informes educativos y recursos did\u00e1cticos que promueven la educaci\u00f3n inclusiva y el desarrollo sostenible.<\/li>\n\n\n\n<li>Conferencias y seminarios grabados: Participa en eventos organizados por Entreculturas, donde expertos y educadores discuten los desaf\u00edos y avances en la educaci\u00f3n a nivel global.<\/li>\n<\/ul>\n\n\n\n<p><\/p>\n\n\n\n<p>El <strong>D\u00eda Internacional de la Educaci\u00f3n<\/strong> es una oportunidad para reflexionar sobre el papel fundamental de la educaci\u00f3n en la creaci\u00f3n de un mundo m\u00e1s justo y equitativo. A trav\u00e9s de la concienciaci\u00f3n y la acci\u00f3n colectiva, podemos garantizar el acceso a una educaci\u00f3n inclusiva y de calidad para todos, y con ello, construir un futuro m\u00e1s sostenible para las pr\u00f3ximas generaciones.<br><\/p>\n\n\n\n<figure class=\"wp-block-image aligncenter size-large is-resized\"><img decoding=\"async\" width=\"1300\" height=\"731\" src=\"https:\/\/www.entreculturas.org\/wp-content\/uploads\/2024\/11\/Laura-Lora-edited.jpg\" alt=\"D\u00eda Internacional de la Educaci\u00f3n\" class=\"wp-image-36004\" style=\"width:711px;height:auto\" srcset=\"https:\/\/www.entreculturas.org\/wp-content\/uploads\/2024\/11\/Laura-Lora-edited.jpg 1300w, https:\/\/www.entreculturas.org\/wp-content\/uploads\/2024\/11\/Laura-Lora-edited-300x169.jpg 300w, https:\/\/www.entreculturas.org\/wp-content\/uploads\/2024\/11\/Laura-Lora-edited-1024x576.jpg 1024w, https:\/\/www.entreculturas.org\/wp-content\/uploads\/2024\/11\/Laura-Lora-edited-768x432.jpg 768w\" sizes=\"(max-width: 1300px) 100vw, 1300px\" \/><figcaption class=\"wp-element-caption\">\u00a9 Laura Lora<\/figcaption><\/figure>\n\n\n\n<p><br><\/p>\n\n\n\n<p><\/p>\n","protected":false},"excerpt":{"rendered":"<p>El D\u00eda Internacional de la Educaci\u00f3n es una jornada clave para destacar el papel esencial que desempe\u00f1a la educaci\u00f3n en la transformaci\u00f3n social, el bienestar global y la promoci\u00f3n de la igualdad. Esta jornada busca sensibilizar a la sociedad sobre la importancia de la educaci\u00f3n para alcanzar un desarrollo sostenible, la paz y un futuro m\u00e1s justo. En este art\u00edculo, profundizaremos en su origen, impacto y formas de celebrarlo de manera significativa. \u00bfQu\u00e9 es el D\u00eda Internacional de la Educaci\u00f3n? Historia y objetivos del D\u00eda Internacional de la Educaci\u00f3n El D\u00eda Internacional de la Educaci\u00f3n fue proclamado por la Asamblea General de las Naciones Unidas en diciembre de 2018 y se celebra cada 24 de enero. Este d\u00eda fue creado para resaltar la educaci\u00f3n como un derecho humano fundamental y un catalizador clave para la paz y el desarrollo sostenible. Adem\u00e1s de destacar el valor intr\u00ednseco de la educaci\u00f3n, este [&hellip;]<\/p>\n","protected":false},"featured_media":35989,"template":"","meta":{"_acf_changed":false},"categories":[7],"tags":[289],"country":[],"cause":[],"class_list":["post-35645","noticia","type-noticia","status-publish","has-post-thumbnail","hentry","category-noticia","tag-educacion"],"acf":[],"yoast_head":"<!-- This site is optimized with the Yoast SEO Premium plugin v21.6 (Yoast SEO v27.5) - https:\/\/yoast.com\/product\/yoast-seo-premium-wordpress\/ -->\n<title>D\u00eda Internacional de la Educaci\u00f3n: celebrando la educaci\u00f3n<\/title>\n<meta name=\"description\" content=\"\u00a1\u00danete a la celebraci\u00f3n! Descubre por qu\u00e9 la educaci\u00f3n es un derecho fundamental y c\u00f3mo puedes contribuir a promoverla.\" \/>\n<meta name=\"robots\" content=\"index, follow, max-snippet:-1, max-image-preview:large, max-video-preview:-1\" \/>\n<link rel=\"canonical\" href=\"https:\/\/www.entreculturas.org\/fr\/noticia\/dia-internacional-educacion\/\" \/>\n<meta property=\"og:locale\" content=\"fr_FR\" \/>\n<meta property=\"og:type\" content=\"article\" \/>\n<meta property=\"og:title\" content=\"D\u00eda Internacional de la Educaci\u00f3n: celebrando la educaci\u00f3n\" \/>\n<meta property=\"og:description\" content=\"\u00a1\u00danete a la celebraci\u00f3n! Descubre por qu\u00e9 la educaci\u00f3n es un derecho fundamental y c\u00f3mo puedes contribuir a promoverla.\" \/>\n<meta property=\"og:url\" content=\"https:\/\/www.entreculturas.org\/fr\/noticia\/dia-internacional-educacion\/\" \/>\n<meta property=\"og:site_name\" content=\"Entreculturas\" \/>\n<meta property=\"article:publisher\" content=\"https:\/\/www.facebook.com\/entreculturas\" \/>\n<meta property=\"article:modified_time\" content=\"2024-12-27T12:46:06+00:00\" \/>\n<meta property=\"og:image\" content=\"https:\/\/www.entreculturas.org\/wp-content\/uploads\/2024\/11\/Cuzco-FyA20-27Monteserin-edited.jpg\" \/>\n\t<meta property=\"og:image:width\" content=\"2000\" \/>\n\t<meta property=\"og:image:height\" content=\"1126\" \/>\n\t<meta property=\"og:image:type\" content=\"image\/jpeg\" \/>\n<meta name=\"twitter:card\" content=\"summary_large_image\" \/>\n<meta name=\"twitter:site\" content=\"@Entreculturas\" \/>\n<script type=\"application\/ld+json\" class=\"yoast-schema-graph\">{\"@context\":\"https:\\\/\\\/schema.org\",\"@graph\":[{\"@type\":\"WebPage\",\"@id\":\"https:\\\/\\\/www.entreculturas.org\\\/fr\\\/noticia\\\/dia-internacional-educacion\\\/\",\"url\":\"https:\\\/\\\/www.entreculturas.org\\\/fr\\\/noticia\\\/dia-internacional-educacion\\\/\",\"name\":\"D\u00eda Internacional de la Educaci\u00f3n: celebrando la educaci\u00f3n\",\"isPartOf\":{\"@id\":\"https:\\\/\\\/www.entreculturas.org\\\/fr\\\/#website\"},\"primaryImageOfPage\":{\"@id\":\"https:\\\/\\\/www.entreculturas.org\\\/fr\\\/noticia\\\/dia-internacional-educacion\\\/#primaryimage\"},\"image\":{\"@id\":\"https:\\\/\\\/www.entreculturas.org\\\/fr\\\/noticia\\\/dia-internacional-educacion\\\/#primaryimage\"},\"thumbnailUrl\":\"https:\\\/\\\/www.entreculturas.org\\\/wp-content\\\/uploads\\\/2024\\\/11\\\/Cuzco-FyA20-27Monteserin-edited.jpg\",\"datePublished\":\"2024-11-28T09:33:58+00:00\",\"dateModified\":\"2024-12-27T12:46:06+00:00\",\"description\":\"\u00a1\u00danete a la celebraci\u00f3n! Descubre por qu\u00e9 la educaci\u00f3n es un derecho fundamental y c\u00f3mo puedes contribuir a promoverla.\",\"breadcrumb\":{\"@id\":\"https:\\\/\\\/www.entreculturas.org\\\/fr\\\/noticia\\\/dia-internacional-educacion\\\/#breadcrumb\"},\"inLanguage\":\"fr-FR\",\"potentialAction\":[{\"@type\":\"ReadAction\",\"target\":[\"https:\\\/\\\/www.entreculturas.org\\\/fr\\\/noticia\\\/dia-internacional-educacion\\\/\"]}]},{\"@type\":\"ImageObject\",\"inLanguage\":\"fr-FR\",\"@id\":\"https:\\\/\\\/www.entreculturas.org\\\/fr\\\/noticia\\\/dia-internacional-educacion\\\/#primaryimage\",\"url\":\"https:\\\/\\\/www.entreculturas.org\\\/wp-content\\\/uploads\\\/2024\\\/11\\\/Cuzco-FyA20-27Monteserin-edited.jpg\",\"contentUrl\":\"https:\\\/\\\/www.entreculturas.org\\\/wp-content\\\/uploads\\\/2024\\\/11\\\/Cuzco-FyA20-27Monteserin-edited.jpg\",\"width\":2000,\"height\":1126,\"caption\":\"D\u00eda Internacional de la Educaci\u00f3n\"},{\"@type\":\"BreadcrumbList\",\"@id\":\"https:\\\/\\\/www.entreculturas.org\\\/fr\\\/noticia\\\/dia-internacional-educacion\\\/#breadcrumb\",\"itemListElement\":[{\"@type\":\"ListItem\",\"position\":1,\"name\":\"Home\",\"item\":\"https:\\\/\\\/www.entreculturas.org\\\/fr\\\/\"},{\"@type\":\"ListItem\",\"position\":2,\"name\":\"Noticias\",\"item\":\"https:\\\/\\\/www.entreculturas.org\\\/fr\\\/noticias\\\/\"},{\"@type\":\"ListItem\",\"position\":3,\"name\":\"D\u00eda Internacional de la Educaci\u00f3n: celebrando la educaci\u00f3n\"}]},{\"@type\":\"WebSite\",\"@id\":\"https:\\\/\\\/www.entreculturas.org\\\/fr\\\/#website\",\"url\":\"https:\\\/\\\/www.entreculturas.org\\\/fr\\\/\",\"name\":\"Entreculturas\",\"description\":\"\",\"publisher\":{\"@id\":\"https:\\\/\\\/www.entreculturas.org\\\/fr\\\/#organization\"},\"alternateName\":\"Entreculturas\",\"potentialAction\":[{\"@type\":\"SearchAction\",\"target\":{\"@type\":\"EntryPoint\",\"urlTemplate\":\"https:\\\/\\\/www.entreculturas.org\\\/fr\\\/?s={search_term_string}\"},\"query-input\":{\"@type\":\"PropertyValueSpecification\",\"valueRequired\":true,\"valueName\":\"search_term_string\"}}],\"inLanguage\":\"fr-FR\"},{\"@type\":\"Organization\",\"@id\":\"https:\\\/\\\/www.entreculturas.org\\\/fr\\\/#organization\",\"name\":\"Entreculturas\",\"url\":\"https:\\\/\\\/www.entreculturas.org\\\/fr\\\/\",\"logo\":{\"@type\":\"ImageObject\",\"inLanguage\":\"fr-FR\",\"@id\":\"https:\\\/\\\/www.entreculturas.org\\\/fr\\\/#\\\/schema\\\/logo\\\/image\\\/\",\"url\":\"https:\\\/\\\/www.entreculturas.org\\\/wp-content\\\/uploads\\\/2025\\\/10\\\/ESP.svg\",\"contentUrl\":\"https:\\\/\\\/www.entreculturas.org\\\/wp-content\\\/uploads\\\/2025\\\/10\\\/ESP.svg\",\"caption\":\"Entreculturas\"},\"image\":{\"@id\":\"https:\\\/\\\/www.entreculturas.org\\\/fr\\\/#\\\/schema\\\/logo\\\/image\\\/\"},\"sameAs\":[\"https:\\\/\\\/www.facebook.com\\\/entreculturas\",\"https:\\\/\\\/x.com\\\/Entreculturas\",\"https:\\\/\\\/www.instagram.com\\\/entreculturas\\\/\",\"https:\\\/\\\/www.youtube.com\\\/user\\\/entreculturasvideo\",\"https:\\\/\\\/www.linkedin.com\\\/company\\\/fundacion-entreculturas-ngdo\\\/\",\"https:\\\/\\\/www.flickr.com\\\/photos\\\/98455522@N04\\\/albums\\\/\"]}]}<\/script>\n<!-- \/ Yoast SEO Premium plugin. -->","yoast_head_json":{"title":"D\u00eda Internacional de la Educaci\u00f3n: celebrando la educaci\u00f3n","description":"\u00a1\u00danete a la celebraci\u00f3n! Descubre por qu\u00e9 la educaci\u00f3n es un derecho fundamental y c\u00f3mo puedes contribuir a promoverla.","robots":{"index":"index","follow":"follow","max-snippet":"max-snippet:-1","max-image-preview":"max-image-preview:large","max-video-preview":"max-video-preview:-1"},"canonical":"https:\/\/www.entreculturas.org\/fr\/noticia\/dia-internacional-educacion\/","og_locale":"fr_FR","og_type":"article","og_title":"D\u00eda Internacional de la Educaci\u00f3n: celebrando la educaci\u00f3n","og_description":"\u00a1\u00danete a la celebraci\u00f3n! Descubre por qu\u00e9 la educaci\u00f3n es un derecho fundamental y c\u00f3mo puedes contribuir a promoverla.","og_url":"https:\/\/www.entreculturas.org\/fr\/noticia\/dia-internacional-educacion\/","og_site_name":"Entreculturas","article_publisher":"https:\/\/www.facebook.com\/entreculturas","article_modified_time":"2024-12-27T12:46:06+00:00","og_image":[{"width":2000,"height":1126,"url":"https:\/\/www.entreculturas.org\/wp-content\/uploads\/2024\/11\/Cuzco-FyA20-27Monteserin-edited.jpg","type":"image\/jpeg"}],"twitter_card":"summary_large_image","twitter_site":"@Entreculturas","schema":{"@context":"https:\/\/schema.org","@graph":[{"@type":"WebPage","@id":"https:\/\/www.entreculturas.org\/fr\/noticia\/dia-internacional-educacion\/","url":"https:\/\/www.entreculturas.org\/fr\/noticia\/dia-internacional-educacion\/","name":"D\u00eda Internacional de la Educaci\u00f3n: celebrando la educaci\u00f3n","isPartOf":{"@id":"https:\/\/www.entreculturas.org\/fr\/#website"},"primaryImageOfPage":{"@id":"https:\/\/www.entreculturas.org\/fr\/noticia\/dia-internacional-educacion\/#primaryimage"},"image":{"@id":"https:\/\/www.entreculturas.org\/fr\/noticia\/dia-internacional-educacion\/#primaryimage"},"thumbnailUrl":"https:\/\/www.entreculturas.org\/wp-content\/uploads\/2024\/11\/Cuzco-FyA20-27Monteserin-edited.jpg","datePublished":"2024-11-28T09:33:58+00:00","dateModified":"2024-12-27T12:46:06+00:00","description":"\u00a1\u00danete a la celebraci\u00f3n! Descubre por qu\u00e9 la educaci\u00f3n es un derecho fundamental y c\u00f3mo puedes contribuir a promoverla.","breadcrumb":{"@id":"https:\/\/www.entreculturas.org\/fr\/noticia\/dia-internacional-educacion\/#breadcrumb"},"inLanguage":"fr-FR","potentialAction":[{"@type":"ReadAction","target":["https:\/\/www.entreculturas.org\/fr\/noticia\/dia-internacional-educacion\/"]}]},{"@type":"ImageObject","inLanguage":"fr-FR","@id":"https:\/\/www.entreculturas.org\/fr\/noticia\/dia-internacional-educacion\/#primaryimage","url":"https:\/\/www.entreculturas.org\/wp-content\/uploads\/2024\/11\/Cuzco-FyA20-27Monteserin-edited.jpg","contentUrl":"https:\/\/www.entreculturas.org\/wp-content\/uploads\/2024\/11\/Cuzco-FyA20-27Monteserin-edited.jpg","width":2000,"height":1126,"caption":"D\u00eda Internacional de la Educaci\u00f3n"},{"@type":"BreadcrumbList","@id":"https:\/\/www.entreculturas.org\/fr\/noticia\/dia-internacional-educacion\/#breadcrumb","itemListElement":[{"@type":"ListItem","position":1,"name":"Home","item":"https:\/\/www.entreculturas.org\/fr\/"},{"@type":"ListItem","position":2,"name":"Noticias","item":"https:\/\/www.entreculturas.org\/fr\/noticias\/"},{"@type":"ListItem","position":3,"name":"D\u00eda Internacional de la Educaci\u00f3n: celebrando la educaci\u00f3n"}]},{"@type":"WebSite","@id":"https:\/\/www.entreculturas.org\/fr\/#website","url":"https:\/\/www.entreculturas.org\/fr\/","name":"Entreculturas","description":"","publisher":{"@id":"https:\/\/www.entreculturas.org\/fr\/#organization"},"alternateName":"Entreculturas","potentialAction":[{"@type":"SearchAction","target":{"@type":"EntryPoint","urlTemplate":"https:\/\/www.entreculturas.org\/fr\/?s={search_term_string}"},"query-input":{"@type":"PropertyValueSpecification","valueRequired":true,"valueName":"search_term_string"}}],"inLanguage":"fr-FR"},{"@type":"Organization","@id":"https:\/\/www.entreculturas.org\/fr\/#organization","name":"Entreculturas","url":"https:\/\/www.entreculturas.org\/fr\/","logo":{"@type":"ImageObject","inLanguage":"fr-FR","@id":"https:\/\/www.entreculturas.org\/fr\/#\/schema\/logo\/image\/","url":"https:\/\/www.entreculturas.org\/wp-content\/uploads\/2025\/10\/ESP.svg","contentUrl":"https:\/\/www.entreculturas.org\/wp-content\/uploads\/2025\/10\/ESP.svg","caption":"Entreculturas"},"image":{"@id":"https:\/\/www.entreculturas.org\/fr\/#\/schema\/logo\/image\/"},"sameAs":["https:\/\/www.facebook.com\/entreculturas","https:\/\/x.com\/Entreculturas","https:\/\/www.instagram.com\/entreculturas\/","https:\/\/www.youtube.com\/user\/entreculturasvideo","https:\/\/www.linkedin.com\/company\/fundacion-entreculturas-ngdo\/","https:\/\/www.flickr.com\/photos\/98455522@N04\/albums\/"]}]}},"_links":{"self":[{"href":"https:\/\/www.entreculturas.org\/fr\/wp-json\/wp\/v2\/noticia\/35645","targetHints":{"allow":["GET"]}}],"collection":[{"href":"https:\/\/www.entreculturas.org\/fr\/wp-json\/wp\/v2\/noticia"}],"about":[{"href":"https:\/\/www.entreculturas.org\/fr\/wp-json\/wp\/v2\/types\/noticia"}],"wp:featuredmedia":[{"embeddable":true,"href":"https:\/\/www.entreculturas.org\/fr\/wp-json\/wp\/v2\/media\/35989"}],"wp:attachment":[{"href":"https:\/\/www.entreculturas.org\/fr\/wp-json\/wp\/v2\/media?parent=35645"}],"wp:term":[{"taxonomy":"category","embeddable":true,"href":"https:\/\/www.entreculturas.org\/fr\/wp-json\/wp\/v2\/categories?post=35645"},{"taxonomy":"post_tag","embeddable":true,"href":"https:\/\/www.entreculturas.org\/fr\/wp-json\/wp\/v2\/tags?post=35645"},{"taxonomy":"country","embeddable":true,"href":"https:\/\/www.entreculturas.org\/fr\/wp-json\/wp\/v2\/country?post=35645"},{"taxonomy":"cause","embeddable":true,"href":"https:\/\/www.entreculturas.org\/fr\/wp-json\/wp\/v2\/cause?post=35645"}],"curies":[{"name":"wp","href":"https:\/\/api.w.org\/{rel}","templated":true}]}}