{"id":3504,"date":"2021-08-12T07:59:36","date_gmt":"2021-08-12T07:59:36","guid":{"rendered":"https:\/\/entreculturasi.wpenginepowered.com\/?noticias=la-sociedad-debe-ceder-espacios-para-que-la-juventud-tome-el-mundo-en-sus-manos"},"modified":"2024-12-09T13:24:46","modified_gmt":"2024-12-09T12:24:46","slug":"la-sociedad-debe-ceder-espacios-para-que-la-juventud-tome-el-mundo-en-sus-manos","status":"publish","type":"noticia","link":"https:\/\/www.entreculturas.org\/fr\/noticia\/la-sociedad-debe-ceder-espacios-para-que-la-juventud-tome-el-mundo-en-sus-manos\/","title":{"rendered":"La sociedad debe ceder espacios para que la juventud tome el mundo en sus manos"},"content":{"rendered":"<p>La agenda global de retos que buscan conformar un mundo m\u00e1s sostenible, pac\u00edfico e igualitario necesita del<strong> liderazgo de la\u00a0juventud<\/strong> organizada y articulada en una\u00a0ciudadan\u00eda mundial que es cada vez m\u00e1s interconectada e interdependiente. El D\u00eda Internacional de la Juventud, que se conmemora el 12 de agosto, es una cita relevante para llamar la atenci\u00f3n sobre <strong>el papel que tiene la juventud pero tambi\u00e9n el de la sociedad en su deber de escuchar e incorporar a las y los j\u00f3venes en la toma de decisiones superando el papel m\u00e1s testimonial que hasta ahora han ostentado.<\/strong> En este sentido, los avances no son menores; figuras como las de las activistas Malala Yousafzai o Greta Thunberg ponen en evidencia la necesaria toma de espacios de poder que debe ser otorgado a las voces de la juventud para presionar e incidir sobre asuntos tan radicalmente acuciantes como el derecho a la educaci\u00f3n o el cambio clim\u00e1tico.<\/p>\n<div>Entreculturas apuesta por incorporar a la juventud con la que trabaja la l\u00f3gica de la ciudadan\u00eda global, que implica comprensi\u00f3n del significado \u00e9tico de la comunidad mundial de iguales, de la corresponsabilidad de todos y todas en el desarrollo y de las propuestas pol\u00edticas para su consecuci\u00f3n\u201d. Implica adem\u00e1s \u201cel empoderamiento y la inclusi\u00f3n de todas las personas para una verdadera participaci\u00f3n en la promoci\u00f3n de la justicia y la lucha contra la pobreza.\u201d<\/div>\n<div><\/div>\n<p>Eduardo, joven participante de la Red Solidaria de J\u00f3venes de Entreculturas en Andaluc\u00eda lo tiene claro:<span style=\"color: #ff0000;\"><strong> \u201cComo ciudadanos y ciudadanas globales, nuestras acciones ayudan o empeoran el mundo en el que vivimos y las condiciones de vida de otras comunidades. Nuestras acciones cotidianas modifican para bien o para mal la salud del planeta y las condiciones humanas\u201d<\/strong><\/span>.<\/p>\n<p>Alicia, estudiante universitaria participante en el proyecto Miradas que Migran*, sabe que la capacidad de acci\u00f3n desde su profundo\u00a0convencimiento es incuestionable <span style=\"color: #ff0000;\"><strong>\u201cCuando crees en una causa todo resultar\u00e1 f\u00e1cil para ti. Si crees en un cambio har\u00e1s todo lo que est\u00e9 en tu mano para cambiarlo, si crees en una sociedad m\u00e1s justa, t\u00fa ser\u00e1s m\u00e1s justo. Cualquier persona es capaz de cambiar esta realidad, simplemente hace falta conciencia y el cuestionamiento de nuestra actitud ante las migraciones y la acogida. Tomar un papel de responsabilidad y acci\u00f3n. Hay muchos caminos para emprender el cambio\u201d.<\/strong><\/span><\/p>\n<p>Desde movilizaciones internacionales por la igualdad, a proyectos de aprendizaje servicio y encuentros donde los y las j\u00f3venes construyen ciudadan\u00eda global, <strong>la juventud est\u00e1 tomando el mundo en sus manos y es deber de la sociedad ceder los espacios de poder para seguir impuls\u00e1ndola.<\/strong><\/p>\n<p dir=\"ltr\" style=\"line-height: 1.38; margin-top: 0pt; margin-bottom: 0pt;\"><em>*Miradas que Migran es un proyecto de aprendizaje-servicio sobre migraciones forzosas en colaboraci\u00f3n con la Universidad Complutense de Madrid.\u00a0<\/em><\/p>\n","protected":false},"excerpt":{"rendered":"<p>La agenda global de retos que buscan conformar un mundo m\u00e1s sostenible, pac\u00edfico e igualitario necesita del liderazgo de la juventud organizada y articulada en una ciudadan\u00eda mundial que es cada vez m\u00e1s interconectada e interdependiente. El D\u00eda Internacional de la Juventud, que se conmemora el 12 de agosto, es una cita relevante para llamar la atenci\u00f3n sobre el papel que tiene la juventud pero tambi\u00e9n el de la sociedad en su deber de escuchar e incorporar a las y los j\u00f3venes en la toma de decisiones superando el papel m\u00e1s testimonial que hasta ahora han ostentado. En este sentido, los avances no son menores; figuras como las de las activistas Malala Yousafzai o Greta Thunberg ponen en evidencia la necesaria toma de espacios de poder que debe ser otorgado a las voces de la juventud para presionar e incidir sobre asuntos tan radicalmente acuciantes como el derecho a la educaci\u00f3n o el cambio clim\u00e1tico.<\/p>\n","protected":false},"featured_media":3505,"template":"single-noticia","meta":{"_acf_changed":false},"categories":[7],"tags":[8],"country":[],"cause":[132],"class_list":["post-3504","noticia","type-noticia","status-publish","has-post-thumbnail","hentry","category-noticia","tag-participacion-y-ciudadania-global","cause-participacion-y-ciudadania-global"],"acf":[],"yoast_head":"<!-- This site is optimized with the Yoast SEO Premium plugin v21.6 (Yoast SEO v27.5) - https:\/\/yoast.com\/product\/yoast-seo-premium-wordpress\/ -->\n<title>La sociedad debe ceder espacios para que la juventud tome el mundo en sus manos - Entreculturas<\/title>\n<meta name=\"robots\" content=\"index, follow, max-snippet:-1, max-image-preview:large, max-video-preview:-1\" \/>\n<link rel=\"canonical\" href=\"https:\/\/www.entreculturas.org\/fr\/noticia\/la-sociedad-debe-ceder-espacios-para-que-la-juventud-tome-el-mundo-en-sus-manos\/\" \/>\n<meta property=\"og:locale\" content=\"fr_FR\" \/>\n<meta property=\"og:type\" content=\"article\" \/>\n<meta property=\"og:title\" content=\"La sociedad debe ceder espacios para que la juventud tome el mundo en sus manos\" \/>\n<meta property=\"og:description\" content=\"La agenda global de retos que buscan conformar un mundo m\u00e1s sostenible, pac\u00edfico e igualitario necesita del liderazgo de la juventud organizada y articulada en una ciudadan\u00eda mundial que es cada vez m\u00e1s interconectada e interdependiente. El D\u00eda Internacional de la Juventud, que se conmemora el 12 de agosto, es una cita relevante para llamar la atenci\u00f3n sobre el papel que tiene la juventud pero tambi\u00e9n el de la sociedad en su deber de escuchar e incorporar a las y los j\u00f3venes en la toma de decisiones superando el papel m\u00e1s testimonial que hasta ahora han ostentado. En este sentido, los avances no son menores; figuras como las de las activistas Malala Yousafzai o Greta Thunberg ponen en evidencia la necesaria toma de espacios de poder que debe ser otorgado a las voces de la juventud para presionar e incidir sobre asuntos tan radicalmente acuciantes como el derecho a la educaci\u00f3n o el cambio clim\u00e1tico.\" \/>\n<meta property=\"og:url\" content=\"https:\/\/www.entreculturas.org\/fr\/noticia\/la-sociedad-debe-ceder-espacios-para-que-la-juventud-tome-el-mundo-en-sus-manos\/\" \/>\n<meta property=\"og:site_name\" content=\"Entreculturas\" \/>\n<meta property=\"article:publisher\" content=\"https:\/\/www.facebook.com\/entreculturas\" \/>\n<meta property=\"article:modified_time\" content=\"2024-12-09T12:24:46+00:00\" \/>\n<meta property=\"og:image\" content=\"https:\/\/www.entreculturas.org\/wp-content\/uploads\/2021\/07\/captura_4.jpg\" \/>\n\t<meta property=\"og:image:width\" content=\"1119\" \/>\n\t<meta property=\"og:image:height\" content=\"670\" \/>\n\t<meta property=\"og:image:type\" content=\"image\/jpeg\" \/>\n<meta name=\"twitter:card\" content=\"summary_large_image\" \/>\n<meta name=\"twitter:site\" content=\"@Entreculturas\" \/>\n<script type=\"application\/ld+json\" class=\"yoast-schema-graph\">{\"@context\":\"https:\\\/\\\/schema.org\",\"@graph\":[{\"@type\":\"WebPage\",\"@id\":\"https:\\\/\\\/www.entreculturas.org\\\/fr\\\/noticia\\\/la-sociedad-debe-ceder-espacios-para-que-la-juventud-tome-el-mundo-en-sus-manos\\\/\",\"url\":\"https:\\\/\\\/www.entreculturas.org\\\/fr\\\/noticia\\\/la-sociedad-debe-ceder-espacios-para-que-la-juventud-tome-el-mundo-en-sus-manos\\\/\",\"name\":\"La sociedad debe ceder espacios para que la juventud tome el mundo en sus manos - Entreculturas\",\"isPartOf\":{\"@id\":\"https:\\\/\\\/www.entreculturas.org\\\/fr\\\/#website\"},\"primaryImageOfPage\":{\"@id\":\"https:\\\/\\\/www.entreculturas.org\\\/fr\\\/noticia\\\/la-sociedad-debe-ceder-espacios-para-que-la-juventud-tome-el-mundo-en-sus-manos\\\/#primaryimage\"},\"image\":{\"@id\":\"https:\\\/\\\/www.entreculturas.org\\\/fr\\\/noticia\\\/la-sociedad-debe-ceder-espacios-para-que-la-juventud-tome-el-mundo-en-sus-manos\\\/#primaryimage\"},\"thumbnailUrl\":\"https:\\\/\\\/www.entreculturas.org\\\/wp-content\\\/uploads\\\/2021\\\/07\\\/captura_4.jpg\",\"datePublished\":\"2021-08-12T07:59:36+00:00\",\"dateModified\":\"2024-12-09T12:24:46+00:00\",\"breadcrumb\":{\"@id\":\"https:\\\/\\\/www.entreculturas.org\\\/fr\\\/noticia\\\/la-sociedad-debe-ceder-espacios-para-que-la-juventud-tome-el-mundo-en-sus-manos\\\/#breadcrumb\"},\"inLanguage\":\"fr-FR\",\"potentialAction\":[{\"@type\":\"ReadAction\",\"target\":[\"https:\\\/\\\/www.entreculturas.org\\\/fr\\\/noticia\\\/la-sociedad-debe-ceder-espacios-para-que-la-juventud-tome-el-mundo-en-sus-manos\\\/\"]}]},{\"@type\":\"ImageObject\",\"inLanguage\":\"fr-FR\",\"@id\":\"https:\\\/\\\/www.entreculturas.org\\\/fr\\\/noticia\\\/la-sociedad-debe-ceder-espacios-para-que-la-juventud-tome-el-mundo-en-sus-manos\\\/#primaryimage\",\"url\":\"https:\\\/\\\/www.entreculturas.org\\\/wp-content\\\/uploads\\\/2021\\\/07\\\/captura_4.jpg\",\"contentUrl\":\"https:\\\/\\\/www.entreculturas.org\\\/wp-content\\\/uploads\\\/2021\\\/07\\\/captura_4.jpg\",\"width\":1119,\"height\":670,\"caption\":\"captura\"},{\"@type\":\"BreadcrumbList\",\"@id\":\"https:\\\/\\\/www.entreculturas.org\\\/fr\\\/noticia\\\/la-sociedad-debe-ceder-espacios-para-que-la-juventud-tome-el-mundo-en-sus-manos\\\/#breadcrumb\",\"itemListElement\":[{\"@type\":\"ListItem\",\"position\":1,\"name\":\"Home\",\"item\":\"https:\\\/\\\/www.entreculturas.org\\\/fr\\\/\"},{\"@type\":\"ListItem\",\"position\":2,\"name\":\"Noticias\",\"item\":\"https:\\\/\\\/www.entreculturas.org\\\/fr\\\/noticias\\\/\"},{\"@type\":\"ListItem\",\"position\":3,\"name\":\"La sociedad debe ceder espacios para que la juventud tome el mundo en sus manos\"}]},{\"@type\":\"WebSite\",\"@id\":\"https:\\\/\\\/www.entreculturas.org\\\/fr\\\/#website\",\"url\":\"https:\\\/\\\/www.entreculturas.org\\\/fr\\\/\",\"name\":\"Entreculturas\",\"description\":\"\",\"publisher\":{\"@id\":\"https:\\\/\\\/www.entreculturas.org\\\/fr\\\/#organization\"},\"alternateName\":\"Entreculturas\",\"potentialAction\":[{\"@type\":\"SearchAction\",\"target\":{\"@type\":\"EntryPoint\",\"urlTemplate\":\"https:\\\/\\\/www.entreculturas.org\\\/fr\\\/?s={search_term_string}\"},\"query-input\":{\"@type\":\"PropertyValueSpecification\",\"valueRequired\":true,\"valueName\":\"search_term_string\"}}],\"inLanguage\":\"fr-FR\"},{\"@type\":\"Organization\",\"@id\":\"https:\\\/\\\/www.entreculturas.org\\\/fr\\\/#organization\",\"name\":\"Entreculturas\",\"url\":\"https:\\\/\\\/www.entreculturas.org\\\/fr\\\/\",\"logo\":{\"@type\":\"ImageObject\",\"inLanguage\":\"fr-FR\",\"@id\":\"https:\\\/\\\/www.entreculturas.org\\\/fr\\\/#\\\/schema\\\/logo\\\/image\\\/\",\"url\":\"https:\\\/\\\/www.entreculturas.org\\\/wp-content\\\/uploads\\\/2025\\\/10\\\/ESP.svg\",\"contentUrl\":\"https:\\\/\\\/www.entreculturas.org\\\/wp-content\\\/uploads\\\/2025\\\/10\\\/ESP.svg\",\"caption\":\"Entreculturas\"},\"image\":{\"@id\":\"https:\\\/\\\/www.entreculturas.org\\\/fr\\\/#\\\/schema\\\/logo\\\/image\\\/\"},\"sameAs\":[\"https:\\\/\\\/www.facebook.com\\\/entreculturas\",\"https:\\\/\\\/x.com\\\/Entreculturas\",\"https:\\\/\\\/www.instagram.com\\\/entreculturas\\\/\",\"https:\\\/\\\/www.youtube.com\\\/user\\\/entreculturasvideo\",\"https:\\\/\\\/www.linkedin.com\\\/company\\\/fundacion-entreculturas-ngdo\\\/\",\"https:\\\/\\\/www.flickr.com\\\/photos\\\/98455522@N04\\\/albums\\\/\"]}]}<\/script>\n<!-- \/ Yoast SEO Premium plugin. -->","yoast_head_json":{"title":"La sociedad debe ceder espacios para que la juventud tome el mundo en sus manos - Entreculturas","robots":{"index":"index","follow":"follow","max-snippet":"max-snippet:-1","max-image-preview":"max-image-preview:large","max-video-preview":"max-video-preview:-1"},"canonical":"https:\/\/www.entreculturas.org\/fr\/noticia\/la-sociedad-debe-ceder-espacios-para-que-la-juventud-tome-el-mundo-en-sus-manos\/","og_locale":"fr_FR","og_type":"article","og_title":"La sociedad debe ceder espacios para que la juventud tome el mundo en sus manos","og_description":"La agenda global de retos que buscan conformar un mundo m\u00e1s sostenible, pac\u00edfico e igualitario necesita del liderazgo de la juventud organizada y articulada en una ciudadan\u00eda mundial que es cada vez m\u00e1s interconectada e interdependiente. El D\u00eda Internacional de la Juventud, que se conmemora el 12 de agosto, es una cita relevante para llamar la atenci\u00f3n sobre el papel que tiene la juventud pero tambi\u00e9n el de la sociedad en su deber de escuchar e incorporar a las y los j\u00f3venes en la toma de decisiones superando el papel m\u00e1s testimonial que hasta ahora han ostentado. En este sentido, los avances no son menores; figuras como las de las activistas Malala Yousafzai o Greta Thunberg ponen en evidencia la necesaria toma de espacios de poder que debe ser otorgado a las voces de la juventud para presionar e incidir sobre asuntos tan radicalmente acuciantes como el derecho a la educaci\u00f3n o el cambio clim\u00e1tico.","og_url":"https:\/\/www.entreculturas.org\/fr\/noticia\/la-sociedad-debe-ceder-espacios-para-que-la-juventud-tome-el-mundo-en-sus-manos\/","og_site_name":"Entreculturas","article_publisher":"https:\/\/www.facebook.com\/entreculturas","article_modified_time":"2024-12-09T12:24:46+00:00","og_image":[{"width":1119,"height":670,"url":"https:\/\/www.entreculturas.org\/wp-content\/uploads\/2021\/07\/captura_4.jpg","type":"image\/jpeg"}],"twitter_card":"summary_large_image","twitter_site":"@Entreculturas","schema":{"@context":"https:\/\/schema.org","@graph":[{"@type":"WebPage","@id":"https:\/\/www.entreculturas.org\/fr\/noticia\/la-sociedad-debe-ceder-espacios-para-que-la-juventud-tome-el-mundo-en-sus-manos\/","url":"https:\/\/www.entreculturas.org\/fr\/noticia\/la-sociedad-debe-ceder-espacios-para-que-la-juventud-tome-el-mundo-en-sus-manos\/","name":"La sociedad debe ceder espacios para que la juventud tome el mundo en sus manos - Entreculturas","isPartOf":{"@id":"https:\/\/www.entreculturas.org\/fr\/#website"},"primaryImageOfPage":{"@id":"https:\/\/www.entreculturas.org\/fr\/noticia\/la-sociedad-debe-ceder-espacios-para-que-la-juventud-tome-el-mundo-en-sus-manos\/#primaryimage"},"image":{"@id":"https:\/\/www.entreculturas.org\/fr\/noticia\/la-sociedad-debe-ceder-espacios-para-que-la-juventud-tome-el-mundo-en-sus-manos\/#primaryimage"},"thumbnailUrl":"https:\/\/www.entreculturas.org\/wp-content\/uploads\/2021\/07\/captura_4.jpg","datePublished":"2021-08-12T07:59:36+00:00","dateModified":"2024-12-09T12:24:46+00:00","breadcrumb":{"@id":"https:\/\/www.entreculturas.org\/fr\/noticia\/la-sociedad-debe-ceder-espacios-para-que-la-juventud-tome-el-mundo-en-sus-manos\/#breadcrumb"},"inLanguage":"fr-FR","potentialAction":[{"@type":"ReadAction","target":["https:\/\/www.entreculturas.org\/fr\/noticia\/la-sociedad-debe-ceder-espacios-para-que-la-juventud-tome-el-mundo-en-sus-manos\/"]}]},{"@type":"ImageObject","inLanguage":"fr-FR","@id":"https:\/\/www.entreculturas.org\/fr\/noticia\/la-sociedad-debe-ceder-espacios-para-que-la-juventud-tome-el-mundo-en-sus-manos\/#primaryimage","url":"https:\/\/www.entreculturas.org\/wp-content\/uploads\/2021\/07\/captura_4.jpg","contentUrl":"https:\/\/www.entreculturas.org\/wp-content\/uploads\/2021\/07\/captura_4.jpg","width":1119,"height":670,"caption":"captura"},{"@type":"BreadcrumbList","@id":"https:\/\/www.entreculturas.org\/fr\/noticia\/la-sociedad-debe-ceder-espacios-para-que-la-juventud-tome-el-mundo-en-sus-manos\/#breadcrumb","itemListElement":[{"@type":"ListItem","position":1,"name":"Home","item":"https:\/\/www.entreculturas.org\/fr\/"},{"@type":"ListItem","position":2,"name":"Noticias","item":"https:\/\/www.entreculturas.org\/fr\/noticias\/"},{"@type":"ListItem","position":3,"name":"La sociedad debe ceder espacios para que la juventud tome el mundo en sus manos"}]},{"@type":"WebSite","@id":"https:\/\/www.entreculturas.org\/fr\/#website","url":"https:\/\/www.entreculturas.org\/fr\/","name":"Entreculturas","description":"","publisher":{"@id":"https:\/\/www.entreculturas.org\/fr\/#organization"},"alternateName":"Entreculturas","potentialAction":[{"@type":"SearchAction","target":{"@type":"EntryPoint","urlTemplate":"https:\/\/www.entreculturas.org\/fr\/?s={search_term_string}"},"query-input":{"@type":"PropertyValueSpecification","valueRequired":true,"valueName":"search_term_string"}}],"inLanguage":"fr-FR"},{"@type":"Organization","@id":"https:\/\/www.entreculturas.org\/fr\/#organization","name":"Entreculturas","url":"https:\/\/www.entreculturas.org\/fr\/","logo":{"@type":"ImageObject","inLanguage":"fr-FR","@id":"https:\/\/www.entreculturas.org\/fr\/#\/schema\/logo\/image\/","url":"https:\/\/www.entreculturas.org\/wp-content\/uploads\/2025\/10\/ESP.svg","contentUrl":"https:\/\/www.entreculturas.org\/wp-content\/uploads\/2025\/10\/ESP.svg","caption":"Entreculturas"},"image":{"@id":"https:\/\/www.entreculturas.org\/fr\/#\/schema\/logo\/image\/"},"sameAs":["https:\/\/www.facebook.com\/entreculturas","https:\/\/x.com\/Entreculturas","https:\/\/www.instagram.com\/entreculturas\/","https:\/\/www.youtube.com\/user\/entreculturasvideo","https:\/\/www.linkedin.com\/company\/fundacion-entreculturas-ngdo\/","https:\/\/www.flickr.com\/photos\/98455522@N04\/albums\/"]}]}},"_links":{"self":[{"href":"https:\/\/www.entreculturas.org\/fr\/wp-json\/wp\/v2\/noticia\/3504","targetHints":{"allow":["GET"]}}],"collection":[{"href":"https:\/\/www.entreculturas.org\/fr\/wp-json\/wp\/v2\/noticia"}],"about":[{"href":"https:\/\/www.entreculturas.org\/fr\/wp-json\/wp\/v2\/types\/noticia"}],"wp:featuredmedia":[{"embeddable":true,"href":"https:\/\/www.entreculturas.org\/fr\/wp-json\/wp\/v2\/media\/3505"}],"wp:attachment":[{"href":"https:\/\/www.entreculturas.org\/fr\/wp-json\/wp\/v2\/media?parent=3504"}],"wp:term":[{"taxonomy":"category","embeddable":true,"href":"https:\/\/www.entreculturas.org\/fr\/wp-json\/wp\/v2\/categories?post=3504"},{"taxonomy":"post_tag","embeddable":true,"href":"https:\/\/www.entreculturas.org\/fr\/wp-json\/wp\/v2\/tags?post=3504"},{"taxonomy":"country","embeddable":true,"href":"https:\/\/www.entreculturas.org\/fr\/wp-json\/wp\/v2\/country?post=3504"},{"taxonomy":"cause","embeddable":true,"href":"https:\/\/www.entreculturas.org\/fr\/wp-json\/wp\/v2\/cause?post=3504"}],"curies":[{"name":"wp","href":"https:\/\/api.w.org\/{rel}","templated":true}]}}